{"id":121022,"date":"2024-05-30T10:34:54","date_gmt":"2024-05-30T09:34:54","guid":{"rendered":"https:\/\/www.parisselectbook.com\/?p=121022"},"modified":"2024-06-11T18:28:25","modified_gmt":"2024-06-11T17:28:25","slug":"what-to-do-in-paris-this-weekend-june-31-to-2","status":"publish","type":"post","link":"https:\/\/www.parisselectbook.com\/en\/2024\/05\/30\/what-to-do-in-paris-this-weekend-june-31-to-2\/","title":{"rendered":"What to do in Paris this weekend (June 31 to 2)"},"content":{"rendered":"\n<p><strong>Activit\u00e9s culturelles ou \u00e9v\u00e9nements en plein air\u2026 Nous avons s\u00e9lectionn\u00e9 les meilleurs moments pour profiter de Paris en ce week-end de juin. Des salons uniques aux expositions passionnantes en passant par des spectacles sensationnels\u2026 Suivez notre programme pour vivre un week-end inoubliable dans la Ville Lumi\u00e8re !<\/strong><\/p>\n\n<p><\/p>\n\n<h2 class=\"wp-block-heading has-text-align-center\"><strong>Ce week-end aura lieu l\u2019incontournable festival We Love Green !<\/strong><\/h2>\n\n<figure class=\"wp-block-image size-large\"><img decoding=\"async\" width=\"880\" height=\"495\" src=\"https:\/\/www.parisselectbook.com\/wp-content\/uploads\/2024\/05\/photo_wlg-edited-880x495.jpeg\" alt=\"week\" class=\"wp-image-120972\" srcset=\"https:\/\/www.parisselectbook.com\/wp-content\/uploads\/2024\/05\/photo_wlg-edited-880x495.jpeg 880w, https:\/\/www.parisselectbook.com\/wp-content\/uploads\/2024\/05\/photo_wlg-edited-295x166.jpeg 295w, https:\/\/www.parisselectbook.com\/wp-content\/uploads\/2024\/05\/photo_wlg-edited-534x300.jpeg 534w, https:\/\/www.parisselectbook.com\/wp-content\/uploads\/2024\/05\/photo_wlg-edited-768x432.jpeg 768w, https:\/\/www.parisselectbook.com\/wp-content\/uploads\/2024\/05\/photo_wlg-edited-1024x576.jpeg 1024w, https:\/\/www.parisselectbook.com\/wp-content\/uploads\/2024\/05\/photo_wlg-edited.jpeg 1164w\" sizes=\"(max-width: 880px) 100vw, 880px\" \/><\/figure>\n\n<p><strong>We Love Green<\/strong> est une c\u00e9l\u00e9bration r\u00e9volutionnaire \u00e9tablie depuis 2011 au c\u0153ur <strong>des Bois de Paris<\/strong> avec une programmation audacieuse et \u00e9clectique. Elle m\u00eale les genres <em>indie<\/em>, \u00e9lectro et urbain, avec <strong>des artistes d\u00e9cha\u00een\u00e9s et passionnants<\/strong> qui fa\u00e7onnent la musique contemporaine. Mais We Love Green va au-del\u00e0 de la simple musique.<\/p>\n\n<p>C\u2019est surtout <strong>un festival engag\u00e9<\/strong>, un laboratoire d\u2019exp\u00e9rimentations o\u00f9<strong> l\u2019art rencontre l\u2019\u00e9cologie<\/strong>. \u00c9ducatif et culturel, le festival offre une plateforme de m\u00e9diation entre le public, les professionnels ainsi que les artistes. \u00c0 la t\u00eate de cet <strong>\u00e9v\u00e9nement incontournable<\/strong>, d\u00e9couvrez des artistes de renom tels que <strong>Burna<\/strong> <strong>Boy<\/strong>, <strong>SZA<\/strong>. Par ailleurs, retrouvez des rappeurs c\u00e9l\u00e8bres comme Ninho, <strong>Hamza<\/strong>, Josman, ainsi que des stars internationales de la pop comme <strong>Omar Apollo<\/strong> et <strong>Troye Sivan<\/strong>.<\/p>\n\n<p><em>We Love Green \u2013 Plaine de Saint Hubert,\u00a0Bois de Vincennes,\u00a0Paris<\/em> <em>\u2013 31 mai 2024 au 2 juin 2024<\/em><\/p>\n\n<p class=\"has-text-align-center\"><a href=\"https:\/\/www.fnacspectacles.com\/artist\/festival-we-love-green\/?affiliate=QM0&amp;sv1=affiliate&amp;sv_campaign_id=852712&amp;awc=12494_1713970971_9e4e1343064dbe68720d2c894bb62376&amp;utm_source=Awin&amp;utm_campaign=852712&amp;utm_medium=affiliate\" target=\"_blank\" rel=\"noreferrer noopener\"><strong>Je souhaite obtenir des billets\u2026 c\u2019est ici !<\/strong><\/a><\/p>\n\n<p><\/p>\n\n<h2 class=\"wp-block-heading has-text-align-center\">Visionnez un film en plein air au coeur de la Cour d\u2019honneur de la Monnaie de Paris\u00a0<\/h2>\n\n<figure class=\"wp-block-image size-large\"><img decoding=\"async\" width=\"1440\" height=\"810\" src=\"https:\/\/www.parisselectbook.com\/wp-content\/uploads\/2024\/05\/914790-une-toile-sous-les-etoiles-le-festival-de-cinema-en-plein-air-de-la-monnaie-de-paris-cet-ete-2023-edited.jpg\" alt=\"week\" class=\"wp-image-121001\" srcset=\"https:\/\/www.parisselectbook.com\/wp-content\/uploads\/2024\/05\/914790-une-toile-sous-les-etoiles-le-festival-de-cinema-en-plein-air-de-la-monnaie-de-paris-cet-ete-2023-edited.jpg 1440w, https:\/\/www.parisselectbook.com\/wp-content\/uploads\/2024\/05\/914790-une-toile-sous-les-etoiles-le-festival-de-cinema-en-plein-air-de-la-monnaie-de-paris-cet-ete-2023-edited-295x166.jpg 295w, https:\/\/www.parisselectbook.com\/wp-content\/uploads\/2024\/05\/914790-une-toile-sous-les-etoiles-le-festival-de-cinema-en-plein-air-de-la-monnaie-de-paris-cet-ete-2023-edited-880x495.jpg 880w, https:\/\/www.parisselectbook.com\/wp-content\/uploads\/2024\/05\/914790-une-toile-sous-les-etoiles-le-festival-de-cinema-en-plein-air-de-la-monnaie-de-paris-cet-ete-2023-edited-534x300.jpg 534w, https:\/\/www.parisselectbook.com\/wp-content\/uploads\/2024\/05\/914790-une-toile-sous-les-etoiles-le-festival-de-cinema-en-plein-air-de-la-monnaie-de-paris-cet-ete-2023-edited-768x432.jpg 768w, https:\/\/www.parisselectbook.com\/wp-content\/uploads\/2024\/05\/914790-une-toile-sous-les-etoiles-le-festival-de-cinema-en-plein-air-de-la-monnaie-de-paris-cet-ete-2023-edited-1024x576.jpg 1024w\" sizes=\"(max-width: 1440px) 100vw, 1440px\" \/><\/figure>\n\n<p>Du <strong>Jeudi 30 mai au Samedi 1er juin<\/strong>, la <strong>Monnaie de Paris<\/strong> inaugure le vrai d\u00e9but des beaux jours en vous invitant \u00e0 visionner un film en plein air dans sa majestueuse Cour d\u2019honneur. Essayez-vous confortablement sur des transats et soyez pr\u00eats \u00e0 regarder 3 films de fiction qui sauront vous faire rire, vous faire pleurer ou vous \u00e9mouvoir. Tout simplement <strong>3 grands classiques du 7eme arts<\/strong>. <\/p>\n\n<p>Le 30 mai : chaussez vos lunettes de soleil, enfilez votre plus beau blouson d&#8217;aviateur et chassez aux c\u00f4t\u00e9s de Maverick pour la s\u00e9ance <strong><em>Top Gun<\/em> (de Tony Scott)<\/strong>. Le 31 mai : on coiffe sa banane et on pr\u00e9pare ses plus belles passes de rock pour se mettre au rythme de Sandy et Danny avec\u00a0<strong><em>Grease<\/em> (de Randal Kleiser)<\/strong>.\u00a0\u00a0Le 1er juin : Nom de Zeus ! Plongez avec Marty McFly dans\u00a0<em>Retour vers le futur<\/em> pour retrouver <strong>la nostalgie des d\u00e9cennies pr\u00e9c\u00e9dentes<\/strong> (de Robert Zemeckis). Et en premi\u00e8re partie de soir\u00e9e, <strong>animations musicales<\/strong> et <strong>gourmandes<\/strong> pour se mettre en conditions !\u00a0<\/p>\n\n<p><em><a href=\"https:\/\/www.monnaiedeparis.fr\/fr\" target=\"_blank\" rel=\"noreferrer noopener\">Monnaie de Paris<\/a> &#8211; 11 Quai de Conti, 75006 Paris<\/em><\/p>\n\n<p><\/p>\n\n<h2 class=\"wp-block-heading has-text-align-center\">D\u00e9couvrez la 21e \u00e9dition des Rendez-vous aux jardins dans des milliers de parcs de la r\u00e9gion parisienne<\/h2>\n\n<figure class=\"wp-block-image size-large\"><img decoding=\"async\" width=\"1122\" height=\"630\" src=\"https:\/\/www.parisselectbook.com\/wp-content\/uploads\/2024\/05\/csm_img_bandeau-rdv-jardins_6a3e25ba46-edited.jpg\" alt=\"week\" class=\"wp-image-121017\" srcset=\"https:\/\/www.parisselectbook.com\/wp-content\/uploads\/2024\/05\/csm_img_bandeau-rdv-jardins_6a3e25ba46-edited.jpg 1122w, https:\/\/www.parisselectbook.com\/wp-content\/uploads\/2024\/05\/csm_img_bandeau-rdv-jardins_6a3e25ba46-edited-295x166.jpg 295w, https:\/\/www.parisselectbook.com\/wp-content\/uploads\/2024\/05\/csm_img_bandeau-rdv-jardins_6a3e25ba46-edited-880x494.jpg 880w, https:\/\/www.parisselectbook.com\/wp-content\/uploads\/2024\/05\/csm_img_bandeau-rdv-jardins_6a3e25ba46-edited-534x300.jpg 534w, https:\/\/www.parisselectbook.com\/wp-content\/uploads\/2024\/05\/csm_img_bandeau-rdv-jardins_6a3e25ba46-edited-768x431.jpg 768w, https:\/\/www.parisselectbook.com\/wp-content\/uploads\/2024\/05\/csm_img_bandeau-rdv-jardins_6a3e25ba46-edited-1024x576.jpg 1024w\" sizes=\"(max-width: 1122px) 100vw, 1122px\" \/><\/figure>\n\n<p>La nouvelle \u00e9dition 2024 des Rendez-vous aux jardins, qui aura lieu <strong>les 31 mai, 1er et 2 juin 2024<\/strong>, a pour th\u00e8me <em>&#8220;Les cinq sens au jardin&#8221;<\/em>. En effet, nos yeux nous permettent de voir tout ce qui nous entoure \u00e0 commencer par la taille du jardin. Puis, <strong>l\u2019ou\u00efe est un sens souvent sollicit\u00e9 dans les jardins<\/strong>. Chants d\u2019oiseaux, cris d\u2019animaux, tumulte des eaux, murmure du vent, bruissement des plantes,\u2026 <\/p>\n\n<p>Le nez, lui, est capable de reconna\u00eetre plus de <strong>10\u00a0000 odeurs diff\u00e9rentes<\/strong> des plus s\u00e9duisantes comme celle des fleurs ou de certains fruits aux moins agr\u00e9ables comme l\u2019odeur de certains v\u00e9g\u00e9taux. Tandis que <strong>les papilles de notre langue<\/strong> nous permettent de capter diff\u00e9rentes saveurs, l\u2019acide de la rhubarbe, le sucr\u00e9 de la fraise, le sal\u00e9 du radis, l\u2019\u00e2pret\u00e9 du coing ou encore l\u2019amertume de l\u2019olive. Enfin, notre peau nous permet de <strong>ressentir la mati\u00e8re<\/strong>, le piquant du tronc de l\u2019araucaria, le velout\u00e9 des stachys ou encore le pelucheux de certaines gramin\u00e9es ou des carex.\u00a0<\/p>\n\n<p><em><strong>Un \u00e9v\u00e9nement disponible dans tous les parcs de la capitale et de la r\u00e9gion parisienne.<\/strong><\/em><\/p>\n\n<p><\/p>\n\n<h2 class=\"wp-block-heading has-text-align-center has-vivid-cyan-blue-color has-text-color has-link-color wp-elements-84e72fa0771da96487a0f6e747c1636b\">O\u00f9 diner Samedi soir ?<\/h2>\n\n<h2 class=\"wp-block-heading has-text-align-center\">Pour profiter d\u2019une vue magique de Paris, Cr\u00e9atures aux Galeries Lafayette\u00a0<\/h2>\n\n<figure class=\"wp-block-image size-large\"><img decoding=\"async\" width=\"880\" height=\"495\" src=\"https:\/\/www.parisselectbook.com\/wp-content\/uploads\/2024\/05\/1-6-1-1536x864-1-880x495.jpg\" alt=\"week\" class=\"wp-image-120978\" srcset=\"https:\/\/www.parisselectbook.com\/wp-content\/uploads\/2024\/05\/1-6-1-1536x864-1-880x495.jpg 880w, https:\/\/www.parisselectbook.com\/wp-content\/uploads\/2024\/05\/1-6-1-1536x864-1-295x166.jpg 295w, https:\/\/www.parisselectbook.com\/wp-content\/uploads\/2024\/05\/1-6-1-1536x864-1-534x300.jpg 534w, https:\/\/www.parisselectbook.com\/wp-content\/uploads\/2024\/05\/1-6-1-1536x864-1-768x432.jpg 768w, https:\/\/www.parisselectbook.com\/wp-content\/uploads\/2024\/05\/1-6-1-1536x864-1-1024x576.jpg 1024w, https:\/\/www.parisselectbook.com\/wp-content\/uploads\/2024\/05\/1-6-1-1536x864-1.jpg 1536w\" sizes=\"(max-width: 880px) 100vw, 880px\" \/><\/figure>\n\n<p>Perch\u00e9 au 8e \u00e9tage du toit-terrasse des <strong>Galeries Lafayette<\/strong>, <strong>Cr\u00e9atures<\/strong> vous accueille dans un cadre idyllique. Parfait pour se relaxer et admirer les <strong>toits parisiens baign\u00e9s de lumi\u00e8re<\/strong>. Munissez-vous de vos lunettes de soleil et de votre cr\u00e8me solaire, car ce spot est l\u2019un des plus pris\u00e9s de la capitale. \u00c0 l\u2019abri de l\u2019agitation urbaine, l\u2019atmosph\u00e8re de Cr\u00e9atures est <strong>simple, chill et apaisante<\/strong>, gr\u00e2ce \u00e0 des objets chin\u00e9s en brocante, des mat\u00e9riaux recycl\u00e9s et une ambiance bord de mer. La carte 100% v\u00e9g\u00e9tarienne propos\u00e9e par <strong>le chef Julien Sebbag<\/strong> est une v\u00e9ritable invitation au voyage.<\/p>\n\n<p><em><a href=\"https:\/\/creatures-paris.com\/\">Cr\u00e9atures<\/a> &#8211; sur le toit des Galeries Lafayette Haussmann, 25 rue de la Chauss\u00e9e d\u2019Antin, 75009 Paris<\/em><\/p>\n\n<p><\/p>\n\n<h2 class=\"wp-block-heading has-text-align-center has-vivid-cyan-blue-color has-text-color has-link-color wp-elements-baad927ee85e1053999cd54e12740871\"><strong>Quelle expo d\u00e9couvrir ce week-end ?<\/strong><\/h2>\n\n<h2 class=\"wp-block-heading has-text-align-center\">Olympisme, une histoire du monde au Palais de la Porte Dor\u00e9e<\/h2>\n\n<figure class=\"wp-block-image size-large\"><img decoding=\"async\" width=\"880\" height=\"549\" src=\"https:\/\/www.parisselectbook.com\/wp-content\/uploads\/2024\/05\/Jeux-Olympiques-de-Berlin-1936-Jesse-Owens_Getty-edited-1536x959-1-880x549.jpg\" alt=\"week\" class=\"wp-image-120982\" srcset=\"https:\/\/www.parisselectbook.com\/wp-content\/uploads\/2024\/05\/Jeux-Olympiques-de-Berlin-1936-Jesse-Owens_Getty-edited-1536x959-1-880x549.jpg 880w, https:\/\/www.parisselectbook.com\/wp-content\/uploads\/2024\/05\/Jeux-Olympiques-de-Berlin-1936-Jesse-Owens_Getty-edited-1536x959-1-295x184.jpg 295w, https:\/\/www.parisselectbook.com\/wp-content\/uploads\/2024\/05\/Jeux-Olympiques-de-Berlin-1936-Jesse-Owens_Getty-edited-1536x959-1-768x480.jpg 768w, https:\/\/www.parisselectbook.com\/wp-content\/uploads\/2024\/05\/Jeux-Olympiques-de-Berlin-1936-Jesse-Owens_Getty-edited-1536x959-1.jpg 1536w\" sizes=\"(max-width: 880px) 100vw, 880px\" \/><\/figure>\n\n<p>L\u2019exposition <em>\u00ab Olympisme, une histoire du monde \u00bb <\/em>retrace plus d\u2019un si\u00e8cle d\u2019histoire sociale et politique \u00e0 travers 33 olympiades. Du <strong>26 avril au 8 septembre 2024<\/strong>, d\u00e9couvrez les crises, les luttes ainsi que les exploits qui ont marqu\u00e9 notre \u00e9poque, \u00e0 l\u2019occasion <strong>des Jeux Olympiques et Paralympiques de Paris 2024.<\/strong><\/p>\n\n<p>Cette exposition in\u00e9dite en France rassemble pas moins de <strong>130 ans d\u2019images, d\u2019archives et de portraits d\u2019athl\u00e8tes aux destins remarquables.<\/strong> Par ailleurs, le parcours chronologique, de 1896 \u00e0 2024, vous plonge dans les coulisses des Jeux, avec pr\u00e8s de <strong>600 \u0153uvres, documents, films et photographies<\/strong>, offrant un dialogue entre \u00e9v\u00e9nements historiques et figures sportives embl\u00e9matiques !<\/p>\n\n<p><a href=\"https:\/\/www.palais-portedoree.fr\/\"><em>Palais de la Porte Dor\u00e9e<\/em><\/a><em> \u2013 293 Av. Daumesnil, 75012 Paris<\/em><\/p>\n\n<p><\/p>\n\n<h2 class=\"wp-block-heading has-text-align-center has-vivid-cyan-blue-color has-text-color has-link-color wp-elements-ffcb5171a47d0bea74199e44f1bb089a\">Quel spa r\u00e9server pour se d\u00e9tendre le temps d\u2019un week-end ?<\/h2>\n\n<h2 class=\"wp-block-heading has-text-align-center\">Pour une immersion profonde dans l\u2019art du massage, direction Lanqi<\/h2>\n\n<figure class=\"wp-block-image size-large\"><img decoding=\"async\" width=\"880\" height=\"495\" src=\"https:\/\/www.parisselectbook.com\/wp-content\/uploads\/2024\/05\/retouche-photo-word-press-5-2-1536x864-1-880x495.jpg\" alt=\"\" class=\"wp-image-120987\" srcset=\"https:\/\/www.parisselectbook.com\/wp-content\/uploads\/2024\/05\/retouche-photo-word-press-5-2-1536x864-1-880x495.jpg 880w, https:\/\/www.parisselectbook.com\/wp-content\/uploads\/2024\/05\/retouche-photo-word-press-5-2-1536x864-1-295x166.jpg 295w, https:\/\/www.parisselectbook.com\/wp-content\/uploads\/2024\/05\/retouche-photo-word-press-5-2-1536x864-1-534x300.jpg 534w, https:\/\/www.parisselectbook.com\/wp-content\/uploads\/2024\/05\/retouche-photo-word-press-5-2-1536x864-1-768x432.jpg 768w, https:\/\/www.parisselectbook.com\/wp-content\/uploads\/2024\/05\/retouche-photo-word-press-5-2-1536x864-1-1024x576.jpg 1024w, https:\/\/www.parisselectbook.com\/wp-content\/uploads\/2024\/05\/retouche-photo-word-press-5-2-1536x864-1.jpg 1536w\" sizes=\"(max-width: 880px) 100vw, 880px\" \/><\/figure>\n\n<p>Les centres de bien-\u00eatre <strong><a href=\"https:\/\/www.parisselectbook.com\/lanqi-une-immersion-dans-lart-du-massage-inspire-de-la-medecine-chinoise\/\">Lanqi<\/a><\/strong> proposent des massages chinois dans les r\u00e8gles de l\u2019art. Ces massages sont con\u00e7us pour soulager le corps et l\u2019esprit. Sur mesure, ils ciblent <strong>les points de tension<\/strong> pour un bien-\u00eatre global et profond. Coup de c\u0153ur pour leur massage signature : <strong>le massage Ancestral.\u00a0<\/strong><\/p>\n\n<p>Chaque s\u00e9ance de <strong>massage ancestral chez Lanqi est personnalis\u00e9e<\/strong> en fonction de l\u2019\u00e9tat de sant\u00e9 de chaque client. Utilisant des plantes de l\u2019Himalaya, ce soin s\u2019adapte aux besoins sp\u00e9cifiques de votre corps gr\u00e2ce \u00e0 <strong>une m\u00e9thode secr\u00e8te<\/strong> soigneusement pr\u00e9serv\u00e9e\u00a0par sa fondatrice Madma Lanqi. Ce protocole est particuli\u00e8rement efficace pour <strong>traiter les courbatures et les blocages physiques.<\/strong><\/p>\n\n<p><a href=\"https:\/\/lanqi-spa.com\/\"><em>Lanqi<\/em><\/a><em> \u2013 48 avenue de Saxe, Paris 75007<\/em><\/p>\n\n<p><\/p>\n\n<h2 class=\"wp-block-heading has-text-align-center has-vivid-cyan-blue-color has-text-color has-link-color wp-elements-8f857a0a4ede764d9ae9aeddf460b5ef\">Quelle boutique tendance d\u00e9couvrir ce week-end ?\u00a0<\/h2>\n\n<h2 class=\"wp-block-heading has-text-align-center\">Pour d\u00e9nicher des produits inspir\u00e9s des ingr\u00e9dients de la M\u00e9diterran\u00e9e, Panier des Sens\u00a0<\/h2>\n\n<figure class=\"wp-block-image size-large\"><img decoding=\"async\" width=\"880\" height=\"495\" src=\"https:\/\/www.parisselectbook.com\/wp-content\/uploads\/2024\/05\/panier-des-sens-la-meilleure-marque-de-cosmetiques-inspires-des-ingredients-de-la-mediterranee-880x495.jpg\" alt=\"\" class=\"wp-image-120991\" srcset=\"https:\/\/www.parisselectbook.com\/wp-content\/uploads\/2024\/05\/panier-des-sens-la-meilleure-marque-de-cosmetiques-inspires-des-ingredients-de-la-mediterranee-880x495.jpg 880w, https:\/\/www.parisselectbook.com\/wp-content\/uploads\/2024\/05\/panier-des-sens-la-meilleure-marque-de-cosmetiques-inspires-des-ingredients-de-la-mediterranee-295x166.jpg 295w, https:\/\/www.parisselectbook.com\/wp-content\/uploads\/2024\/05\/panier-des-sens-la-meilleure-marque-de-cosmetiques-inspires-des-ingredients-de-la-mediterranee-534x300.jpg 534w, https:\/\/www.parisselectbook.com\/wp-content\/uploads\/2024\/05\/panier-des-sens-la-meilleure-marque-de-cosmetiques-inspires-des-ingredients-de-la-mediterranee-768x432.jpg 768w, https:\/\/www.parisselectbook.com\/wp-content\/uploads\/2024\/05\/panier-des-sens-la-meilleure-marque-de-cosmetiques-inspires-des-ingredients-de-la-mediterranee-1024x576.jpg 1024w, https:\/\/www.parisselectbook.com\/wp-content\/uploads\/2024\/05\/panier-des-sens-la-meilleure-marque-de-cosmetiques-inspires-des-ingredients-de-la-mediterranee.jpg 1536w\" sizes=\"(max-width: 880px) 100vw, 880px\" \/><\/figure>\n\n<p>D\u2019origine marseillaise, Panier des Sens est d\u00e9di\u00e9e \u00e0 une cosm\u00e9tique transparente et durable. La marque d\u00e9veloppe \u00e9galement <strong>des formules naturelles<\/strong>, fabriqu\u00e9es en France, en privil\u00e9giant les circuits courts. <strong>Panier des Sens<\/strong> c\u00e9l\u00e8bre la richesse des ingr\u00e9dients m\u00e9diterran\u00e9ens \u00e0 travers des cosm\u00e9tiques fabriqu\u00e9s en France.\u00a0<\/p>\n\n<p>En effet, leurs formules, enrichies en <strong>mati\u00e8res premi\u00e8res naturelles<\/strong>, offrent des soins efficaces aux <strong>fragrances uniques<\/strong>. En s\u2019appuyant sur le savoir-faire des ma\u00eetres savonniers marseillais et des parfumeurs grassois, la marque garantit des produits d\u2019une qualit\u00e9 exceptionnelle.\u00a0<\/p>\n\n<p><em>Retrouvez Panier des Sens dans les diff\u00e9rentes boutiques parisiennes :<\/em><\/p>\n\n<ul class=\"wp-block-list\">\n<li><em>Op\u00e9ra (24 Avenue de l\u2019Op\u00e9ra 75001 Paris)<\/em><\/li>\n\n\n\n<li><em>Montmartre (31 rue Lepic 75018 Paris)<\/em><\/li>\n\n\n\n<li><em>Marais (24 rue vieille du temple 75004 Paris)<\/em><\/li>\n\n\n\n<li><em>Gare de Lyon (Galerie des Fresques, Place Louis Armand 75012 Paris)<\/em><\/li>\n<\/ul>\n\n<p><\/p>\n","protected":false},"excerpt":{"rendered":"<p>Activit\u00e9s culturelles ou \u00e9v\u00e9nements en plein air\u2026 Nous avons s\u00e9lectionn\u00e9 les meilleurs moments pour profiter de Paris en ce week-end de juin. Des salons uniques&#8230;<\/p>\n","protected":false},"author":16,"featured_media":121031,"comment_status":"closed","ping_status":"closed","sticky":false,"template":"","format":"standard","meta":{"_acf_changed":false,"footnotes":""},"categories":[2644,2686],"tags":[2233,2228],"quartier":[],"class_list":["post-121022","post","type-post","status-publish","format-standard","has-post-thumbnail","hentry","category-ce-week-end","category-this-week-end","tag-adresses-en","tag-paris-en"],"acf":[],"yoast_head":"<!-- This site is optimized with the Yoast SEO plugin v27.5 - https:\/\/yoast.com\/product\/yoast-seo-wordpress\/ -->\n<title>What to do in Paris this weekend (June 31 to 2)<\/title>\n<meta name=\"description\" content=\"We&#039;ve selected the best moments to enjoy Paris this June weekend. From unique fairs to exciting exhibitions and sensational shows\u2026\" \/>\n<meta name=\"robots\" content=\"index, follow, max-snippet:-1, max-image-preview:large, max-video-preview:-1\" \/>\n<link rel=\"canonical\" href=\"https:\/\/www.parisselectbook.com\/en\/2024\/05\/30\/what-to-do-in-paris-this-weekend-june-31-to-2\/\" \/>\n<meta property=\"og:locale\" content=\"en_US\" \/>\n<meta property=\"og:type\" content=\"article\" \/>\n<meta property=\"og:title\" content=\"What to do in Paris this weekend (June 31 to 2)\" \/>\n<meta property=\"og:description\" content=\"We&#039;ve selected the best moments to enjoy Paris this June weekend. From unique fairs to exciting exhibitions and sensational shows\u2026\" \/>\n<meta property=\"og:url\" content=\"https:\/\/www.parisselectbook.com\/en\/2024\/05\/30\/what-to-do-in-paris-this-weekend-june-31-to-2\/\" \/>\n<meta property=\"og:site_name\" content=\"Paris Select\" \/>\n<meta property=\"article:publisher\" content=\"https:\/\/www.facebook.com\/parisselect\" \/>\n<meta property=\"article:published_time\" content=\"2024-05-30T09:34:54+00:00\" \/>\n<meta property=\"article:modified_time\" content=\"2024-06-11T17:28:25+00:00\" \/>\n<meta property=\"og:image\" content=\"https:\/\/www.parisselectbook.com\/wp-content\/uploads\/2024\/05\/PARIS-SELECT-165.jpg\" \/>\n\t<meta property=\"og:image:width\" content=\"1920\" \/>\n\t<meta property=\"og:image:height\" content=\"1080\" \/>\n\t<meta property=\"og:image:type\" content=\"image\/jpeg\" \/>\n<meta name=\"author\" content=\"Garance Rieu\" \/>\n<meta name=\"twitter:card\" content=\"summary_large_image\" \/>\n<meta name=\"twitter:label1\" content=\"Written by\" \/>\n\t<meta name=\"twitter:data1\" content=\"Garance Rieu\" \/>\n\t<meta name=\"twitter:label2\" content=\"Est. reading time\" \/>\n\t<meta name=\"twitter:data2\" content=\"8 minutes\" \/>\n<script type=\"application\/ld+json\" class=\"yoast-schema-graph\">{\"@context\":\"https:\\\/\\\/schema.org\",\"@graph\":[{\"@type\":\"Article\",\"@id\":\"https:\\\/\\\/www.parisselectbook.com\\\/en\\\/2024\\\/05\\\/30\\\/what-to-do-in-paris-this-weekend-june-31-to-2\\\/#article\",\"isPartOf\":{\"@id\":\"https:\\\/\\\/www.parisselectbook.com\\\/en\\\/2024\\\/05\\\/30\\\/what-to-do-in-paris-this-weekend-june-31-to-2\\\/\"},\"author\":{\"name\":\"Garance Rieu\",\"@id\":\"https:\\\/\\\/www.parisselectbook.com\\\/en\\\/#\\\/schema\\\/person\\\/c9f273867bf452ffc926ebd995326d38\"},\"headline\":\"What to do in Paris this weekend (June 31 to 2)\",\"datePublished\":\"2024-05-30T09:34:54+00:00\",\"dateModified\":\"2024-06-11T17:28:25+00:00\",\"mainEntityOfPage\":{\"@id\":\"https:\\\/\\\/www.parisselectbook.com\\\/en\\\/2024\\\/05\\\/30\\\/what-to-do-in-paris-this-weekend-june-31-to-2\\\/\"},\"wordCount\":1235,\"publisher\":{\"@id\":\"https:\\\/\\\/www.parisselectbook.com\\\/en\\\/#organization\"},\"image\":{\"@id\":\"https:\\\/\\\/www.parisselectbook.com\\\/en\\\/2024\\\/05\\\/30\\\/what-to-do-in-paris-this-weekend-june-31-to-2\\\/#primaryimage\"},\"thumbnailUrl\":\"https:\\\/\\\/www.parisselectbook.com\\\/wp-content\\\/uploads\\\/2024\\\/05\\\/PARIS-SELECT-165.jpg\",\"keywords\":[\"adresses\",\"paris\"],\"articleSection\":[\"Ce week-end\",\"This week-end\"],\"inLanguage\":\"en-US\"},{\"@type\":\"WebPage\",\"@id\":\"https:\\\/\\\/www.parisselectbook.com\\\/en\\\/2024\\\/05\\\/30\\\/what-to-do-in-paris-this-weekend-june-31-to-2\\\/\",\"url\":\"https:\\\/\\\/www.parisselectbook.com\\\/en\\\/2024\\\/05\\\/30\\\/what-to-do-in-paris-this-weekend-june-31-to-2\\\/\",\"name\":\"What to do in Paris this weekend (June 31 to 2)\",\"isPartOf\":{\"@id\":\"https:\\\/\\\/www.parisselectbook.com\\\/en\\\/#website\"},\"primaryImageOfPage\":{\"@id\":\"https:\\\/\\\/www.parisselectbook.com\\\/en\\\/2024\\\/05\\\/30\\\/what-to-do-in-paris-this-weekend-june-31-to-2\\\/#primaryimage\"},\"image\":{\"@id\":\"https:\\\/\\\/www.parisselectbook.com\\\/en\\\/2024\\\/05\\\/30\\\/what-to-do-in-paris-this-weekend-june-31-to-2\\\/#primaryimage\"},\"thumbnailUrl\":\"https:\\\/\\\/www.parisselectbook.com\\\/wp-content\\\/uploads\\\/2024\\\/05\\\/PARIS-SELECT-165.jpg\",\"datePublished\":\"2024-05-30T09:34:54+00:00\",\"dateModified\":\"2024-06-11T17:28:25+00:00\",\"description\":\"We've selected the best moments to enjoy Paris this June weekend. From unique fairs to exciting exhibitions and sensational shows\u2026\",\"breadcrumb\":{\"@id\":\"https:\\\/\\\/www.parisselectbook.com\\\/en\\\/2024\\\/05\\\/30\\\/what-to-do-in-paris-this-weekend-june-31-to-2\\\/#breadcrumb\"},\"inLanguage\":\"en-US\",\"potentialAction\":[{\"@type\":\"ReadAction\",\"target\":[\"https:\\\/\\\/www.parisselectbook.com\\\/en\\\/2024\\\/05\\\/30\\\/what-to-do-in-paris-this-weekend-june-31-to-2\\\/\"]}]},{\"@type\":\"ImageObject\",\"inLanguage\":\"en-US\",\"@id\":\"https:\\\/\\\/www.parisselectbook.com\\\/en\\\/2024\\\/05\\\/30\\\/what-to-do-in-paris-this-weekend-june-31-to-2\\\/#primaryimage\",\"url\":\"https:\\\/\\\/www.parisselectbook.com\\\/wp-content\\\/uploads\\\/2024\\\/05\\\/PARIS-SELECT-165.jpg\",\"contentUrl\":\"https:\\\/\\\/www.parisselectbook.com\\\/wp-content\\\/uploads\\\/2024\\\/05\\\/PARIS-SELECT-165.jpg\",\"width\":1920,\"height\":1080},{\"@type\":\"BreadcrumbList\",\"@id\":\"https:\\\/\\\/www.parisselectbook.com\\\/en\\\/2024\\\/05\\\/30\\\/what-to-do-in-paris-this-weekend-june-31-to-2\\\/#breadcrumb\",\"itemListElement\":[{\"@type\":\"ListItem\",\"position\":1,\"name\":\"Que faire \u00e0 Paris ?\",\"item\":\"https:\\\/\\\/www.parisselectbook.com\\\/en\\\/category\\\/que-faire-a-paris-en\\\/\"},{\"@type\":\"ListItem\",\"position\":2,\"name\":\"This week-end\",\"item\":\"https:\\\/\\\/www.parisselectbook.com\\\/en\\\/category\\\/que-faire-a-paris-en\\\/this-week-end\\\/\"},{\"@type\":\"ListItem\",\"position\":3,\"name\":\"What to do in Paris this weekend (June 31 to 2)\"}]},{\"@type\":\"WebSite\",\"@id\":\"https:\\\/\\\/www.parisselectbook.com\\\/en\\\/#website\",\"url\":\"https:\\\/\\\/www.parisselectbook.com\\\/en\\\/\",\"name\":\"Paris Select Book\",\"description\":\"Le guide chic des Tendances Parisiennes\",\"publisher\":{\"@id\":\"https:\\\/\\\/www.parisselectbook.com\\\/en\\\/#organization\"},\"potentialAction\":[{\"@type\":\"SearchAction\",\"target\":{\"@type\":\"EntryPoint\",\"urlTemplate\":\"https:\\\/\\\/www.parisselectbook.com\\\/en\\\/?s={search_term_string}\"},\"query-input\":{\"@type\":\"PropertyValueSpecification\",\"valueRequired\":true,\"valueName\":\"search_term_string\"}}],\"inLanguage\":\"en-US\"},{\"@type\":\"Organization\",\"@id\":\"https:\\\/\\\/www.parisselectbook.com\\\/en\\\/#organization\",\"name\":\"Paris Select\",\"url\":\"https:\\\/\\\/www.parisselectbook.com\\\/en\\\/\",\"logo\":{\"@type\":\"ImageObject\",\"inLanguage\":\"en-US\",\"@id\":\"https:\\\/\\\/www.parisselectbook.com\\\/en\\\/#\\\/schema\\\/logo\\\/image\\\/\",\"url\":\"https:\\\/\\\/www.parisselectbook.com\\\/wp-content\\\/uploads\\\/2024\\\/06\\\/logo-IG-TKTK-LK.png\",\"contentUrl\":\"https:\\\/\\\/www.parisselectbook.com\\\/wp-content\\\/uploads\\\/2024\\\/06\\\/logo-IG-TKTK-LK.png\",\"width\":684,\"height\":665,\"caption\":\"Paris Select\"},\"image\":{\"@id\":\"https:\\\/\\\/www.parisselectbook.com\\\/en\\\/#\\\/schema\\\/logo\\\/image\\\/\"},\"sameAs\":[\"https:\\\/\\\/www.facebook.com\\\/parisselect\",\"https:\\\/\\\/www.instagram.com\\\/parisselect\\\/\",\"https:\\\/\\\/www.tiktok.com\\\/@parisselect\"]},{\"@type\":\"Person\",\"@id\":\"https:\\\/\\\/www.parisselectbook.com\\\/en\\\/#\\\/schema\\\/person\\\/c9f273867bf452ffc926ebd995326d38\",\"name\":\"Garance Rieu\",\"sameAs\":[\"https:\\\/\\\/www.parisselectbook.com\\\/\"]}]}<\/script>\n<!-- \/ Yoast SEO plugin. -->","yoast_head_json":{"title":"What to do in Paris this weekend (June 31 to 2)","description":"We've selected the best moments to enjoy Paris this June weekend. From unique fairs to exciting exhibitions and sensational shows\u2026","robots":{"index":"index","follow":"follow","max-snippet":"max-snippet:-1","max-image-preview":"max-image-preview:large","max-video-preview":"max-video-preview:-1"},"canonical":"https:\/\/www.parisselectbook.com\/en\/2024\/05\/30\/what-to-do-in-paris-this-weekend-june-31-to-2\/","og_locale":"en_US","og_type":"article","og_title":"What to do in Paris this weekend (June 31 to 2)","og_description":"We've selected the best moments to enjoy Paris this June weekend. From unique fairs to exciting exhibitions and sensational shows\u2026","og_url":"https:\/\/www.parisselectbook.com\/en\/2024\/05\/30\/what-to-do-in-paris-this-weekend-june-31-to-2\/","og_site_name":"Paris Select","article_publisher":"https:\/\/www.facebook.com\/parisselect","article_published_time":"2024-05-30T09:34:54+00:00","article_modified_time":"2024-06-11T17:28:25+00:00","og_image":[{"width":1920,"height":1080,"url":"https:\/\/www.parisselectbook.com\/wp-content\/uploads\/2024\/05\/PARIS-SELECT-165.jpg","type":"image\/jpeg"}],"author":"Garance Rieu","twitter_card":"summary_large_image","twitter_misc":{"Written by":"Garance Rieu","Est. reading time":"8 minutes"},"schema":{"@context":"https:\/\/schema.org","@graph":[{"@type":"Article","@id":"https:\/\/www.parisselectbook.com\/en\/2024\/05\/30\/what-to-do-in-paris-this-weekend-june-31-to-2\/#article","isPartOf":{"@id":"https:\/\/www.parisselectbook.com\/en\/2024\/05\/30\/what-to-do-in-paris-this-weekend-june-31-to-2\/"},"author":{"name":"Garance Rieu","@id":"https:\/\/www.parisselectbook.com\/en\/#\/schema\/person\/c9f273867bf452ffc926ebd995326d38"},"headline":"What to do in Paris this weekend (June 31 to 2)","datePublished":"2024-05-30T09:34:54+00:00","dateModified":"2024-06-11T17:28:25+00:00","mainEntityOfPage":{"@id":"https:\/\/www.parisselectbook.com\/en\/2024\/05\/30\/what-to-do-in-paris-this-weekend-june-31-to-2\/"},"wordCount":1235,"publisher":{"@id":"https:\/\/www.parisselectbook.com\/en\/#organization"},"image":{"@id":"https:\/\/www.parisselectbook.com\/en\/2024\/05\/30\/what-to-do-in-paris-this-weekend-june-31-to-2\/#primaryimage"},"thumbnailUrl":"https:\/\/www.parisselectbook.com\/wp-content\/uploads\/2024\/05\/PARIS-SELECT-165.jpg","keywords":["adresses","paris"],"articleSection":["Ce week-end","This week-end"],"inLanguage":"en-US"},{"@type":"WebPage","@id":"https:\/\/www.parisselectbook.com\/en\/2024\/05\/30\/what-to-do-in-paris-this-weekend-june-31-to-2\/","url":"https:\/\/www.parisselectbook.com\/en\/2024\/05\/30\/what-to-do-in-paris-this-weekend-june-31-to-2\/","name":"What to do in Paris this weekend (June 31 to 2)","isPartOf":{"@id":"https:\/\/www.parisselectbook.com\/en\/#website"},"primaryImageOfPage":{"@id":"https:\/\/www.parisselectbook.com\/en\/2024\/05\/30\/what-to-do-in-paris-this-weekend-june-31-to-2\/#primaryimage"},"image":{"@id":"https:\/\/www.parisselectbook.com\/en\/2024\/05\/30\/what-to-do-in-paris-this-weekend-june-31-to-2\/#primaryimage"},"thumbnailUrl":"https:\/\/www.parisselectbook.com\/wp-content\/uploads\/2024\/05\/PARIS-SELECT-165.jpg","datePublished":"2024-05-30T09:34:54+00:00","dateModified":"2024-06-11T17:28:25+00:00","description":"We've selected the best moments to enjoy Paris this June weekend. From unique fairs to exciting exhibitions and sensational shows\u2026","breadcrumb":{"@id":"https:\/\/www.parisselectbook.com\/en\/2024\/05\/30\/what-to-do-in-paris-this-weekend-june-31-to-2\/#breadcrumb"},"inLanguage":"en-US","potentialAction":[{"@type":"ReadAction","target":["https:\/\/www.parisselectbook.com\/en\/2024\/05\/30\/what-to-do-in-paris-this-weekend-june-31-to-2\/"]}]},{"@type":"ImageObject","inLanguage":"en-US","@id":"https:\/\/www.parisselectbook.com\/en\/2024\/05\/30\/what-to-do-in-paris-this-weekend-june-31-to-2\/#primaryimage","url":"https:\/\/www.parisselectbook.com\/wp-content\/uploads\/2024\/05\/PARIS-SELECT-165.jpg","contentUrl":"https:\/\/www.parisselectbook.com\/wp-content\/uploads\/2024\/05\/PARIS-SELECT-165.jpg","width":1920,"height":1080},{"@type":"BreadcrumbList","@id":"https:\/\/www.parisselectbook.com\/en\/2024\/05\/30\/what-to-do-in-paris-this-weekend-june-31-to-2\/#breadcrumb","itemListElement":[{"@type":"ListItem","position":1,"name":"Que faire \u00e0 Paris ?","item":"https:\/\/www.parisselectbook.com\/en\/category\/que-faire-a-paris-en\/"},{"@type":"ListItem","position":2,"name":"This week-end","item":"https:\/\/www.parisselectbook.com\/en\/category\/que-faire-a-paris-en\/this-week-end\/"},{"@type":"ListItem","position":3,"name":"What to do in Paris this weekend (June 31 to 2)"}]},{"@type":"WebSite","@id":"https:\/\/www.parisselectbook.com\/en\/#website","url":"https:\/\/www.parisselectbook.com\/en\/","name":"Paris Select Book","description":"Le guide chic des Tendances Parisiennes","publisher":{"@id":"https:\/\/www.parisselectbook.com\/en\/#organization"},"potentialAction":[{"@type":"SearchAction","target":{"@type":"EntryPoint","urlTemplate":"https:\/\/www.parisselectbook.com\/en\/?s={search_term_string}"},"query-input":{"@type":"PropertyValueSpecification","valueRequired":true,"valueName":"search_term_string"}}],"inLanguage":"en-US"},{"@type":"Organization","@id":"https:\/\/www.parisselectbook.com\/en\/#organization","name":"Paris Select","url":"https:\/\/www.parisselectbook.com\/en\/","logo":{"@type":"ImageObject","inLanguage":"en-US","@id":"https:\/\/www.parisselectbook.com\/en\/#\/schema\/logo\/image\/","url":"https:\/\/www.parisselectbook.com\/wp-content\/uploads\/2024\/06\/logo-IG-TKTK-LK.png","contentUrl":"https:\/\/www.parisselectbook.com\/wp-content\/uploads\/2024\/06\/logo-IG-TKTK-LK.png","width":684,"height":665,"caption":"Paris Select"},"image":{"@id":"https:\/\/www.parisselectbook.com\/en\/#\/schema\/logo\/image\/"},"sameAs":["https:\/\/www.facebook.com\/parisselect","https:\/\/www.instagram.com\/parisselect\/","https:\/\/www.tiktok.com\/@parisselect"]},{"@type":"Person","@id":"https:\/\/www.parisselectbook.com\/en\/#\/schema\/person\/c9f273867bf452ffc926ebd995326d38","name":"Garance Rieu","sameAs":["https:\/\/www.parisselectbook.com\/"]}]}},"_links":{"self":[{"href":"https:\/\/www.parisselectbook.com\/en\/wp-json\/wp\/v2\/posts\/121022","targetHints":{"allow":["GET"]}}],"collection":[{"href":"https:\/\/www.parisselectbook.com\/en\/wp-json\/wp\/v2\/posts"}],"about":[{"href":"https:\/\/www.parisselectbook.com\/en\/wp-json\/wp\/v2\/types\/post"}],"author":[{"embeddable":true,"href":"https:\/\/www.parisselectbook.com\/en\/wp-json\/wp\/v2\/users\/16"}],"replies":[{"embeddable":true,"href":"https:\/\/www.parisselectbook.com\/en\/wp-json\/wp\/v2\/comments?post=121022"}],"version-history":[{"count":13,"href":"https:\/\/www.parisselectbook.com\/en\/wp-json\/wp\/v2\/posts\/121022\/revisions"}],"predecessor-version":[{"id":121079,"href":"https:\/\/www.parisselectbook.com\/en\/wp-json\/wp\/v2\/posts\/121022\/revisions\/121079"}],"wp:featuredmedia":[{"embeddable":true,"href":"https:\/\/www.parisselectbook.com\/en\/wp-json\/wp\/v2\/media\/121031"}],"wp:attachment":[{"href":"https:\/\/www.parisselectbook.com\/en\/wp-json\/wp\/v2\/media?parent=121022"}],"wp:term":[{"taxonomy":"category","embeddable":true,"href":"https:\/\/www.parisselectbook.com\/en\/wp-json\/wp\/v2\/categories?post=121022"},{"taxonomy":"post_tag","embeddable":true,"href":"https:\/\/www.parisselectbook.com\/en\/wp-json\/wp\/v2\/tags?post=121022"},{"taxonomy":"quartier","embeddable":true,"href":"https:\/\/www.parisselectbook.com\/en\/wp-json\/wp\/v2\/quartier?post=121022"}],"curies":[{"name":"wp","href":"https:\/\/api.w.org\/{rel}","templated":true}]}}