{"id":127564,"date":"2024-06-28T10:05:19","date_gmt":"2024-06-28T10:05:19","guid":{"rendered":"https:\/\/www.parisselectbook.com\/2024\/06\/28\/hotel-barriere-le-fouquets-paris-inaugurates-its-new-rooftop-le-marta-jardin-suspendu-by-cordelia-de-castellane\/"},"modified":"2024-07-03T12:31:42","modified_gmt":"2024-07-03T12:31:42","slug":"hotel-barriere-le-fouquets-paris-inaugurates-its-new-rooftop-le-marta-jardin-suspendu-by-cordelia-de-castellane","status":"publish","type":"post","link":"https:\/\/www.parisselectbook.com\/en\/2024\/06\/28\/hotel-barriere-le-fouquets-paris-inaugurates-its-new-rooftop-le-marta-jardin-suspendu-by-cordelia-de-castellane\/","title":{"rendered":"H\u00f4tel Barri\u00e8re Le Fouquet&#8217;s Paris inaugurates its new rooftop: Le Marta Jardin Suspendu by Cordelia de Castellane"},"content":{"rendered":"\n<p>The H\u00f4tel Barri\u00e8re Le Fouquet&#8217;s Paris, located in the heart of the 8th arrondissement, just off the famous Champs-\u00c9lys\u00e9es avenue, has just unveiled its brand new rooftop.<strong> Le Marta Jardin Suspendu<\/strong>. This project, by decorator<strong> Cordelia de Castellane<\/strong>, reinvents space. Offering an even more <strong>elegant<\/strong>, <strong>romantic<\/strong> and <strong>enchanting<\/strong> experience this summer.<\/p>\n\n<p>This inauguration follows the recent renovation of the hotel&#8217;s iconic bar, completed last December. In collaboration with Entourage Paris, Cordelia de Castellane has created an <strong>enchanting new universe<\/strong>. The perfect embodiment of<strong> French<\/strong> dreaminess and<strong> luxury<\/strong>. On arrival, visitors are greeted by a spectacular atmosphere. Blending lush vegetation, cork and antique fountains, it promises immediate disconnection.<\/p>\n\n<h2 class=\"wp-block-heading has-text-align-center\">A hanging garden: An open window on Paris<\/h2>\n\n<div class=\"wp-block-columns is-layout-flex wp-container-core-columns-is-layout-9d6595d7 wp-block-columns-is-layout-flex\">\n<div class=\"wp-block-column is-layout-flow wp-block-column-is-layout-flow\">\n<figure class=\"wp-block-image size-full is-resized\"><img decoding=\"async\" width=\"528\" height=\"704\" src=\"https:\/\/www.parisselectbook.com\/wp-content\/uploads\/2024\/06\/Capture-decran-2024-06-28-a-10.59.39.png\" alt=\"\" class=\"wp-image-126554\" style=\"width:270px;height:auto\" srcset=\"https:\/\/www.parisselectbook.com\/wp-content\/uploads\/2024\/06\/Capture-decran-2024-06-28-a-10.59.39.png 528w, https:\/\/www.parisselectbook.com\/wp-content\/uploads\/2024\/06\/Capture-decran-2024-06-28-a-10.59.39-221x295.png 221w, https:\/\/www.parisselectbook.com\/wp-content\/uploads\/2024\/06\/Capture-decran-2024-06-28-a-10.59.39-372x495.png 372w\" sizes=\"(max-width: 528px) 100vw, 528px\" \/><\/figure>\n<\/div>\n\n\n\n<div class=\"wp-block-column is-layout-flow wp-block-column-is-layout-flow\">\n<figure class=\"wp-block-image size-full\"><img decoding=\"async\" width=\"506\" height=\"670\" src=\"https:\/\/www.parisselectbook.com\/wp-content\/uploads\/2024\/06\/Capture-decran-2024-06-28-a-10.59.45.png\" alt=\"\" class=\"wp-image-126557\" srcset=\"https:\/\/www.parisselectbook.com\/wp-content\/uploads\/2024\/06\/Capture-decran-2024-06-28-a-10.59.45.png 506w, https:\/\/www.parisselectbook.com\/wp-content\/uploads\/2024\/06\/Capture-decran-2024-06-28-a-10.59.45-223x295.png 223w\" sizes=\"(max-width: 506px) 100vw, 506px\" \/><\/figure>\n<\/div>\n\n\n\n<div class=\"wp-block-column is-layout-flow wp-block-column-is-layout-flow\">\n<figure class=\"wp-block-image size-full\"><img decoding=\"async\" width=\"504\" height=\"668\" src=\"https:\/\/www.parisselectbook.com\/wp-content\/uploads\/2024\/06\/Capture-decran-2024-06-28-a-10.59.51.png\" alt=\"\" class=\"wp-image-126560\" srcset=\"https:\/\/www.parisselectbook.com\/wp-content\/uploads\/2024\/06\/Capture-decran-2024-06-28-a-10.59.51.png 504w, https:\/\/www.parisselectbook.com\/wp-content\/uploads\/2024\/06\/Capture-decran-2024-06-28-a-10.59.51-223x295.png 223w\" sizes=\"(max-width: 504px) 100vw, 504px\" \/><\/figure>\n<\/div>\n<\/div>\n\n<p>The heart of the Marta Rooftop is a fountain, designed as a <strong>living spring<\/strong>. Surrounded by greenery in geometric shapes reminiscent of a labyrinth. The choice of vintage furniture and strong pieces. Carefully selected fabrics and prints add a unique, refined touch to the ensemble. A <strong>plant sculpture <\/strong>in the shape of a horse, in dialogue with a centerpiece mirror, reinforces the whimsical aspect of this <strong>hanging garden<\/strong>.<\/p>\n\n<p>A once-secret passageway now leads to a large dining room, featuring a colorful and convivial new interior design, true to the spirit of Cordelia de Castellane. This winter garden also offers a <strong>breathtaking view of the Eiffel Tower<\/strong>, adding a spectacular dimension to the experience.<\/p>\n\n<h2 class=\"wp-block-heading has-text-align-center\">Refined cuisine<\/h2>\n\n<p>At aperitif time, the Marta Rooftop menu awakens the senses with carefully crafted <strong>cocktails<\/strong> and refined cuisine. The dishes, inspired by<strong> Marie-Antoinette&#8217;s feasts <\/strong>during her time at the Petit Trianon, are served in antique crockery, adding a touch of soul and tradition to every tasting experience.<\/p>\n\n<p>Le Marta Jardin Suspendu is thus positioned as the <strong>new must-visit address<\/strong> in Paris&#8217;s golden triangle, promising a unique experience in the heart of the capital.<\/p>\n\n<p><em><a href=\"https:\/\/www.hotelsbarriere.com\/fr\/collection-fouquets\/paris\/restaurants-et-bars\/le-marta-paris.html\" target=\"_blank\" rel=\"noreferrer noopener\">H\u00f4tel Barri\u00e8re Fouquet&#8217;s Paris <\/a>&#8211; 46 Avenue George V, 75008 Paris<\/em><\/p>\n","protected":false},"excerpt":{"rendered":"<p>The H\u00f4tel Barri\u00e8re Le Fouquet&#8217;s Paris, located in the heart of the 8th arrondissement, just off the famous Champs-\u00c9lys\u00e9es avenue, has just unveiled its brand&#8230;<\/p>\n","protected":false},"author":3,"featured_media":126552,"comment_status":"closed","ping_status":"closed","sticky":false,"template":"","format":"standard","meta":{"_acf_changed":false,"footnotes":""},"categories":[2755,2685],"tags":[],"quartier":[2251],"class_list":["post-127564","post","type-post","status-publish","format-standard","has-post-thumbnail","hentry","category-bar-en","category-news-du-luxe-en","quartier-paris-8-en"],"acf":[],"yoast_head":"<!-- This site is optimized with the Yoast SEO plugin v27.5 - https:\/\/yoast.com\/product\/yoast-seo-wordpress\/ -->\n<title>H\u00f4tel Barri\u00e8re Le Fouquet&#039;s Paris inaugurates its new rooftop: Le Marta Jardin Suspendu by Cordelia de Castellane<\/title>\n<meta name=\"description\" content=\"H\u00f4tel Barri\u00e8re Le Fouquet&#039;s Paris has just unveiled its brand new rooftop: Le Marta Jardin Suspendu.\" \/>\n<meta name=\"robots\" content=\"index, follow, max-snippet:-1, max-image-preview:large, max-video-preview:-1\" \/>\n<link rel=\"canonical\" href=\"https:\/\/www.parisselectbook.com\/en\/2024\/06\/28\/hotel-barriere-le-fouquets-paris-inaugurates-its-new-rooftop-le-marta-jardin-suspendu-by-cordelia-de-castellane\/\" \/>\n<meta property=\"og:locale\" content=\"en_US\" \/>\n<meta property=\"og:type\" content=\"article\" \/>\n<meta property=\"og:title\" content=\"H\u00f4tel Barri\u00e8re Le Fouquet&#039;s Paris inaugurates its new rooftop: Le Marta Jardin Suspendu by Cordelia de Castellane\" \/>\n<meta property=\"og:description\" content=\"H\u00f4tel Barri\u00e8re Le Fouquet&#039;s Paris has just unveiled its brand new rooftop: Le Marta Jardin Suspendu.\" \/>\n<meta property=\"og:url\" content=\"https:\/\/www.parisselectbook.com\/en\/2024\/06\/28\/hotel-barriere-le-fouquets-paris-inaugurates-its-new-rooftop-le-marta-jardin-suspendu-by-cordelia-de-castellane\/\" \/>\n<meta property=\"og:site_name\" content=\"Paris Select\" \/>\n<meta property=\"article:publisher\" content=\"https:\/\/www.facebook.com\/parisselect\" \/>\n<meta property=\"article:published_time\" content=\"2024-06-28T10:05:19+00:00\" \/>\n<meta property=\"article:modified_time\" content=\"2024-07-03T12:31:42+00:00\" \/>\n<meta property=\"og:image\" content=\"https:\/\/www.parisselectbook.com\/wp-content\/uploads\/2024\/06\/Paris-Select-36.jpg\" \/>\n\t<meta property=\"og:image:width\" content=\"1920\" \/>\n\t<meta property=\"og:image:height\" content=\"1080\" \/>\n\t<meta property=\"og:image:type\" content=\"image\/jpeg\" \/>\n<meta name=\"author\" content=\"Paris Select Book\" \/>\n<meta name=\"twitter:card\" content=\"summary_large_image\" \/>\n<meta name=\"twitter:label1\" content=\"Written by\" \/>\n\t<meta name=\"twitter:data1\" content=\"Paris Select Book\" \/>\n\t<meta name=\"twitter:label2\" content=\"Est. reading time\" \/>\n\t<meta name=\"twitter:data2\" content=\"2 minutes\" \/>\n<script type=\"application\/ld+json\" class=\"yoast-schema-graph\">{\"@context\":\"https:\\\/\\\/schema.org\",\"@graph\":[{\"@type\":\"Article\",\"@id\":\"https:\\\/\\\/www.parisselectbook.com\\\/en\\\/2024\\\/06\\\/28\\\/hotel-barriere-le-fouquets-paris-inaugurates-its-new-rooftop-le-marta-jardin-suspendu-by-cordelia-de-castellane\\\/#article\",\"isPartOf\":{\"@id\":\"https:\\\/\\\/www.parisselectbook.com\\\/en\\\/2024\\\/06\\\/28\\\/hotel-barriere-le-fouquets-paris-inaugurates-its-new-rooftop-le-marta-jardin-suspendu-by-cordelia-de-castellane\\\/\"},\"author\":{\"name\":\"Paris Select Book\",\"@id\":\"https:\\\/\\\/www.parisselectbook.com\\\/en\\\/#\\\/schema\\\/person\\\/577a587b5e4edbba00885d4631b1cba7\"},\"headline\":\"H\u00f4tel Barri\u00e8re Le Fouquet&#8217;s Paris inaugurates its new rooftop: Le Marta Jardin Suspendu by Cordelia de Castellane\",\"datePublished\":\"2024-06-28T10:05:19+00:00\",\"dateModified\":\"2024-07-03T12:31:42+00:00\",\"mainEntityOfPage\":{\"@id\":\"https:\\\/\\\/www.parisselectbook.com\\\/en\\\/2024\\\/06\\\/28\\\/hotel-barriere-le-fouquets-paris-inaugurates-its-new-rooftop-le-marta-jardin-suspendu-by-cordelia-de-castellane\\\/\"},\"wordCount\":342,\"publisher\":{\"@id\":\"https:\\\/\\\/www.parisselectbook.com\\\/en\\\/#organization\"},\"image\":{\"@id\":\"https:\\\/\\\/www.parisselectbook.com\\\/en\\\/2024\\\/06\\\/28\\\/hotel-barriere-le-fouquets-paris-inaugurates-its-new-rooftop-le-marta-jardin-suspendu-by-cordelia-de-castellane\\\/#primaryimage\"},\"thumbnailUrl\":\"https:\\\/\\\/www.parisselectbook.com\\\/wp-content\\\/uploads\\\/2024\\\/06\\\/Paris-Select-36.jpg\",\"articleSection\":[\"Bar\",\"News du Luxe\"],\"inLanguage\":\"en-US\"},{\"@type\":\"WebPage\",\"@id\":\"https:\\\/\\\/www.parisselectbook.com\\\/en\\\/2024\\\/06\\\/28\\\/hotel-barriere-le-fouquets-paris-inaugurates-its-new-rooftop-le-marta-jardin-suspendu-by-cordelia-de-castellane\\\/\",\"url\":\"https:\\\/\\\/www.parisselectbook.com\\\/en\\\/2024\\\/06\\\/28\\\/hotel-barriere-le-fouquets-paris-inaugurates-its-new-rooftop-le-marta-jardin-suspendu-by-cordelia-de-castellane\\\/\",\"name\":\"H\u00f4tel Barri\u00e8re Le Fouquet's Paris inaugurates its new rooftop: Le Marta Jardin Suspendu by Cordelia de Castellane\",\"isPartOf\":{\"@id\":\"https:\\\/\\\/www.parisselectbook.com\\\/en\\\/#website\"},\"primaryImageOfPage\":{\"@id\":\"https:\\\/\\\/www.parisselectbook.com\\\/en\\\/2024\\\/06\\\/28\\\/hotel-barriere-le-fouquets-paris-inaugurates-its-new-rooftop-le-marta-jardin-suspendu-by-cordelia-de-castellane\\\/#primaryimage\"},\"image\":{\"@id\":\"https:\\\/\\\/www.parisselectbook.com\\\/en\\\/2024\\\/06\\\/28\\\/hotel-barriere-le-fouquets-paris-inaugurates-its-new-rooftop-le-marta-jardin-suspendu-by-cordelia-de-castellane\\\/#primaryimage\"},\"thumbnailUrl\":\"https:\\\/\\\/www.parisselectbook.com\\\/wp-content\\\/uploads\\\/2024\\\/06\\\/Paris-Select-36.jpg\",\"datePublished\":\"2024-06-28T10:05:19+00:00\",\"dateModified\":\"2024-07-03T12:31:42+00:00\",\"description\":\"H\u00f4tel Barri\u00e8re Le Fouquet's Paris has just unveiled its brand new rooftop: Le Marta Jardin Suspendu.\",\"breadcrumb\":{\"@id\":\"https:\\\/\\\/www.parisselectbook.com\\\/en\\\/2024\\\/06\\\/28\\\/hotel-barriere-le-fouquets-paris-inaugurates-its-new-rooftop-le-marta-jardin-suspendu-by-cordelia-de-castellane\\\/#breadcrumb\"},\"inLanguage\":\"en-US\",\"potentialAction\":[{\"@type\":\"ReadAction\",\"target\":[\"https:\\\/\\\/www.parisselectbook.com\\\/en\\\/2024\\\/06\\\/28\\\/hotel-barriere-le-fouquets-paris-inaugurates-its-new-rooftop-le-marta-jardin-suspendu-by-cordelia-de-castellane\\\/\"]}]},{\"@type\":\"ImageObject\",\"inLanguage\":\"en-US\",\"@id\":\"https:\\\/\\\/www.parisselectbook.com\\\/en\\\/2024\\\/06\\\/28\\\/hotel-barriere-le-fouquets-paris-inaugurates-its-new-rooftop-le-marta-jardin-suspendu-by-cordelia-de-castellane\\\/#primaryimage\",\"url\":\"https:\\\/\\\/www.parisselectbook.com\\\/wp-content\\\/uploads\\\/2024\\\/06\\\/Paris-Select-36.jpg\",\"contentUrl\":\"https:\\\/\\\/www.parisselectbook.com\\\/wp-content\\\/uploads\\\/2024\\\/06\\\/Paris-Select-36.jpg\",\"width\":1920,\"height\":1080},{\"@type\":\"BreadcrumbList\",\"@id\":\"https:\\\/\\\/www.parisselectbook.com\\\/en\\\/2024\\\/06\\\/28\\\/hotel-barriere-le-fouquets-paris-inaugurates-its-new-rooftop-le-marta-jardin-suspendu-by-cordelia-de-castellane\\\/#breadcrumb\",\"itemListElement\":[{\"@type\":\"ListItem\",\"position\":1,\"name\":\"News du Luxe\",\"item\":\"https:\\\/\\\/www.parisselectbook.com\\\/en\\\/category\\\/news-du-luxe-en\\\/\"},{\"@type\":\"ListItem\",\"position\":2,\"name\":\"H\u00f4tel Barri\u00e8re Le Fouquet&#8217;s Paris inaugurates its new rooftop: Le Marta Jardin Suspendu by Cordelia de Castellane\"}]},{\"@type\":\"WebSite\",\"@id\":\"https:\\\/\\\/www.parisselectbook.com\\\/en\\\/#website\",\"url\":\"https:\\\/\\\/www.parisselectbook.com\\\/en\\\/\",\"name\":\"Paris Select Book\",\"description\":\"Le guide chic des Tendances Parisiennes\",\"publisher\":{\"@id\":\"https:\\\/\\\/www.parisselectbook.com\\\/en\\\/#organization\"},\"potentialAction\":[{\"@type\":\"SearchAction\",\"target\":{\"@type\":\"EntryPoint\",\"urlTemplate\":\"https:\\\/\\\/www.parisselectbook.com\\\/en\\\/?s={search_term_string}\"},\"query-input\":{\"@type\":\"PropertyValueSpecification\",\"valueRequired\":true,\"valueName\":\"search_term_string\"}}],\"inLanguage\":\"en-US\"},{\"@type\":\"Organization\",\"@id\":\"https:\\\/\\\/www.parisselectbook.com\\\/en\\\/#organization\",\"name\":\"Paris Select\",\"url\":\"https:\\\/\\\/www.parisselectbook.com\\\/en\\\/\",\"logo\":{\"@type\":\"ImageObject\",\"inLanguage\":\"en-US\",\"@id\":\"https:\\\/\\\/www.parisselectbook.com\\\/en\\\/#\\\/schema\\\/logo\\\/image\\\/\",\"url\":\"https:\\\/\\\/www.parisselectbook.com\\\/wp-content\\\/uploads\\\/2024\\\/06\\\/logo-IG-TKTK-LK.png\",\"contentUrl\":\"https:\\\/\\\/www.parisselectbook.com\\\/wp-content\\\/uploads\\\/2024\\\/06\\\/logo-IG-TKTK-LK.png\",\"width\":684,\"height\":665,\"caption\":\"Paris Select\"},\"image\":{\"@id\":\"https:\\\/\\\/www.parisselectbook.com\\\/en\\\/#\\\/schema\\\/logo\\\/image\\\/\"},\"sameAs\":[\"https:\\\/\\\/www.facebook.com\\\/parisselect\",\"https:\\\/\\\/www.instagram.com\\\/parisselect\\\/\",\"https:\\\/\\\/www.tiktok.com\\\/@parisselect\"]},{\"@type\":\"Person\",\"@id\":\"https:\\\/\\\/www.parisselectbook.com\\\/en\\\/#\\\/schema\\\/person\\\/577a587b5e4edbba00885d4631b1cba7\",\"name\":\"Paris Select Book\"}]}<\/script>\n<!-- \/ Yoast SEO plugin. -->","yoast_head_json":{"title":"H\u00f4tel Barri\u00e8re Le Fouquet's Paris inaugurates its new rooftop: Le Marta Jardin Suspendu by Cordelia de Castellane","description":"H\u00f4tel Barri\u00e8re Le Fouquet's Paris has just unveiled its brand new rooftop: Le Marta Jardin Suspendu.","robots":{"index":"index","follow":"follow","max-snippet":"max-snippet:-1","max-image-preview":"max-image-preview:large","max-video-preview":"max-video-preview:-1"},"canonical":"https:\/\/www.parisselectbook.com\/en\/2024\/06\/28\/hotel-barriere-le-fouquets-paris-inaugurates-its-new-rooftop-le-marta-jardin-suspendu-by-cordelia-de-castellane\/","og_locale":"en_US","og_type":"article","og_title":"H\u00f4tel Barri\u00e8re Le Fouquet's Paris inaugurates its new rooftop: Le Marta Jardin Suspendu by Cordelia de Castellane","og_description":"H\u00f4tel Barri\u00e8re Le Fouquet's Paris has just unveiled its brand new rooftop: Le Marta Jardin Suspendu.","og_url":"https:\/\/www.parisselectbook.com\/en\/2024\/06\/28\/hotel-barriere-le-fouquets-paris-inaugurates-its-new-rooftop-le-marta-jardin-suspendu-by-cordelia-de-castellane\/","og_site_name":"Paris Select","article_publisher":"https:\/\/www.facebook.com\/parisselect","article_published_time":"2024-06-28T10:05:19+00:00","article_modified_time":"2024-07-03T12:31:42+00:00","og_image":[{"width":1920,"height":1080,"url":"https:\/\/www.parisselectbook.com\/wp-content\/uploads\/2024\/06\/Paris-Select-36.jpg","type":"image\/jpeg"}],"author":"Paris Select Book","twitter_card":"summary_large_image","twitter_misc":{"Written by":"Paris Select Book","Est. reading time":"2 minutes"},"schema":{"@context":"https:\/\/schema.org","@graph":[{"@type":"Article","@id":"https:\/\/www.parisselectbook.com\/en\/2024\/06\/28\/hotel-barriere-le-fouquets-paris-inaugurates-its-new-rooftop-le-marta-jardin-suspendu-by-cordelia-de-castellane\/#article","isPartOf":{"@id":"https:\/\/www.parisselectbook.com\/en\/2024\/06\/28\/hotel-barriere-le-fouquets-paris-inaugurates-its-new-rooftop-le-marta-jardin-suspendu-by-cordelia-de-castellane\/"},"author":{"name":"Paris Select Book","@id":"https:\/\/www.parisselectbook.com\/en\/#\/schema\/person\/577a587b5e4edbba00885d4631b1cba7"},"headline":"H\u00f4tel Barri\u00e8re Le Fouquet&#8217;s Paris inaugurates its new rooftop: Le Marta Jardin Suspendu by Cordelia de Castellane","datePublished":"2024-06-28T10:05:19+00:00","dateModified":"2024-07-03T12:31:42+00:00","mainEntityOfPage":{"@id":"https:\/\/www.parisselectbook.com\/en\/2024\/06\/28\/hotel-barriere-le-fouquets-paris-inaugurates-its-new-rooftop-le-marta-jardin-suspendu-by-cordelia-de-castellane\/"},"wordCount":342,"publisher":{"@id":"https:\/\/www.parisselectbook.com\/en\/#organization"},"image":{"@id":"https:\/\/www.parisselectbook.com\/en\/2024\/06\/28\/hotel-barriere-le-fouquets-paris-inaugurates-its-new-rooftop-le-marta-jardin-suspendu-by-cordelia-de-castellane\/#primaryimage"},"thumbnailUrl":"https:\/\/www.parisselectbook.com\/wp-content\/uploads\/2024\/06\/Paris-Select-36.jpg","articleSection":["Bar","News du Luxe"],"inLanguage":"en-US"},{"@type":"WebPage","@id":"https:\/\/www.parisselectbook.com\/en\/2024\/06\/28\/hotel-barriere-le-fouquets-paris-inaugurates-its-new-rooftop-le-marta-jardin-suspendu-by-cordelia-de-castellane\/","url":"https:\/\/www.parisselectbook.com\/en\/2024\/06\/28\/hotel-barriere-le-fouquets-paris-inaugurates-its-new-rooftop-le-marta-jardin-suspendu-by-cordelia-de-castellane\/","name":"H\u00f4tel Barri\u00e8re Le Fouquet's Paris inaugurates its new rooftop: Le Marta Jardin Suspendu by Cordelia de Castellane","isPartOf":{"@id":"https:\/\/www.parisselectbook.com\/en\/#website"},"primaryImageOfPage":{"@id":"https:\/\/www.parisselectbook.com\/en\/2024\/06\/28\/hotel-barriere-le-fouquets-paris-inaugurates-its-new-rooftop-le-marta-jardin-suspendu-by-cordelia-de-castellane\/#primaryimage"},"image":{"@id":"https:\/\/www.parisselectbook.com\/en\/2024\/06\/28\/hotel-barriere-le-fouquets-paris-inaugurates-its-new-rooftop-le-marta-jardin-suspendu-by-cordelia-de-castellane\/#primaryimage"},"thumbnailUrl":"https:\/\/www.parisselectbook.com\/wp-content\/uploads\/2024\/06\/Paris-Select-36.jpg","datePublished":"2024-06-28T10:05:19+00:00","dateModified":"2024-07-03T12:31:42+00:00","description":"H\u00f4tel Barri\u00e8re Le Fouquet's Paris has just unveiled its brand new rooftop: Le Marta Jardin Suspendu.","breadcrumb":{"@id":"https:\/\/www.parisselectbook.com\/en\/2024\/06\/28\/hotel-barriere-le-fouquets-paris-inaugurates-its-new-rooftop-le-marta-jardin-suspendu-by-cordelia-de-castellane\/#breadcrumb"},"inLanguage":"en-US","potentialAction":[{"@type":"ReadAction","target":["https:\/\/www.parisselectbook.com\/en\/2024\/06\/28\/hotel-barriere-le-fouquets-paris-inaugurates-its-new-rooftop-le-marta-jardin-suspendu-by-cordelia-de-castellane\/"]}]},{"@type":"ImageObject","inLanguage":"en-US","@id":"https:\/\/www.parisselectbook.com\/en\/2024\/06\/28\/hotel-barriere-le-fouquets-paris-inaugurates-its-new-rooftop-le-marta-jardin-suspendu-by-cordelia-de-castellane\/#primaryimage","url":"https:\/\/www.parisselectbook.com\/wp-content\/uploads\/2024\/06\/Paris-Select-36.jpg","contentUrl":"https:\/\/www.parisselectbook.com\/wp-content\/uploads\/2024\/06\/Paris-Select-36.jpg","width":1920,"height":1080},{"@type":"BreadcrumbList","@id":"https:\/\/www.parisselectbook.com\/en\/2024\/06\/28\/hotel-barriere-le-fouquets-paris-inaugurates-its-new-rooftop-le-marta-jardin-suspendu-by-cordelia-de-castellane\/#breadcrumb","itemListElement":[{"@type":"ListItem","position":1,"name":"News du Luxe","item":"https:\/\/www.parisselectbook.com\/en\/category\/news-du-luxe-en\/"},{"@type":"ListItem","position":2,"name":"H\u00f4tel Barri\u00e8re Le Fouquet&#8217;s Paris inaugurates its new rooftop: Le Marta Jardin Suspendu by Cordelia de Castellane"}]},{"@type":"WebSite","@id":"https:\/\/www.parisselectbook.com\/en\/#website","url":"https:\/\/www.parisselectbook.com\/en\/","name":"Paris Select Book","description":"Le guide chic des Tendances Parisiennes","publisher":{"@id":"https:\/\/www.parisselectbook.com\/en\/#organization"},"potentialAction":[{"@type":"SearchAction","target":{"@type":"EntryPoint","urlTemplate":"https:\/\/www.parisselectbook.com\/en\/?s={search_term_string}"},"query-input":{"@type":"PropertyValueSpecification","valueRequired":true,"valueName":"search_term_string"}}],"inLanguage":"en-US"},{"@type":"Organization","@id":"https:\/\/www.parisselectbook.com\/en\/#organization","name":"Paris Select","url":"https:\/\/www.parisselectbook.com\/en\/","logo":{"@type":"ImageObject","inLanguage":"en-US","@id":"https:\/\/www.parisselectbook.com\/en\/#\/schema\/logo\/image\/","url":"https:\/\/www.parisselectbook.com\/wp-content\/uploads\/2024\/06\/logo-IG-TKTK-LK.png","contentUrl":"https:\/\/www.parisselectbook.com\/wp-content\/uploads\/2024\/06\/logo-IG-TKTK-LK.png","width":684,"height":665,"caption":"Paris Select"},"image":{"@id":"https:\/\/www.parisselectbook.com\/en\/#\/schema\/logo\/image\/"},"sameAs":["https:\/\/www.facebook.com\/parisselect","https:\/\/www.instagram.com\/parisselect\/","https:\/\/www.tiktok.com\/@parisselect"]},{"@type":"Person","@id":"https:\/\/www.parisselectbook.com\/en\/#\/schema\/person\/577a587b5e4edbba00885d4631b1cba7","name":"Paris Select Book"}]}},"_links":{"self":[{"href":"https:\/\/www.parisselectbook.com\/en\/wp-json\/wp\/v2\/posts\/127564","targetHints":{"allow":["GET"]}}],"collection":[{"href":"https:\/\/www.parisselectbook.com\/en\/wp-json\/wp\/v2\/posts"}],"about":[{"href":"https:\/\/www.parisselectbook.com\/en\/wp-json\/wp\/v2\/types\/post"}],"author":[{"embeddable":true,"href":"https:\/\/www.parisselectbook.com\/en\/wp-json\/wp\/v2\/users\/3"}],"replies":[{"embeddable":true,"href":"https:\/\/www.parisselectbook.com\/en\/wp-json\/wp\/v2\/comments?post=127564"}],"version-history":[{"count":1,"href":"https:\/\/www.parisselectbook.com\/en\/wp-json\/wp\/v2\/posts\/127564\/revisions"}],"predecessor-version":[{"id":127566,"href":"https:\/\/www.parisselectbook.com\/en\/wp-json\/wp\/v2\/posts\/127564\/revisions\/127566"}],"wp:featuredmedia":[{"embeddable":true,"href":"https:\/\/www.parisselectbook.com\/en\/wp-json\/wp\/v2\/media\/126552"}],"wp:attachment":[{"href":"https:\/\/www.parisselectbook.com\/en\/wp-json\/wp\/v2\/media?parent=127564"}],"wp:term":[{"taxonomy":"category","embeddable":true,"href":"https:\/\/www.parisselectbook.com\/en\/wp-json\/wp\/v2\/categories?post=127564"},{"taxonomy":"post_tag","embeddable":true,"href":"https:\/\/www.parisselectbook.com\/en\/wp-json\/wp\/v2\/tags?post=127564"},{"taxonomy":"quartier","embeddable":true,"href":"https:\/\/www.parisselectbook.com\/en\/wp-json\/wp\/v2\/quartier?post=127564"}],"curies":[{"name":"wp","href":"https:\/\/api.w.org\/{rel}","templated":true}]}}