{"id":135075,"date":"2024-08-26T12:21:50","date_gmt":"2024-08-26T12:21:50","guid":{"rendered":"https:\/\/www.parisselectbook.com\/2024\/08\/26\/9-exhibitions-to-visit-this-fall-for-fashion-fans\/"},"modified":"2024-08-26T12:23:15","modified_gmt":"2024-08-26T12:23:15","slug":"9-exhibitions-to-visit-this-fall-for-fashion-fans","status":"publish","type":"post","link":"https:\/\/www.parisselectbook.com\/en\/2024\/08\/26\/9-exhibitions-to-visit-this-fall-for-fashion-fans\/","title":{"rendered":"9 exhibitions to visit this fall for fashion fans"},"content":{"rendered":"\n<p><strong>This fall, fashion enthusiasts are invited to take part in a visual narrative through captivating exhibitions illuminating the world of fashion.  <\/strong><\/p>\n\n<h2 class=\"wp-block-heading has-text-align-center\">Yves Saint Laurent&#8217;s Flowers at the Mus\u00e9e Yves Saint Laurent in Paris  <\/h2>\n\n<figure class=\"wp-block-image size-large\"><img decoding=\"async\" width=\"1600\" height=\"901\" src=\"https:\/\/www.parisselectbook.com\/wp-content\/uploads\/2024\/08\/image-31-edited.png\" alt=\"expos mode\" class=\"wp-image-135039\" srcset=\"https:\/\/www.parisselectbook.com\/wp-content\/uploads\/2024\/08\/image-31-edited.png 1600w, https:\/\/www.parisselectbook.com\/wp-content\/uploads\/2024\/08\/image-31-edited-295x166.png 295w, https:\/\/www.parisselectbook.com\/wp-content\/uploads\/2024\/08\/image-31-edited-880x496.png 880w, https:\/\/www.parisselectbook.com\/wp-content\/uploads\/2024\/08\/image-31-edited-534x300.png 534w, https:\/\/www.parisselectbook.com\/wp-content\/uploads\/2024\/08\/image-31-edited-768x432.png 768w, https:\/\/www.parisselectbook.com\/wp-content\/uploads\/2024\/08\/image-31-edited-1536x865.png 1536w, https:\/\/www.parisselectbook.com\/wp-content\/uploads\/2024\/08\/image-31-edited-180x100.png 180w, https:\/\/www.parisselectbook.com\/wp-content\/uploads\/2024\/08\/image-31-edited-312x175.png 312w, https:\/\/www.parisselectbook.com\/wp-content\/uploads\/2024\/08\/image-31-edited-829x466.png 829w, https:\/\/www.parisselectbook.com\/wp-content\/uploads\/2024\/08\/image-31-edited-372x209.png 372w, https:\/\/www.parisselectbook.com\/wp-content\/uploads\/2024\/08\/image-31-edited-1024x576.png 1024w, https:\/\/www.parisselectbook.com\/wp-content\/uploads\/2024\/08\/image-31-edited-296x167.png 296w\" sizes=\"(max-width: 1600px) 100vw, 1600px\" \/><\/figure>\n\n<p>From September 20, the <strong>Mus\u00e9e Yves Saint Laurent Paris<\/strong> presents the exhibition <em>Les Fleurs d&#8217;Yves Saint Laurent<\/em>.\nIt celebrates the couturier&#8217;s love of nature and flowers.\nFeaturing <strong>some thirty silhouettes<\/strong> and numerous drawings, the exhibition highlights the symbiotic relationship between Saint Laurent&#8217;s creations and nature.\n <strong>Emblematic pieces<\/strong> include the summer bride embodied by <strong>Laetitia Casta in 1999<\/strong>.\nBut also the embroidered jackets from the spring-summer 1988 collection, inspired by Van Gogh.\nThe exhibition also pays tribute to prints inspired by the works of <strong>Pierre Bonnard<\/strong>.     <\/p>\n\n<p><em>Mus\u00e9e Yves Saint Laurent &#8211; 5 Av.\nMarceau, 75116 Paris <\/em><\/p>\n\n<h2 class=\"wp-block-heading has-text-align-center\">Fashion in motion #2 at the Palais Galliera  <\/h2>\n\n<figure class=\"wp-block-image size-large\"><img decoding=\"async\" width=\"2048\" height=\"1153\" src=\"https:\/\/www.parisselectbook.com\/wp-content\/uploads\/2024\/08\/image-30-edited.png\" alt=\"expos mode\" class=\"wp-image-135032\" srcset=\"https:\/\/www.parisselectbook.com\/wp-content\/uploads\/2024\/08\/image-30-edited.png 2048w, https:\/\/www.parisselectbook.com\/wp-content\/uploads\/2024\/08\/image-30-edited-295x166.png 295w, https:\/\/www.parisselectbook.com\/wp-content\/uploads\/2024\/08\/image-30-edited-880x495.png 880w, https:\/\/www.parisselectbook.com\/wp-content\/uploads\/2024\/08\/image-30-edited-534x300.png 534w, https:\/\/www.parisselectbook.com\/wp-content\/uploads\/2024\/08\/image-30-edited-768x432.png 768w, https:\/\/www.parisselectbook.com\/wp-content\/uploads\/2024\/08\/image-30-edited-1536x865.png 1536w, https:\/\/www.parisselectbook.com\/wp-content\/uploads\/2024\/08\/image-30-edited-180x100.png 180w, https:\/\/www.parisselectbook.com\/wp-content\/uploads\/2024\/08\/image-30-edited-312x175.png 312w, https:\/\/www.parisselectbook.com\/wp-content\/uploads\/2024\/08\/image-30-edited-829x466.png 829w, https:\/\/www.parisselectbook.com\/wp-content\/uploads\/2024\/08\/image-30-edited-372x209.png 372w, https:\/\/www.parisselectbook.com\/wp-content\/uploads\/2024\/08\/image-30-edited-1024x576.png 1024w, https:\/\/www.parisselectbook.com\/wp-content\/uploads\/2024\/08\/image-30-edited-296x167.png 296w\" sizes=\"(max-width: 2048px) 100vw, 2048px\" \/><\/figure>\n\n<p><strong>From April 26 to January 5, 2025<\/strong>, the <strong>Palais Galliera<\/strong> presents <em>&#8220;La Mode en mouvement #2&#8221;<\/em>, an exhibition exploring the evolution of clothing from the 18th century to the present day.\nThe exhibition focuses on <strong>the theme of the body in motion<\/strong>.\nFeaturing over <strong>250 new works<\/strong>, the exhibition examines the place of clothing in sporting practices and its influence on everyday fashion. <strong>A section dedicated to the balneaire<\/strong> also unveils rare pieces, highlighting the evolution of bathing costumes and the relationship to the body in <strong>the public sphere<\/strong>.    <\/p>\n\n<p><em>Palais Galliera &#8211; 10 Av.\nPierre 1er de Serbie, 75116 Paris <\/em><\/p>\n\n<h2 class=\"wp-block-heading has-text-align-center\">&#8220;The birth of department stores&#8221; at the Mus\u00e9e des Arts D\u00e9coratifs  <\/h2>\n\n<figure class=\"wp-block-image\"><a href=\"https:\/\/www.parisselectbook.com\/wp-content\/uploads\/2024\/03\/2-40.jpg\"><img decoding=\"async\" src=\"https:\/\/www.parisselectbook.com\/wp-content\/uploads\/2024\/03\/2-40.jpg\" alt=\"exhibitions april\" class=\"wp-image-81726\"\/><\/a><\/figure>\n\n<p>Immerse yourself in the captivating history of department stores at the event exhibition at the <strong>Mus\u00e9e des Arts D\u00e9coratifs<\/strong>, until <strong>October 13, 2024<\/strong>. Discover the temples of modernity and consumerism such as Le Bon March\u00e9, Galeries Lafayette and many others&#8230;\nthat shaped the urban landscape of the 19th century.  Explore their evolution through <strong>political, social and cultural change<\/strong> to their consecration at the 1925 Exposition Internationale des Arts D\u00e9coratifs et Industriels Modernes. A <strong>fascinating immersion<\/strong> in the department store era awaits you!<\/p>\n\n<p><em><a href=\"https:\/\/madparis.fr\" target=\"_blank\" rel=\"noreferrer noopener\">Mus\u00e9e des Arts d\u00e9coratifs<\/a> &#8211; 107 Rue de Rivoli, 75001 Paris<\/em><\/p>\n\n<h2 class=\"wp-block-heading has-text-align-center\">Ala\u00efa \/ Kuramata at the Azzedine Ala\u00efa Foundation<\/h2>\n\n<figure class=\"wp-block-image size-large\"><img decoding=\"async\" width=\"886\" height=\"498\" src=\"https:\/\/www.parisselectbook.com\/wp-content\/uploads\/2024\/08\/image-22-edited.png\" alt=\"September exhibitions\" class=\"wp-image-133936\" srcset=\"https:\/\/www.parisselectbook.com\/wp-content\/uploads\/2024\/08\/image-22-edited.png 886w, https:\/\/www.parisselectbook.com\/wp-content\/uploads\/2024\/08\/image-22-edited-295x166.png 295w, https:\/\/www.parisselectbook.com\/wp-content\/uploads\/2024\/08\/image-22-edited-880x495.png 880w, https:\/\/www.parisselectbook.com\/wp-content\/uploads\/2024\/08\/image-22-edited-534x300.png 534w, https:\/\/www.parisselectbook.com\/wp-content\/uploads\/2024\/08\/image-22-edited-768x432.png 768w, https:\/\/www.parisselectbook.com\/wp-content\/uploads\/2024\/08\/image-22-edited-180x100.png 180w, https:\/\/www.parisselectbook.com\/wp-content\/uploads\/2024\/08\/image-22-edited-312x175.png 312w, https:\/\/www.parisselectbook.com\/wp-content\/uploads\/2024\/08\/image-22-edited-829x466.png 829w, https:\/\/www.parisselectbook.com\/wp-content\/uploads\/2024\/08\/image-22-edited-372x209.png 372w, https:\/\/www.parisselectbook.com\/wp-content\/uploads\/2024\/08\/image-22-edited-296x167.png 296w\" sizes=\"(max-width: 886px) 100vw, 886px\" \/><\/figure>\n\n<p><strong>Until January 12, 2025<\/strong>.\nAn unconditional admirer of <strong>Shiro Kuramata<\/strong>, in 2005 the couturier <strong>Azzedine Ala\u00efa<\/strong> devoted an exhibition here to the Japanese designer, who died in 1991.\nTwenty years later and for the first time, <strong>the Fondation Azzedine Ala\u00efa<\/strong> has decided to celebrate the designer once again with a dialogue between the creations of the two artists.\nMore than <strong>20 exceptional pieces of furniture and objects<\/strong> by Shiro Kuramata (1934-1991) are presented.\nNearly <strong>20 haute couture creations<\/strong> by Azzedine Ala\u00efa maintain the poetry of form, the radicality of cut, the subtle choice of color.    <\/p>\n\n<p><em>Fondation Azzedine Ala\u00efa &#8211; 18 Rue de la Verrerie, 75004 Paris<\/em><\/p>\n\n<h2 class=\"wp-block-heading has-text-align-center\">Nude as dressed.\nDelacroix and clothing at the Mus\u00e9e Delacroix <\/h2>\n\n<figure class=\"wp-block-image size-large\"><img decoding=\"async\" width=\"2048\" height=\"1151\" src=\"https:\/\/www.parisselectbook.com\/wp-content\/uploads\/2024\/08\/image-20-edited.png\" alt=\"September exhibitions\" class=\"wp-image-133918\" srcset=\"https:\/\/www.parisselectbook.com\/wp-content\/uploads\/2024\/08\/image-20-edited.png 2048w, https:\/\/www.parisselectbook.com\/wp-content\/uploads\/2024\/08\/image-20-edited-295x166.png 295w, https:\/\/www.parisselectbook.com\/wp-content\/uploads\/2024\/08\/image-20-edited-880x495.png 880w, https:\/\/www.parisselectbook.com\/wp-content\/uploads\/2024\/08\/image-20-edited-534x300.png 534w, https:\/\/www.parisselectbook.com\/wp-content\/uploads\/2024\/08\/image-20-edited-768x432.png 768w, https:\/\/www.parisselectbook.com\/wp-content\/uploads\/2024\/08\/image-20-edited-1536x863.png 1536w, https:\/\/www.parisselectbook.com\/wp-content\/uploads\/2024\/08\/image-20-edited-180x100.png 180w, https:\/\/www.parisselectbook.com\/wp-content\/uploads\/2024\/08\/image-20-edited-312x175.png 312w, https:\/\/www.parisselectbook.com\/wp-content\/uploads\/2024\/08\/image-20-edited-829x466.png 829w, https:\/\/www.parisselectbook.com\/wp-content\/uploads\/2024\/08\/image-20-edited-372x209.png 372w, https:\/\/www.parisselectbook.com\/wp-content\/uploads\/2024\/08\/image-20-edited-1024x576.png 1024w, https:\/\/www.parisselectbook.com\/wp-content\/uploads\/2024\/08\/image-20-edited-296x167.png 296w\" sizes=\"(max-width: 2048px) 100vw, 2048px\" \/><\/figure>\n\n<p>From <strong>July 3, 2024 to February 3, 2025<\/strong>.\nThe <strong>Mus\u00e9e Delacroix<\/strong> offers a new presentation of its collections based on one question.\nWhat is <strong>the role of clothing<\/strong>, or the lack of it, in the artist&#8217;s representation of the subject?\nFocusing on these garments is also a way of shedding light on the artist&#8217;s sources of inspiration and <strong>his creative process<\/strong>.\nMany works also show a particular interest in their <strong>pictorial treatment of textiles<\/strong> in general, colors and drapery, <strong>gold embroidery<\/strong> or <strong>motifs<\/strong>&#8230;    <\/p>\n\n<p><em>Mus\u00e9e national Eug\u00e8ne-Delacroix &#8211; 6 Rue de Furstemberg, 75006 Paris<\/em><\/p>\n\n<h2 class=\"wp-block-heading has-text-align-center\">Discover the dresses worn for the Olympic opening ceremony at the Galerie Dior  <\/h2>\n\n<figure class=\"wp-block-image size-large\"><img decoding=\"async\" width=\"1600\" height=\"900\" src=\"https:\/\/www.parisselectbook.com\/wp-content\/uploads\/2024\/08\/image-32-edited.png\" alt=\"expos mode\" class=\"wp-image-135047\" srcset=\"https:\/\/www.parisselectbook.com\/wp-content\/uploads\/2024\/08\/image-32-edited.png 1600w, https:\/\/www.parisselectbook.com\/wp-content\/uploads\/2024\/08\/image-32-edited-295x166.png 295w, https:\/\/www.parisselectbook.com\/wp-content\/uploads\/2024\/08\/image-32-edited-880x495.png 880w, https:\/\/www.parisselectbook.com\/wp-content\/uploads\/2024\/08\/image-32-edited-534x300.png 534w, https:\/\/www.parisselectbook.com\/wp-content\/uploads\/2024\/08\/image-32-edited-768x432.png 768w, https:\/\/www.parisselectbook.com\/wp-content\/uploads\/2024\/08\/image-32-edited-1536x864.png 1536w, https:\/\/www.parisselectbook.com\/wp-content\/uploads\/2024\/08\/image-32-edited-180x100.png 180w, https:\/\/www.parisselectbook.com\/wp-content\/uploads\/2024\/08\/image-32-edited-312x175.png 312w, https:\/\/www.parisselectbook.com\/wp-content\/uploads\/2024\/08\/image-32-edited-829x466.png 829w, https:\/\/www.parisselectbook.com\/wp-content\/uploads\/2024\/08\/image-32-edited-372x209.png 372w, https:\/\/www.parisselectbook.com\/wp-content\/uploads\/2024\/08\/image-32-edited-1024x576.png 1024w, https:\/\/www.parisselectbook.com\/wp-content\/uploads\/2024\/08\/image-32-edited-296x167.png 296w\" sizes=\"(max-width: 1600px) 100vw, 1600px\" \/><\/figure>\n\n<p>For the Paris 2024 Olympic Games, <strong>Dior<\/strong> dressed top artists for the opening ceremony.\nGalerie Dior presents these <strong>Maria Grazia Chiuri<\/strong> creations worn by <strong>C\u00e9line Dion<\/strong>, <strong>Lady Gaga<\/strong>, <strong>Aya Nakamura<\/strong>, as well as<strong>Axelle Saint-Cirel<\/strong>.\nThe exhibition highlights the fusion of artisanal excellence and fashion innovation.\nIconic outfits include <strong>a feathered leotard<\/strong> for Lady Gaga and a sparkling gown for C\u00e9line Dion.     <\/p>\n\n<p><em>Galerie Dior &#8211; 11 Rue Fran\u00e7ois 1er, 75008 Paris<\/em><\/p>\n\n<h2 class=\"wp-block-heading has-text-align-center\">Paris Paris! at Bon March\u00e9 Rive Gauche<\/h2>\n\n<figure class=\"wp-block-image size-large\"><img decoding=\"async\" width=\"1992\" height=\"1120\" src=\"https:\/\/www.parisselectbook.com\/wp-content\/uploads\/2024\/08\/image-33-edited.png\" alt=\"expos mode\" class=\"wp-image-135053\" srcset=\"https:\/\/www.parisselectbook.com\/wp-content\/uploads\/2024\/08\/image-33-edited.png 1992w, https:\/\/www.parisselectbook.com\/wp-content\/uploads\/2024\/08\/image-33-edited-295x166.png 295w, https:\/\/www.parisselectbook.com\/wp-content\/uploads\/2024\/08\/image-33-edited-880x495.png 880w, https:\/\/www.parisselectbook.com\/wp-content\/uploads\/2024\/08\/image-33-edited-534x300.png 534w, https:\/\/www.parisselectbook.com\/wp-content\/uploads\/2024\/08\/image-33-edited-768x432.png 768w, https:\/\/www.parisselectbook.com\/wp-content\/uploads\/2024\/08\/image-33-edited-1536x864.png 1536w, https:\/\/www.parisselectbook.com\/wp-content\/uploads\/2024\/08\/image-33-edited-180x100.png 180w, https:\/\/www.parisselectbook.com\/wp-content\/uploads\/2024\/08\/image-33-edited-312x175.png 312w, https:\/\/www.parisselectbook.com\/wp-content\/uploads\/2024\/08\/image-33-edited-829x466.png 829w, https:\/\/www.parisselectbook.com\/wp-content\/uploads\/2024\/08\/image-33-edited-372x209.png 372w, https:\/\/www.parisselectbook.com\/wp-content\/uploads\/2024\/08\/image-33-edited-1024x576.png 1024w, https:\/\/www.parisselectbook.com\/wp-content\/uploads\/2024\/08\/image-33-edited-296x167.png 296w\" sizes=\"(max-width: 1992px) 100vw, 1992px\" \/><\/figure>\n\n<p>From <strong>August 24 to October 20<\/strong>, Le <strong>Bon March\u00e9 Rive Gauche<\/strong> hosts <em>Paris, Paris!<\/em> an immersive exhibition celebrating the French capital.\nSet against a surreal backdrop of clouds and Eiffel Towers, visitors discover a poetic and playful itinerary.\nIt highlights <strong>Parisian fashion, gastronomy and contemporary culture<\/strong>.\nEach floor offers unique experiences and exclusive collaborations with emblematic Parisian talents and houses.\nThese include <strong>the new Petit S\u00e9zane brand<\/strong> and architecture studio <strong>A.S.L.<\/strong> An invitation to explore Paris with a curious and creative mind.    <\/p>\n\n<p><em><a href=\"https:\/\/www.lebonmarche.com\" target=\"_blank\" rel=\"noreferrer noopener\">Le Bon March\u00e9 Rive Gauche<\/a> &#8211; 24 Rue de S\u00e8vres, 75007 Paris<\/em><\/p>\n\n<h2 class=\"wp-block-heading has-text-align-center\">LV DREAM<\/h2>\n\n<figure class=\"wp-block-image size-large\"><img decoding=\"async\" width=\"880\" height=\"495\" src=\"https:\/\/www.parisselectbook.com\/wp-content\/uploads\/2024\/08\/image-34-880x495.png\" alt=\"expos mode\" class=\"wp-image-135057\" srcset=\"https:\/\/www.parisselectbook.com\/wp-content\/uploads\/2024\/08\/image-34-880x495.png 880w, https:\/\/www.parisselectbook.com\/wp-content\/uploads\/2024\/08\/image-34-295x166.png 295w, https:\/\/www.parisselectbook.com\/wp-content\/uploads\/2024\/08\/image-34-534x300.png 534w, https:\/\/www.parisselectbook.com\/wp-content\/uploads\/2024\/08\/image-34-768x432.png 768w, https:\/\/www.parisselectbook.com\/wp-content\/uploads\/2024\/08\/image-34-1536x864.png 1536w, https:\/\/www.parisselectbook.com\/wp-content\/uploads\/2024\/08\/image-34-180x100.png 180w, https:\/\/www.parisselectbook.com\/wp-content\/uploads\/2024\/08\/image-34-312x175.png 312w, https:\/\/www.parisselectbook.com\/wp-content\/uploads\/2024\/08\/image-34-829x466.png 829w, https:\/\/www.parisselectbook.com\/wp-content\/uploads\/2024\/08\/image-34-372x209.png 372w, https:\/\/www.parisselectbook.com\/wp-content\/uploads\/2024\/08\/image-34-1024x576.png 1024w, https:\/\/www.parisselectbook.com\/wp-content\/uploads\/2024\/08\/image-34-296x167.png 296w, https:\/\/www.parisselectbook.com\/wp-content\/uploads\/2024\/08\/image-34.png 2000w\" sizes=\"(max-width: 880px) 100vw, 880px\" \/><\/figure>\n\n<p><strong>LV DREAM<\/strong>, Louis Vuitton&#8217;s immersive exhibition, celebrates <strong>160 years of artistic collaborations<\/strong> that have shaped the House&#8217;s spirit of innovation.\nFrom Cao Fei&#8217;s digital portrait of Louis Vuitton to iconic travel trunks, the exhibition explores <strong>the constant dialogue between tradition and modernity<\/strong> through nine interactive rooms <strong>.<\/strong> Visitors discover original works that reflect Louis Vuitton&#8217;s expertise and innovation.\nThe exhibition also includes a caf\u00e9 and chocolaterie in collaboration with <strong>Maxime Fr\u00e9d\u00e9ric<\/strong>, <strong>Chef P\u00e2tissier at Cheval Blanc Paris<\/strong>.  <\/p>\n\n<p><em><a href=\"https:\/\/fr.louisvuitton.com\/fra-fr\/magazine\/articles\/lv-dream\" target=\"_blank\" rel=\"noreferrer noopener\">LV Dream<\/a> &#8211; 26 Quai de la M\u00e9gisserie, 75001 Paris<\/em><\/p>\n\n<h2 class=\"wp-block-heading has-text-align-center\">Divine Jewels.\nIn search of beauty at the Ecole des Arts Joailliers   <\/h2>\n\n<figure class=\"wp-block-image size-large\"><img decoding=\"async\" width=\"880\" height=\"495\" src=\"https:\/\/www.parisselectbook.com\/wp-content\/uploads\/2024\/08\/image-35-880x495.png\" alt=\"expos mode\" class=\"wp-image-135061\" srcset=\"https:\/\/www.parisselectbook.com\/wp-content\/uploads\/2024\/08\/image-35-880x495.png 880w, https:\/\/www.parisselectbook.com\/wp-content\/uploads\/2024\/08\/image-35-295x166.png 295w, https:\/\/www.parisselectbook.com\/wp-content\/uploads\/2024\/08\/image-35-534x300.png 534w, https:\/\/www.parisselectbook.com\/wp-content\/uploads\/2024\/08\/image-35-768x432.png 768w, https:\/\/www.parisselectbook.com\/wp-content\/uploads\/2024\/08\/image-35-1536x864.png 1536w, https:\/\/www.parisselectbook.com\/wp-content\/uploads\/2024\/08\/image-35.png 2048w, https:\/\/www.parisselectbook.com\/wp-content\/uploads\/2024\/08\/image-35-180x100.png 180w, https:\/\/www.parisselectbook.com\/wp-content\/uploads\/2024\/08\/image-35-312x175.png 312w, https:\/\/www.parisselectbook.com\/wp-content\/uploads\/2024\/08\/image-35-829x466.png 829w, https:\/\/www.parisselectbook.com\/wp-content\/uploads\/2024\/08\/image-35-372x209.png 372w, https:\/\/www.parisselectbook.com\/wp-content\/uploads\/2024\/08\/image-35-1024x576.png 1024w, https:\/\/www.parisselectbook.com\/wp-content\/uploads\/2024\/08\/image-35-296x167.png 296w\" sizes=\"(max-width: 880px) 100vw, 880px\" \/><\/figure>\n\n<p>From <strong>September 19 to 26, 2024<\/strong>, <strong>the H\u00f4tel de Mercy-Argenteau<\/strong> is hosting an ephemeral exhibition based on the book <em>&#8220;Divins Joyaux. In Search of Beauty.&#8221; <\/em><strong>Twenty exceptional pieces<\/strong> from the Albion Art collection will be on display, tracing forty years of collecting.\nThe exhibition explores various <strong>themes from the book, from portraits of sovereigns<\/strong> on cameos and intaglios to the mystique of stones, to capturing the ephemeral beauty of nature through <strong>diadems, necklaces, and other precious ornaments.<\/strong> A unique opportunity to discover the art and history of jewelry through these rare gems. <\/p>\n\n<p><em>L&#8217;\u00c9cole des Arts Joailliers (Paris &#8211; Grands Boulevards) &#8211; H\u00f4tel de Mercy-Argenteau, 16 bis, boulevard Montmartre , 75009 Paris<\/em><\/p>\n","protected":false},"excerpt":{"rendered":"<p>This fall, fashion enthusiasts are invited to take part in a visual narrative through captivating exhibitions illuminating the world of fashion. Yves Saint Laurent&#8217;s Flowers&#8230;<\/p>\n","protected":false},"author":16,"featured_media":135067,"comment_status":"closed","ping_status":"closed","sticky":false,"template":"","format":"standard","meta":{"_acf_changed":false,"footnotes":""},"categories":[2778,2687],"tags":[2233,2338,2224,2225,2228,2889],"quartier":[],"class_list":["post-135075","post","type-post","status-publish","format-standard","has-post-thumbnail","hentry","category-culture-expositions-en","category-que-faire-a-paris-en","tag-adresses-en","tag-chic-en","tag-luxe-en","tag-mode-en","tag-paris-en","tag-paris-exhibition"],"acf":[],"yoast_head":"<!-- This site is optimized with the Yoast SEO plugin v27.5 - https:\/\/yoast.com\/product\/yoast-seo-wordpress\/ -->\n<title>9 exhibitions to visit this fall for fashion fans<\/title>\n<meta name=\"description\" content=\"This fall, fashion enthusiasts are invited to take part in a visual narrative through captivating exhibitions illuminating the world of fashion.\" \/>\n<meta name=\"robots\" content=\"index, follow, max-snippet:-1, max-image-preview:large, max-video-preview:-1\" \/>\n<link rel=\"canonical\" href=\"https:\/\/www.parisselectbook.com\/en\/2024\/08\/26\/9-exhibitions-to-visit-this-fall-for-fashion-fans\/\" \/>\n<meta property=\"og:locale\" content=\"en_US\" \/>\n<meta property=\"og:type\" content=\"article\" \/>\n<meta property=\"og:title\" content=\"9 exhibitions to visit this fall for fashion fans\" \/>\n<meta property=\"og:description\" content=\"This fall, fashion enthusiasts are invited to take part in a visual narrative through captivating exhibitions illuminating the world of fashion.\" \/>\n<meta property=\"og:url\" content=\"https:\/\/www.parisselectbook.com\/en\/2024\/08\/26\/9-exhibitions-to-visit-this-fall-for-fashion-fans\/\" \/>\n<meta property=\"og:site_name\" content=\"Paris Select\" \/>\n<meta property=\"article:publisher\" content=\"https:\/\/www.facebook.com\/parisselect\" \/>\n<meta property=\"article:published_time\" content=\"2024-08-26T12:21:50+00:00\" \/>\n<meta property=\"article:modified_time\" content=\"2024-08-26T12:23:15+00:00\" \/>\n<meta property=\"og:image\" content=\"https:\/\/www.parisselectbook.com\/wp-content\/uploads\/2024\/08\/GettyImages-120203028.jpg.webp\" \/>\n\t<meta property=\"og:image:width\" content=\"2011\" \/>\n\t<meta property=\"og:image:height\" content=\"1131\" \/>\n\t<meta property=\"og:image:type\" content=\"image\/webp\" \/>\n<meta name=\"author\" content=\"Garance Rieu\" \/>\n<meta name=\"twitter:card\" content=\"summary_large_image\" \/>\n<meta name=\"twitter:label1\" content=\"Written by\" \/>\n\t<meta name=\"twitter:data1\" content=\"Garance Rieu\" \/>\n\t<meta name=\"twitter:label2\" content=\"Est. reading time\" \/>\n\t<meta name=\"twitter:data2\" content=\"5 minutes\" \/>\n<script type=\"application\/ld+json\" class=\"yoast-schema-graph\">{\"@context\":\"https:\\\/\\\/schema.org\",\"@graph\":[{\"@type\":\"Article\",\"@id\":\"https:\\\/\\\/www.parisselectbook.com\\\/en\\\/2024\\\/08\\\/26\\\/9-exhibitions-to-visit-this-fall-for-fashion-fans\\\/#article\",\"isPartOf\":{\"@id\":\"https:\\\/\\\/www.parisselectbook.com\\\/en\\\/2024\\\/08\\\/26\\\/9-exhibitions-to-visit-this-fall-for-fashion-fans\\\/\"},\"author\":{\"name\":\"Garance Rieu\",\"@id\":\"https:\\\/\\\/www.parisselectbook.com\\\/en\\\/#\\\/schema\\\/person\\\/c9f273867bf452ffc926ebd995326d38\"},\"headline\":\"9 exhibitions to visit this fall for fashion fans\",\"datePublished\":\"2024-08-26T12:21:50+00:00\",\"dateModified\":\"2024-08-26T12:23:15+00:00\",\"mainEntityOfPage\":{\"@id\":\"https:\\\/\\\/www.parisselectbook.com\\\/en\\\/2024\\\/08\\\/26\\\/9-exhibitions-to-visit-this-fall-for-fashion-fans\\\/\"},\"wordCount\":955,\"publisher\":{\"@id\":\"https:\\\/\\\/www.parisselectbook.com\\\/en\\\/#organization\"},\"image\":{\"@id\":\"https:\\\/\\\/www.parisselectbook.com\\\/en\\\/2024\\\/08\\\/26\\\/9-exhibitions-to-visit-this-fall-for-fashion-fans\\\/#primaryimage\"},\"thumbnailUrl\":\"https:\\\/\\\/www.parisselectbook.com\\\/wp-content\\\/uploads\\\/2024\\\/08\\\/GettyImages-120203028.jpg.webp\",\"keywords\":[\"adresses\",\"chic\",\"luxe\",\"mode\",\"paris\",\"Paris exhibition\"],\"articleSection\":[\"Culture &amp; expositions\",\"Que faire \u00e0 Paris ?\"],\"inLanguage\":\"en-US\"},{\"@type\":\"WebPage\",\"@id\":\"https:\\\/\\\/www.parisselectbook.com\\\/en\\\/2024\\\/08\\\/26\\\/9-exhibitions-to-visit-this-fall-for-fashion-fans\\\/\",\"url\":\"https:\\\/\\\/www.parisselectbook.com\\\/en\\\/2024\\\/08\\\/26\\\/9-exhibitions-to-visit-this-fall-for-fashion-fans\\\/\",\"name\":\"9 exhibitions to visit this fall for fashion fans\",\"isPartOf\":{\"@id\":\"https:\\\/\\\/www.parisselectbook.com\\\/en\\\/#website\"},\"primaryImageOfPage\":{\"@id\":\"https:\\\/\\\/www.parisselectbook.com\\\/en\\\/2024\\\/08\\\/26\\\/9-exhibitions-to-visit-this-fall-for-fashion-fans\\\/#primaryimage\"},\"image\":{\"@id\":\"https:\\\/\\\/www.parisselectbook.com\\\/en\\\/2024\\\/08\\\/26\\\/9-exhibitions-to-visit-this-fall-for-fashion-fans\\\/#primaryimage\"},\"thumbnailUrl\":\"https:\\\/\\\/www.parisselectbook.com\\\/wp-content\\\/uploads\\\/2024\\\/08\\\/GettyImages-120203028.jpg.webp\",\"datePublished\":\"2024-08-26T12:21:50+00:00\",\"dateModified\":\"2024-08-26T12:23:15+00:00\",\"description\":\"This fall, fashion enthusiasts are invited to take part in a visual narrative through captivating exhibitions illuminating the world of fashion.\",\"breadcrumb\":{\"@id\":\"https:\\\/\\\/www.parisselectbook.com\\\/en\\\/2024\\\/08\\\/26\\\/9-exhibitions-to-visit-this-fall-for-fashion-fans\\\/#breadcrumb\"},\"inLanguage\":\"en-US\",\"potentialAction\":[{\"@type\":\"ReadAction\",\"target\":[\"https:\\\/\\\/www.parisselectbook.com\\\/en\\\/2024\\\/08\\\/26\\\/9-exhibitions-to-visit-this-fall-for-fashion-fans\\\/\"]}]},{\"@type\":\"ImageObject\",\"inLanguage\":\"en-US\",\"@id\":\"https:\\\/\\\/www.parisselectbook.com\\\/en\\\/2024\\\/08\\\/26\\\/9-exhibitions-to-visit-this-fall-for-fashion-fans\\\/#primaryimage\",\"url\":\"https:\\\/\\\/www.parisselectbook.com\\\/wp-content\\\/uploads\\\/2024\\\/08\\\/GettyImages-120203028.jpg.webp\",\"contentUrl\":\"https:\\\/\\\/www.parisselectbook.com\\\/wp-content\\\/uploads\\\/2024\\\/08\\\/GettyImages-120203028.jpg.webp\",\"width\":2011,\"height\":1131},{\"@type\":\"BreadcrumbList\",\"@id\":\"https:\\\/\\\/www.parisselectbook.com\\\/en\\\/2024\\\/08\\\/26\\\/9-exhibitions-to-visit-this-fall-for-fashion-fans\\\/#breadcrumb\",\"itemListElement\":[{\"@type\":\"ListItem\",\"position\":1,\"name\":\"Que faire \u00e0 Paris ?\",\"item\":\"https:\\\/\\\/www.parisselectbook.com\\\/en\\\/category\\\/que-faire-a-paris-en\\\/\"},{\"@type\":\"ListItem\",\"position\":2,\"name\":\"Culture &amp; expositions\",\"item\":\"https:\\\/\\\/www.parisselectbook.com\\\/en\\\/category\\\/que-faire-a-paris-en\\\/culture-expositions-en\\\/\"},{\"@type\":\"ListItem\",\"position\":3,\"name\":\"9 exhibitions to visit this fall for fashion fans\"}]},{\"@type\":\"WebSite\",\"@id\":\"https:\\\/\\\/www.parisselectbook.com\\\/en\\\/#website\",\"url\":\"https:\\\/\\\/www.parisselectbook.com\\\/en\\\/\",\"name\":\"Paris Select Book\",\"description\":\"Le guide chic des Tendances Parisiennes\",\"publisher\":{\"@id\":\"https:\\\/\\\/www.parisselectbook.com\\\/en\\\/#organization\"},\"potentialAction\":[{\"@type\":\"SearchAction\",\"target\":{\"@type\":\"EntryPoint\",\"urlTemplate\":\"https:\\\/\\\/www.parisselectbook.com\\\/en\\\/?s={search_term_string}\"},\"query-input\":{\"@type\":\"PropertyValueSpecification\",\"valueRequired\":true,\"valueName\":\"search_term_string\"}}],\"inLanguage\":\"en-US\"},{\"@type\":\"Organization\",\"@id\":\"https:\\\/\\\/www.parisselectbook.com\\\/en\\\/#organization\",\"name\":\"Paris Select\",\"url\":\"https:\\\/\\\/www.parisselectbook.com\\\/en\\\/\",\"logo\":{\"@type\":\"ImageObject\",\"inLanguage\":\"en-US\",\"@id\":\"https:\\\/\\\/www.parisselectbook.com\\\/en\\\/#\\\/schema\\\/logo\\\/image\\\/\",\"url\":\"https:\\\/\\\/www.parisselectbook.com\\\/wp-content\\\/uploads\\\/2024\\\/06\\\/logo-IG-TKTK-LK.png\",\"contentUrl\":\"https:\\\/\\\/www.parisselectbook.com\\\/wp-content\\\/uploads\\\/2024\\\/06\\\/logo-IG-TKTK-LK.png\",\"width\":684,\"height\":665,\"caption\":\"Paris Select\"},\"image\":{\"@id\":\"https:\\\/\\\/www.parisselectbook.com\\\/en\\\/#\\\/schema\\\/logo\\\/image\\\/\"},\"sameAs\":[\"https:\\\/\\\/www.facebook.com\\\/parisselect\",\"https:\\\/\\\/www.instagram.com\\\/parisselect\\\/\",\"https:\\\/\\\/www.tiktok.com\\\/@parisselect\"]},{\"@type\":\"Person\",\"@id\":\"https:\\\/\\\/www.parisselectbook.com\\\/en\\\/#\\\/schema\\\/person\\\/c9f273867bf452ffc926ebd995326d38\",\"name\":\"Garance Rieu\",\"sameAs\":[\"https:\\\/\\\/www.parisselectbook.com\\\/\"]}]}<\/script>\n<!-- \/ Yoast SEO plugin. -->","yoast_head_json":{"title":"9 exhibitions to visit this fall for fashion fans","description":"This fall, fashion enthusiasts are invited to take part in a visual narrative through captivating exhibitions illuminating the world of fashion.","robots":{"index":"index","follow":"follow","max-snippet":"max-snippet:-1","max-image-preview":"max-image-preview:large","max-video-preview":"max-video-preview:-1"},"canonical":"https:\/\/www.parisselectbook.com\/en\/2024\/08\/26\/9-exhibitions-to-visit-this-fall-for-fashion-fans\/","og_locale":"en_US","og_type":"article","og_title":"9 exhibitions to visit this fall for fashion fans","og_description":"This fall, fashion enthusiasts are invited to take part in a visual narrative through captivating exhibitions illuminating the world of fashion.","og_url":"https:\/\/www.parisselectbook.com\/en\/2024\/08\/26\/9-exhibitions-to-visit-this-fall-for-fashion-fans\/","og_site_name":"Paris Select","article_publisher":"https:\/\/www.facebook.com\/parisselect","article_published_time":"2024-08-26T12:21:50+00:00","article_modified_time":"2024-08-26T12:23:15+00:00","og_image":[{"width":2011,"height":1131,"url":"https:\/\/www.parisselectbook.com\/wp-content\/uploads\/2024\/08\/GettyImages-120203028.jpg.webp","type":"image\/webp"}],"author":"Garance Rieu","twitter_card":"summary_large_image","twitter_misc":{"Written by":"Garance Rieu","Est. reading time":"5 minutes"},"schema":{"@context":"https:\/\/schema.org","@graph":[{"@type":"Article","@id":"https:\/\/www.parisselectbook.com\/en\/2024\/08\/26\/9-exhibitions-to-visit-this-fall-for-fashion-fans\/#article","isPartOf":{"@id":"https:\/\/www.parisselectbook.com\/en\/2024\/08\/26\/9-exhibitions-to-visit-this-fall-for-fashion-fans\/"},"author":{"name":"Garance Rieu","@id":"https:\/\/www.parisselectbook.com\/en\/#\/schema\/person\/c9f273867bf452ffc926ebd995326d38"},"headline":"9 exhibitions to visit this fall for fashion fans","datePublished":"2024-08-26T12:21:50+00:00","dateModified":"2024-08-26T12:23:15+00:00","mainEntityOfPage":{"@id":"https:\/\/www.parisselectbook.com\/en\/2024\/08\/26\/9-exhibitions-to-visit-this-fall-for-fashion-fans\/"},"wordCount":955,"publisher":{"@id":"https:\/\/www.parisselectbook.com\/en\/#organization"},"image":{"@id":"https:\/\/www.parisselectbook.com\/en\/2024\/08\/26\/9-exhibitions-to-visit-this-fall-for-fashion-fans\/#primaryimage"},"thumbnailUrl":"https:\/\/www.parisselectbook.com\/wp-content\/uploads\/2024\/08\/GettyImages-120203028.jpg.webp","keywords":["adresses","chic","luxe","mode","paris","Paris exhibition"],"articleSection":["Culture &amp; expositions","Que faire \u00e0 Paris ?"],"inLanguage":"en-US"},{"@type":"WebPage","@id":"https:\/\/www.parisselectbook.com\/en\/2024\/08\/26\/9-exhibitions-to-visit-this-fall-for-fashion-fans\/","url":"https:\/\/www.parisselectbook.com\/en\/2024\/08\/26\/9-exhibitions-to-visit-this-fall-for-fashion-fans\/","name":"9 exhibitions to visit this fall for fashion fans","isPartOf":{"@id":"https:\/\/www.parisselectbook.com\/en\/#website"},"primaryImageOfPage":{"@id":"https:\/\/www.parisselectbook.com\/en\/2024\/08\/26\/9-exhibitions-to-visit-this-fall-for-fashion-fans\/#primaryimage"},"image":{"@id":"https:\/\/www.parisselectbook.com\/en\/2024\/08\/26\/9-exhibitions-to-visit-this-fall-for-fashion-fans\/#primaryimage"},"thumbnailUrl":"https:\/\/www.parisselectbook.com\/wp-content\/uploads\/2024\/08\/GettyImages-120203028.jpg.webp","datePublished":"2024-08-26T12:21:50+00:00","dateModified":"2024-08-26T12:23:15+00:00","description":"This fall, fashion enthusiasts are invited to take part in a visual narrative through captivating exhibitions illuminating the world of fashion.","breadcrumb":{"@id":"https:\/\/www.parisselectbook.com\/en\/2024\/08\/26\/9-exhibitions-to-visit-this-fall-for-fashion-fans\/#breadcrumb"},"inLanguage":"en-US","potentialAction":[{"@type":"ReadAction","target":["https:\/\/www.parisselectbook.com\/en\/2024\/08\/26\/9-exhibitions-to-visit-this-fall-for-fashion-fans\/"]}]},{"@type":"ImageObject","inLanguage":"en-US","@id":"https:\/\/www.parisselectbook.com\/en\/2024\/08\/26\/9-exhibitions-to-visit-this-fall-for-fashion-fans\/#primaryimage","url":"https:\/\/www.parisselectbook.com\/wp-content\/uploads\/2024\/08\/GettyImages-120203028.jpg.webp","contentUrl":"https:\/\/www.parisselectbook.com\/wp-content\/uploads\/2024\/08\/GettyImages-120203028.jpg.webp","width":2011,"height":1131},{"@type":"BreadcrumbList","@id":"https:\/\/www.parisselectbook.com\/en\/2024\/08\/26\/9-exhibitions-to-visit-this-fall-for-fashion-fans\/#breadcrumb","itemListElement":[{"@type":"ListItem","position":1,"name":"Que faire \u00e0 Paris ?","item":"https:\/\/www.parisselectbook.com\/en\/category\/que-faire-a-paris-en\/"},{"@type":"ListItem","position":2,"name":"Culture &amp; expositions","item":"https:\/\/www.parisselectbook.com\/en\/category\/que-faire-a-paris-en\/culture-expositions-en\/"},{"@type":"ListItem","position":3,"name":"9 exhibitions to visit this fall for fashion fans"}]},{"@type":"WebSite","@id":"https:\/\/www.parisselectbook.com\/en\/#website","url":"https:\/\/www.parisselectbook.com\/en\/","name":"Paris Select Book","description":"Le guide chic des Tendances Parisiennes","publisher":{"@id":"https:\/\/www.parisselectbook.com\/en\/#organization"},"potentialAction":[{"@type":"SearchAction","target":{"@type":"EntryPoint","urlTemplate":"https:\/\/www.parisselectbook.com\/en\/?s={search_term_string}"},"query-input":{"@type":"PropertyValueSpecification","valueRequired":true,"valueName":"search_term_string"}}],"inLanguage":"en-US"},{"@type":"Organization","@id":"https:\/\/www.parisselectbook.com\/en\/#organization","name":"Paris Select","url":"https:\/\/www.parisselectbook.com\/en\/","logo":{"@type":"ImageObject","inLanguage":"en-US","@id":"https:\/\/www.parisselectbook.com\/en\/#\/schema\/logo\/image\/","url":"https:\/\/www.parisselectbook.com\/wp-content\/uploads\/2024\/06\/logo-IG-TKTK-LK.png","contentUrl":"https:\/\/www.parisselectbook.com\/wp-content\/uploads\/2024\/06\/logo-IG-TKTK-LK.png","width":684,"height":665,"caption":"Paris Select"},"image":{"@id":"https:\/\/www.parisselectbook.com\/en\/#\/schema\/logo\/image\/"},"sameAs":["https:\/\/www.facebook.com\/parisselect","https:\/\/www.instagram.com\/parisselect\/","https:\/\/www.tiktok.com\/@parisselect"]},{"@type":"Person","@id":"https:\/\/www.parisselectbook.com\/en\/#\/schema\/person\/c9f273867bf452ffc926ebd995326d38","name":"Garance Rieu","sameAs":["https:\/\/www.parisselectbook.com\/"]}]}},"_links":{"self":[{"href":"https:\/\/www.parisselectbook.com\/en\/wp-json\/wp\/v2\/posts\/135075","targetHints":{"allow":["GET"]}}],"collection":[{"href":"https:\/\/www.parisselectbook.com\/en\/wp-json\/wp\/v2\/posts"}],"about":[{"href":"https:\/\/www.parisselectbook.com\/en\/wp-json\/wp\/v2\/types\/post"}],"author":[{"embeddable":true,"href":"https:\/\/www.parisselectbook.com\/en\/wp-json\/wp\/v2\/users\/16"}],"replies":[{"embeddable":true,"href":"https:\/\/www.parisselectbook.com\/en\/wp-json\/wp\/v2\/comments?post=135075"}],"version-history":[{"count":1,"href":"https:\/\/www.parisselectbook.com\/en\/wp-json\/wp\/v2\/posts\/135075\/revisions"}],"predecessor-version":[{"id":135076,"href":"https:\/\/www.parisselectbook.com\/en\/wp-json\/wp\/v2\/posts\/135075\/revisions\/135076"}],"wp:featuredmedia":[{"embeddable":true,"href":"https:\/\/www.parisselectbook.com\/en\/wp-json\/wp\/v2\/media\/135067"}],"wp:attachment":[{"href":"https:\/\/www.parisselectbook.com\/en\/wp-json\/wp\/v2\/media?parent=135075"}],"wp:term":[{"taxonomy":"category","embeddable":true,"href":"https:\/\/www.parisselectbook.com\/en\/wp-json\/wp\/v2\/categories?post=135075"},{"taxonomy":"post_tag","embeddable":true,"href":"https:\/\/www.parisselectbook.com\/en\/wp-json\/wp\/v2\/tags?post=135075"},{"taxonomy":"quartier","embeddable":true,"href":"https:\/\/www.parisselectbook.com\/en\/wp-json\/wp\/v2\/quartier?post=135075"}],"curies":[{"name":"wp","href":"https:\/\/api.w.org\/{rel}","templated":true}]}}