{"id":141604,"date":"2024-10-01T12:31:42","date_gmt":"2024-10-01T12:31:42","guid":{"rendered":"https:\/\/www.parisselectbook.com\/2024\/10\/01\/top-exhibitions-to-see-in-october\/"},"modified":"2024-10-01T12:32:07","modified_gmt":"2024-10-01T12:32:07","slug":"top-exhibitions-to-see-in-october","status":"publish","type":"post","link":"https:\/\/www.parisselectbook.com\/en\/2024\/10\/01\/top-exhibitions-to-see-in-october\/","title":{"rendered":"Top exhibitions to see in October"},"content":{"rendered":"\n<p><strong>New exhibitions are constantly emerging in Paris, enriching the many museums in our beautiful city. Here are some not-to-be-missed exhibitions in October.<\/strong><\/p>\n\n<h2 class=\"wp-block-heading has-text-align-center\">Arte Povera at the Bourse du Commerce<\/h2>\n<div class=\"wp-block-image\">\n<figure class=\"aligncenter size-large\"><img decoding=\"async\" width=\"880\" height=\"494\" src=\"https:\/\/www.parisselectbook.com\/wp-content\/uploads\/2024\/09\/Capture-decran-2024-09-09-a-12.06.46-edited-880x494.png\" alt=\"\" class=\"wp-image-138147\" srcset=\"https:\/\/www.parisselectbook.com\/wp-content\/uploads\/2024\/09\/Capture-decran-2024-09-09-a-12.06.46-edited-880x494.png 880w, https:\/\/www.parisselectbook.com\/wp-content\/uploads\/2024\/09\/Capture-decran-2024-09-09-a-12.06.46-edited-295x166.png 295w, https:\/\/www.parisselectbook.com\/wp-content\/uploads\/2024\/09\/Capture-decran-2024-09-09-a-12.06.46-edited-534x300.png 534w, https:\/\/www.parisselectbook.com\/wp-content\/uploads\/2024\/09\/Capture-decran-2024-09-09-a-12.06.46-edited-768x432.png 768w, https:\/\/www.parisselectbook.com\/wp-content\/uploads\/2024\/09\/Capture-decran-2024-09-09-a-12.06.46-edited-1536x863.png 1536w, https:\/\/www.parisselectbook.com\/wp-content\/uploads\/2024\/09\/Capture-decran-2024-09-09-a-12.06.46-edited-180x100.png 180w, https:\/\/www.parisselectbook.com\/wp-content\/uploads\/2024\/09\/Capture-decran-2024-09-09-a-12.06.46-edited-312x175.png 312w, https:\/\/www.parisselectbook.com\/wp-content\/uploads\/2024\/09\/Capture-decran-2024-09-09-a-12.06.46-edited-829x466.png 829w, https:\/\/www.parisselectbook.com\/wp-content\/uploads\/2024\/09\/Capture-decran-2024-09-09-a-12.06.46-edited-372x209.png 372w, https:\/\/www.parisselectbook.com\/wp-content\/uploads\/2024\/09\/Capture-decran-2024-09-09-a-12.06.46-edited-1024x576.png 1024w, https:\/\/www.parisselectbook.com\/wp-content\/uploads\/2024\/09\/Capture-decran-2024-09-09-a-12.06.46-edited-296x167.png 296w, https:\/\/www.parisselectbook.com\/wp-content\/uploads\/2024\/09\/Capture-decran-2024-09-09-a-12.06.46-edited.png 1922w\" sizes=\"(max-width: 880px) 100vw, 880px\" \/><figcaption class=\"wp-element-caption\"><em>Pinault Collection<\/em><\/figcaption><\/figure>\n<\/div>\n<p>From <strong>October 9, 2024<\/strong>, the <strong>Bourse de Commerce<\/strong> will be hosting a retrospective devoted to the Italian <em>Arte Povera<\/em> movement.\nThis artistic movement of the 1960s was characterized by the use of simple materials and a profound reflection on the very essence of art.\nThe exhibition, which runs until <strong>March 24, 2025<\/strong>, features works by pioneers of the movement.\n <strong>Giovanni Anselmo<\/strong> and <strong>Michelangelo Pistoletto<\/strong>, highlighting their innovative approach.\nA must-see for contemporary art lovers.    <\/p>\n\n<p><em>Bourse de Commerce, 2 Rue de Viarmes, 75001 Paris<\/em><\/p>\n\n<h2 class=\"wp-block-heading has-text-align-center\">Stephen Jones: Artists&#8217; hats at the Palais Galliera<\/h2>\n\n<figure class=\"wp-block-image size-full\"><img decoding=\"async\" width=\"677\" height=\"320\" src=\"https:\/\/www.parisselectbook.com\/wp-content\/uploads\/2024\/09\/4._simon_procter.jpg\" alt=\"\" class=\"wp-image-136589\" style=\"aspect-ratio:16\/9;object-fit:cover\" srcset=\"https:\/\/www.parisselectbook.com\/wp-content\/uploads\/2024\/09\/4._simon_procter.jpg 677w, https:\/\/www.parisselectbook.com\/wp-content\/uploads\/2024\/09\/4._simon_procter-295x139.jpg 295w\" sizes=\"(max-width: 677px) 100vw, 677px\" \/><figcaption class=\"wp-element-caption\">Simon Procter<\/figcaption><\/figure>\n\n<p>British designer <strong>Stephen Jones<\/strong>, undisputed master of haute-couture hats, exhibits at the <strong>Palais Galliera<\/strong> from <strong>October 10, 2024<\/strong> to March 2025.\nRenowned for his avant-garde creations, he combines the art of the hat with cultural and historical references.\nThis exhibition will plunge you into the world of fashion and art, where each hat tells a story.    <a href=\"https:\/\/www.parisselectbook.com\/en\/2024\/08\/31\/top-exhibitions-to-see-in-september\/\" target=\"_blank\" rel=\"noreferrer noopener\">To find out more, click here!<\/a><\/p>\n\n<p><em>Palais Galliera &#8211; 10 avenue Pierre 1er de Serbie, 75116 Paris<\/em><\/p>\n\n<h2 class=\"wp-block-heading has-text-align-center\"><strong>Asterix, the immersive journey at the Atelier des Lumi\u00e8res<\/strong><\/h2>\n\n<figure class=\"wp-block-image size-large\"><img decoding=\"async\" width=\"880\" height=\"597\" src=\"https:\/\/www.parisselectbook.com\/wp-content\/uploads\/2024\/10\/Capture-decran-2024-09-10-a-10.10.50-880x597.png\" alt=\"\" class=\"wp-image-138505\" style=\"aspect-ratio:16\/9;object-fit:cover\" srcset=\"https:\/\/www.parisselectbook.com\/wp-content\/uploads\/2024\/10\/Capture-decran-2024-09-10-a-10.10.50-880x597.png 880w, https:\/\/www.parisselectbook.com\/wp-content\/uploads\/2024\/10\/Capture-decran-2024-09-10-a-10.10.50-295x200.png 295w, https:\/\/www.parisselectbook.com\/wp-content\/uploads\/2024\/10\/Capture-decran-2024-09-10-a-10.10.50-768x521.png 768w, https:\/\/www.parisselectbook.com\/wp-content\/uploads\/2024\/10\/Capture-decran-2024-09-10-a-10.10.50.png 1196w\" sizes=\"(max-width: 880px) 100vw, 880px\" \/><\/figure>\n\n<p>From October 18, 2024, plunge into the heart of the Asterix universe with a unique immersive experience.\nL&#8217;Atelier des Lumi\u00e8res presents an exhibition retracing the Gauls&#8217; journeys through the iconic albums.\nThe spectacular staging combines visual and sound effects.\nAsterix, Obelix and Dogmatix take visitors on a quest full of adventure and humor.\nAccompanied by an eclectic soundtrack, from classical to rock.\nA total immersion experience not to be missed this autumn in Paris!     <\/p>\n\n<p><em><a href=\"https:\/\/www.atelier-lumieres.com\/fr\/asterix\" target=\"_blank\" rel=\"noreferrer noopener\">Atelier des Lumi\u00e8res<\/a> &#8211; 38 rue Saint-Maur, 75011 Paris<\/em><\/p>\n\n<h2 class=\"wp-block-heading has-text-align-center\">The intimate, from the bedroom to social networks at the Mus\u00e9e des Arts D\u00e9coratifs<\/h2>\n\n<figure class=\"wp-block-image size-full is-resized\"><img decoding=\"async\" width=\"600\" height=\"338\" src=\"https:\/\/www.parisselectbook.com\/wp-content\/uploads\/2024\/09\/b58e3e2a51b4b193e8583a67286eacc1-edited.jpg\" alt=\"\" class=\"wp-image-138164\" style=\"width:838px;height:auto\" srcset=\"https:\/\/www.parisselectbook.com\/wp-content\/uploads\/2024\/09\/b58e3e2a51b4b193e8583a67286eacc1-edited.jpg 600w, https:\/\/www.parisselectbook.com\/wp-content\/uploads\/2024\/09\/b58e3e2a51b4b193e8583a67286eacc1-edited-295x166.jpg 295w, https:\/\/www.parisselectbook.com\/wp-content\/uploads\/2024\/09\/b58e3e2a51b4b193e8583a67286eacc1-edited-534x300.jpg 534w, https:\/\/www.parisselectbook.com\/wp-content\/uploads\/2024\/09\/b58e3e2a51b4b193e8583a67286eacc1-edited-180x100.jpg 180w, https:\/\/www.parisselectbook.com\/wp-content\/uploads\/2024\/09\/b58e3e2a51b4b193e8583a67286eacc1-edited-312x175.jpg 312w, https:\/\/www.parisselectbook.com\/wp-content\/uploads\/2024\/09\/b58e3e2a51b4b193e8583a67286eacc1-edited-372x209.jpg 372w, https:\/\/www.parisselectbook.com\/wp-content\/uploads\/2024\/09\/b58e3e2a51b4b193e8583a67286eacc1-edited-296x167.jpg 296w\" sizes=\"(max-width: 600px) 100vw, 600px\" \/><figcaption class=\"wp-element-caption\">Memphis<\/figcaption><\/figure>\n\n<p>If you&#8217;re passionate about the evolution of society through the ages, the exhibition <strong>L&#8217;intime, de la chambre aux r\u00e9seaux sociaux<\/strong> at the <strong>Mus\u00e9e des Arts D\u00e9coratifs<\/strong>, running from <strong>October 16, 2024<\/strong> to <strong>March 30, 2025<\/strong>, is for you.\nThis retrospective explores the notion of intimacy through time.\nFrom private spaces to new forms of personal exposure on <strong>social networks<\/strong>.\nThe exhibition combines historical objects, works of art and contemporary installations to illustrate this central theme of our times.   <\/p>\n\n<p><em>Mus\u00e9e des Arts D\u00e9coratifs &#8211; 107 Rue De Rivoli, 75001 Paris<\/em><\/p>\n\n<h2 class=\"wp-block-heading has-text-align-center\">Science\/Fiction &#8211; A non-history of plants at the Maison Europ\u00e9enne de la Photographie (MEP)<\/h2>\n\n<figure class=\"wp-block-image size-large\"><img decoding=\"async\" width=\"880\" height=\"587\" src=\"https:\/\/www.parisselectbook.com\/wp-content\/uploads\/2024\/09\/Capture-decran-2024-09-09-a-14.19.46-880x587.png\" alt=\"\" class=\"wp-image-138202\" style=\"aspect-ratio:16\/9;object-fit:cover\" srcset=\"https:\/\/www.parisselectbook.com\/wp-content\/uploads\/2024\/09\/Capture-decran-2024-09-09-a-14.19.46-880x587.png 880w, https:\/\/www.parisselectbook.com\/wp-content\/uploads\/2024\/09\/Capture-decran-2024-09-09-a-14.19.46-295x197.png 295w, https:\/\/www.parisselectbook.com\/wp-content\/uploads\/2024\/09\/Capture-decran-2024-09-09-a-14.19.46-768x512.png 768w, https:\/\/www.parisselectbook.com\/wp-content\/uploads\/2024\/09\/Capture-decran-2024-09-09-a-14.19.46.png 1226w\" sizes=\"(max-width: 880px) 100vw, 880px\" \/><figcaption class=\"wp-element-caption\"><em>\u00c1gnes D\u00e9nes Courtesy Leslie Tonkonow Artworks + Projects<\/em><\/figcaption><\/figure>\n\n<p>From <strong>October 16, 2024<\/strong>, the <strong>Maison Europ\u00e9enne de la Photographie<\/strong> (MEP) presents an intriguing exhibition: <strong>Science\/Fiction &#8211; A non-history of plants<\/strong>.\nThis exhibition explores the relationship between art and science through the lens of plants.\nOffering a reflection on their place in our collective imagination.\nOn view until <strong>January 19, 2025<\/strong>, this exhibition combines photographs and surprising installations, transforming plants into the main protagonists of <em>science-fiction<\/em> stories.   <\/p>\n\n<p><em>Maison Europ\u00e9enne de la Photographie &#8211; 5\/7 rue de Fourcy, 75004 Paris<\/em><\/p>\n\n<h2 class=\"wp-block-heading has-text-align-center\">Tarsila do Amaral at the Mus\u00e9e du Luxembourg<\/h2>\n<div class=\"wp-block-image\">\n<figure class=\"aligncenter size-large\"><img decoding=\"async\" width=\"880\" height=\"440\" src=\"https:\/\/www.parisselectbook.com\/wp-content\/uploads\/2024\/09\/tarsila-do-amaral-mdl-2024-880x440.jpg\" alt=\"\" class=\"wp-image-138205\" style=\"aspect-ratio:16\/9;object-fit:cover\" srcset=\"https:\/\/www.parisselectbook.com\/wp-content\/uploads\/2024\/09\/tarsila-do-amaral-mdl-2024-880x440.jpg 880w, https:\/\/www.parisselectbook.com\/wp-content\/uploads\/2024\/09\/tarsila-do-amaral-mdl-2024-295x148.jpg 295w, https:\/\/www.parisselectbook.com\/wp-content\/uploads\/2024\/09\/tarsila-do-amaral-mdl-2024-768x384.jpg 768w, https:\/\/www.parisselectbook.com\/wp-content\/uploads\/2024\/09\/tarsila-do-amaral-mdl-2024-1536x768.jpg 1536w, https:\/\/www.parisselectbook.com\/wp-content\/uploads\/2024\/09\/tarsila-do-amaral-mdl-2024.jpg 1920w\" sizes=\"(max-width: 880px) 100vw, 880px\" \/><figcaption class=\"wp-element-caption\"><em>Tarsila do Amaral Licenciamento e Empreendimentos S.A. \/ photo Museu Nacional de Belas Artes\/Ibram, Rio de Janeiro \/ Jaime Acioli<\/em><\/figcaption><\/figure>\n<\/div>\n<p>For fans of modern art and Brazilian culture, don&#8217;t miss the exhibition dedicated to <strong>Tarsila do Amaral<\/strong>, a major figure of Brazilian modernism.\nPresented at the <strong>Mus\u00e9e du Luxembourg<\/strong> from <strong>October 9, 2024<\/strong> to <strong>February 9, 2025<\/strong>, this retrospective celebrates his unique style, marked by vibrant colors and bold geometric shapes.\nThe exhibition provides an insight into his key role in the modernist movement and his influence on the international art scene.  <\/p>\n\n<p><em>Mus\u00e9e du Luxembourg &#8211; 19 Rue de Vaugirard, 75006 Paris  <\/em><\/p>\n\n<h2 class=\"wp-block-heading has-text-align-center\">Masterpieces from the Galerie Borgh\u00e8se at<strong> <\/strong>Mus\u00e9e Jacquemart-Andr\u00e9<\/h2>\n\n<figure class=\"wp-block-image size-large\"><img decoding=\"async\" width=\"929\" height=\"523\" src=\"https:\/\/www.parisselectbook.com\/wp-content\/uploads\/2024\/08\/image-21-edited.png\" alt=\"September exhibitions\" class=\"wp-image-133929\" srcset=\"https:\/\/www.parisselectbook.com\/wp-content\/uploads\/2024\/08\/image-21-edited.png 929w, https:\/\/www.parisselectbook.com\/wp-content\/uploads\/2024\/08\/image-21-edited-295x166.png 295w, https:\/\/www.parisselectbook.com\/wp-content\/uploads\/2024\/08\/image-21-edited-880x495.png 880w, https:\/\/www.parisselectbook.com\/wp-content\/uploads\/2024\/08\/image-21-edited-534x300.png 534w, https:\/\/www.parisselectbook.com\/wp-content\/uploads\/2024\/08\/image-21-edited-768x432.png 768w, https:\/\/www.parisselectbook.com\/wp-content\/uploads\/2024\/08\/image-21-edited-180x100.png 180w, https:\/\/www.parisselectbook.com\/wp-content\/uploads\/2024\/08\/image-21-edited-312x175.png 312w, https:\/\/www.parisselectbook.com\/wp-content\/uploads\/2024\/08\/image-21-edited-829x466.png 829w, https:\/\/www.parisselectbook.com\/wp-content\/uploads\/2024\/08\/image-21-edited-372x209.png 372w, https:\/\/www.parisselectbook.com\/wp-content\/uploads\/2024\/08\/image-21-edited-296x167.png 296w\" sizes=\"(max-width: 929px) 100vw, 929px\" \/><\/figure>\n\n<p>From <strong>September 6, 2024 to January 5, 2025<\/strong>, <strong>the Mus\u00e9e Jacquemart-Andr\u00e9<\/strong> reopens its doors with an exhibition featuring some 40 masterpieces from the <strong>Galerie Borg\u00e8se in Rome<\/strong>.\nThis partnership between the <strong>two institutions<\/strong> is an opportunity to admire a group of major works by artists of the Renaissance and Baroque periods.\nFrom Caravaggio to Rubens, <strong>Botticelli<\/strong>, Raphael, Titian, Veronese, <strong>Antonello da Messina<\/strong> and Bernini.\nVisitors will be able to (re)discover the works of the great names of Italian art of the 16th and 17th centuries, as well as those of <strong>Nordic painters<\/strong> who lived in Italy.     <\/p>\n\n<p><em>Mus\u00e9e Jacquemart-Andr\u00e9 &#8211; 158 Bd Haussmann, 75008 Paris<\/em><\/p>\n\n<h2 class=\"wp-block-heading has-text-align-center\">Ala\u00efa \/ Kuramata at the Azzedine Ala\u00efa Foundation<\/h2>\n\n<figure class=\"wp-block-image size-large\"><img decoding=\"async\" width=\"886\" height=\"498\" src=\"https:\/\/www.parisselectbook.com\/wp-content\/uploads\/2024\/08\/image-22-edited.png\" alt=\"September exhibitions\" class=\"wp-image-133936\" srcset=\"https:\/\/www.parisselectbook.com\/wp-content\/uploads\/2024\/08\/image-22-edited.png 886w, https:\/\/www.parisselectbook.com\/wp-content\/uploads\/2024\/08\/image-22-edited-295x166.png 295w, https:\/\/www.parisselectbook.com\/wp-content\/uploads\/2024\/08\/image-22-edited-880x495.png 880w, https:\/\/www.parisselectbook.com\/wp-content\/uploads\/2024\/08\/image-22-edited-534x300.png 534w, https:\/\/www.parisselectbook.com\/wp-content\/uploads\/2024\/08\/image-22-edited-768x432.png 768w, https:\/\/www.parisselectbook.com\/wp-content\/uploads\/2024\/08\/image-22-edited-180x100.png 180w, https:\/\/www.parisselectbook.com\/wp-content\/uploads\/2024\/08\/image-22-edited-312x175.png 312w, https:\/\/www.parisselectbook.com\/wp-content\/uploads\/2024\/08\/image-22-edited-829x466.png 829w, https:\/\/www.parisselectbook.com\/wp-content\/uploads\/2024\/08\/image-22-edited-372x209.png 372w, https:\/\/www.parisselectbook.com\/wp-content\/uploads\/2024\/08\/image-22-edited-296x167.png 296w\" sizes=\"(max-width: 886px) 100vw, 886px\" \/><\/figure>\n\n<p><strong>Until January 12, 2025<\/strong>.\nAn unconditional admirer of <strong>Shiro Kuramata<\/strong>, in 2005 the couturier <strong>Azzedine Ala\u00efa<\/strong> devoted an exhibition here to the Japanese designer, who died in 1991.\nTwenty years later and for the first time, <strong>the Fondation Azzedine Ala\u00efa<\/strong> has decided to celebrate the designer once again with a dialogue between the creations of the two artists.\nMore than <strong>20 exceptional pieces of furniture and objects<\/strong> by Shiro Kuramata (1934-1991) are presented.\nBy contrast, nearly <strong>20 haute couture creations<\/strong> by Azzedine Ala\u00efa maintain the poetry of form, the radicality of cut, the subtle choice of color.      <\/p>\n\n<p><em>Fondation Azzedine Ala\u00efa &#8211; 18 Rue de la Verrerie, 75004 Paris<\/em><\/p>\n\n<h2 class=\"wp-block-heading has-text-align-center\">  Comics on every floor at the Centre Georges Pompidou  <\/h2>\n\n<figure class=\"wp-block-image size-large\"><img decoding=\"async\" width=\"1656\" height=\"932\" src=\"https:\/\/www.parisselectbook.com\/wp-content\/uploads\/2024\/08\/image-17-edited.png\" alt=\"September exhibitions\" class=\"wp-image-133902\" srcset=\"https:\/\/www.parisselectbook.com\/wp-content\/uploads\/2024\/08\/image-17-edited.png 1656w, https:\/\/www.parisselectbook.com\/wp-content\/uploads\/2024\/08\/image-17-edited-295x166.png 295w, https:\/\/www.parisselectbook.com\/wp-content\/uploads\/2024\/08\/image-17-edited-880x495.png 880w, https:\/\/www.parisselectbook.com\/wp-content\/uploads\/2024\/08\/image-17-edited-534x300.png 534w, https:\/\/www.parisselectbook.com\/wp-content\/uploads\/2024\/08\/image-17-edited-768x432.png 768w, https:\/\/www.parisselectbook.com\/wp-content\/uploads\/2024\/08\/image-17-edited-1536x864.png 1536w, https:\/\/www.parisselectbook.com\/wp-content\/uploads\/2024\/08\/image-17-edited-180x100.png 180w, https:\/\/www.parisselectbook.com\/wp-content\/uploads\/2024\/08\/image-17-edited-312x175.png 312w, https:\/\/www.parisselectbook.com\/wp-content\/uploads\/2024\/08\/image-17-edited-829x466.png 829w, https:\/\/www.parisselectbook.com\/wp-content\/uploads\/2024\/08\/image-17-edited-372x209.png 372w, https:\/\/www.parisselectbook.com\/wp-content\/uploads\/2024\/08\/image-17-edited-1024x576.png 1024w, https:\/\/www.parisselectbook.com\/wp-content\/uploads\/2024\/08\/image-17-edited-296x167.png 296w\" sizes=\"(max-width: 1656px) 100vw, 1656px\" \/><\/figure>\n\n<p>Until <strong>November 4, 2024<\/strong>, <strong>the Centre Pompidou<\/strong> celebrates the ninth art form in all its spaces and for all ages!\nA major exhibition on level 6, <em>Bande dessin\u00e9e (1964 &#8211; 2024)<\/em>, offers an overview of the medium&#8217;s <strong>modern and contemporary<\/strong> history.\nA rich program of new events accompanies this exhibition.\nThese include <strong>an exhibition in the heart of the museum <em>, La bande dessin\u00e9e au Mus\u00e9e<\/em><\/strong> (on level -1).\nThe Bpi is not to be outdone, with an exhibition devoted to Hugo Pratt&#8217;s iconic hero <strong>Corto Maltese<\/strong>, on level 2.    <\/p>\n\n<p><em>Center Pompidou &#8211; Place Georges-Pompidou, 75004 Paris<\/em><\/p>\n\n<h2 class=\"wp-block-heading has-text-align-center\">Yasuhiro Ishimoto, Des lignes et des corps at BAL  <\/h2>\n\n<figure class=\"wp-block-image size-large\"><img decoding=\"async\" width=\"1145\" height=\"644\" src=\"https:\/\/www.parisselectbook.com\/wp-content\/uploads\/2024\/08\/image-19-edited.png\" alt=\"September exhibitions\" class=\"wp-image-133912\" srcset=\"https:\/\/www.parisselectbook.com\/wp-content\/uploads\/2024\/08\/image-19-edited.png 1145w, https:\/\/www.parisselectbook.com\/wp-content\/uploads\/2024\/08\/image-19-edited-295x166.png 295w, https:\/\/www.parisselectbook.com\/wp-content\/uploads\/2024\/08\/image-19-edited-880x495.png 880w, https:\/\/www.parisselectbook.com\/wp-content\/uploads\/2024\/08\/image-19-edited-534x300.png 534w, https:\/\/www.parisselectbook.com\/wp-content\/uploads\/2024\/08\/image-19-edited-768x432.png 768w, https:\/\/www.parisselectbook.com\/wp-content\/uploads\/2024\/08\/image-19-edited-180x100.png 180w, https:\/\/www.parisselectbook.com\/wp-content\/uploads\/2024\/08\/image-19-edited-312x175.png 312w, https:\/\/www.parisselectbook.com\/wp-content\/uploads\/2024\/08\/image-19-edited-829x466.png 829w, https:\/\/www.parisselectbook.com\/wp-content\/uploads\/2024\/08\/image-19-edited-372x209.png 372w, https:\/\/www.parisselectbook.com\/wp-content\/uploads\/2024\/08\/image-19-edited-1024x576.png 1024w, https:\/\/www.parisselectbook.com\/wp-content\/uploads\/2024\/08\/image-19-edited-296x167.png 296w\" sizes=\"(max-width: 1145px) 100vw, 1145px\" \/><\/figure>\n\n<p>The exhibition brings together<strong> 170 vintage prints<\/strong> by <strong>Japanese photographer Yasuhiro Ishimoto<\/strong> (1921-2012), a major figure in the Japanese photographic scene of the 1950s and 1960s.\nThe exhibition focuses on the first decades of Ishimoto&#8217;s work, between<strong> Chicago and Japan<\/strong>.\nThe prints on show, presented individually or in series, illustrate Ishimoto&#8217;s ability to work with composition, texture and motif within a single frame.\nA key figure of the post-war period, Ishimoto would be considered &#8221; <em>visually bilingual<\/em> &#8220;.\nThis was due to his ability to combine the formal approach of the <strong>New Bauhaus<\/strong> with the quintessence of <strong>Japanese aesthetics<\/strong>.    <\/p>\n\n<p><em>Until November 17 &#8211; LE BAL &#8211; 6 Imp.\nde la D\u00e9fense, 75018 Paris <\/em><\/p>\n\n<h2 class=\"wp-block-heading has-text-align-center\">Nude as dressed.\nDelacroix and clothing at the Mus\u00e9e Delacroix <\/h2>\n\n<figure class=\"wp-block-image size-large\"><img decoding=\"async\" width=\"2048\" height=\"1151\" src=\"https:\/\/www.parisselectbook.com\/wp-content\/uploads\/2024\/08\/image-20-edited.png\" alt=\"September exhibitions\" class=\"wp-image-133918\" srcset=\"https:\/\/www.parisselectbook.com\/wp-content\/uploads\/2024\/08\/image-20-edited.png 2048w, https:\/\/www.parisselectbook.com\/wp-content\/uploads\/2024\/08\/image-20-edited-295x166.png 295w, https:\/\/www.parisselectbook.com\/wp-content\/uploads\/2024\/08\/image-20-edited-880x495.png 880w, https:\/\/www.parisselectbook.com\/wp-content\/uploads\/2024\/08\/image-20-edited-534x300.png 534w, https:\/\/www.parisselectbook.com\/wp-content\/uploads\/2024\/08\/image-20-edited-768x432.png 768w, https:\/\/www.parisselectbook.com\/wp-content\/uploads\/2024\/08\/image-20-edited-1536x863.png 1536w, https:\/\/www.parisselectbook.com\/wp-content\/uploads\/2024\/08\/image-20-edited-180x100.png 180w, https:\/\/www.parisselectbook.com\/wp-content\/uploads\/2024\/08\/image-20-edited-312x175.png 312w, https:\/\/www.parisselectbook.com\/wp-content\/uploads\/2024\/08\/image-20-edited-829x466.png 829w, https:\/\/www.parisselectbook.com\/wp-content\/uploads\/2024\/08\/image-20-edited-372x209.png 372w, https:\/\/www.parisselectbook.com\/wp-content\/uploads\/2024\/08\/image-20-edited-1024x576.png 1024w, https:\/\/www.parisselectbook.com\/wp-content\/uploads\/2024\/08\/image-20-edited-296x167.png 296w\" sizes=\"(max-width: 2048px) 100vw, 2048px\" \/><\/figure>\n\n<p>From <strong>July 3, 2024 to February 3, 2025<\/strong>.\nThe <strong>Mus\u00e9e Delacroix<\/strong> offers a new presentation of its collections based on one question.\nWhat is <strong>the role of clothing<\/strong>, or the lack of it, in the artist&#8217;s representation of the subject?\nFocusing on these garments is also a way of shedding light on the artist&#8217;s sources of inspiration and <strong>his creative process<\/strong>.\nMany works also show a particular interest in their <strong>pictorial treatment of textiles<\/strong> in general, colors and drapery, <strong>gold embroidery<\/strong> or <strong>motifs<\/strong>&#8230;    <\/p>\n\n<p><em>Mus\u00e9e national Eug\u00e8ne-Delacroix &#8211; 6 Rue de Furstemberg, 75006 Paris<\/em><\/p>\n\n<h2 class=\"wp-block-heading has-text-align-center\">We Are Here at the Petit Palais  <\/h2>\n\n<figure class=\"wp-block-image\"><img decoding=\"async\" width=\"1024\" height=\"576\" src=\"https:\/\/www.parisselectbook.com\/wp-content\/uploads\/2024\/07\/image-20-edited.png\" alt=\"September exhibitions\" class=\"wp-image-128001\" srcset=\"https:\/\/www.parisselectbook.com\/wp-content\/uploads\/2024\/07\/image-20-edited.png 1024w, https:\/\/www.parisselectbook.com\/wp-content\/uploads\/2024\/07\/image-20-edited-295x166.png 295w, https:\/\/www.parisselectbook.com\/wp-content\/uploads\/2024\/07\/image-20-edited-880x495.png 880w, https:\/\/www.parisselectbook.com\/wp-content\/uploads\/2024\/07\/image-20-edited-534x300.png 534w, https:\/\/www.parisselectbook.com\/wp-content\/uploads\/2024\/07\/image-20-edited-768x432.png 768w, https:\/\/www.parisselectbook.com\/wp-content\/uploads\/2024\/07\/image-20-edited-180x100.png 180w, https:\/\/www.parisselectbook.com\/wp-content\/uploads\/2024\/07\/image-20-edited-312x175.png 312w, https:\/\/www.parisselectbook.com\/wp-content\/uploads\/2024\/07\/image-20-edited-829x466.png 829w, https:\/\/www.parisselectbook.com\/wp-content\/uploads\/2024\/07\/image-20-edited-372x209.png 372w, https:\/\/www.parisselectbook.com\/wp-content\/uploads\/2024\/07\/image-20-edited-296x167.png 296w\" sizes=\"(max-width: 1024px) 100vw, 1024px\" \/><\/figure>\n\n<p>For the first time, <strong>the Petit Palais<\/strong> welcomes urban artists! Visitors are invited to follow a unique itinerary of never-before-seen works, culminating in a spectacular installation of over <strong>200 pieces<\/strong>, displayed in one of the collection rooms. This exhibition, inspired by the famous Salons des Refus\u00e9s and d&#8217;Automne, pays tribute to the <strong>artistic revolutions of the 19th and 20th centuries<\/strong>. The works presented, created by emblematic figures of Street art. They bear witness to the history and evolution of this artistic movement. The immersive scenography promises a captivating experience, immersing the public in <strong>the richness and diversity of <\/strong><em><strong>street art<\/strong>.<\/em><\/p>\n\n<p><em>Until November 17, 2024<\/em> &#8211;  <em>Petit Palais &#8211; Av. Winston Churchill, 75008 Paris<\/em><\/p>\n\n<h2 class=\"wp-block-heading has-text-align-center\">Cheval en Majest\u00e9 arrives at the Ch\u00e2teau de Versailles<\/h2>\n\n<figure class=\"wp-block-image\"><img decoding=\"async\" width=\"880\" height=\"495\" src=\"https:\/\/www.parisselectbook.com\/wp-content\/uploads\/2024\/07\/PARIS-SELECT-204-880x495.jpg\" alt=\"September exhibitions\" class=\"wp-image-127906\" srcset=\"https:\/\/www.parisselectbook.com\/wp-content\/uploads\/2024\/07\/PARIS-SELECT-204-880x495.jpg 880w, https:\/\/www.parisselectbook.com\/wp-content\/uploads\/2024\/07\/PARIS-SELECT-204-295x166.jpg 295w, https:\/\/www.parisselectbook.com\/wp-content\/uploads\/2024\/07\/PARIS-SELECT-204-534x300.jpg 534w, https:\/\/www.parisselectbook.com\/wp-content\/uploads\/2024\/07\/PARIS-SELECT-204-768x432.jpg 768w, https:\/\/www.parisselectbook.com\/wp-content\/uploads\/2024\/07\/PARIS-SELECT-204-1536x864.jpg 1536w, https:\/\/www.parisselectbook.com\/wp-content\/uploads\/2024\/07\/PARIS-SELECT-204-180x100.jpg 180w, https:\/\/www.parisselectbook.com\/wp-content\/uploads\/2024\/07\/PARIS-SELECT-204-312x175.jpg 312w, https:\/\/www.parisselectbook.com\/wp-content\/uploads\/2024\/07\/PARIS-SELECT-204-829x466.jpg 829w, https:\/\/www.parisselectbook.com\/wp-content\/uploads\/2024\/07\/PARIS-SELECT-204-372x209.jpg 372w, https:\/\/www.parisselectbook.com\/wp-content\/uploads\/2024\/07\/PARIS-SELECT-204-1024x576.jpg 1024w, https:\/\/www.parisselectbook.com\/wp-content\/uploads\/2024\/07\/PARIS-SELECT-204-296x167.jpg 296w, https:\/\/www.parisselectbook.com\/wp-content\/uploads\/2024\/07\/PARIS-SELECT-204.jpg 1920w\" sizes=\"(max-width: 880px) 100vw, 880px\" \/><\/figure>\n\n<p>While the equestrian events of the <strong>Paris 2024 Olympic<\/strong> Games will take place at the Ch\u00e2teau de Versailles, this emblematic establishment is hosting a major exhibition dedicated to the horse and equestrian civilization in Europe from <strong>July 2 to November 3<\/strong>: <em><strong>Horse in Majesty<\/strong><\/em>. This must-see exhibition this summer is based on previously unpublished studies. It explores the horse from a variety of angles: <strong>political, artistic, diplomatic, scientific and even imaginary<\/strong>. With over 300 works from public and private collections, most of them international, it offers a new, global perspective on the theme of the horse. The exhibition also highlights the <strong>richness of equestrian civilization<\/strong> in Europe, from the 16th to the 20th century.  <\/p>\n\n<p><em>Ch\u00e2teau de Versailles &#8211; Place d&#8217;Armes, 78000 Versailles<\/em><\/p>\n\n<h2 class=\"wp-block-heading has-text-align-center\">&#8220;Paris&#8221; at City Hall<\/h2>\n\n<figure class=\"wp-block-image\"><img decoding=\"async\" width=\"880\" height=\"495\" src=\"https:\/\/www.parisselectbook.com\/wp-content\/uploads\/2024\/06\/1-4-880x495.jpg\" alt=\"exhibition\" class=\"wp-image-123315\" srcset=\"https:\/\/www.parisselectbook.com\/wp-content\/uploads\/2024\/06\/1-4-880x495.jpg 880w, https:\/\/www.parisselectbook.com\/wp-content\/uploads\/2024\/06\/1-4-295x166.jpg 295w, https:\/\/www.parisselectbook.com\/wp-content\/uploads\/2024\/06\/1-4-534x300.jpg 534w, https:\/\/www.parisselectbook.com\/wp-content\/uploads\/2024\/06\/1-4-768x432.jpg 768w, https:\/\/www.parisselectbook.com\/wp-content\/uploads\/2024\/06\/1-4-1536x864.jpg 1536w, https:\/\/www.parisselectbook.com\/wp-content\/uploads\/2024\/06\/1-4-1024x576.jpg 1024w, https:\/\/www.parisselectbook.com\/wp-content\/uploads\/2024\/06\/1-4-296x167.jpg 296w, https:\/\/www.parisselectbook.com\/wp-content\/uploads\/2024\/06\/1-4.jpg 1920w\" sizes=\"(max-width: 880px) 100vw, 880px\" \/><figcaption class=\"wp-element-caption\"><em>Josephine Brueder \/ Ville de Paris<\/em><\/figcaption><\/figure>\n\n<p>Discover all the facets of Paris at an exceptional exhibition at the H\u00f4tel de Ville! From May 25 to November 16, 2024, immerse yourself in Paris City Hall&#8217;s event exhibition. Organized for the Paris 2024 Olympic Games: <strong>&#8220;Paris! The capital unveils itself to the world!<\/strong> The &#8220;Paris!&#8221; exhibition retraces the <strong>city&#8217;s last ten years through giant portraits<\/strong> by Marguerite Bornhauser.  <\/p>\n\n<p>A bike ride through the streets of Paris and a life-size rue aux \u00e9coles. Paris is revealed in a whole new light: an unprecedented view of the Seine, unique heritage and cultural perspectives, and a multitude of the city&#8217;s secrets, presented in a fun and educational way. Don&#8217;t miss this opportunity to rediscover Paris!<\/p>\n\n<p><em><a href=\"https:\/\/www.sortiraparis.com\/lieux\/52335-hotel-de-ville\" target=\"_blank\" rel=\"noreferrer noopener\">H\u00f4tel de Ville<\/a> &#8211; Place de l&#8217;H\u00f4tel de ville, 75004 Paris<\/em><\/p>\n\n<h2 class=\"wp-block-heading has-text-align-center\">&#8220;Oh my gods&#8221; at the Mus\u00e9e en Herbe<\/h2>\n\n<figure class=\"wp-block-image\"><img decoding=\"async\" width=\"1920\" height=\"1080\" src=\"https:\/\/www.parisselectbook.com\/wp-content\/uploads\/2024\/06\/5-880x495.jpg\" alt=\"July exhibitions\" class=\"wp-image-123323\" srcset=\"https:\/\/www.parisselectbook.com\/wp-content\/uploads\/2024\/06\/5-880x495.jpg 880w, https:\/\/www.parisselectbook.com\/wp-content\/uploads\/2024\/06\/5-295x166.jpg 295w, https:\/\/www.parisselectbook.com\/wp-content\/uploads\/2024\/06\/5-534x300.jpg 534w, https:\/\/www.parisselectbook.com\/wp-content\/uploads\/2024\/06\/5-768x432.jpg 768w, https:\/\/www.parisselectbook.com\/wp-content\/uploads\/2024\/06\/5-1536x864.jpg 1536w, https:\/\/www.parisselectbook.com\/wp-content\/uploads\/2024\/06\/5-1024x576.jpg 1024w, https:\/\/www.parisselectbook.com\/wp-content\/uploads\/2024\/06\/5-296x167.jpg 296w, https:\/\/www.parisselectbook.com\/wp-content\/uploads\/2024\/06\/5.jpg 1920w\" sizes=\"(max-width: 1920px) 100vw, 1920px\" \/><figcaption class=\"wp-element-caption\"><em>\u00a9WENNAStudio<\/em><\/figcaption><\/figure>\n\n<p>Chinese artist Wen Na introduces us to her poetic and mythological universe with a brand-new exhibition, presented at the Mus\u00e9e en Herbe from<strong> June 5, 2024 to January 5, 2025<\/strong>. This exhibition, entitled <strong>&#8220;Oh My Gods&#8221;<\/strong>, plunges us into the wonderful world of Chinese mythology and tradition.<\/p>\n\n<p>The <strong>Mus\u00e9e en Herbe<\/strong> welcomes Wen Na for a poetic and original experience, offering an astonishing and playful journey for the whole family. The exhibition is divided into <strong>four chapters <\/strong>and offers an <strong>interactive, immersive trail<\/strong> in the form of a treasure hunt. Don&#8217;t miss this unique opportunity to discover the enchanting world of Wen Na, combining art and legends in a setting accessible to all.<\/p>\n\n<p><em><a href=\"https:\/\/www.sortiraparis.com\/lieux\/52447-musee-en-herbe\" target=\"_blank\" rel=\"noreferrer noopener\">Mus\u00e9e en Herbe<\/a> &#8211; 23 Rue de l&#8217;Arbre Sec, 75001 Paris<\/em><\/p>\n\n<h2 class=\"wp-block-heading has-text-align-center\">&#8220;Living Natures&#8221; at the Mus\u00e9e Albert-Kahn<\/h2>\n\n<figure class=\"wp-block-image\"><img decoding=\"async\" width=\"880\" height=\"495\" src=\"https:\/\/www.parisselectbook.com\/wp-content\/uploads\/2024\/06\/6-880x495.jpg\" alt=\"July exhibitions\" class=\"wp-image-123325\" srcset=\"https:\/\/www.parisselectbook.com\/wp-content\/uploads\/2024\/06\/6-880x495.jpg 880w, https:\/\/www.parisselectbook.com\/wp-content\/uploads\/2024\/06\/6-295x166.jpg 295w, https:\/\/www.parisselectbook.com\/wp-content\/uploads\/2024\/06\/6-534x300.jpg 534w, https:\/\/www.parisselectbook.com\/wp-content\/uploads\/2024\/06\/6-768x432.jpg 768w, https:\/\/www.parisselectbook.com\/wp-content\/uploads\/2024\/06\/6-1536x864.jpg 1536w, https:\/\/www.parisselectbook.com\/wp-content\/uploads\/2024\/06\/6-1024x576.jpg 1024w, https:\/\/www.parisselectbook.com\/wp-content\/uploads\/2024\/06\/6-296x167.jpg 296w, https:\/\/www.parisselectbook.com\/wp-content\/uploads\/2024\/06\/6.jpg 1920w\" sizes=\"(max-width: 880px) 100vw, 880px\" \/><figcaption class=\"wp-element-caption\"><em>Mus\u00e9e d\u00e9partemental Albert-Kahn<\/em><\/figcaption><\/figure>\n\n<p>The <strong>Mus\u00e9e Albert Kahn<\/strong> explores the philanthropist&#8217;s passion for his gardens with the photo exhibition &#8220;Natures vivantes&#8221;, on view from April 30 to December 31, 2024. In 1912, Albert Kahn, a wealthy philanthropist, launched an ambitious project to create a &#8220;photographic inventory of the surface of the globe, occupied and developed by man, as it appeared at the beginning of the 20th century&#8221;. He employed various photographers to immortalize the world of the time, resulting in a phenomenal and unique image bank.<\/p>\n\n<p>A lover of nature, Albert Kahn paid particular attention to the plant world and its gardens. The exhibition features several hundred photographs, images and films dedicated to this particular ecosystem, offering a fascinating look at the beauty and diversity of nature captured at the beginning of the 20th century. Don&#8217;t miss this unique opportunity to discover Albert Kahn&#8217;s vision of &#8220;Living Natures&#8221;.<\/p>\n\n<p><em><a href=\"https:\/\/www.sortiraparis.com\/lieux\/53056-musee-albert-kahn\" target=\"_blank\" rel=\"noreferrer noopener\">Mus\u00e9e Albert-Kahn<\/a> &#8211; 2 rue du port, 92100 Boulogne Billancourt, France<\/em><\/p>\n\n<h2 class=\"wp-block-heading has-text-align-center\">&#8220;The birth of department stores&#8221; at the Mus\u00e9e des Arts D\u00e9coratifs  <\/h2>\n\n<figure class=\"wp-block-image\"><a href=\"https:\/\/www.parisselectbook.com\/wp-content\/uploads\/2024\/03\/2-40.jpg\"><img decoding=\"async\" src=\"https:\/\/www.parisselectbook.com\/wp-content\/uploads\/2024\/03\/2-40.jpg\" alt=\"exhibitions april\" class=\"wp-image-81726\"\/><\/a><\/figure>\n\n<p>Immerse yourself in the captivating history of department stores at the event exhibition at the <strong>Mus\u00e9e des Arts D\u00e9coratifs<\/strong>, until <strong>October 13, 2024<\/strong>. Discover the temples of modernity and consumerism such as Le Bon March\u00e9, Galeries Lafayette and many others, which shaped the urban landscape of the 19th century. Explore their evolution through <strong>political, social and cultural change<\/strong> to their consecration at the 1925 Exposition Internationale des Arts D\u00e9coratifs et Industriels Modernes. A <strong>fascinating immersion<\/strong> in the department store era awaits you!<\/p>\n\n<p><em><a href=\"https:\/\/madparis.fr\" target=\"_blank\" rel=\"noreferrer noopener\">Mus\u00e9e des Arts d\u00e9coratifs<\/a> &#8211; 107 Rue de Rivoli, 75001 Paris<\/em><\/p>\n\n<h2 class=\"wp-block-heading has-text-align-center\">Discover the Egypt of the Pharaohs, from Kh\u00e9ops to Rams\u00e8s II, at the Atelier des Lumi\u00e8res  <\/h2>\n\n<figure class=\"wp-block-image\"><img decoding=\"async\" width=\"1600\" height=\"900\" src=\"https:\/\/www.parisselectbook.com\/wp-content\/uploads\/2024\/07\/image-19-edited.png\" alt=\"\" class=\"wp-image-127973\" srcset=\"https:\/\/www.parisselectbook.com\/wp-content\/uploads\/2024\/07\/image-19-edited.png 1600w, https:\/\/www.parisselectbook.com\/wp-content\/uploads\/2024\/07\/image-19-edited-295x166.png 295w, https:\/\/www.parisselectbook.com\/wp-content\/uploads\/2024\/07\/image-19-edited-880x495.png 880w, https:\/\/www.parisselectbook.com\/wp-content\/uploads\/2024\/07\/image-19-edited-534x300.png 534w, https:\/\/www.parisselectbook.com\/wp-content\/uploads\/2024\/07\/image-19-edited-768x432.png 768w, https:\/\/www.parisselectbook.com\/wp-content\/uploads\/2024\/07\/image-19-edited-1536x864.png 1536w, https:\/\/www.parisselectbook.com\/wp-content\/uploads\/2024\/07\/image-19-edited-180x100.png 180w, https:\/\/www.parisselectbook.com\/wp-content\/uploads\/2024\/07\/image-19-edited-312x175.png 312w, https:\/\/www.parisselectbook.com\/wp-content\/uploads\/2024\/07\/image-19-edited-829x466.png 829w, https:\/\/www.parisselectbook.com\/wp-content\/uploads\/2024\/07\/image-19-edited-372x209.png 372w, https:\/\/www.parisselectbook.com\/wp-content\/uploads\/2024\/07\/image-19-edited-1024x576.png 1024w, https:\/\/www.parisselectbook.com\/wp-content\/uploads\/2024\/07\/image-19-edited-296x167.png 296w\" sizes=\"(max-width: 1600px) 100vw, 1600px\" \/><\/figure>\n\n<p>Dive into <strong>ancient Egypt<\/strong> and explore the treasures of a legendary civilization that shaped history for 3 millennia. The exhibition opens with <strong>the poetic evocation of grains of sand<\/strong>, lifted by the desert wind. It reveals the remains of ancient Egypt. You&#8217;ll be transported back in time.\nRelive the emotions of French scientists during <strong>the Egyptian Campaign from 1798 to 1801<\/strong>.  Finally, your journey continues <strong>along the majestic Nile<\/strong>. The sacred river that has nurtured this civilization for millennia. So, until January 5, 2025, discover the daily life of ancient Egypt through treasures of bas-reliefs, paintings and <strong>ancient papyri<\/strong>!<\/p>\n\n<p><em>Atelier des Lumi\u00e8res &#8211; 38 Rue Saint-Maur, 75011 Paris<\/em><\/p>\n","protected":false},"excerpt":{"rendered":"<p>New exhibitions are constantly emerging in Paris, enriching the many museums in our beautiful city. Here are some not-to-be-missed exhibitions in October. Arte Povera at&#8230;<\/p>\n","protected":false},"author":3,"featured_media":138210,"comment_status":"closed","ping_status":"closed","sticky":false,"template":"","format":"standard","meta":{"_acf_changed":false,"footnotes":""},"categories":[2778,2687],"tags":[],"quartier":[],"class_list":["post-141604","post","type-post","status-publish","format-standard","has-post-thumbnail","hentry","category-culture-expositions-en","category-que-faire-a-paris-en"],"acf":[],"yoast_head":"<!-- This site is optimized with the Yoast SEO plugin v27.5 - https:\/\/yoast.com\/product\/yoast-seo-wordpress\/ -->\n<title>Top exhibitions to see in October<\/title>\n<meta name=\"description\" content=\"New exhibitions are constantly emerging in Paris. Here are some not-to-be-missed exhibitions in October.\" \/>\n<meta name=\"robots\" content=\"index, follow, max-snippet:-1, max-image-preview:large, max-video-preview:-1\" \/>\n<link rel=\"canonical\" href=\"https:\/\/www.parisselectbook.com\/en\/2024\/10\/01\/top-exhibitions-to-see-in-october\/\" \/>\n<meta property=\"og:locale\" content=\"en_US\" \/>\n<meta property=\"og:type\" content=\"article\" \/>\n<meta property=\"og:title\" content=\"Top exhibitions to see in October\" \/>\n<meta property=\"og:description\" content=\"New exhibitions are constantly emerging in Paris. Here are some not-to-be-missed exhibitions in October.\" \/>\n<meta property=\"og:url\" content=\"https:\/\/www.parisselectbook.com\/en\/2024\/10\/01\/top-exhibitions-to-see-in-october\/\" \/>\n<meta property=\"og:site_name\" content=\"Paris Select\" \/>\n<meta property=\"article:publisher\" content=\"https:\/\/www.facebook.com\/parisselect\" \/>\n<meta property=\"article:published_time\" content=\"2024-10-01T12:31:42+00:00\" \/>\n<meta property=\"article:modified_time\" content=\"2024-10-01T12:32:07+00:00\" \/>\n<meta property=\"og:image\" content=\"https:\/\/www.parisselectbook.com\/wp-content\/uploads\/2024\/09\/Tourneboeuf-BDC-decembre-2020-bdd.jpg\" \/>\n\t<meta property=\"og:image:width\" content=\"1200\" \/>\n\t<meta property=\"og:image:height\" content=\"800\" \/>\n\t<meta property=\"og:image:type\" content=\"image\/jpeg\" \/>\n<meta name=\"author\" content=\"Paris Select Book\" \/>\n<meta name=\"twitter:card\" content=\"summary_large_image\" \/>\n<meta name=\"twitter:label1\" content=\"Written by\" \/>\n\t<meta name=\"twitter:data1\" content=\"Paris Select Book\" \/>\n\t<meta name=\"twitter:label2\" content=\"Est. reading time\" \/>\n\t<meta name=\"twitter:data2\" content=\"10 minutes\" \/>\n<script type=\"application\/ld+json\" class=\"yoast-schema-graph\">{\"@context\":\"https:\\\/\\\/schema.org\",\"@graph\":[{\"@type\":\"Article\",\"@id\":\"https:\\\/\\\/www.parisselectbook.com\\\/en\\\/2024\\\/10\\\/01\\\/top-exhibitions-to-see-in-october\\\/#article\",\"isPartOf\":{\"@id\":\"https:\\\/\\\/www.parisselectbook.com\\\/en\\\/2024\\\/10\\\/01\\\/top-exhibitions-to-see-in-october\\\/\"},\"author\":{\"name\":\"Paris Select Book\",\"@id\":\"https:\\\/\\\/www.parisselectbook.com\\\/en\\\/#\\\/schema\\\/person\\\/577a587b5e4edbba00885d4631b1cba7\"},\"headline\":\"Top exhibitions to see in October\",\"datePublished\":\"2024-10-01T12:31:42+00:00\",\"dateModified\":\"2024-10-01T12:32:07+00:00\",\"mainEntityOfPage\":{\"@id\":\"https:\\\/\\\/www.parisselectbook.com\\\/en\\\/2024\\\/10\\\/01\\\/top-exhibitions-to-see-in-october\\\/\"},\"wordCount\":2060,\"publisher\":{\"@id\":\"https:\\\/\\\/www.parisselectbook.com\\\/en\\\/#organization\"},\"image\":{\"@id\":\"https:\\\/\\\/www.parisselectbook.com\\\/en\\\/2024\\\/10\\\/01\\\/top-exhibitions-to-see-in-october\\\/#primaryimage\"},\"thumbnailUrl\":\"https:\\\/\\\/www.parisselectbook.com\\\/wp-content\\\/uploads\\\/2024\\\/09\\\/Tourneboeuf-BDC-decembre-2020-bdd.jpg\",\"articleSection\":[\"Culture &amp; expositions\",\"Que faire \u00e0 Paris ?\"],\"inLanguage\":\"en-US\"},{\"@type\":\"WebPage\",\"@id\":\"https:\\\/\\\/www.parisselectbook.com\\\/en\\\/2024\\\/10\\\/01\\\/top-exhibitions-to-see-in-october\\\/\",\"url\":\"https:\\\/\\\/www.parisselectbook.com\\\/en\\\/2024\\\/10\\\/01\\\/top-exhibitions-to-see-in-october\\\/\",\"name\":\"Top exhibitions to see in October\",\"isPartOf\":{\"@id\":\"https:\\\/\\\/www.parisselectbook.com\\\/en\\\/#website\"},\"primaryImageOfPage\":{\"@id\":\"https:\\\/\\\/www.parisselectbook.com\\\/en\\\/2024\\\/10\\\/01\\\/top-exhibitions-to-see-in-october\\\/#primaryimage\"},\"image\":{\"@id\":\"https:\\\/\\\/www.parisselectbook.com\\\/en\\\/2024\\\/10\\\/01\\\/top-exhibitions-to-see-in-october\\\/#primaryimage\"},\"thumbnailUrl\":\"https:\\\/\\\/www.parisselectbook.com\\\/wp-content\\\/uploads\\\/2024\\\/09\\\/Tourneboeuf-BDC-decembre-2020-bdd.jpg\",\"datePublished\":\"2024-10-01T12:31:42+00:00\",\"dateModified\":\"2024-10-01T12:32:07+00:00\",\"description\":\"New exhibitions are constantly emerging in Paris. Here are some not-to-be-missed exhibitions in October.\",\"breadcrumb\":{\"@id\":\"https:\\\/\\\/www.parisselectbook.com\\\/en\\\/2024\\\/10\\\/01\\\/top-exhibitions-to-see-in-october\\\/#breadcrumb\"},\"inLanguage\":\"en-US\",\"potentialAction\":[{\"@type\":\"ReadAction\",\"target\":[\"https:\\\/\\\/www.parisselectbook.com\\\/en\\\/2024\\\/10\\\/01\\\/top-exhibitions-to-see-in-october\\\/\"]}]},{\"@type\":\"ImageObject\",\"inLanguage\":\"en-US\",\"@id\":\"https:\\\/\\\/www.parisselectbook.com\\\/en\\\/2024\\\/10\\\/01\\\/top-exhibitions-to-see-in-october\\\/#primaryimage\",\"url\":\"https:\\\/\\\/www.parisselectbook.com\\\/wp-content\\\/uploads\\\/2024\\\/09\\\/Tourneboeuf-BDC-decembre-2020-bdd.jpg\",\"contentUrl\":\"https:\\\/\\\/www.parisselectbook.com\\\/wp-content\\\/uploads\\\/2024\\\/09\\\/Tourneboeuf-BDC-decembre-2020-bdd.jpg\",\"width\":1200,\"height\":800,\"caption\":\"\u00a9 Bourse de commerce, Pinault Collection\"},{\"@type\":\"BreadcrumbList\",\"@id\":\"https:\\\/\\\/www.parisselectbook.com\\\/en\\\/2024\\\/10\\\/01\\\/top-exhibitions-to-see-in-october\\\/#breadcrumb\",\"itemListElement\":[{\"@type\":\"ListItem\",\"position\":1,\"name\":\"Que faire \u00e0 Paris ?\",\"item\":\"https:\\\/\\\/www.parisselectbook.com\\\/en\\\/category\\\/que-faire-a-paris-en\\\/\"},{\"@type\":\"ListItem\",\"position\":2,\"name\":\"Top exhibitions to see in October\"}]},{\"@type\":\"WebSite\",\"@id\":\"https:\\\/\\\/www.parisselectbook.com\\\/en\\\/#website\",\"url\":\"https:\\\/\\\/www.parisselectbook.com\\\/en\\\/\",\"name\":\"Paris Select Book\",\"description\":\"Le guide chic des Tendances Parisiennes\",\"publisher\":{\"@id\":\"https:\\\/\\\/www.parisselectbook.com\\\/en\\\/#organization\"},\"potentialAction\":[{\"@type\":\"SearchAction\",\"target\":{\"@type\":\"EntryPoint\",\"urlTemplate\":\"https:\\\/\\\/www.parisselectbook.com\\\/en\\\/?s={search_term_string}\"},\"query-input\":{\"@type\":\"PropertyValueSpecification\",\"valueRequired\":true,\"valueName\":\"search_term_string\"}}],\"inLanguage\":\"en-US\"},{\"@type\":\"Organization\",\"@id\":\"https:\\\/\\\/www.parisselectbook.com\\\/en\\\/#organization\",\"name\":\"Paris Select\",\"url\":\"https:\\\/\\\/www.parisselectbook.com\\\/en\\\/\",\"logo\":{\"@type\":\"ImageObject\",\"inLanguage\":\"en-US\",\"@id\":\"https:\\\/\\\/www.parisselectbook.com\\\/en\\\/#\\\/schema\\\/logo\\\/image\\\/\",\"url\":\"https:\\\/\\\/www.parisselectbook.com\\\/wp-content\\\/uploads\\\/2024\\\/06\\\/logo-IG-TKTK-LK.png\",\"contentUrl\":\"https:\\\/\\\/www.parisselectbook.com\\\/wp-content\\\/uploads\\\/2024\\\/06\\\/logo-IG-TKTK-LK.png\",\"width\":684,\"height\":665,\"caption\":\"Paris Select\"},\"image\":{\"@id\":\"https:\\\/\\\/www.parisselectbook.com\\\/en\\\/#\\\/schema\\\/logo\\\/image\\\/\"},\"sameAs\":[\"https:\\\/\\\/www.facebook.com\\\/parisselect\",\"https:\\\/\\\/www.instagram.com\\\/parisselect\\\/\",\"https:\\\/\\\/www.tiktok.com\\\/@parisselect\"]},{\"@type\":\"Person\",\"@id\":\"https:\\\/\\\/www.parisselectbook.com\\\/en\\\/#\\\/schema\\\/person\\\/577a587b5e4edbba00885d4631b1cba7\",\"name\":\"Paris Select Book\"}]}<\/script>\n<!-- \/ Yoast SEO plugin. -->","yoast_head_json":{"title":"Top exhibitions to see in October","description":"New exhibitions are constantly emerging in Paris. Here are some not-to-be-missed exhibitions in October.","robots":{"index":"index","follow":"follow","max-snippet":"max-snippet:-1","max-image-preview":"max-image-preview:large","max-video-preview":"max-video-preview:-1"},"canonical":"https:\/\/www.parisselectbook.com\/en\/2024\/10\/01\/top-exhibitions-to-see-in-october\/","og_locale":"en_US","og_type":"article","og_title":"Top exhibitions to see in October","og_description":"New exhibitions are constantly emerging in Paris. Here are some not-to-be-missed exhibitions in October.","og_url":"https:\/\/www.parisselectbook.com\/en\/2024\/10\/01\/top-exhibitions-to-see-in-october\/","og_site_name":"Paris Select","article_publisher":"https:\/\/www.facebook.com\/parisselect","article_published_time":"2024-10-01T12:31:42+00:00","article_modified_time":"2024-10-01T12:32:07+00:00","og_image":[{"width":1200,"height":800,"url":"https:\/\/www.parisselectbook.com\/wp-content\/uploads\/2024\/09\/Tourneboeuf-BDC-decembre-2020-bdd.jpg","type":"image\/jpeg"}],"author":"Paris Select Book","twitter_card":"summary_large_image","twitter_misc":{"Written by":"Paris Select Book","Est. reading time":"10 minutes"},"schema":{"@context":"https:\/\/schema.org","@graph":[{"@type":"Article","@id":"https:\/\/www.parisselectbook.com\/en\/2024\/10\/01\/top-exhibitions-to-see-in-october\/#article","isPartOf":{"@id":"https:\/\/www.parisselectbook.com\/en\/2024\/10\/01\/top-exhibitions-to-see-in-october\/"},"author":{"name":"Paris Select Book","@id":"https:\/\/www.parisselectbook.com\/en\/#\/schema\/person\/577a587b5e4edbba00885d4631b1cba7"},"headline":"Top exhibitions to see in October","datePublished":"2024-10-01T12:31:42+00:00","dateModified":"2024-10-01T12:32:07+00:00","mainEntityOfPage":{"@id":"https:\/\/www.parisselectbook.com\/en\/2024\/10\/01\/top-exhibitions-to-see-in-october\/"},"wordCount":2060,"publisher":{"@id":"https:\/\/www.parisselectbook.com\/en\/#organization"},"image":{"@id":"https:\/\/www.parisselectbook.com\/en\/2024\/10\/01\/top-exhibitions-to-see-in-october\/#primaryimage"},"thumbnailUrl":"https:\/\/www.parisselectbook.com\/wp-content\/uploads\/2024\/09\/Tourneboeuf-BDC-decembre-2020-bdd.jpg","articleSection":["Culture &amp; expositions","Que faire \u00e0 Paris ?"],"inLanguage":"en-US"},{"@type":"WebPage","@id":"https:\/\/www.parisselectbook.com\/en\/2024\/10\/01\/top-exhibitions-to-see-in-october\/","url":"https:\/\/www.parisselectbook.com\/en\/2024\/10\/01\/top-exhibitions-to-see-in-october\/","name":"Top exhibitions to see in October","isPartOf":{"@id":"https:\/\/www.parisselectbook.com\/en\/#website"},"primaryImageOfPage":{"@id":"https:\/\/www.parisselectbook.com\/en\/2024\/10\/01\/top-exhibitions-to-see-in-october\/#primaryimage"},"image":{"@id":"https:\/\/www.parisselectbook.com\/en\/2024\/10\/01\/top-exhibitions-to-see-in-october\/#primaryimage"},"thumbnailUrl":"https:\/\/www.parisselectbook.com\/wp-content\/uploads\/2024\/09\/Tourneboeuf-BDC-decembre-2020-bdd.jpg","datePublished":"2024-10-01T12:31:42+00:00","dateModified":"2024-10-01T12:32:07+00:00","description":"New exhibitions are constantly emerging in Paris. Here are some not-to-be-missed exhibitions in October.","breadcrumb":{"@id":"https:\/\/www.parisselectbook.com\/en\/2024\/10\/01\/top-exhibitions-to-see-in-october\/#breadcrumb"},"inLanguage":"en-US","potentialAction":[{"@type":"ReadAction","target":["https:\/\/www.parisselectbook.com\/en\/2024\/10\/01\/top-exhibitions-to-see-in-october\/"]}]},{"@type":"ImageObject","inLanguage":"en-US","@id":"https:\/\/www.parisselectbook.com\/en\/2024\/10\/01\/top-exhibitions-to-see-in-october\/#primaryimage","url":"https:\/\/www.parisselectbook.com\/wp-content\/uploads\/2024\/09\/Tourneboeuf-BDC-decembre-2020-bdd.jpg","contentUrl":"https:\/\/www.parisselectbook.com\/wp-content\/uploads\/2024\/09\/Tourneboeuf-BDC-decembre-2020-bdd.jpg","width":1200,"height":800,"caption":"\u00a9 Bourse de commerce, Pinault Collection"},{"@type":"BreadcrumbList","@id":"https:\/\/www.parisselectbook.com\/en\/2024\/10\/01\/top-exhibitions-to-see-in-october\/#breadcrumb","itemListElement":[{"@type":"ListItem","position":1,"name":"Que faire \u00e0 Paris ?","item":"https:\/\/www.parisselectbook.com\/en\/category\/que-faire-a-paris-en\/"},{"@type":"ListItem","position":2,"name":"Top exhibitions to see in October"}]},{"@type":"WebSite","@id":"https:\/\/www.parisselectbook.com\/en\/#website","url":"https:\/\/www.parisselectbook.com\/en\/","name":"Paris Select Book","description":"Le guide chic des Tendances Parisiennes","publisher":{"@id":"https:\/\/www.parisselectbook.com\/en\/#organization"},"potentialAction":[{"@type":"SearchAction","target":{"@type":"EntryPoint","urlTemplate":"https:\/\/www.parisselectbook.com\/en\/?s={search_term_string}"},"query-input":{"@type":"PropertyValueSpecification","valueRequired":true,"valueName":"search_term_string"}}],"inLanguage":"en-US"},{"@type":"Organization","@id":"https:\/\/www.parisselectbook.com\/en\/#organization","name":"Paris Select","url":"https:\/\/www.parisselectbook.com\/en\/","logo":{"@type":"ImageObject","inLanguage":"en-US","@id":"https:\/\/www.parisselectbook.com\/en\/#\/schema\/logo\/image\/","url":"https:\/\/www.parisselectbook.com\/wp-content\/uploads\/2024\/06\/logo-IG-TKTK-LK.png","contentUrl":"https:\/\/www.parisselectbook.com\/wp-content\/uploads\/2024\/06\/logo-IG-TKTK-LK.png","width":684,"height":665,"caption":"Paris Select"},"image":{"@id":"https:\/\/www.parisselectbook.com\/en\/#\/schema\/logo\/image\/"},"sameAs":["https:\/\/www.facebook.com\/parisselect","https:\/\/www.instagram.com\/parisselect\/","https:\/\/www.tiktok.com\/@parisselect"]},{"@type":"Person","@id":"https:\/\/www.parisselectbook.com\/en\/#\/schema\/person\/577a587b5e4edbba00885d4631b1cba7","name":"Paris Select Book"}]}},"_links":{"self":[{"href":"https:\/\/www.parisselectbook.com\/en\/wp-json\/wp\/v2\/posts\/141604","targetHints":{"allow":["GET"]}}],"collection":[{"href":"https:\/\/www.parisselectbook.com\/en\/wp-json\/wp\/v2\/posts"}],"about":[{"href":"https:\/\/www.parisselectbook.com\/en\/wp-json\/wp\/v2\/types\/post"}],"author":[{"embeddable":true,"href":"https:\/\/www.parisselectbook.com\/en\/wp-json\/wp\/v2\/users\/3"}],"replies":[{"embeddable":true,"href":"https:\/\/www.parisselectbook.com\/en\/wp-json\/wp\/v2\/comments?post=141604"}],"version-history":[{"count":1,"href":"https:\/\/www.parisselectbook.com\/en\/wp-json\/wp\/v2\/posts\/141604\/revisions"}],"predecessor-version":[{"id":141606,"href":"https:\/\/www.parisselectbook.com\/en\/wp-json\/wp\/v2\/posts\/141604\/revisions\/141606"}],"wp:featuredmedia":[{"embeddable":true,"href":"https:\/\/www.parisselectbook.com\/en\/wp-json\/wp\/v2\/media\/138210"}],"wp:attachment":[{"href":"https:\/\/www.parisselectbook.com\/en\/wp-json\/wp\/v2\/media?parent=141604"}],"wp:term":[{"taxonomy":"category","embeddable":true,"href":"https:\/\/www.parisselectbook.com\/en\/wp-json\/wp\/v2\/categories?post=141604"},{"taxonomy":"post_tag","embeddable":true,"href":"https:\/\/www.parisselectbook.com\/en\/wp-json\/wp\/v2\/tags?post=141604"},{"taxonomy":"quartier","embeddable":true,"href":"https:\/\/www.parisselectbook.com\/en\/wp-json\/wp\/v2\/quartier?post=141604"}],"curies":[{"name":"wp","href":"https:\/\/api.w.org\/{rel}","templated":true}]}}