{"id":171157,"date":"2025-06-01T11:12:51","date_gmt":"2025-06-01T09:12:51","guid":{"rendered":"https:\/\/www.parisselectbook.com\/2025\/06\/01\/nuit-blanche-2025-what-paris-has-in-store-for-you-that-night\/"},"modified":"2025-06-01T11:13:47","modified_gmt":"2025-06-01T09:13:47","slug":"nuit-blanche-2025-what-paris-has-in-store-for-you-that-night","status":"publish","type":"post","link":"https:\/\/www.parisselectbook.com\/en\/2025\/06\/01\/nuit-blanche-2025-what-paris-has-in-store-for-you-that-night\/","title":{"rendered":"Nuit Blanche 2025: What Paris has in store for you that night&#8230;"},"content":{"rendered":"\n<p>On Saturday June 7, 2025, Paris becomes the stage for an artistic metamorphosis. The 24th edition of Nuit Blanche promises a total immersion in contemporary art, under the direction of director <em>Val\u00e9rie Donzelli<\/em>. <\/p>\n\n<h2 class=\"wp-block-heading has-text-align-center\">  A cinematic theme for a poetic night<\/h2>\n\n<p>This year, Nuit Blanche celebrates cinema and its poetry. Light installations, sound performances and projections will transform the streets of Paris into a life-size film set. <em>Michel Gondry<\/em> signs the event&#8217;s official poster, adding a dreamlike touch to this exceptional night. <\/p>\n\n<h2 class=\"wp-block-heading has-text-align-center\">Detailed program by arrondissement<\/h2>\n\n<figure class=\"wp-block-image size-large\"><img decoding=\"async\" width=\"1200\" height=\"675\" src=\"https:\/\/www.parisselectbook.com\/wp-content\/uploads\/2025\/05\/image_processing20231110-20780-1d16dp1-edited.jpg\" alt=\"\" class=\"wp-image-170942\" srcset=\"https:\/\/www.parisselectbook.com\/wp-content\/uploads\/2025\/05\/image_processing20231110-20780-1d16dp1-edited.jpg 1200w, https:\/\/www.parisselectbook.com\/wp-content\/uploads\/2025\/05\/image_processing20231110-20780-1d16dp1-edited-295x166.jpg 295w, https:\/\/www.parisselectbook.com\/wp-content\/uploads\/2025\/05\/image_processing20231110-20780-1d16dp1-edited-880x495.jpg 880w, https:\/\/www.parisselectbook.com\/wp-content\/uploads\/2025\/05\/image_processing20231110-20780-1d16dp1-edited-534x300.jpg 534w, https:\/\/www.parisselectbook.com\/wp-content\/uploads\/2025\/05\/image_processing20231110-20780-1d16dp1-edited-768x432.jpg 768w, https:\/\/www.parisselectbook.com\/wp-content\/uploads\/2025\/05\/image_processing20231110-20780-1d16dp1-edited-180x100.jpg 180w, https:\/\/www.parisselectbook.com\/wp-content\/uploads\/2025\/05\/image_processing20231110-20780-1d16dp1-edited-312x175.jpg 312w, https:\/\/www.parisselectbook.com\/wp-content\/uploads\/2025\/05\/image_processing20231110-20780-1d16dp1-edited-829x466.jpg 829w, https:\/\/www.parisselectbook.com\/wp-content\/uploads\/2025\/05\/image_processing20231110-20780-1d16dp1-edited-372x209.jpg 372w, https:\/\/www.parisselectbook.com\/wp-content\/uploads\/2025\/05\/image_processing20231110-20780-1d16dp1-edited-1024x576.jpg 1024w, https:\/\/www.parisselectbook.com\/wp-content\/uploads\/2025\/05\/image_processing20231110-20780-1d16dp1-edited-296x167.jpg 296w\" sizes=\"(max-width: 1200px) 100vw, 1200px\" \/><\/figure>\n\n<h3 class=\"wp-block-heading\">3rd district<\/h3>\n\n<ul class=\"wp-block-list\">\n<li><strong>Mus\u00e9e des Arts et M\u00e9tiers<\/strong>: immersive art trail.<\/li>\n\n\n\n<li><strong>Archives Nationales<\/strong>: Interactive installation in the gardens.<\/li>\n\n\n\n<li><strong>\u00c9glise Saint-Denys du Saint-Sacrement<\/strong>: Video installation.<\/li>\n\n\n\n<li><strong>Fondation Cartier-Bresson<\/strong>: Photo exhibition.<\/li>\n\n\n\n<li><strong>Mus\u00e9e Cognacq-Jay<\/strong>: Poetic installation.<\/li>\n\n\n\n<li><strong>Mus\u00e9e d&#8217;art et d&#8217;histoire du Juda\u00efsme<\/strong>: Film evening.<\/li>\n\n\n\n<li><strong>Maif Social Club<\/strong>: cosmic nocturne with sound.<\/li>\n<\/ul>\n\n<h3 class=\"wp-block-heading\">4th district<\/h3>\n\n<ul class=\"wp-block-list\">\n<li><strong>Acad\u00e9mie du Climat<\/strong>: Animations and artistic installations.<\/li>\n\n\n\n<li><strong>M\u00e9morial de la Shoah<\/strong>: Free performances and discoveries.<\/li>\n\n\n\n<li><strong>Reflet Machine<\/strong>: Synesthetic light and sound installation.<\/li>\n\n\n\n<li><strong>\u00cele Saint-Louis<\/strong>: Dreamlike light installation.<\/li>\n\n\n\n<li><strong>Square Barye<\/strong>: \u201cMoon in the house\u201d art installation.<\/li>\n\n\n\n<li><strong>Henri IV Tunnel<\/strong>: Film screenings.<\/li>\n\n\n\n<li><strong>Maison Victor Hugo<\/strong>: \u201cButterfly Night\u201d immersive tour.<\/li>\n\n\n\n<li><strong>Arches Citoyennes<\/strong>: Performances and music.<\/li>\n\n\n\n<li><strong>Halle des Blancs Manteaux<\/strong>: Concert and popular festival.<\/li>\n\n\n\n<li><strong>\u00c9glise Notre-Dame des Blancs-Manteaux<\/strong>: Free concert.<\/li>\n\n\n\n<li><strong>Cit\u00e9 internationale des arts<\/strong>: Fashion show.<\/li>\n\n\n\n<li><strong>Center Wallonie-Bruxelles<\/strong>: Special nocturne.<\/li>\n<\/ul>\n\n<h3 class=\"wp-block-heading\">5th district<\/h3>\n\n<ul class=\"wp-block-list\">\n<li><strong>Galerie Saint-S\u00e9verin<\/strong>: Art exhibition.<\/li>\n\n\n\n<li><strong>C\u00e9sure<\/strong>: Third-location transformed into a creative space.<\/li>\n\n\n\n<li><strong>Center culturel irlandais<\/strong>: Dance evening.<\/li>\n\n\n\n<li><strong>Chapelle de la Sorbonne<\/strong>: Musical and light installation.<\/li>\n\n\n\n<li><strong>Institut du Monde Arabe<\/strong>: Cultural events.<\/li>\n<\/ul>\n\n<h3 class=\"wp-block-heading\">6th district<\/h3>\n\n<ul class=\"wp-block-list\">\n<li><strong>Center tch\u00e8que de Paris<\/strong>: Music and dance.<\/li>\n\n\n\n<li><strong>Gymnase Saint-Germain<\/strong>: Sound journey.<\/li>\n\n\n\n<li><strong>Institut de France<\/strong>: Open-air dance show.<\/li>\n<\/ul>\n\n<h3 class=\"wp-block-heading\">7th district<\/h3>\n\n<ul class=\"wp-block-list\">\n<li><strong>Mus\u00e9e du Quai Branly<\/strong>: DJ set and performances.<\/li>\n\n\n\n<li><strong>Mus\u00e9e des \u00c9gouts<\/strong>: fascinating suspended installation.<\/li>\n\n\n\n<li><strong>EDF Foundation<\/strong>: Interactive evening.<\/li>\n\n\n\n<li><strong>Fluctuart<\/strong>: Immersive installation on a floating art center.<\/li>\n<\/ul>\n\n<h3 class=\"wp-block-heading\">8th district<\/h3>\n\n<ul class=\"wp-block-list\">\n<li><strong>Th\u00e9\u00e2tre de la Concorde<\/strong>: converted into a cinema.<\/li>\n\n\n\n<li><strong>Grand Palais<\/strong>: Immersive work by Ernesto Neto.<\/li>\n\n\n\n<li><strong>H\u00f4tel de la Marine<\/strong>: An unusual musical evening.<\/li>\n\n\n\n<li><strong>Korean Cultural Center<\/strong>: Musical evening.<\/li>\n\n\n\n<li><strong>Center Culturel Canadien<\/strong>: Special arts program.<\/li>\n<\/ul>\n\n<h3 class=\"wp-block-heading\">9th district<\/h3>\n\n<ul class=\"wp-block-list\">\n<li><strong>\u00c9glise Saint-Louis d&#8217;Antin<\/strong>: Installation and musical performance.<\/li>\n<\/ul>\n\n<h3 class=\"wp-block-heading\">10th district<\/h3>\n\n<ul class=\"wp-block-list\">\n<li><strong>Canal Saint-Martin<\/strong>: walking phosphorescent boom.<\/li>\n\n\n\n<li><strong>Transfo d&#8217;Emma\u00fcs Solidarit\u00e9<\/strong>: Dreamlike performance.<\/li>\n\n\n\n<li><strong>H\u00f4tel du Nord<\/strong>: Open-air cinema screening.<\/li>\n<\/ul>\n\n<h3 class=\"wp-block-heading\">11th district<\/h3>\n\n<ul class=\"wp-block-list\">\n<li><strong>Place de la Bastille<\/strong>: unusual artistic entertainment.<\/li>\n\n\n\n<li><strong>\u00c9glise Notre-Dame d&#8217;Esp\u00e9rance<\/strong>: Surrealist video installation.<\/li>\n<\/ul>\n\n<h3 class=\"wp-block-heading\">12th district<\/h3>\n\n<ul class=\"wp-block-list\">\n<li><strong>Cin\u00e9math\u00e8que Fran\u00e7aise<\/strong>: An evening dedicated to the 7th art.<\/li>\n\n\n\n<li><strong>Ground Control<\/strong>: Musical performance.<\/li>\n<\/ul>\n\n<h3 class=\"wp-block-heading\">13th district<\/h3>\n\n<ul class=\"wp-block-list\">\n<li><strong>H\u00f4pital de la Piti\u00e9 Salp\u00eatri\u00e8re<\/strong>: Installation combining medicine and art.<\/li>\n<\/ul>\n\n<h3 class=\"wp-block-heading\">14th district<\/h3>\n\n<ul class=\"wp-block-list\">\n<li><strong>Cin\u00e9ma Les 7 Parnassiens<\/strong>: Artistic screening.<\/li>\n\n\n\n<li><strong>Catacombs of Paris<\/strong>: Poetic sound tour.<\/li>\n<\/ul>\n\n<h3 class=\"wp-block-heading\">15th district<\/h3>\n\n<ul class=\"wp-block-list\">\n<li><strong>Institut Pasteur<\/strong>: Art trail game.<\/li>\n\n\n\n<li><strong>Gare Montparnasse<\/strong>: Unreleased short film by Michel Gondry.<\/li>\n\n\n\n<li><strong>Mus\u00e9e de la Poste<\/strong>: Contemporary installation.<\/li>\n<\/ul>\n\n<h3 class=\"wp-block-heading\">16th district<\/h3>\n\n<ul class=\"wp-block-list\">\n<li><strong>Fondation Louis Vuitton<\/strong>: Transformed into a video club.<\/li>\n\n\n\n<li><strong>Place du Trocad\u00e9ro<\/strong>: artistic parade.<\/li>\n\n\n\n<li><strong>Polish Institute<\/strong>: Artistic evening.<\/li>\n<\/ul>\n\n<h3 class=\"wp-block-heading\">18th district<\/h3>\n\n<ul class=\"wp-block-list\">\n<li><strong>\u00c9glise Saint-Jean de Montmartre<\/strong>: Memory and percussion.<\/li>\n\n\n\n<li><strong>Institut des Cultures d&#8217;Islam<\/strong>: Mediterranean evening, dance and drag.<\/li>\n\n\n\n<li><strong>\u00c9glise Saint-Pierre de Montmartre<\/strong>: Music and dance.<\/li>\n<\/ul>\n\n<h3 class=\"wp-block-heading\">19th district<\/h3>\n\n<ul class=\"wp-block-list\">\n<li><strong>Place de la Bataille de Stalingrad<\/strong>: Installation by Michel Gondry.<\/li>\n\n\n\n<li><strong>Gymnase Jean Jaur\u00e8s<\/strong>: River of shooting stars.<\/li>\n\n\n\n<li><strong>Parc de la Villette<\/strong>: Cine-club and dance.<\/li>\n<\/ul>\n\n<h3 class=\"wp-block-heading\">20th district<\/h3>\n\n<ul class=\"wp-block-list\">\n<li><strong>Gymnase de la Bidassoa<\/strong>: \u201cORBE\u201d immersive installation.<\/li>\n\n\n\n<li><strong>La Bellevilloise<\/strong>: Electronic music, dance and technology.<\/li>\n\n\n\n<li><strong>Villa Belleville<\/strong>: Visit the artists&#8217; studios.<\/li>\n\n\n\n<li><strong>Pavillon Carr\u00e9 de Baudoin<\/strong>: Nocturne po\u00e9tique.<\/li>\n<\/ul>\n\n<h2 class=\"wp-block-heading has-text-align-center\">Transport and practical information<\/h2>\n\n<p>To make it easier for you to get around, public transport will remain open all night long. What&#8217;s more, V\u00e9lib&#8217; bikes will be available free of charge thanks to a special code. <\/p>\n\n<p>Nuit Blanche 2025 promises to be an unforgettable experience, combining art, cinema and poetry. Don&#8217;t miss this unique opportunity to rediscover <a href=\"https:\/\/www.parisselectbook.com\/en\/tag\/que-faire-a-paris-en\/\">Paris<\/a> in a new light&#8230; or rather, in a new night. <\/p>\n","protected":false},"excerpt":{"rendered":"<p>On Saturday June 7, 2025, Paris becomes the stage for an artistic metamorphosis. The 24th edition of Nuit Blanche promises a total immersion in contemporary&#8230;<\/p>\n","protected":false},"author":3,"featured_media":170949,"comment_status":"closed","ping_status":"closed","sticky":false,"template":"","format":"standard","meta":{"_acf_changed":false,"footnotes":""},"categories":[2778,2687],"tags":[],"quartier":[],"class_list":["post-171157","post","type-post","status-publish","format-standard","has-post-thumbnail","hentry","category-culture-expositions-en","category-que-faire-a-paris-en"],"acf":[],"yoast_head":"<!-- This site is optimized with the Yoast SEO plugin v27.4 - https:\/\/yoast.com\/product\/yoast-seo-wordpress\/ -->\n<title>Nuit Blanche 2025: What Paris has in store for you that night...<\/title>\n<meta name=\"description\" content=\"On Saturday, June 7, 2025, Paris becomes the stage for an artistic metamorphosis. Nuit Blanche promises total immersion.\" \/>\n<meta name=\"robots\" content=\"index, follow, max-snippet:-1, max-image-preview:large, max-video-preview:-1\" \/>\n<link rel=\"canonical\" href=\"https:\/\/www.parisselectbook.com\/en\/2025\/06\/01\/nuit-blanche-2025-what-paris-has-in-store-for-you-that-night\/\" \/>\n<meta property=\"og:locale\" content=\"en_US\" \/>\n<meta property=\"og:type\" content=\"article\" \/>\n<meta property=\"og:title\" content=\"Nuit Blanche 2025: What Paris has in store for you that night...\" \/>\n<meta property=\"og:description\" content=\"On Saturday, June 7, 2025, Paris becomes the stage for an artistic metamorphosis. Nuit Blanche promises total immersion.\" \/>\n<meta property=\"og:url\" content=\"https:\/\/www.parisselectbook.com\/en\/2025\/06\/01\/nuit-blanche-2025-what-paris-has-in-store-for-you-that-night\/\" \/>\n<meta property=\"og:site_name\" content=\"Paris Select\" \/>\n<meta property=\"article:publisher\" content=\"https:\/\/www.facebook.com\/parisselect\" \/>\n<meta property=\"article:published_time\" content=\"2025-06-01T09:12:51+00:00\" \/>\n<meta property=\"article:modified_time\" content=\"2025-06-01T09:13:47+00:00\" \/>\n<meta property=\"og:image\" content=\"https:\/\/www.parisselectbook.com\/wp-content\/uploads\/2025\/05\/image_processing20250429-11377-1wh3ywl.jpg\" \/>\n\t<meta property=\"og:image:width\" content=\"1200\" \/>\n\t<meta property=\"og:image:height\" content=\"750\" \/>\n\t<meta property=\"og:image:type\" content=\"image\/jpeg\" \/>\n<meta name=\"author\" content=\"Paris Select Book\" \/>\n<meta name=\"twitter:card\" content=\"summary_large_image\" \/>\n<meta name=\"twitter:label1\" content=\"Written by\" \/>\n\t<meta name=\"twitter:data1\" content=\"Paris Select Book\" \/>\n\t<meta name=\"twitter:label2\" content=\"Est. reading time\" \/>\n\t<meta name=\"twitter:data2\" content=\"3 minutes\" \/>\n<script type=\"application\/ld+json\" class=\"yoast-schema-graph\">{\"@context\":\"https:\\\/\\\/schema.org\",\"@graph\":[{\"@type\":\"Article\",\"@id\":\"https:\\\/\\\/www.parisselectbook.com\\\/en\\\/2025\\\/06\\\/01\\\/nuit-blanche-2025-what-paris-has-in-store-for-you-that-night\\\/#article\",\"isPartOf\":{\"@id\":\"https:\\\/\\\/www.parisselectbook.com\\\/en\\\/2025\\\/06\\\/01\\\/nuit-blanche-2025-what-paris-has-in-store-for-you-that-night\\\/\"},\"author\":{\"name\":\"Paris Select Book\",\"@id\":\"https:\\\/\\\/www.parisselectbook.com\\\/en\\\/#\\\/schema\\\/person\\\/577a587b5e4edbba00885d4631b1cba7\"},\"headline\":\"Nuit Blanche 2025: What Paris has in store for you that night&#8230;\",\"datePublished\":\"2025-06-01T09:12:51+00:00\",\"dateModified\":\"2025-06-01T09:13:47+00:00\",\"mainEntityOfPage\":{\"@id\":\"https:\\\/\\\/www.parisselectbook.com\\\/en\\\/2025\\\/06\\\/01\\\/nuit-blanche-2025-what-paris-has-in-store-for-you-that-night\\\/\"},\"wordCount\":640,\"publisher\":{\"@id\":\"https:\\\/\\\/www.parisselectbook.com\\\/en\\\/#organization\"},\"image\":{\"@id\":\"https:\\\/\\\/www.parisselectbook.com\\\/en\\\/2025\\\/06\\\/01\\\/nuit-blanche-2025-what-paris-has-in-store-for-you-that-night\\\/#primaryimage\"},\"thumbnailUrl\":\"https:\\\/\\\/www.parisselectbook.com\\\/wp-content\\\/uploads\\\/2025\\\/05\\\/image_processing20250429-11377-1wh3ywl.jpg\",\"articleSection\":[\"Culture &amp; expositions\",\"Que faire \u00e0 Paris ?\"],\"inLanguage\":\"en-US\"},{\"@type\":\"WebPage\",\"@id\":\"https:\\\/\\\/www.parisselectbook.com\\\/en\\\/2025\\\/06\\\/01\\\/nuit-blanche-2025-what-paris-has-in-store-for-you-that-night\\\/\",\"url\":\"https:\\\/\\\/www.parisselectbook.com\\\/en\\\/2025\\\/06\\\/01\\\/nuit-blanche-2025-what-paris-has-in-store-for-you-that-night\\\/\",\"name\":\"Nuit Blanche 2025: What Paris has in store for you that night...\",\"isPartOf\":{\"@id\":\"https:\\\/\\\/www.parisselectbook.com\\\/en\\\/#website\"},\"primaryImageOfPage\":{\"@id\":\"https:\\\/\\\/www.parisselectbook.com\\\/en\\\/2025\\\/06\\\/01\\\/nuit-blanche-2025-what-paris-has-in-store-for-you-that-night\\\/#primaryimage\"},\"image\":{\"@id\":\"https:\\\/\\\/www.parisselectbook.com\\\/en\\\/2025\\\/06\\\/01\\\/nuit-blanche-2025-what-paris-has-in-store-for-you-that-night\\\/#primaryimage\"},\"thumbnailUrl\":\"https:\\\/\\\/www.parisselectbook.com\\\/wp-content\\\/uploads\\\/2025\\\/05\\\/image_processing20250429-11377-1wh3ywl.jpg\",\"datePublished\":\"2025-06-01T09:12:51+00:00\",\"dateModified\":\"2025-06-01T09:13:47+00:00\",\"description\":\"On Saturday, June 7, 2025, Paris becomes the stage for an artistic metamorphosis. Nuit Blanche promises total immersion.\",\"breadcrumb\":{\"@id\":\"https:\\\/\\\/www.parisselectbook.com\\\/en\\\/2025\\\/06\\\/01\\\/nuit-blanche-2025-what-paris-has-in-store-for-you-that-night\\\/#breadcrumb\"},\"inLanguage\":\"en-US\",\"potentialAction\":[{\"@type\":\"ReadAction\",\"target\":[\"https:\\\/\\\/www.parisselectbook.com\\\/en\\\/2025\\\/06\\\/01\\\/nuit-blanche-2025-what-paris-has-in-store-for-you-that-night\\\/\"]}]},{\"@type\":\"ImageObject\",\"inLanguage\":\"en-US\",\"@id\":\"https:\\\/\\\/www.parisselectbook.com\\\/en\\\/2025\\\/06\\\/01\\\/nuit-blanche-2025-what-paris-has-in-store-for-you-that-night\\\/#primaryimage\",\"url\":\"https:\\\/\\\/www.parisselectbook.com\\\/wp-content\\\/uploads\\\/2025\\\/05\\\/image_processing20250429-11377-1wh3ywl.jpg\",\"contentUrl\":\"https:\\\/\\\/www.parisselectbook.com\\\/wp-content\\\/uploads\\\/2025\\\/05\\\/image_processing20250429-11377-1wh3ywl.jpg\",\"width\":1200,\"height\":750},{\"@type\":\"BreadcrumbList\",\"@id\":\"https:\\\/\\\/www.parisselectbook.com\\\/en\\\/2025\\\/06\\\/01\\\/nuit-blanche-2025-what-paris-has-in-store-for-you-that-night\\\/#breadcrumb\",\"itemListElement\":[{\"@type\":\"ListItem\",\"position\":1,\"name\":\"Que faire \u00e0 Paris ?\",\"item\":\"https:\\\/\\\/www.parisselectbook.com\\\/en\\\/category\\\/que-faire-a-paris-en\\\/\"},{\"@type\":\"ListItem\",\"position\":2,\"name\":\"Nuit Blanche 2025: What Paris has in store for you that night&#8230;\"}]},{\"@type\":\"WebSite\",\"@id\":\"https:\\\/\\\/www.parisselectbook.com\\\/en\\\/#website\",\"url\":\"https:\\\/\\\/www.parisselectbook.com\\\/en\\\/\",\"name\":\"Paris Select Book\",\"description\":\"Le guide chic des Tendances Parisiennes\",\"publisher\":{\"@id\":\"https:\\\/\\\/www.parisselectbook.com\\\/en\\\/#organization\"},\"potentialAction\":[{\"@type\":\"SearchAction\",\"target\":{\"@type\":\"EntryPoint\",\"urlTemplate\":\"https:\\\/\\\/www.parisselectbook.com\\\/en\\\/?s={search_term_string}\"},\"query-input\":{\"@type\":\"PropertyValueSpecification\",\"valueRequired\":true,\"valueName\":\"search_term_string\"}}],\"inLanguage\":\"en-US\"},{\"@type\":\"Organization\",\"@id\":\"https:\\\/\\\/www.parisselectbook.com\\\/en\\\/#organization\",\"name\":\"Paris Select\",\"url\":\"https:\\\/\\\/www.parisselectbook.com\\\/en\\\/\",\"logo\":{\"@type\":\"ImageObject\",\"inLanguage\":\"en-US\",\"@id\":\"https:\\\/\\\/www.parisselectbook.com\\\/en\\\/#\\\/schema\\\/logo\\\/image\\\/\",\"url\":\"https:\\\/\\\/www.parisselectbook.com\\\/wp-content\\\/uploads\\\/2024\\\/06\\\/logo-IG-TKTK-LK.png\",\"contentUrl\":\"https:\\\/\\\/www.parisselectbook.com\\\/wp-content\\\/uploads\\\/2024\\\/06\\\/logo-IG-TKTK-LK.png\",\"width\":684,\"height\":665,\"caption\":\"Paris Select\"},\"image\":{\"@id\":\"https:\\\/\\\/www.parisselectbook.com\\\/en\\\/#\\\/schema\\\/logo\\\/image\\\/\"},\"sameAs\":[\"https:\\\/\\\/www.facebook.com\\\/parisselect\",\"https:\\\/\\\/www.instagram.com\\\/parisselect\\\/\",\"https:\\\/\\\/www.tiktok.com\\\/@parisselect\"]},{\"@type\":\"Person\",\"@id\":\"https:\\\/\\\/www.parisselectbook.com\\\/en\\\/#\\\/schema\\\/person\\\/577a587b5e4edbba00885d4631b1cba7\",\"name\":\"Paris Select Book\"}]}<\/script>\n<!-- \/ Yoast SEO plugin. -->","yoast_head_json":{"title":"Nuit Blanche 2025: What Paris has in store for you that night...","description":"On Saturday, June 7, 2025, Paris becomes the stage for an artistic metamorphosis. Nuit Blanche promises total immersion.","robots":{"index":"index","follow":"follow","max-snippet":"max-snippet:-1","max-image-preview":"max-image-preview:large","max-video-preview":"max-video-preview:-1"},"canonical":"https:\/\/www.parisselectbook.com\/en\/2025\/06\/01\/nuit-blanche-2025-what-paris-has-in-store-for-you-that-night\/","og_locale":"en_US","og_type":"article","og_title":"Nuit Blanche 2025: What Paris has in store for you that night...","og_description":"On Saturday, June 7, 2025, Paris becomes the stage for an artistic metamorphosis. Nuit Blanche promises total immersion.","og_url":"https:\/\/www.parisselectbook.com\/en\/2025\/06\/01\/nuit-blanche-2025-what-paris-has-in-store-for-you-that-night\/","og_site_name":"Paris Select","article_publisher":"https:\/\/www.facebook.com\/parisselect","article_published_time":"2025-06-01T09:12:51+00:00","article_modified_time":"2025-06-01T09:13:47+00:00","og_image":[{"width":1200,"height":750,"url":"https:\/\/www.parisselectbook.com\/wp-content\/uploads\/2025\/05\/image_processing20250429-11377-1wh3ywl.jpg","type":"image\/jpeg"}],"author":"Paris Select Book","twitter_card":"summary_large_image","twitter_misc":{"Written by":"Paris Select Book","Est. reading time":"3 minutes"},"schema":{"@context":"https:\/\/schema.org","@graph":[{"@type":"Article","@id":"https:\/\/www.parisselectbook.com\/en\/2025\/06\/01\/nuit-blanche-2025-what-paris-has-in-store-for-you-that-night\/#article","isPartOf":{"@id":"https:\/\/www.parisselectbook.com\/en\/2025\/06\/01\/nuit-blanche-2025-what-paris-has-in-store-for-you-that-night\/"},"author":{"name":"Paris Select Book","@id":"https:\/\/www.parisselectbook.com\/en\/#\/schema\/person\/577a587b5e4edbba00885d4631b1cba7"},"headline":"Nuit Blanche 2025: What Paris has in store for you that night&#8230;","datePublished":"2025-06-01T09:12:51+00:00","dateModified":"2025-06-01T09:13:47+00:00","mainEntityOfPage":{"@id":"https:\/\/www.parisselectbook.com\/en\/2025\/06\/01\/nuit-blanche-2025-what-paris-has-in-store-for-you-that-night\/"},"wordCount":640,"publisher":{"@id":"https:\/\/www.parisselectbook.com\/en\/#organization"},"image":{"@id":"https:\/\/www.parisselectbook.com\/en\/2025\/06\/01\/nuit-blanche-2025-what-paris-has-in-store-for-you-that-night\/#primaryimage"},"thumbnailUrl":"https:\/\/www.parisselectbook.com\/wp-content\/uploads\/2025\/05\/image_processing20250429-11377-1wh3ywl.jpg","articleSection":["Culture &amp; expositions","Que faire \u00e0 Paris ?"],"inLanguage":"en-US"},{"@type":"WebPage","@id":"https:\/\/www.parisselectbook.com\/en\/2025\/06\/01\/nuit-blanche-2025-what-paris-has-in-store-for-you-that-night\/","url":"https:\/\/www.parisselectbook.com\/en\/2025\/06\/01\/nuit-blanche-2025-what-paris-has-in-store-for-you-that-night\/","name":"Nuit Blanche 2025: What Paris has in store for you that night...","isPartOf":{"@id":"https:\/\/www.parisselectbook.com\/en\/#website"},"primaryImageOfPage":{"@id":"https:\/\/www.parisselectbook.com\/en\/2025\/06\/01\/nuit-blanche-2025-what-paris-has-in-store-for-you-that-night\/#primaryimage"},"image":{"@id":"https:\/\/www.parisselectbook.com\/en\/2025\/06\/01\/nuit-blanche-2025-what-paris-has-in-store-for-you-that-night\/#primaryimage"},"thumbnailUrl":"https:\/\/www.parisselectbook.com\/wp-content\/uploads\/2025\/05\/image_processing20250429-11377-1wh3ywl.jpg","datePublished":"2025-06-01T09:12:51+00:00","dateModified":"2025-06-01T09:13:47+00:00","description":"On Saturday, June 7, 2025, Paris becomes the stage for an artistic metamorphosis. Nuit Blanche promises total immersion.","breadcrumb":{"@id":"https:\/\/www.parisselectbook.com\/en\/2025\/06\/01\/nuit-blanche-2025-what-paris-has-in-store-for-you-that-night\/#breadcrumb"},"inLanguage":"en-US","potentialAction":[{"@type":"ReadAction","target":["https:\/\/www.parisselectbook.com\/en\/2025\/06\/01\/nuit-blanche-2025-what-paris-has-in-store-for-you-that-night\/"]}]},{"@type":"ImageObject","inLanguage":"en-US","@id":"https:\/\/www.parisselectbook.com\/en\/2025\/06\/01\/nuit-blanche-2025-what-paris-has-in-store-for-you-that-night\/#primaryimage","url":"https:\/\/www.parisselectbook.com\/wp-content\/uploads\/2025\/05\/image_processing20250429-11377-1wh3ywl.jpg","contentUrl":"https:\/\/www.parisselectbook.com\/wp-content\/uploads\/2025\/05\/image_processing20250429-11377-1wh3ywl.jpg","width":1200,"height":750},{"@type":"BreadcrumbList","@id":"https:\/\/www.parisselectbook.com\/en\/2025\/06\/01\/nuit-blanche-2025-what-paris-has-in-store-for-you-that-night\/#breadcrumb","itemListElement":[{"@type":"ListItem","position":1,"name":"Que faire \u00e0 Paris ?","item":"https:\/\/www.parisselectbook.com\/en\/category\/que-faire-a-paris-en\/"},{"@type":"ListItem","position":2,"name":"Nuit Blanche 2025: What Paris has in store for you that night&#8230;"}]},{"@type":"WebSite","@id":"https:\/\/www.parisselectbook.com\/en\/#website","url":"https:\/\/www.parisselectbook.com\/en\/","name":"Paris Select Book","description":"Le guide chic des Tendances Parisiennes","publisher":{"@id":"https:\/\/www.parisselectbook.com\/en\/#organization"},"potentialAction":[{"@type":"SearchAction","target":{"@type":"EntryPoint","urlTemplate":"https:\/\/www.parisselectbook.com\/en\/?s={search_term_string}"},"query-input":{"@type":"PropertyValueSpecification","valueRequired":true,"valueName":"search_term_string"}}],"inLanguage":"en-US"},{"@type":"Organization","@id":"https:\/\/www.parisselectbook.com\/en\/#organization","name":"Paris Select","url":"https:\/\/www.parisselectbook.com\/en\/","logo":{"@type":"ImageObject","inLanguage":"en-US","@id":"https:\/\/www.parisselectbook.com\/en\/#\/schema\/logo\/image\/","url":"https:\/\/www.parisselectbook.com\/wp-content\/uploads\/2024\/06\/logo-IG-TKTK-LK.png","contentUrl":"https:\/\/www.parisselectbook.com\/wp-content\/uploads\/2024\/06\/logo-IG-TKTK-LK.png","width":684,"height":665,"caption":"Paris Select"},"image":{"@id":"https:\/\/www.parisselectbook.com\/en\/#\/schema\/logo\/image\/"},"sameAs":["https:\/\/www.facebook.com\/parisselect","https:\/\/www.instagram.com\/parisselect\/","https:\/\/www.tiktok.com\/@parisselect"]},{"@type":"Person","@id":"https:\/\/www.parisselectbook.com\/en\/#\/schema\/person\/577a587b5e4edbba00885d4631b1cba7","name":"Paris Select Book"}]}},"_links":{"self":[{"href":"https:\/\/www.parisselectbook.com\/en\/wp-json\/wp\/v2\/posts\/171157","targetHints":{"allow":["GET"]}}],"collection":[{"href":"https:\/\/www.parisselectbook.com\/en\/wp-json\/wp\/v2\/posts"}],"about":[{"href":"https:\/\/www.parisselectbook.com\/en\/wp-json\/wp\/v2\/types\/post"}],"author":[{"embeddable":true,"href":"https:\/\/www.parisselectbook.com\/en\/wp-json\/wp\/v2\/users\/3"}],"replies":[{"embeddable":true,"href":"https:\/\/www.parisselectbook.com\/en\/wp-json\/wp\/v2\/comments?post=171157"}],"version-history":[{"count":1,"href":"https:\/\/www.parisselectbook.com\/en\/wp-json\/wp\/v2\/posts\/171157\/revisions"}],"predecessor-version":[{"id":171159,"href":"https:\/\/www.parisselectbook.com\/en\/wp-json\/wp\/v2\/posts\/171157\/revisions\/171159"}],"wp:featuredmedia":[{"embeddable":true,"href":"https:\/\/www.parisselectbook.com\/en\/wp-json\/wp\/v2\/media\/170949"}],"wp:attachment":[{"href":"https:\/\/www.parisselectbook.com\/en\/wp-json\/wp\/v2\/media?parent=171157"}],"wp:term":[{"taxonomy":"category","embeddable":true,"href":"https:\/\/www.parisselectbook.com\/en\/wp-json\/wp\/v2\/categories?post=171157"},{"taxonomy":"post_tag","embeddable":true,"href":"https:\/\/www.parisselectbook.com\/en\/wp-json\/wp\/v2\/tags?post=171157"},{"taxonomy":"quartier","embeddable":true,"href":"https:\/\/www.parisselectbook.com\/en\/wp-json\/wp\/v2\/quartier?post=171157"}],"curies":[{"name":"wp","href":"https:\/\/api.w.org\/{rel}","templated":true}]}}