{"id":179783,"date":"2025-07-20T10:00:00","date_gmt":"2025-07-20T08:00:00","guid":{"rendered":"https:\/\/www.parisselectbook.com\/2025\/07\/20\/le-cafe-de-la-maison-elysee-the-art-of-french-taste\/"},"modified":"2025-07-20T10:00:48","modified_gmt":"2025-07-20T08:00:48","slug":"le-cafe-de-la-maison-elysee-the-art-of-french-taste","status":"publish","type":"post","link":"https:\/\/www.parisselectbook.com\/en\/2025\/07\/20\/le-cafe-de-la-maison-elysee-the-art-of-french-taste\/","title":{"rendered":"Le Caf\u00e9 de la Maison \u00c9lys\u00e9e: The art of French taste"},"content":{"rendered":"\n<p><strong>A stone&#8217;s throw from the presidential palace, a confidential caf\u00e9 combines history, refinement and the art of entertaining. Welcome to Caf\u00e9 de la Maison \u00c9lys\u00e9e, a new hybrid between museum and gourmet salon. Far from the hustle and bustle of the Champs-\u00c9lys\u00e9es, this address offers a suspended moment, between republican tradition and the pleasures of the palate.  <\/strong><\/p>\n\n<h2 class=\"wp-block-heading has-text-align-center\">A d\u00e9cor inspired by the \u00c9lys\u00e9e Palace<\/h2>\n\n<p>Created by designer <strong>Sarah Poniatowski (Maison Sarah Lavoine)<\/strong>, in collaboration with <strong>Mobilier National<\/strong>, the caf\u00e9 is dressed in the colors of the \u00c9lys\u00e9e Palace: Murat blue, discreet gilding, noble materials and clean lines. Furniture, lighting, textures&#8230; everything here evokes the salons of power without ever falling into pastiche. <\/p>\n\n<p>With its <strong>rare view over the Cour d&#8217;Honneur<\/strong>, this chic caf\u00e9 reinvents luxury \u00e0 la fran\u00e7aise: <strong>discreet, symbolic and warm<\/strong>.<\/p>\n\n<h2 class=\"wp-block-heading has-text-align-center\">A card by Fabrice Desvignes<\/h2>\n\n<figure class=\"wp-block-image size-large\"><img decoding=\"async\" width=\"880\" height=\"587\" src=\"https:\/\/www.parisselectbook.com\/wp-content\/uploads\/2025\/07\/Maison_Elysee_Tarte_Citron_Dore2-880x587.jpg\" alt=\"\" class=\"wp-image-179099\" srcset=\"https:\/\/www.parisselectbook.com\/wp-content\/uploads\/2025\/07\/Maison_Elysee_Tarte_Citron_Dore2-880x587.jpg 880w, https:\/\/www.parisselectbook.com\/wp-content\/uploads\/2025\/07\/Maison_Elysee_Tarte_Citron_Dore2-295x197.jpg 295w, https:\/\/www.parisselectbook.com\/wp-content\/uploads\/2025\/07\/Maison_Elysee_Tarte_Citron_Dore2-768x512.jpg 768w, https:\/\/www.parisselectbook.com\/wp-content\/uploads\/2025\/07\/Maison_Elysee_Tarte_Citron_Dore2-1536x1024.jpg 1536w, https:\/\/www.parisselectbook.com\/wp-content\/uploads\/2025\/07\/Maison_Elysee_Tarte_Citron_Dore2-scaled.jpg 2048w\" sizes=\"(max-width: 880px) 100vw, 880px\" \/><figcaption class=\"wp-element-caption\">Durand Thibault \/ Pr\u00e9sidence de la r\u00e9publique<\/figcaption><\/figure>\n\n<p>Behind the stoves, <strong>chef Fabrice Desvignes<\/strong>, Meilleur Ouvrier de France and Bocuse d&#8217;Or winner, composes an elegant menu inspired by the banquets held at the \u00c9lys\u00e9e Palace. The menu features unique pastries &#8211; <strong>&#8220;Salon Murat&#8221;,<\/strong> <strong>&#8220;F\u00eate de la R\u00e9publique&#8221;,<\/strong> <strong>&#8220;Dor\u00e9 Pompidou<\/strong> &#8221; &#8211; served with rigor and lightness. <\/p>\n\n<p>All accompanied by Malongo coffee with <strong>notes of licorice and red fruits<\/strong>, <strong>artisanal ice creams<\/strong> and <strong>Alain Ducasse chocolates<\/strong>. A true gourmet interlude in an exceptional setting. <\/p>\n\n<h2 class=\"wp-block-heading has-text-align-center\">A sensory and cultural experience<\/h2>\n\n<p>The caf\u00e9 is part of an overall visit to <strong>Maison \u00c9lys\u00e9e<\/strong>, a new museum space dedicated to the behind-the-scenes workings of the French presidency. The 600 m\u00b2 space immerses visitors in the rites, objects and gestures of the Republic, before inviting them to extend the experience over a Kusmi tea, an organic juice or a tricolored sabl\u00e9. <\/p>\n\n<h2 class=\"wp-block-heading has-text-align-center\">A charming new address<\/h2>\n\n<p><strong>Le Caf\u00e9 de la Maison \u00c9lys\u00e9e redefines the Parisian break with elegance and discretion.<\/strong>  It&#8217;s the perfect address for a refined snack, a quiet lunch or a cultural get-together in a hushed setting. A place that&#8217;s already a favorite with lovers of history, design&#8230; and fine flavors. <\/p>\n\n<p>\ud83d\udccd <em>88 rue du Faubourg Saint-Honor\u00e9, Paris 8e<\/em><br\/>\ud83d\udd59 <em>Open daily, free access &#8211; no reservation required<\/em><\/p>\n\n<p>Discover other exclusive addresses on <a class=\"\" href=\"https:\/\/parisselectbook.com\">parisselectbook.com<\/a><\/p>\n","protected":false},"excerpt":{"rendered":"<p>A stone&#8217;s throw from the presidential palace, a confidential caf\u00e9 combines history, refinement and the art of entertaining. Welcome to Caf\u00e9 de la Maison \u00c9lys\u00e9e,&#8230;<\/p>\n","protected":false},"author":3,"featured_media":179109,"comment_status":"closed","ping_status":"closed","sticky":false,"template":"","format":"standard","meta":{"_acf_changed":false,"footnotes":""},"categories":[2777],"tags":[],"quartier":[],"class_list":["post-179783","post","type-post","status-publish","format-standard","has-post-thumbnail","hentry","category-gourmandise-en"],"acf":[],"yoast_head":"<!-- This site is optimized with the Yoast SEO plugin v27.4 - https:\/\/yoast.com\/product\/yoast-seo-wordpress\/ -->\n<title>Le Caf\u00e9 de la Maison \u00c9lys\u00e9e: The art of French taste<\/title>\n<meta name=\"description\" content=\"An elegant, discreet caf\u00e9 opens opposite the \u00c9lys\u00e9e Palace. Teas, pastries and French art de vivre on the menu.\" \/>\n<meta name=\"robots\" content=\"index, follow, max-snippet:-1, max-image-preview:large, max-video-preview:-1\" \/>\n<link rel=\"canonical\" href=\"https:\/\/www.parisselectbook.com\/en\/2025\/07\/20\/le-cafe-de-la-maison-elysee-the-art-of-french-taste\/\" \/>\n<meta property=\"og:locale\" content=\"en_US\" \/>\n<meta property=\"og:type\" content=\"article\" \/>\n<meta property=\"og:title\" content=\"Le Caf\u00e9 de la Maison \u00c9lys\u00e9e: The art of French taste\" \/>\n<meta property=\"og:description\" content=\"An elegant, discreet caf\u00e9 opens opposite the \u00c9lys\u00e9e Palace. Teas, pastries and French art de vivre on the menu.\" \/>\n<meta property=\"og:url\" content=\"https:\/\/www.parisselectbook.com\/en\/2025\/07\/20\/le-cafe-de-la-maison-elysee-the-art-of-french-taste\/\" \/>\n<meta property=\"og:site_name\" content=\"Paris Select\" \/>\n<meta property=\"article:publisher\" content=\"https:\/\/www.facebook.com\/parisselect\" \/>\n<meta property=\"article:published_time\" content=\"2025-07-20T08:00:00+00:00\" \/>\n<meta property=\"article:modified_time\" content=\"2025-07-20T08:00:48+00:00\" \/>\n<meta property=\"og:image\" content=\"https:\/\/www.parisselectbook.com\/wp-content\/uploads\/2025\/07\/Maison_Elysee_Cafe3-BD-edited.jpg\" \/>\n\t<meta property=\"og:image:width\" content=\"703\" \/>\n\t<meta property=\"og:image:height\" content=\"395\" \/>\n\t<meta property=\"og:image:type\" content=\"image\/jpeg\" \/>\n<meta name=\"author\" content=\"Paris Select Book\" \/>\n<meta name=\"twitter:card\" content=\"summary_large_image\" \/>\n<meta name=\"twitter:label1\" content=\"Written by\" \/>\n\t<meta name=\"twitter:data1\" content=\"Paris Select Book\" \/>\n\t<meta name=\"twitter:label2\" content=\"Est. reading time\" \/>\n\t<meta name=\"twitter:data2\" content=\"2 minutes\" \/>\n<script type=\"application\/ld+json\" class=\"yoast-schema-graph\">{\"@context\":\"https:\\\/\\\/schema.org\",\"@graph\":[{\"@type\":\"Article\",\"@id\":\"https:\\\/\\\/www.parisselectbook.com\\\/en\\\/2025\\\/07\\\/20\\\/le-cafe-de-la-maison-elysee-the-art-of-french-taste\\\/#article\",\"isPartOf\":{\"@id\":\"https:\\\/\\\/www.parisselectbook.com\\\/en\\\/2025\\\/07\\\/20\\\/le-cafe-de-la-maison-elysee-the-art-of-french-taste\\\/\"},\"author\":{\"name\":\"Paris Select Book\",\"@id\":\"https:\\\/\\\/www.parisselectbook.com\\\/en\\\/#\\\/schema\\\/person\\\/577a587b5e4edbba00885d4631b1cba7\"},\"headline\":\"Le Caf\u00e9 de la Maison \u00c9lys\u00e9e: The art of French taste\",\"datePublished\":\"2025-07-20T08:00:00+00:00\",\"dateModified\":\"2025-07-20T08:00:48+00:00\",\"mainEntityOfPage\":{\"@id\":\"https:\\\/\\\/www.parisselectbook.com\\\/en\\\/2025\\\/07\\\/20\\\/le-cafe-de-la-maison-elysee-the-art-of-french-taste\\\/\"},\"wordCount\":380,\"publisher\":{\"@id\":\"https:\\\/\\\/www.parisselectbook.com\\\/en\\\/#organization\"},\"image\":{\"@id\":\"https:\\\/\\\/www.parisselectbook.com\\\/en\\\/2025\\\/07\\\/20\\\/le-cafe-de-la-maison-elysee-the-art-of-french-taste\\\/#primaryimage\"},\"thumbnailUrl\":\"https:\\\/\\\/www.parisselectbook.com\\\/wp-content\\\/uploads\\\/2025\\\/07\\\/Maison_Elysee_Cafe3-BD-edited.jpg\",\"articleSection\":[\"Gourmandise\"],\"inLanguage\":\"en-US\"},{\"@type\":\"WebPage\",\"@id\":\"https:\\\/\\\/www.parisselectbook.com\\\/en\\\/2025\\\/07\\\/20\\\/le-cafe-de-la-maison-elysee-the-art-of-french-taste\\\/\",\"url\":\"https:\\\/\\\/www.parisselectbook.com\\\/en\\\/2025\\\/07\\\/20\\\/le-cafe-de-la-maison-elysee-the-art-of-french-taste\\\/\",\"name\":\"Le Caf\u00e9 de la Maison \u00c9lys\u00e9e: The art of French taste\",\"isPartOf\":{\"@id\":\"https:\\\/\\\/www.parisselectbook.com\\\/en\\\/#website\"},\"primaryImageOfPage\":{\"@id\":\"https:\\\/\\\/www.parisselectbook.com\\\/en\\\/2025\\\/07\\\/20\\\/le-cafe-de-la-maison-elysee-the-art-of-french-taste\\\/#primaryimage\"},\"image\":{\"@id\":\"https:\\\/\\\/www.parisselectbook.com\\\/en\\\/2025\\\/07\\\/20\\\/le-cafe-de-la-maison-elysee-the-art-of-french-taste\\\/#primaryimage\"},\"thumbnailUrl\":\"https:\\\/\\\/www.parisselectbook.com\\\/wp-content\\\/uploads\\\/2025\\\/07\\\/Maison_Elysee_Cafe3-BD-edited.jpg\",\"datePublished\":\"2025-07-20T08:00:00+00:00\",\"dateModified\":\"2025-07-20T08:00:48+00:00\",\"description\":\"An elegant, discreet caf\u00e9 opens opposite the \u00c9lys\u00e9e Palace. Teas, pastries and French art de vivre on the menu.\",\"breadcrumb\":{\"@id\":\"https:\\\/\\\/www.parisselectbook.com\\\/en\\\/2025\\\/07\\\/20\\\/le-cafe-de-la-maison-elysee-the-art-of-french-taste\\\/#breadcrumb\"},\"inLanguage\":\"en-US\",\"potentialAction\":[{\"@type\":\"ReadAction\",\"target\":[\"https:\\\/\\\/www.parisselectbook.com\\\/en\\\/2025\\\/07\\\/20\\\/le-cafe-de-la-maison-elysee-the-art-of-french-taste\\\/\"]}]},{\"@type\":\"ImageObject\",\"inLanguage\":\"en-US\",\"@id\":\"https:\\\/\\\/www.parisselectbook.com\\\/en\\\/2025\\\/07\\\/20\\\/le-cafe-de-la-maison-elysee-the-art-of-french-taste\\\/#primaryimage\",\"url\":\"https:\\\/\\\/www.parisselectbook.com\\\/wp-content\\\/uploads\\\/2025\\\/07\\\/Maison_Elysee_Cafe3-BD-edited.jpg\",\"contentUrl\":\"https:\\\/\\\/www.parisselectbook.com\\\/wp-content\\\/uploads\\\/2025\\\/07\\\/Maison_Elysee_Cafe3-BD-edited.jpg\",\"width\":703,\"height\":395,\"caption\":\"\u00a9 Laurent Blevennec \\\/ Pr\u00e9sidence de la R\u00e9publique\"},{\"@type\":\"BreadcrumbList\",\"@id\":\"https:\\\/\\\/www.parisselectbook.com\\\/en\\\/2025\\\/07\\\/20\\\/le-cafe-de-la-maison-elysee-the-art-of-french-taste\\\/#breadcrumb\",\"itemListElement\":[{\"@type\":\"ListItem\",\"position\":1,\"name\":\"Que faire \u00e0 Paris ?\",\"item\":\"https:\\\/\\\/www.parisselectbook.com\\\/en\\\/category\\\/que-faire-a-paris-en\\\/\"},{\"@type\":\"ListItem\",\"position\":2,\"name\":\"Le Caf\u00e9 de la Maison \u00c9lys\u00e9e: The art of French taste\"}]},{\"@type\":\"WebSite\",\"@id\":\"https:\\\/\\\/www.parisselectbook.com\\\/en\\\/#website\",\"url\":\"https:\\\/\\\/www.parisselectbook.com\\\/en\\\/\",\"name\":\"Paris Select Book\",\"description\":\"Le guide chic des Tendances Parisiennes\",\"publisher\":{\"@id\":\"https:\\\/\\\/www.parisselectbook.com\\\/en\\\/#organization\"},\"potentialAction\":[{\"@type\":\"SearchAction\",\"target\":{\"@type\":\"EntryPoint\",\"urlTemplate\":\"https:\\\/\\\/www.parisselectbook.com\\\/en\\\/?s={search_term_string}\"},\"query-input\":{\"@type\":\"PropertyValueSpecification\",\"valueRequired\":true,\"valueName\":\"search_term_string\"}}],\"inLanguage\":\"en-US\"},{\"@type\":\"Organization\",\"@id\":\"https:\\\/\\\/www.parisselectbook.com\\\/en\\\/#organization\",\"name\":\"Paris Select\",\"url\":\"https:\\\/\\\/www.parisselectbook.com\\\/en\\\/\",\"logo\":{\"@type\":\"ImageObject\",\"inLanguage\":\"en-US\",\"@id\":\"https:\\\/\\\/www.parisselectbook.com\\\/en\\\/#\\\/schema\\\/logo\\\/image\\\/\",\"url\":\"https:\\\/\\\/www.parisselectbook.com\\\/wp-content\\\/uploads\\\/2024\\\/06\\\/logo-IG-TKTK-LK.png\",\"contentUrl\":\"https:\\\/\\\/www.parisselectbook.com\\\/wp-content\\\/uploads\\\/2024\\\/06\\\/logo-IG-TKTK-LK.png\",\"width\":684,\"height\":665,\"caption\":\"Paris Select\"},\"image\":{\"@id\":\"https:\\\/\\\/www.parisselectbook.com\\\/en\\\/#\\\/schema\\\/logo\\\/image\\\/\"},\"sameAs\":[\"https:\\\/\\\/www.facebook.com\\\/parisselect\",\"https:\\\/\\\/www.instagram.com\\\/parisselect\\\/\",\"https:\\\/\\\/www.tiktok.com\\\/@parisselect\"]},{\"@type\":\"Person\",\"@id\":\"https:\\\/\\\/www.parisselectbook.com\\\/en\\\/#\\\/schema\\\/person\\\/577a587b5e4edbba00885d4631b1cba7\",\"name\":\"Paris Select Book\"}]}<\/script>\n<!-- \/ Yoast SEO plugin. -->","yoast_head_json":{"title":"Le Caf\u00e9 de la Maison \u00c9lys\u00e9e: The art of French taste","description":"An elegant, discreet caf\u00e9 opens opposite the \u00c9lys\u00e9e Palace. Teas, pastries and French art de vivre on the menu.","robots":{"index":"index","follow":"follow","max-snippet":"max-snippet:-1","max-image-preview":"max-image-preview:large","max-video-preview":"max-video-preview:-1"},"canonical":"https:\/\/www.parisselectbook.com\/en\/2025\/07\/20\/le-cafe-de-la-maison-elysee-the-art-of-french-taste\/","og_locale":"en_US","og_type":"article","og_title":"Le Caf\u00e9 de la Maison \u00c9lys\u00e9e: The art of French taste","og_description":"An elegant, discreet caf\u00e9 opens opposite the \u00c9lys\u00e9e Palace. Teas, pastries and French art de vivre on the menu.","og_url":"https:\/\/www.parisselectbook.com\/en\/2025\/07\/20\/le-cafe-de-la-maison-elysee-the-art-of-french-taste\/","og_site_name":"Paris Select","article_publisher":"https:\/\/www.facebook.com\/parisselect","article_published_time":"2025-07-20T08:00:00+00:00","article_modified_time":"2025-07-20T08:00:48+00:00","og_image":[{"width":703,"height":395,"url":"https:\/\/www.parisselectbook.com\/wp-content\/uploads\/2025\/07\/Maison_Elysee_Cafe3-BD-edited.jpg","type":"image\/jpeg"}],"author":"Paris Select Book","twitter_card":"summary_large_image","twitter_misc":{"Written by":"Paris Select Book","Est. reading time":"2 minutes"},"schema":{"@context":"https:\/\/schema.org","@graph":[{"@type":"Article","@id":"https:\/\/www.parisselectbook.com\/en\/2025\/07\/20\/le-cafe-de-la-maison-elysee-the-art-of-french-taste\/#article","isPartOf":{"@id":"https:\/\/www.parisselectbook.com\/en\/2025\/07\/20\/le-cafe-de-la-maison-elysee-the-art-of-french-taste\/"},"author":{"name":"Paris Select Book","@id":"https:\/\/www.parisselectbook.com\/en\/#\/schema\/person\/577a587b5e4edbba00885d4631b1cba7"},"headline":"Le Caf\u00e9 de la Maison \u00c9lys\u00e9e: The art of French taste","datePublished":"2025-07-20T08:00:00+00:00","dateModified":"2025-07-20T08:00:48+00:00","mainEntityOfPage":{"@id":"https:\/\/www.parisselectbook.com\/en\/2025\/07\/20\/le-cafe-de-la-maison-elysee-the-art-of-french-taste\/"},"wordCount":380,"publisher":{"@id":"https:\/\/www.parisselectbook.com\/en\/#organization"},"image":{"@id":"https:\/\/www.parisselectbook.com\/en\/2025\/07\/20\/le-cafe-de-la-maison-elysee-the-art-of-french-taste\/#primaryimage"},"thumbnailUrl":"https:\/\/www.parisselectbook.com\/wp-content\/uploads\/2025\/07\/Maison_Elysee_Cafe3-BD-edited.jpg","articleSection":["Gourmandise"],"inLanguage":"en-US"},{"@type":"WebPage","@id":"https:\/\/www.parisselectbook.com\/en\/2025\/07\/20\/le-cafe-de-la-maison-elysee-the-art-of-french-taste\/","url":"https:\/\/www.parisselectbook.com\/en\/2025\/07\/20\/le-cafe-de-la-maison-elysee-the-art-of-french-taste\/","name":"Le Caf\u00e9 de la Maison \u00c9lys\u00e9e: The art of French taste","isPartOf":{"@id":"https:\/\/www.parisselectbook.com\/en\/#website"},"primaryImageOfPage":{"@id":"https:\/\/www.parisselectbook.com\/en\/2025\/07\/20\/le-cafe-de-la-maison-elysee-the-art-of-french-taste\/#primaryimage"},"image":{"@id":"https:\/\/www.parisselectbook.com\/en\/2025\/07\/20\/le-cafe-de-la-maison-elysee-the-art-of-french-taste\/#primaryimage"},"thumbnailUrl":"https:\/\/www.parisselectbook.com\/wp-content\/uploads\/2025\/07\/Maison_Elysee_Cafe3-BD-edited.jpg","datePublished":"2025-07-20T08:00:00+00:00","dateModified":"2025-07-20T08:00:48+00:00","description":"An elegant, discreet caf\u00e9 opens opposite the \u00c9lys\u00e9e Palace. Teas, pastries and French art de vivre on the menu.","breadcrumb":{"@id":"https:\/\/www.parisselectbook.com\/en\/2025\/07\/20\/le-cafe-de-la-maison-elysee-the-art-of-french-taste\/#breadcrumb"},"inLanguage":"en-US","potentialAction":[{"@type":"ReadAction","target":["https:\/\/www.parisselectbook.com\/en\/2025\/07\/20\/le-cafe-de-la-maison-elysee-the-art-of-french-taste\/"]}]},{"@type":"ImageObject","inLanguage":"en-US","@id":"https:\/\/www.parisselectbook.com\/en\/2025\/07\/20\/le-cafe-de-la-maison-elysee-the-art-of-french-taste\/#primaryimage","url":"https:\/\/www.parisselectbook.com\/wp-content\/uploads\/2025\/07\/Maison_Elysee_Cafe3-BD-edited.jpg","contentUrl":"https:\/\/www.parisselectbook.com\/wp-content\/uploads\/2025\/07\/Maison_Elysee_Cafe3-BD-edited.jpg","width":703,"height":395,"caption":"\u00a9 Laurent Blevennec \/ Pr\u00e9sidence de la R\u00e9publique"},{"@type":"BreadcrumbList","@id":"https:\/\/www.parisselectbook.com\/en\/2025\/07\/20\/le-cafe-de-la-maison-elysee-the-art-of-french-taste\/#breadcrumb","itemListElement":[{"@type":"ListItem","position":1,"name":"Que faire \u00e0 Paris ?","item":"https:\/\/www.parisselectbook.com\/en\/category\/que-faire-a-paris-en\/"},{"@type":"ListItem","position":2,"name":"Le Caf\u00e9 de la Maison \u00c9lys\u00e9e: The art of French taste"}]},{"@type":"WebSite","@id":"https:\/\/www.parisselectbook.com\/en\/#website","url":"https:\/\/www.parisselectbook.com\/en\/","name":"Paris Select Book","description":"Le guide chic des Tendances Parisiennes","publisher":{"@id":"https:\/\/www.parisselectbook.com\/en\/#organization"},"potentialAction":[{"@type":"SearchAction","target":{"@type":"EntryPoint","urlTemplate":"https:\/\/www.parisselectbook.com\/en\/?s={search_term_string}"},"query-input":{"@type":"PropertyValueSpecification","valueRequired":true,"valueName":"search_term_string"}}],"inLanguage":"en-US"},{"@type":"Organization","@id":"https:\/\/www.parisselectbook.com\/en\/#organization","name":"Paris Select","url":"https:\/\/www.parisselectbook.com\/en\/","logo":{"@type":"ImageObject","inLanguage":"en-US","@id":"https:\/\/www.parisselectbook.com\/en\/#\/schema\/logo\/image\/","url":"https:\/\/www.parisselectbook.com\/wp-content\/uploads\/2024\/06\/logo-IG-TKTK-LK.png","contentUrl":"https:\/\/www.parisselectbook.com\/wp-content\/uploads\/2024\/06\/logo-IG-TKTK-LK.png","width":684,"height":665,"caption":"Paris Select"},"image":{"@id":"https:\/\/www.parisselectbook.com\/en\/#\/schema\/logo\/image\/"},"sameAs":["https:\/\/www.facebook.com\/parisselect","https:\/\/www.instagram.com\/parisselect\/","https:\/\/www.tiktok.com\/@parisselect"]},{"@type":"Person","@id":"https:\/\/www.parisselectbook.com\/en\/#\/schema\/person\/577a587b5e4edbba00885d4631b1cba7","name":"Paris Select Book"}]}},"_links":{"self":[{"href":"https:\/\/www.parisselectbook.com\/en\/wp-json\/wp\/v2\/posts\/179783","targetHints":{"allow":["GET"]}}],"collection":[{"href":"https:\/\/www.parisselectbook.com\/en\/wp-json\/wp\/v2\/posts"}],"about":[{"href":"https:\/\/www.parisselectbook.com\/en\/wp-json\/wp\/v2\/types\/post"}],"author":[{"embeddable":true,"href":"https:\/\/www.parisselectbook.com\/en\/wp-json\/wp\/v2\/users\/3"}],"replies":[{"embeddable":true,"href":"https:\/\/www.parisselectbook.com\/en\/wp-json\/wp\/v2\/comments?post=179783"}],"version-history":[{"count":1,"href":"https:\/\/www.parisselectbook.com\/en\/wp-json\/wp\/v2\/posts\/179783\/revisions"}],"predecessor-version":[{"id":179786,"href":"https:\/\/www.parisselectbook.com\/en\/wp-json\/wp\/v2\/posts\/179783\/revisions\/179786"}],"wp:featuredmedia":[{"embeddable":true,"href":"https:\/\/www.parisselectbook.com\/en\/wp-json\/wp\/v2\/media\/179109"}],"wp:attachment":[{"href":"https:\/\/www.parisselectbook.com\/en\/wp-json\/wp\/v2\/media?parent=179783"}],"wp:term":[{"taxonomy":"category","embeddable":true,"href":"https:\/\/www.parisselectbook.com\/en\/wp-json\/wp\/v2\/categories?post=179783"},{"taxonomy":"post_tag","embeddable":true,"href":"https:\/\/www.parisselectbook.com\/en\/wp-json\/wp\/v2\/tags?post=179783"},{"taxonomy":"quartier","embeddable":true,"href":"https:\/\/www.parisselectbook.com\/en\/wp-json\/wp\/v2\/quartier?post=179783"}],"curies":[{"name":"wp","href":"https:\/\/api.w.org\/{rel}","templated":true}]}}