{"id":186282,"date":"2025-09-03T17:00:00","date_gmt":"2025-09-03T15:00:00","guid":{"rendered":"https:\/\/www.parisselectbook.com\/2025\/09\/03\/maisonobjet-2025-the-return-of-parisian-design-between-trends-and-young-talent\/"},"modified":"2025-09-04T09:34:10","modified_gmt":"2025-09-04T07:34:10","slug":"maisonobjet-2025-the-return-of-parisian-design-between-trends-and-young-talent","status":"publish","type":"post","link":"https:\/\/www.parisselectbook.com\/en\/2025\/09\/03\/maisonobjet-2025-the-return-of-parisian-design-between-trends-and-young-talent\/","title":{"rendered":"Maison&amp;Objet 2025: the return of Parisian design between trends and young talent"},"content":{"rendered":"\n<p><strong>From September 4 to 8, 2025, Maison&amp;Objet returns to Paris Nord Villepinte.<\/strong> <strong>A major event where the major trends in design, decoration and the art of living take shape.<\/strong><\/p>\n\n<p>This autumn, Paris becomes more than ever the capital of design thanks to <strong>Maison&amp;Objet 2025<\/strong>. More than <strong>60,000 professionals<\/strong> &#8211; distributors, architects, editors and specifiers &#8211; are expected to discover the latest trends in decoration, furniture and tableware. The event confirms its status as an <strong>international showcase<\/strong> and <strong>springboard for young designers<\/strong>.  <\/p>\n\n<h2 class=\"wp-block-heading has-text-align-center\">Mocha Mousse: the Pantone 2025 color<\/h2>\n\n<p>Even before you enter the salon, one hue sets the tone: <strong>Mocha Mousse<\/strong>, voted Pantone color 2025. This rosy brown, a subtle blend of velvety cocoa and antique porcelain, embodies a need for intimacy and comfort. Already spotted on the catwalks of <strong>Prada<\/strong> and <strong>Saint Laurent<\/strong>, it promises to be a common thread running through the season, from interior design to fashion.  <\/p>\n\n<h2 class=\"wp-block-heading has-text-align-center\">Factory and young brands<\/h2>\n\n<p>Among the key events, the <strong>Factory spaces<\/strong> offer a stage to over forty young brands. Factory by Ulule explores the world of children and tableware, while Factory by Paris Design Week continues this dynamic in the Design District. These spaces combine creativity and professionalism, giving visibility to a new generation of editors and designers.  <\/p>\n\n<h2 class=\"wp-block-heading has-text-align-center\">Talks and inspirations<\/h2>\n\n<p>The show is also an <strong>agora of ideas<\/strong> thanks to its conferences. Of particular note: on <em>September 7 at 3pm<\/em>, the discussion &#8220;Japon, fantasme \u00e9ternel du design&#8221;, with Gwena\u00ebl Nicolas, Jos\u00e9 L\u00e9vy and Denis Montel, moderated by Dani\u00e8le Gerkens<em>(ELLE D\u00e9coration<\/em>). These forward-looking exchanges provide food for thought on today&#8217;s cultural and aesthetic influences.  <\/p>\n\n<h2 class=\"wp-block-heading has-text-align-center\">Carte blanche to Julien Sebban<\/h2>\n\n<p>This year, designer <strong>Julien Sebban<\/strong> (Uchronia) has been <strong>given carte blanche<\/strong>. With <em>Hotel Uchronia<\/em>, a <strong>200 m\u00b2<\/strong> installation in Hall 6, he reinvents hospitality by mixing a late-night caf\u00e9-bar, a metamorphosed room and a sports-garden area. A surreal scenography where the ordinary becomes extraordinary.  <\/p>\n\n<h2 class=\"wp-block-heading\">Practical info<\/h2>\n\n<p>\ud83d\udccd <strong>Maison&amp;Objet 2025<\/strong><br\/>Paris Nord Villepinte<br\/>\ud83d\uddd3\ufe0f <em>From Thursday, September 4 to Monday, September 8, 2025<\/em><br\/>\u23f0 9:30 am &#8211; 7 pm (Monday until 6 pm)<br\/>\ud83c\udf9f\ufe0f Access reserved for professionals<br\/>\ud83d\ude8c Free shuttles every 30 min from Porte Maillot<\/p>\n\n<p>Also read: <a href=\"https:\/\/www.parisselectbook.com\/en\/2025\/09\/01\/the-10-little-parisian-snobberies-this-fall\/\">10 Parisian snobberies for the back-to-school season<\/a><\/p>\n","protected":false},"excerpt":{"rendered":"<p>From September 4 to 8, 2025, Maison&amp;Objet returns to Paris Nord Villepinte. A major event where the major trends in design, decoration and the art&#8230;<\/p>\n","protected":false},"author":3,"featured_media":186152,"comment_status":"open","ping_status":"closed","sticky":false,"template":"","format":"standard","meta":{"_acf_changed":false,"footnotes":""},"categories":[2687],"tags":[],"quartier":[],"class_list":["post-186282","post","type-post","status-publish","format-standard","has-post-thumbnail","hentry","category-que-faire-a-paris-en"],"acf":[],"yoast_head":"<!-- This site is optimized with the Yoast SEO plugin v27.5 - https:\/\/yoast.com\/product\/yoast-seo-wordpress\/ -->\n<title>Maison&amp;Objet 2025: the return of Parisian design between trends and young talent<\/title>\n<meta name=\"description\" content=\"From September 4 to 8, 2025, the Maison&amp;Objet show returns to Paris Nord Villepinte. A major event where\" \/>\n<meta name=\"robots\" content=\"index, follow, max-snippet:-1, max-image-preview:large, max-video-preview:-1\" \/>\n<link rel=\"canonical\" href=\"https:\/\/www.parisselectbook.com\/en\/2025\/09\/03\/maisonobjet-2025-the-return-of-parisian-design-between-trends-and-young-talent\/\" \/>\n<meta property=\"og:locale\" content=\"en_US\" \/>\n<meta property=\"og:type\" content=\"article\" \/>\n<meta property=\"og:title\" content=\"Maison&amp;Objet 2025: the return of Parisian design between trends and young talent\" \/>\n<meta property=\"og:description\" content=\"From September 4 to 8, 2025, the Maison&amp;Objet show returns to Paris Nord Villepinte. A major event where\" \/>\n<meta property=\"og:url\" content=\"https:\/\/www.parisselectbook.com\/en\/2025\/09\/03\/maisonobjet-2025-the-return-of-parisian-design-between-trends-and-young-talent\/\" \/>\n<meta property=\"og:site_name\" content=\"Paris Select\" \/>\n<meta property=\"article:publisher\" content=\"https:\/\/www.facebook.com\/parisselect\" \/>\n<meta property=\"article:published_time\" content=\"2025-09-03T15:00:00+00:00\" \/>\n<meta property=\"article:modified_time\" content=\"2025-09-04T07:34:10+00:00\" \/>\n<meta property=\"og:image\" content=\"https:\/\/www.parisselectbook.com\/wp-content\/uploads\/2025\/09\/A-9.jpg\" \/>\n\t<meta property=\"og:image:width\" content=\"1920\" \/>\n\t<meta property=\"og:image:height\" content=\"1080\" \/>\n\t<meta property=\"og:image:type\" content=\"image\/jpeg\" \/>\n<meta name=\"author\" content=\"Paris Select Book\" \/>\n<meta name=\"twitter:card\" content=\"summary_large_image\" \/>\n<meta name=\"twitter:label1\" content=\"Written by\" \/>\n\t<meta name=\"twitter:data1\" content=\"Paris Select Book\" \/>\n\t<meta name=\"twitter:label2\" content=\"Est. reading time\" \/>\n\t<meta name=\"twitter:data2\" content=\"2 minutes\" \/>\n<script type=\"application\/ld+json\" class=\"yoast-schema-graph\">{\"@context\":\"https:\\\/\\\/schema.org\",\"@graph\":[{\"@type\":\"Article\",\"@id\":\"https:\\\/\\\/www.parisselectbook.com\\\/en\\\/2025\\\/09\\\/03\\\/maisonobjet-2025-the-return-of-parisian-design-between-trends-and-young-talent\\\/#article\",\"isPartOf\":{\"@id\":\"https:\\\/\\\/www.parisselectbook.com\\\/en\\\/2025\\\/09\\\/03\\\/maisonobjet-2025-the-return-of-parisian-design-between-trends-and-young-talent\\\/\"},\"author\":{\"name\":\"Paris Select Book\",\"@id\":\"https:\\\/\\\/www.parisselectbook.com\\\/en\\\/#\\\/schema\\\/person\\\/577a587b5e4edbba00885d4631b1cba7\"},\"headline\":\"Maison&amp;Objet 2025: the return of Parisian design between trends and young talent\",\"datePublished\":\"2025-09-03T15:00:00+00:00\",\"dateModified\":\"2025-09-04T07:34:10+00:00\",\"mainEntityOfPage\":{\"@id\":\"https:\\\/\\\/www.parisselectbook.com\\\/en\\\/2025\\\/09\\\/03\\\/maisonobjet-2025-the-return-of-parisian-design-between-trends-and-young-talent\\\/\"},\"wordCount\":365,\"commentCount\":0,\"publisher\":{\"@id\":\"https:\\\/\\\/www.parisselectbook.com\\\/en\\\/#organization\"},\"image\":{\"@id\":\"https:\\\/\\\/www.parisselectbook.com\\\/en\\\/2025\\\/09\\\/03\\\/maisonobjet-2025-the-return-of-parisian-design-between-trends-and-young-talent\\\/#primaryimage\"},\"thumbnailUrl\":\"https:\\\/\\\/www.parisselectbook.com\\\/wp-content\\\/uploads\\\/2025\\\/09\\\/A-9.jpg\",\"articleSection\":[\"Que faire \u00e0 Paris ?\"],\"inLanguage\":\"en-US\",\"potentialAction\":[{\"@type\":\"CommentAction\",\"name\":\"Comment\",\"target\":[\"https:\\\/\\\/www.parisselectbook.com\\\/en\\\/2025\\\/09\\\/03\\\/maisonobjet-2025-the-return-of-parisian-design-between-trends-and-young-talent\\\/#respond\"]}]},{\"@type\":\"WebPage\",\"@id\":\"https:\\\/\\\/www.parisselectbook.com\\\/en\\\/2025\\\/09\\\/03\\\/maisonobjet-2025-the-return-of-parisian-design-between-trends-and-young-talent\\\/\",\"url\":\"https:\\\/\\\/www.parisselectbook.com\\\/en\\\/2025\\\/09\\\/03\\\/maisonobjet-2025-the-return-of-parisian-design-between-trends-and-young-talent\\\/\",\"name\":\"Maison&amp;Objet 2025: the return of Parisian design between trends and young talent\",\"isPartOf\":{\"@id\":\"https:\\\/\\\/www.parisselectbook.com\\\/en\\\/#website\"},\"primaryImageOfPage\":{\"@id\":\"https:\\\/\\\/www.parisselectbook.com\\\/en\\\/2025\\\/09\\\/03\\\/maisonobjet-2025-the-return-of-parisian-design-between-trends-and-young-talent\\\/#primaryimage\"},\"image\":{\"@id\":\"https:\\\/\\\/www.parisselectbook.com\\\/en\\\/2025\\\/09\\\/03\\\/maisonobjet-2025-the-return-of-parisian-design-between-trends-and-young-talent\\\/#primaryimage\"},\"thumbnailUrl\":\"https:\\\/\\\/www.parisselectbook.com\\\/wp-content\\\/uploads\\\/2025\\\/09\\\/A-9.jpg\",\"datePublished\":\"2025-09-03T15:00:00+00:00\",\"dateModified\":\"2025-09-04T07:34:10+00:00\",\"description\":\"From September 4 to 8, 2025, the Maison&Objet show returns to Paris Nord Villepinte. A major event where\",\"breadcrumb\":{\"@id\":\"https:\\\/\\\/www.parisselectbook.com\\\/en\\\/2025\\\/09\\\/03\\\/maisonobjet-2025-the-return-of-parisian-design-between-trends-and-young-talent\\\/#breadcrumb\"},\"inLanguage\":\"en-US\",\"potentialAction\":[{\"@type\":\"ReadAction\",\"target\":[\"https:\\\/\\\/www.parisselectbook.com\\\/en\\\/2025\\\/09\\\/03\\\/maisonobjet-2025-the-return-of-parisian-design-between-trends-and-young-talent\\\/\"]}]},{\"@type\":\"ImageObject\",\"inLanguage\":\"en-US\",\"@id\":\"https:\\\/\\\/www.parisselectbook.com\\\/en\\\/2025\\\/09\\\/03\\\/maisonobjet-2025-the-return-of-parisian-design-between-trends-and-young-talent\\\/#primaryimage\",\"url\":\"https:\\\/\\\/www.parisselectbook.com\\\/wp-content\\\/uploads\\\/2025\\\/09\\\/A-9.jpg\",\"contentUrl\":\"https:\\\/\\\/www.parisselectbook.com\\\/wp-content\\\/uploads\\\/2025\\\/09\\\/A-9.jpg\",\"width\":1920,\"height\":1080},{\"@type\":\"BreadcrumbList\",\"@id\":\"https:\\\/\\\/www.parisselectbook.com\\\/en\\\/2025\\\/09\\\/03\\\/maisonobjet-2025-the-return-of-parisian-design-between-trends-and-young-talent\\\/#breadcrumb\",\"itemListElement\":[{\"@type\":\"ListItem\",\"position\":1,\"name\":\"Que faire \u00e0 Paris ?\",\"item\":\"https:\\\/\\\/www.parisselectbook.com\\\/en\\\/category\\\/que-faire-a-paris-en\\\/\"},{\"@type\":\"ListItem\",\"position\":2,\"name\":\"Maison&amp;Objet 2025: the return of Parisian design between trends and young talent\"}]},{\"@type\":\"WebSite\",\"@id\":\"https:\\\/\\\/www.parisselectbook.com\\\/en\\\/#website\",\"url\":\"https:\\\/\\\/www.parisselectbook.com\\\/en\\\/\",\"name\":\"Paris Select Book\",\"description\":\"Le guide chic des Tendances Parisiennes\",\"publisher\":{\"@id\":\"https:\\\/\\\/www.parisselectbook.com\\\/en\\\/#organization\"},\"potentialAction\":[{\"@type\":\"SearchAction\",\"target\":{\"@type\":\"EntryPoint\",\"urlTemplate\":\"https:\\\/\\\/www.parisselectbook.com\\\/en\\\/?s={search_term_string}\"},\"query-input\":{\"@type\":\"PropertyValueSpecification\",\"valueRequired\":true,\"valueName\":\"search_term_string\"}}],\"inLanguage\":\"en-US\"},{\"@type\":\"Organization\",\"@id\":\"https:\\\/\\\/www.parisselectbook.com\\\/en\\\/#organization\",\"name\":\"Paris Select\",\"url\":\"https:\\\/\\\/www.parisselectbook.com\\\/en\\\/\",\"logo\":{\"@type\":\"ImageObject\",\"inLanguage\":\"en-US\",\"@id\":\"https:\\\/\\\/www.parisselectbook.com\\\/en\\\/#\\\/schema\\\/logo\\\/image\\\/\",\"url\":\"https:\\\/\\\/www.parisselectbook.com\\\/wp-content\\\/uploads\\\/2024\\\/06\\\/logo-IG-TKTK-LK.png\",\"contentUrl\":\"https:\\\/\\\/www.parisselectbook.com\\\/wp-content\\\/uploads\\\/2024\\\/06\\\/logo-IG-TKTK-LK.png\",\"width\":684,\"height\":665,\"caption\":\"Paris Select\"},\"image\":{\"@id\":\"https:\\\/\\\/www.parisselectbook.com\\\/en\\\/#\\\/schema\\\/logo\\\/image\\\/\"},\"sameAs\":[\"https:\\\/\\\/www.facebook.com\\\/parisselect\",\"https:\\\/\\\/www.instagram.com\\\/parisselect\\\/\",\"https:\\\/\\\/www.tiktok.com\\\/@parisselect\"]},{\"@type\":\"Person\",\"@id\":\"https:\\\/\\\/www.parisselectbook.com\\\/en\\\/#\\\/schema\\\/person\\\/577a587b5e4edbba00885d4631b1cba7\",\"name\":\"Paris Select Book\"}]}<\/script>\n<!-- \/ Yoast SEO plugin. -->","yoast_head_json":{"title":"Maison&amp;Objet 2025: the return of Parisian design between trends and young talent","description":"From September 4 to 8, 2025, the Maison&Objet show returns to Paris Nord Villepinte. A major event where","robots":{"index":"index","follow":"follow","max-snippet":"max-snippet:-1","max-image-preview":"max-image-preview:large","max-video-preview":"max-video-preview:-1"},"canonical":"https:\/\/www.parisselectbook.com\/en\/2025\/09\/03\/maisonobjet-2025-the-return-of-parisian-design-between-trends-and-young-talent\/","og_locale":"en_US","og_type":"article","og_title":"Maison&amp;Objet 2025: the return of Parisian design between trends and young talent","og_description":"From September 4 to 8, 2025, the Maison&Objet show returns to Paris Nord Villepinte. A major event where","og_url":"https:\/\/www.parisselectbook.com\/en\/2025\/09\/03\/maisonobjet-2025-the-return-of-parisian-design-between-trends-and-young-talent\/","og_site_name":"Paris Select","article_publisher":"https:\/\/www.facebook.com\/parisselect","article_published_time":"2025-09-03T15:00:00+00:00","article_modified_time":"2025-09-04T07:34:10+00:00","og_image":[{"width":1920,"height":1080,"url":"https:\/\/www.parisselectbook.com\/wp-content\/uploads\/2025\/09\/A-9.jpg","type":"image\/jpeg"}],"author":"Paris Select Book","twitter_card":"summary_large_image","twitter_misc":{"Written by":"Paris Select Book","Est. reading time":"2 minutes"},"schema":{"@context":"https:\/\/schema.org","@graph":[{"@type":"Article","@id":"https:\/\/www.parisselectbook.com\/en\/2025\/09\/03\/maisonobjet-2025-the-return-of-parisian-design-between-trends-and-young-talent\/#article","isPartOf":{"@id":"https:\/\/www.parisselectbook.com\/en\/2025\/09\/03\/maisonobjet-2025-the-return-of-parisian-design-between-trends-and-young-talent\/"},"author":{"name":"Paris Select Book","@id":"https:\/\/www.parisselectbook.com\/en\/#\/schema\/person\/577a587b5e4edbba00885d4631b1cba7"},"headline":"Maison&amp;Objet 2025: the return of Parisian design between trends and young talent","datePublished":"2025-09-03T15:00:00+00:00","dateModified":"2025-09-04T07:34:10+00:00","mainEntityOfPage":{"@id":"https:\/\/www.parisselectbook.com\/en\/2025\/09\/03\/maisonobjet-2025-the-return-of-parisian-design-between-trends-and-young-talent\/"},"wordCount":365,"commentCount":0,"publisher":{"@id":"https:\/\/www.parisselectbook.com\/en\/#organization"},"image":{"@id":"https:\/\/www.parisselectbook.com\/en\/2025\/09\/03\/maisonobjet-2025-the-return-of-parisian-design-between-trends-and-young-talent\/#primaryimage"},"thumbnailUrl":"https:\/\/www.parisselectbook.com\/wp-content\/uploads\/2025\/09\/A-9.jpg","articleSection":["Que faire \u00e0 Paris ?"],"inLanguage":"en-US","potentialAction":[{"@type":"CommentAction","name":"Comment","target":["https:\/\/www.parisselectbook.com\/en\/2025\/09\/03\/maisonobjet-2025-the-return-of-parisian-design-between-trends-and-young-talent\/#respond"]}]},{"@type":"WebPage","@id":"https:\/\/www.parisselectbook.com\/en\/2025\/09\/03\/maisonobjet-2025-the-return-of-parisian-design-between-trends-and-young-talent\/","url":"https:\/\/www.parisselectbook.com\/en\/2025\/09\/03\/maisonobjet-2025-the-return-of-parisian-design-between-trends-and-young-talent\/","name":"Maison&amp;Objet 2025: the return of Parisian design between trends and young talent","isPartOf":{"@id":"https:\/\/www.parisselectbook.com\/en\/#website"},"primaryImageOfPage":{"@id":"https:\/\/www.parisselectbook.com\/en\/2025\/09\/03\/maisonobjet-2025-the-return-of-parisian-design-between-trends-and-young-talent\/#primaryimage"},"image":{"@id":"https:\/\/www.parisselectbook.com\/en\/2025\/09\/03\/maisonobjet-2025-the-return-of-parisian-design-between-trends-and-young-talent\/#primaryimage"},"thumbnailUrl":"https:\/\/www.parisselectbook.com\/wp-content\/uploads\/2025\/09\/A-9.jpg","datePublished":"2025-09-03T15:00:00+00:00","dateModified":"2025-09-04T07:34:10+00:00","description":"From September 4 to 8, 2025, the Maison&Objet show returns to Paris Nord Villepinte. A major event where","breadcrumb":{"@id":"https:\/\/www.parisselectbook.com\/en\/2025\/09\/03\/maisonobjet-2025-the-return-of-parisian-design-between-trends-and-young-talent\/#breadcrumb"},"inLanguage":"en-US","potentialAction":[{"@type":"ReadAction","target":["https:\/\/www.parisselectbook.com\/en\/2025\/09\/03\/maisonobjet-2025-the-return-of-parisian-design-between-trends-and-young-talent\/"]}]},{"@type":"ImageObject","inLanguage":"en-US","@id":"https:\/\/www.parisselectbook.com\/en\/2025\/09\/03\/maisonobjet-2025-the-return-of-parisian-design-between-trends-and-young-talent\/#primaryimage","url":"https:\/\/www.parisselectbook.com\/wp-content\/uploads\/2025\/09\/A-9.jpg","contentUrl":"https:\/\/www.parisselectbook.com\/wp-content\/uploads\/2025\/09\/A-9.jpg","width":1920,"height":1080},{"@type":"BreadcrumbList","@id":"https:\/\/www.parisselectbook.com\/en\/2025\/09\/03\/maisonobjet-2025-the-return-of-parisian-design-between-trends-and-young-talent\/#breadcrumb","itemListElement":[{"@type":"ListItem","position":1,"name":"Que faire \u00e0 Paris ?","item":"https:\/\/www.parisselectbook.com\/en\/category\/que-faire-a-paris-en\/"},{"@type":"ListItem","position":2,"name":"Maison&amp;Objet 2025: the return of Parisian design between trends and young talent"}]},{"@type":"WebSite","@id":"https:\/\/www.parisselectbook.com\/en\/#website","url":"https:\/\/www.parisselectbook.com\/en\/","name":"Paris Select Book","description":"Le guide chic des Tendances Parisiennes","publisher":{"@id":"https:\/\/www.parisselectbook.com\/en\/#organization"},"potentialAction":[{"@type":"SearchAction","target":{"@type":"EntryPoint","urlTemplate":"https:\/\/www.parisselectbook.com\/en\/?s={search_term_string}"},"query-input":{"@type":"PropertyValueSpecification","valueRequired":true,"valueName":"search_term_string"}}],"inLanguage":"en-US"},{"@type":"Organization","@id":"https:\/\/www.parisselectbook.com\/en\/#organization","name":"Paris Select","url":"https:\/\/www.parisselectbook.com\/en\/","logo":{"@type":"ImageObject","inLanguage":"en-US","@id":"https:\/\/www.parisselectbook.com\/en\/#\/schema\/logo\/image\/","url":"https:\/\/www.parisselectbook.com\/wp-content\/uploads\/2024\/06\/logo-IG-TKTK-LK.png","contentUrl":"https:\/\/www.parisselectbook.com\/wp-content\/uploads\/2024\/06\/logo-IG-TKTK-LK.png","width":684,"height":665,"caption":"Paris Select"},"image":{"@id":"https:\/\/www.parisselectbook.com\/en\/#\/schema\/logo\/image\/"},"sameAs":["https:\/\/www.facebook.com\/parisselect","https:\/\/www.instagram.com\/parisselect\/","https:\/\/www.tiktok.com\/@parisselect"]},{"@type":"Person","@id":"https:\/\/www.parisselectbook.com\/en\/#\/schema\/person\/577a587b5e4edbba00885d4631b1cba7","name":"Paris Select Book"}]}},"_links":{"self":[{"href":"https:\/\/www.parisselectbook.com\/en\/wp-json\/wp\/v2\/posts\/186282","targetHints":{"allow":["GET"]}}],"collection":[{"href":"https:\/\/www.parisselectbook.com\/en\/wp-json\/wp\/v2\/posts"}],"about":[{"href":"https:\/\/www.parisselectbook.com\/en\/wp-json\/wp\/v2\/types\/post"}],"author":[{"embeddable":true,"href":"https:\/\/www.parisselectbook.com\/en\/wp-json\/wp\/v2\/users\/3"}],"replies":[{"embeddable":true,"href":"https:\/\/www.parisselectbook.com\/en\/wp-json\/wp\/v2\/comments?post=186282"}],"version-history":[{"count":1,"href":"https:\/\/www.parisselectbook.com\/en\/wp-json\/wp\/v2\/posts\/186282\/revisions"}],"predecessor-version":[{"id":186284,"href":"https:\/\/www.parisselectbook.com\/en\/wp-json\/wp\/v2\/posts\/186282\/revisions\/186284"}],"wp:featuredmedia":[{"embeddable":true,"href":"https:\/\/www.parisselectbook.com\/en\/wp-json\/wp\/v2\/media\/186152"}],"wp:attachment":[{"href":"https:\/\/www.parisselectbook.com\/en\/wp-json\/wp\/v2\/media?parent=186282"}],"wp:term":[{"taxonomy":"category","embeddable":true,"href":"https:\/\/www.parisselectbook.com\/en\/wp-json\/wp\/v2\/categories?post=186282"},{"taxonomy":"post_tag","embeddable":true,"href":"https:\/\/www.parisselectbook.com\/en\/wp-json\/wp\/v2\/tags?post=186282"},{"taxonomy":"quartier","embeddable":true,"href":"https:\/\/www.parisselectbook.com\/en\/wp-json\/wp\/v2\/quartier?post=186282"}],"curies":[{"name":"wp","href":"https:\/\/api.w.org\/{rel}","templated":true}]}}