{"id":186904,"date":"2025-09-10T13:00:00","date_gmt":"2025-09-10T11:00:00","guid":{"rendered":"https:\/\/www.parisselectbook.com\/2025\/09\/10\/georges-de-la-tour-a-major-exhibition-at-the-musee-jacquemart-andre\/"},"modified":"2025-09-10T13:00:37","modified_gmt":"2025-09-10T11:00:37","slug":"georges-de-la-tour-a-major-exhibition-at-the-musee-jacquemart-andre","status":"publish","type":"post","link":"https:\/\/www.parisselectbook.com\/en\/2025\/09\/10\/georges-de-la-tour-a-major-exhibition-at-the-musee-jacquemart-andre\/","title":{"rendered":"Georges de La Tour: a major exhibition at the Mus\u00e9e Jacquemart-Andr\u00e9"},"content":{"rendered":"\n<p><strong>From September 11, 2025 to January 25, 2026, the Mus\u00e9e Jacquemart-Andr\u00e9 is devoting a retrospective to Georges de La Tour, the twentieth-century master of chiaroscuro.<\/strong> <strong>A unique dive into the world of a long-forgotten French painter, right in the heart of Paris.<\/strong><\/p>\n\n<p>This autumn, <strong>the Mus\u00e9e Jacquemart-Andr\u00e9<\/strong> pays tribute to <strong>Georges de La Tour<\/strong>, a major but little-known figure in 17th-century French painting. The exhibition, on view <em>from September 11, 2025 to January 25, 2026<\/em>, offers a rare look at this artist from Lorraine, often considered the<strong>French heir to Caravaggio<\/strong>, whose treatment of light continues to fascinate art historians and enthusiasts alike. <\/p>\n\n<h2 class=\"wp-block-heading has-text-align-center\">A major artistic rediscovery<\/h2>\n\n<p>Long forgotten, <strong>Georges de La Tour<\/strong> was not rediscovered until the early 20th century. Some of his works were even wrongly attributed to other, more fashionable painters. Yet his paintings &#8211; imbued with <strong>realism, spirituality and a keen sense of detail<\/strong> &#8211; reveal a singular talent. The Paris exhibition brings together <strong>more than thirty works<\/strong>, many of the forty or so officially recognized to date, from international public and private collections.   <\/p>\n\n<h2 class=\"wp-block-heading has-text-align-center\">Signature chiaroscuro<\/h2>\n\n<p>Influenced by <strong>Caravaggio<\/strong>, but also by Dutch and French painters, Georges de La Tour&#8217;s masterful use of <strong>chiaroscuro<\/strong> set him apart. Light, often the only source in his paintings, creates a theatrical, even mystical atmosphere, reinforcing the emotional power of his scenes. This style, far removed from the trends of his time, lends his work a rare <strong>timelessness<\/strong>.  <\/p>\n\n<h2 class=\"wp-block-heading has-text-align-center\">An artist appreciated by the powerful<\/h2>\n\n<p>A native of Lorraine, he became <strong>painter to Louis XIII<\/strong> and worked for <strong>Cardinal Richelieu<\/strong>. Despite his originality, he was recognized by the elite of his time, without ever bending to the prevailing artistic fashions. Today, this stylistic independence is hailed as one of the strengths of his work.  <\/p>\n\n<h2 class=\"wp-block-heading has-text-align-center\">A must-see exhibition in Paris<\/h2>\n\n<p>Housed in a <strong>private mansion on Boulevard Haussmann<\/strong>, the Mus\u00e9e Jacquemart-Andr\u00e9 has established itself as a prestigious exhibition venue. This cultural event restores <strong>Georges de La Tour<\/strong> to his rightful place in art history, and offers visitors a fresh look at<strong>French Baroque aesthetics<\/strong>. <\/p>\n\n<p>Also read: <a href=\"https:\/\/www.parisselectbook.com\/en\/2025\/09\/09\/john-singer-sargent-the-american-who-enchanted-paris-at-the-musee-dorsay\/\">John Singer Sargent: The American who enchanted Paris, at the Mus\u00e9e d&#8217;Orsay<\/a><\/p>\n","protected":false},"excerpt":{"rendered":"<p>From September 11, 2025 to January 25, 2026, the Mus\u00e9e Jacquemart-Andr\u00e9 is devoting a retrospective to Georges de La Tour, the twentieth-century master of chiaroscuro&#8230;.<\/p>\n","protected":false},"author":3,"featured_media":186899,"comment_status":"open","ping_status":"closed","sticky":false,"template":"","format":"standard","meta":{"_acf_changed":false,"footnotes":""},"categories":[2687],"tags":[],"quartier":[],"class_list":["post-186904","post","type-post","status-publish","format-standard","has-post-thumbnail","hentry","category-que-faire-a-paris-en"],"acf":[],"yoast_head":"<!-- This site is optimized with the Yoast SEO plugin v27.5 - https:\/\/yoast.com\/product\/yoast-seo-wordpress\/ -->\n<title>Georges de La Tour: a major exhibition at the Mus\u00e9e Jacquemart-Andr\u00e9<\/title>\n<meta name=\"description\" content=\"From September 11, 2025 to January 25, 2026, the Mus\u00e9e Jacquemart-Andr\u00e9 will be devoting a retrospective to Georges de La Tour, master of the French Renaissance.\" \/>\n<meta name=\"robots\" content=\"index, follow, max-snippet:-1, max-image-preview:large, max-video-preview:-1\" \/>\n<link rel=\"canonical\" href=\"https:\/\/www.parisselectbook.com\/en\/2025\/09\/10\/georges-de-la-tour-a-major-exhibition-at-the-musee-jacquemart-andre\/\" \/>\n<meta property=\"og:locale\" content=\"en_US\" \/>\n<meta property=\"og:type\" content=\"article\" \/>\n<meta property=\"og:title\" content=\"Georges de La Tour: a major exhibition at the Mus\u00e9e Jacquemart-Andr\u00e9\" \/>\n<meta property=\"og:description\" content=\"From September 11, 2025 to January 25, 2026, the Mus\u00e9e Jacquemart-Andr\u00e9 will be devoting a retrospective to Georges de La Tour, master of the French Renaissance.\" \/>\n<meta property=\"og:url\" content=\"https:\/\/www.parisselectbook.com\/en\/2025\/09\/10\/georges-de-la-tour-a-major-exhibition-at-the-musee-jacquemart-andre\/\" \/>\n<meta property=\"og:site_name\" content=\"Paris Select\" \/>\n<meta property=\"article:publisher\" content=\"https:\/\/www.facebook.com\/parisselect\" \/>\n<meta property=\"article:published_time\" content=\"2025-09-10T11:00:00+00:00\" \/>\n<meta property=\"article:modified_time\" content=\"2025-09-10T11:00:37+00:00\" \/>\n<meta property=\"og:image\" content=\"https:\/\/www.parisselectbook.com\/wp-content\/uploads\/2025\/09\/A-61.jpg\" \/>\n\t<meta property=\"og:image:width\" content=\"1920\" \/>\n\t<meta property=\"og:image:height\" content=\"1080\" \/>\n\t<meta property=\"og:image:type\" content=\"image\/jpeg\" \/>\n<meta name=\"author\" content=\"Paris Select Book\" \/>\n<meta name=\"twitter:card\" content=\"summary_large_image\" \/>\n<meta name=\"twitter:label1\" content=\"Written by\" \/>\n\t<meta name=\"twitter:data1\" content=\"Paris Select Book\" \/>\n\t<meta name=\"twitter:label2\" content=\"Est. reading time\" \/>\n\t<meta name=\"twitter:data2\" content=\"2 minutes\" \/>\n<script type=\"application\/ld+json\" class=\"yoast-schema-graph\">{\"@context\":\"https:\\\/\\\/schema.org\",\"@graph\":[{\"@type\":\"Article\",\"@id\":\"https:\\\/\\\/www.parisselectbook.com\\\/en\\\/2025\\\/09\\\/10\\\/georges-de-la-tour-a-major-exhibition-at-the-musee-jacquemart-andre\\\/#article\",\"isPartOf\":{\"@id\":\"https:\\\/\\\/www.parisselectbook.com\\\/en\\\/2025\\\/09\\\/10\\\/georges-de-la-tour-a-major-exhibition-at-the-musee-jacquemart-andre\\\/\"},\"author\":{\"name\":\"Paris Select Book\",\"@id\":\"https:\\\/\\\/www.parisselectbook.com\\\/en\\\/#\\\/schema\\\/person\\\/577a587b5e4edbba00885d4631b1cba7\"},\"headline\":\"Georges de La Tour: a major exhibition at the Mus\u00e9e Jacquemart-Andr\u00e9\",\"datePublished\":\"2025-09-10T11:00:00+00:00\",\"dateModified\":\"2025-09-10T11:00:37+00:00\",\"mainEntityOfPage\":{\"@id\":\"https:\\\/\\\/www.parisselectbook.com\\\/en\\\/2025\\\/09\\\/10\\\/georges-de-la-tour-a-major-exhibition-at-the-musee-jacquemart-andre\\\/\"},\"wordCount\":364,\"commentCount\":0,\"publisher\":{\"@id\":\"https:\\\/\\\/www.parisselectbook.com\\\/en\\\/#organization\"},\"image\":{\"@id\":\"https:\\\/\\\/www.parisselectbook.com\\\/en\\\/2025\\\/09\\\/10\\\/georges-de-la-tour-a-major-exhibition-at-the-musee-jacquemart-andre\\\/#primaryimage\"},\"thumbnailUrl\":\"https:\\\/\\\/www.parisselectbook.com\\\/wp-content\\\/uploads\\\/2025\\\/09\\\/A-61.jpg\",\"articleSection\":[\"Que faire \u00e0 Paris ?\"],\"inLanguage\":\"en-US\",\"potentialAction\":[{\"@type\":\"CommentAction\",\"name\":\"Comment\",\"target\":[\"https:\\\/\\\/www.parisselectbook.com\\\/en\\\/2025\\\/09\\\/10\\\/georges-de-la-tour-a-major-exhibition-at-the-musee-jacquemart-andre\\\/#respond\"]}]},{\"@type\":\"WebPage\",\"@id\":\"https:\\\/\\\/www.parisselectbook.com\\\/en\\\/2025\\\/09\\\/10\\\/georges-de-la-tour-a-major-exhibition-at-the-musee-jacquemart-andre\\\/\",\"url\":\"https:\\\/\\\/www.parisselectbook.com\\\/en\\\/2025\\\/09\\\/10\\\/georges-de-la-tour-a-major-exhibition-at-the-musee-jacquemart-andre\\\/\",\"name\":\"Georges de La Tour: a major exhibition at the Mus\u00e9e Jacquemart-Andr\u00e9\",\"isPartOf\":{\"@id\":\"https:\\\/\\\/www.parisselectbook.com\\\/en\\\/#website\"},\"primaryImageOfPage\":{\"@id\":\"https:\\\/\\\/www.parisselectbook.com\\\/en\\\/2025\\\/09\\\/10\\\/georges-de-la-tour-a-major-exhibition-at-the-musee-jacquemart-andre\\\/#primaryimage\"},\"image\":{\"@id\":\"https:\\\/\\\/www.parisselectbook.com\\\/en\\\/2025\\\/09\\\/10\\\/georges-de-la-tour-a-major-exhibition-at-the-musee-jacquemart-andre\\\/#primaryimage\"},\"thumbnailUrl\":\"https:\\\/\\\/www.parisselectbook.com\\\/wp-content\\\/uploads\\\/2025\\\/09\\\/A-61.jpg\",\"datePublished\":\"2025-09-10T11:00:00+00:00\",\"dateModified\":\"2025-09-10T11:00:37+00:00\",\"description\":\"From September 11, 2025 to January 25, 2026, the Mus\u00e9e Jacquemart-Andr\u00e9 will be devoting a retrospective to Georges de La Tour, master of the French Renaissance.\",\"breadcrumb\":{\"@id\":\"https:\\\/\\\/www.parisselectbook.com\\\/en\\\/2025\\\/09\\\/10\\\/georges-de-la-tour-a-major-exhibition-at-the-musee-jacquemart-andre\\\/#breadcrumb\"},\"inLanguage\":\"en-US\",\"potentialAction\":[{\"@type\":\"ReadAction\",\"target\":[\"https:\\\/\\\/www.parisselectbook.com\\\/en\\\/2025\\\/09\\\/10\\\/georges-de-la-tour-a-major-exhibition-at-the-musee-jacquemart-andre\\\/\"]}]},{\"@type\":\"ImageObject\",\"inLanguage\":\"en-US\",\"@id\":\"https:\\\/\\\/www.parisselectbook.com\\\/en\\\/2025\\\/09\\\/10\\\/georges-de-la-tour-a-major-exhibition-at-the-musee-jacquemart-andre\\\/#primaryimage\",\"url\":\"https:\\\/\\\/www.parisselectbook.com\\\/wp-content\\\/uploads\\\/2025\\\/09\\\/A-61.jpg\",\"contentUrl\":\"https:\\\/\\\/www.parisselectbook.com\\\/wp-content\\\/uploads\\\/2025\\\/09\\\/A-61.jpg\",\"width\":1920,\"height\":1080},{\"@type\":\"BreadcrumbList\",\"@id\":\"https:\\\/\\\/www.parisselectbook.com\\\/en\\\/2025\\\/09\\\/10\\\/georges-de-la-tour-a-major-exhibition-at-the-musee-jacquemart-andre\\\/#breadcrumb\",\"itemListElement\":[{\"@type\":\"ListItem\",\"position\":1,\"name\":\"Que faire \u00e0 Paris ?\",\"item\":\"https:\\\/\\\/www.parisselectbook.com\\\/en\\\/category\\\/que-faire-a-paris-en\\\/\"},{\"@type\":\"ListItem\",\"position\":2,\"name\":\"Georges de La Tour: a major exhibition at the Mus\u00e9e Jacquemart-Andr\u00e9\"}]},{\"@type\":\"WebSite\",\"@id\":\"https:\\\/\\\/www.parisselectbook.com\\\/en\\\/#website\",\"url\":\"https:\\\/\\\/www.parisselectbook.com\\\/en\\\/\",\"name\":\"Paris Select Book\",\"description\":\"Le guide chic des Tendances Parisiennes\",\"publisher\":{\"@id\":\"https:\\\/\\\/www.parisselectbook.com\\\/en\\\/#organization\"},\"potentialAction\":[{\"@type\":\"SearchAction\",\"target\":{\"@type\":\"EntryPoint\",\"urlTemplate\":\"https:\\\/\\\/www.parisselectbook.com\\\/en\\\/?s={search_term_string}\"},\"query-input\":{\"@type\":\"PropertyValueSpecification\",\"valueRequired\":true,\"valueName\":\"search_term_string\"}}],\"inLanguage\":\"en-US\"},{\"@type\":\"Organization\",\"@id\":\"https:\\\/\\\/www.parisselectbook.com\\\/en\\\/#organization\",\"name\":\"Paris Select\",\"url\":\"https:\\\/\\\/www.parisselectbook.com\\\/en\\\/\",\"logo\":{\"@type\":\"ImageObject\",\"inLanguage\":\"en-US\",\"@id\":\"https:\\\/\\\/www.parisselectbook.com\\\/en\\\/#\\\/schema\\\/logo\\\/image\\\/\",\"url\":\"https:\\\/\\\/www.parisselectbook.com\\\/wp-content\\\/uploads\\\/2024\\\/06\\\/logo-IG-TKTK-LK.png\",\"contentUrl\":\"https:\\\/\\\/www.parisselectbook.com\\\/wp-content\\\/uploads\\\/2024\\\/06\\\/logo-IG-TKTK-LK.png\",\"width\":684,\"height\":665,\"caption\":\"Paris Select\"},\"image\":{\"@id\":\"https:\\\/\\\/www.parisselectbook.com\\\/en\\\/#\\\/schema\\\/logo\\\/image\\\/\"},\"sameAs\":[\"https:\\\/\\\/www.facebook.com\\\/parisselect\",\"https:\\\/\\\/www.instagram.com\\\/parisselect\\\/\",\"https:\\\/\\\/www.tiktok.com\\\/@parisselect\"]},{\"@type\":\"Person\",\"@id\":\"https:\\\/\\\/www.parisselectbook.com\\\/en\\\/#\\\/schema\\\/person\\\/577a587b5e4edbba00885d4631b1cba7\",\"name\":\"Paris Select Book\"}]}<\/script>\n<!-- \/ Yoast SEO plugin. -->","yoast_head_json":{"title":"Georges de La Tour: a major exhibition at the Mus\u00e9e Jacquemart-Andr\u00e9","description":"From September 11, 2025 to January 25, 2026, the Mus\u00e9e Jacquemart-Andr\u00e9 will be devoting a retrospective to Georges de La Tour, master of the French Renaissance.","robots":{"index":"index","follow":"follow","max-snippet":"max-snippet:-1","max-image-preview":"max-image-preview:large","max-video-preview":"max-video-preview:-1"},"canonical":"https:\/\/www.parisselectbook.com\/en\/2025\/09\/10\/georges-de-la-tour-a-major-exhibition-at-the-musee-jacquemart-andre\/","og_locale":"en_US","og_type":"article","og_title":"Georges de La Tour: a major exhibition at the Mus\u00e9e Jacquemart-Andr\u00e9","og_description":"From September 11, 2025 to January 25, 2026, the Mus\u00e9e Jacquemart-Andr\u00e9 will be devoting a retrospective to Georges de La Tour, master of the French Renaissance.","og_url":"https:\/\/www.parisselectbook.com\/en\/2025\/09\/10\/georges-de-la-tour-a-major-exhibition-at-the-musee-jacquemart-andre\/","og_site_name":"Paris Select","article_publisher":"https:\/\/www.facebook.com\/parisselect","article_published_time":"2025-09-10T11:00:00+00:00","article_modified_time":"2025-09-10T11:00:37+00:00","og_image":[{"width":1920,"height":1080,"url":"https:\/\/www.parisselectbook.com\/wp-content\/uploads\/2025\/09\/A-61.jpg","type":"image\/jpeg"}],"author":"Paris Select Book","twitter_card":"summary_large_image","twitter_misc":{"Written by":"Paris Select Book","Est. reading time":"2 minutes"},"schema":{"@context":"https:\/\/schema.org","@graph":[{"@type":"Article","@id":"https:\/\/www.parisselectbook.com\/en\/2025\/09\/10\/georges-de-la-tour-a-major-exhibition-at-the-musee-jacquemart-andre\/#article","isPartOf":{"@id":"https:\/\/www.parisselectbook.com\/en\/2025\/09\/10\/georges-de-la-tour-a-major-exhibition-at-the-musee-jacquemart-andre\/"},"author":{"name":"Paris Select Book","@id":"https:\/\/www.parisselectbook.com\/en\/#\/schema\/person\/577a587b5e4edbba00885d4631b1cba7"},"headline":"Georges de La Tour: a major exhibition at the Mus\u00e9e Jacquemart-Andr\u00e9","datePublished":"2025-09-10T11:00:00+00:00","dateModified":"2025-09-10T11:00:37+00:00","mainEntityOfPage":{"@id":"https:\/\/www.parisselectbook.com\/en\/2025\/09\/10\/georges-de-la-tour-a-major-exhibition-at-the-musee-jacquemart-andre\/"},"wordCount":364,"commentCount":0,"publisher":{"@id":"https:\/\/www.parisselectbook.com\/en\/#organization"},"image":{"@id":"https:\/\/www.parisselectbook.com\/en\/2025\/09\/10\/georges-de-la-tour-a-major-exhibition-at-the-musee-jacquemart-andre\/#primaryimage"},"thumbnailUrl":"https:\/\/www.parisselectbook.com\/wp-content\/uploads\/2025\/09\/A-61.jpg","articleSection":["Que faire \u00e0 Paris ?"],"inLanguage":"en-US","potentialAction":[{"@type":"CommentAction","name":"Comment","target":["https:\/\/www.parisselectbook.com\/en\/2025\/09\/10\/georges-de-la-tour-a-major-exhibition-at-the-musee-jacquemart-andre\/#respond"]}]},{"@type":"WebPage","@id":"https:\/\/www.parisselectbook.com\/en\/2025\/09\/10\/georges-de-la-tour-a-major-exhibition-at-the-musee-jacquemart-andre\/","url":"https:\/\/www.parisselectbook.com\/en\/2025\/09\/10\/georges-de-la-tour-a-major-exhibition-at-the-musee-jacquemart-andre\/","name":"Georges de La Tour: a major exhibition at the Mus\u00e9e Jacquemart-Andr\u00e9","isPartOf":{"@id":"https:\/\/www.parisselectbook.com\/en\/#website"},"primaryImageOfPage":{"@id":"https:\/\/www.parisselectbook.com\/en\/2025\/09\/10\/georges-de-la-tour-a-major-exhibition-at-the-musee-jacquemart-andre\/#primaryimage"},"image":{"@id":"https:\/\/www.parisselectbook.com\/en\/2025\/09\/10\/georges-de-la-tour-a-major-exhibition-at-the-musee-jacquemart-andre\/#primaryimage"},"thumbnailUrl":"https:\/\/www.parisselectbook.com\/wp-content\/uploads\/2025\/09\/A-61.jpg","datePublished":"2025-09-10T11:00:00+00:00","dateModified":"2025-09-10T11:00:37+00:00","description":"From September 11, 2025 to January 25, 2026, the Mus\u00e9e Jacquemart-Andr\u00e9 will be devoting a retrospective to Georges de La Tour, master of the French Renaissance.","breadcrumb":{"@id":"https:\/\/www.parisselectbook.com\/en\/2025\/09\/10\/georges-de-la-tour-a-major-exhibition-at-the-musee-jacquemart-andre\/#breadcrumb"},"inLanguage":"en-US","potentialAction":[{"@type":"ReadAction","target":["https:\/\/www.parisselectbook.com\/en\/2025\/09\/10\/georges-de-la-tour-a-major-exhibition-at-the-musee-jacquemart-andre\/"]}]},{"@type":"ImageObject","inLanguage":"en-US","@id":"https:\/\/www.parisselectbook.com\/en\/2025\/09\/10\/georges-de-la-tour-a-major-exhibition-at-the-musee-jacquemart-andre\/#primaryimage","url":"https:\/\/www.parisselectbook.com\/wp-content\/uploads\/2025\/09\/A-61.jpg","contentUrl":"https:\/\/www.parisselectbook.com\/wp-content\/uploads\/2025\/09\/A-61.jpg","width":1920,"height":1080},{"@type":"BreadcrumbList","@id":"https:\/\/www.parisselectbook.com\/en\/2025\/09\/10\/georges-de-la-tour-a-major-exhibition-at-the-musee-jacquemart-andre\/#breadcrumb","itemListElement":[{"@type":"ListItem","position":1,"name":"Que faire \u00e0 Paris ?","item":"https:\/\/www.parisselectbook.com\/en\/category\/que-faire-a-paris-en\/"},{"@type":"ListItem","position":2,"name":"Georges de La Tour: a major exhibition at the Mus\u00e9e Jacquemart-Andr\u00e9"}]},{"@type":"WebSite","@id":"https:\/\/www.parisselectbook.com\/en\/#website","url":"https:\/\/www.parisselectbook.com\/en\/","name":"Paris Select Book","description":"Le guide chic des Tendances Parisiennes","publisher":{"@id":"https:\/\/www.parisselectbook.com\/en\/#organization"},"potentialAction":[{"@type":"SearchAction","target":{"@type":"EntryPoint","urlTemplate":"https:\/\/www.parisselectbook.com\/en\/?s={search_term_string}"},"query-input":{"@type":"PropertyValueSpecification","valueRequired":true,"valueName":"search_term_string"}}],"inLanguage":"en-US"},{"@type":"Organization","@id":"https:\/\/www.parisselectbook.com\/en\/#organization","name":"Paris Select","url":"https:\/\/www.parisselectbook.com\/en\/","logo":{"@type":"ImageObject","inLanguage":"en-US","@id":"https:\/\/www.parisselectbook.com\/en\/#\/schema\/logo\/image\/","url":"https:\/\/www.parisselectbook.com\/wp-content\/uploads\/2024\/06\/logo-IG-TKTK-LK.png","contentUrl":"https:\/\/www.parisselectbook.com\/wp-content\/uploads\/2024\/06\/logo-IG-TKTK-LK.png","width":684,"height":665,"caption":"Paris Select"},"image":{"@id":"https:\/\/www.parisselectbook.com\/en\/#\/schema\/logo\/image\/"},"sameAs":["https:\/\/www.facebook.com\/parisselect","https:\/\/www.instagram.com\/parisselect\/","https:\/\/www.tiktok.com\/@parisselect"]},{"@type":"Person","@id":"https:\/\/www.parisselectbook.com\/en\/#\/schema\/person\/577a587b5e4edbba00885d4631b1cba7","name":"Paris Select Book"}]}},"_links":{"self":[{"href":"https:\/\/www.parisselectbook.com\/en\/wp-json\/wp\/v2\/posts\/186904","targetHints":{"allow":["GET"]}}],"collection":[{"href":"https:\/\/www.parisselectbook.com\/en\/wp-json\/wp\/v2\/posts"}],"about":[{"href":"https:\/\/www.parisselectbook.com\/en\/wp-json\/wp\/v2\/types\/post"}],"author":[{"embeddable":true,"href":"https:\/\/www.parisselectbook.com\/en\/wp-json\/wp\/v2\/users\/3"}],"replies":[{"embeddable":true,"href":"https:\/\/www.parisselectbook.com\/en\/wp-json\/wp\/v2\/comments?post=186904"}],"version-history":[{"count":1,"href":"https:\/\/www.parisselectbook.com\/en\/wp-json\/wp\/v2\/posts\/186904\/revisions"}],"predecessor-version":[{"id":186905,"href":"https:\/\/www.parisselectbook.com\/en\/wp-json\/wp\/v2\/posts\/186904\/revisions\/186905"}],"wp:featuredmedia":[{"embeddable":true,"href":"https:\/\/www.parisselectbook.com\/en\/wp-json\/wp\/v2\/media\/186899"}],"wp:attachment":[{"href":"https:\/\/www.parisselectbook.com\/en\/wp-json\/wp\/v2\/media?parent=186904"}],"wp:term":[{"taxonomy":"category","embeddable":true,"href":"https:\/\/www.parisselectbook.com\/en\/wp-json\/wp\/v2\/categories?post=186904"},{"taxonomy":"post_tag","embeddable":true,"href":"https:\/\/www.parisselectbook.com\/en\/wp-json\/wp\/v2\/tags?post=186904"},{"taxonomy":"quartier","embeddable":true,"href":"https:\/\/www.parisselectbook.com\/en\/wp-json\/wp\/v2\/quartier?post=186904"}],"curies":[{"name":"wp","href":"https:\/\/api.w.org\/{rel}","templated":true}]}}