{"id":187363,"date":"2025-09-12T11:00:00","date_gmt":"2025-09-12T09:00:00","guid":{"rendered":"https:\/\/www.parisselectbook.com\/2025\/09\/12\/le-bar-du-balzac-the-chic-hot-spot-for-paris-fashion-week\/"},"modified":"2025-09-12T11:00:46","modified_gmt":"2025-09-12T09:00:46","slug":"le-bar-du-balzac-the-chic-hot-spot-for-paris-fashion-week","status":"publish","type":"post","link":"https:\/\/www.parisselectbook.com\/en\/2025\/09\/12\/le-bar-du-balzac-the-chic-hot-spot-for-paris-fashion-week\/","title":{"rendered":"Le Bar du Balzac: the chic hot spot for Paris Fashion Week"},"content":{"rendered":"\n<p><strong>Just a stone&#8217;s throw from the Champs-\u00c9lys\u00e9es, H\u00f4tel Balzac unveils its bar, a new confidential meeting place for fashion creatives and enthusiasts during Fashion Week.  <\/strong><\/p>\n\n<p>Paris lives to the rhythm of <strong>Fashion Week<\/strong>, and every season, new addresses emerge as essential meeting points. This year, the spotlight turns to the <strong><a href=\"https:\/\/www.hotelbalzac.paris\/fr\/\" target=\"_blank\" rel=\"noreferrer noopener\">Bar du Balzac<\/a><\/strong>nestled in the heart of <strong>Bertrand Hospitality<\/strong>&#8216;s latest venture. Designed as an intimate setting, the bar is already attracting stylists, photographers, journalists and connoisseurs of beautiful atmospheres, all of whom come to debrief the shows over a drink.  <\/p>\n\n<h2 class=\"wp-block-heading has-text-align-center\">A hushed, elegant atmosphere<\/h2>\n\n<div class=\"wp-block-columns is-layout-flex wp-container-core-columns-is-layout-9d6595d7 wp-block-columns-is-layout-flex\">\n<div class=\"wp-block-column is-layout-flow wp-block-column-is-layout-flow\">\n<figure class=\"wp-block-image size-large\"><img decoding=\"async\" width=\"751\" height=\"1126\" src=\"https:\/\/www.parisselectbook.com\/wp-content\/uploads\/2025\/09\/HotelBalzacParis-7734-751x1126.jpg\" alt=\"\" class=\"wp-image-187291\" srcset=\"https:\/\/www.parisselectbook.com\/wp-content\/uploads\/2025\/09\/HotelBalzacParis-7734-751x1126.jpg 751w, https:\/\/www.parisselectbook.com\/wp-content\/uploads\/2025\/09\/HotelBalzacParis-7734-197x295.jpg 197w, https:\/\/www.parisselectbook.com\/wp-content\/uploads\/2025\/09\/HotelBalzacParis-7734-768x1151.jpg 768w, https:\/\/www.parisselectbook.com\/wp-content\/uploads\/2025\/09\/HotelBalzacParis-7734-1024x1536.jpg 1024w, https:\/\/www.parisselectbook.com\/wp-content\/uploads\/2025\/09\/HotelBalzacParis-7734-scaled.jpg 1366w, https:\/\/www.parisselectbook.com\/wp-content\/uploads\/2025\/09\/HotelBalzacParis-7734-350x525.jpg 350w\" sizes=\"(max-width: 751px) 100vw, 751px\" \/><\/figure>\n<\/div>\n\n\n\n<div class=\"wp-block-column is-layout-flow wp-block-column-is-layout-flow\">\n<figure class=\"wp-block-image size-large\"><img decoding=\"async\" width=\"751\" height=\"1126\" src=\"https:\/\/www.parisselectbook.com\/wp-content\/uploads\/2025\/09\/HotelBalzacParis-7862-751x1126.jpg\" alt=\"\" class=\"wp-image-187293\" srcset=\"https:\/\/www.parisselectbook.com\/wp-content\/uploads\/2025\/09\/HotelBalzacParis-7862-751x1126.jpg 751w, https:\/\/www.parisselectbook.com\/wp-content\/uploads\/2025\/09\/HotelBalzacParis-7862-197x295.jpg 197w, https:\/\/www.parisselectbook.com\/wp-content\/uploads\/2025\/09\/HotelBalzacParis-7862-768x1152.jpg 768w, https:\/\/www.parisselectbook.com\/wp-content\/uploads\/2025\/09\/HotelBalzacParis-7862-1024x1536.jpg 1024w, https:\/\/www.parisselectbook.com\/wp-content\/uploads\/2025\/09\/HotelBalzacParis-7862-scaled.jpg 1366w, https:\/\/www.parisselectbook.com\/wp-content\/uploads\/2025\/09\/HotelBalzacParis-7862-350x525.jpg 350w\" sizes=\"(max-width: 751px) 100vw, 751px\" \/><\/figure>\n<\/div>\n<\/div>\n\n<p>Behind its discreet fa\u00e7ade, the <strong>Bar du Balzac<\/strong> distills an atmosphere inspired by <strong>Parisian speakeasies<\/strong>. The subdued lighting and hushed sounds plunge visitors into a mysterious setting, conducive to confidences. Here, you&#8217;ll find yourself imagining the shadow of<strong>Audrey Hepburn<\/strong> or <strong>Cary Grant<\/strong> seated in a corner, as if the place had passed through the ages without losing any of its elegance.  <\/p>\n\n<p>This refined spirit is particularly appealing during Fashion Week, when Paris becomes the world&#8217;s creative stage. After a fashion show on the Champs-\u00c9lys\u00e9es or a presentation in a private mansion, many choose this bar as a chic refuge to prolong the excitement of the catwalk. <\/p>\n\n<h2 class=\"wp-block-heading has-text-align-center\">Cocktails inspired by Honor\u00e9 de Balzac<\/h2>\n\n<figure class=\"wp-block-image size-large\"><img decoding=\"async\" width=\"2048\" height=\"1152\" src=\"https:\/\/www.parisselectbook.com\/wp-content\/uploads\/2025\/09\/HotelBalzacParis-7741-edited-scaled.jpg\" alt=\"\" class=\"wp-image-187289\" srcset=\"https:\/\/www.parisselectbook.com\/wp-content\/uploads\/2025\/09\/HotelBalzacParis-7741-edited-scaled.jpg 2048w, https:\/\/www.parisselectbook.com\/wp-content\/uploads\/2025\/09\/HotelBalzacParis-7741-edited-295x166.jpg 295w, https:\/\/www.parisselectbook.com\/wp-content\/uploads\/2025\/09\/HotelBalzacParis-7741-edited-880x495.jpg 880w, https:\/\/www.parisselectbook.com\/wp-content\/uploads\/2025\/09\/HotelBalzacParis-7741-edited-534x300.jpg 534w, https:\/\/www.parisselectbook.com\/wp-content\/uploads\/2025\/09\/HotelBalzacParis-7741-edited-768x432.jpg 768w, https:\/\/www.parisselectbook.com\/wp-content\/uploads\/2025\/09\/HotelBalzacParis-7741-edited-1536x864.jpg 1536w, https:\/\/www.parisselectbook.com\/wp-content\/uploads\/2025\/09\/HotelBalzacParis-7741-edited-180x100.jpg 180w, https:\/\/www.parisselectbook.com\/wp-content\/uploads\/2025\/09\/HotelBalzacParis-7741-edited-312x175.jpg 312w, https:\/\/www.parisselectbook.com\/wp-content\/uploads\/2025\/09\/HotelBalzacParis-7741-edited-829x466.jpg 829w, https:\/\/www.parisselectbook.com\/wp-content\/uploads\/2025\/09\/HotelBalzacParis-7741-edited-372x209.jpg 372w, https:\/\/www.parisselectbook.com\/wp-content\/uploads\/2025\/09\/HotelBalzacParis-7741-edited-1024x576.jpg 1024w, https:\/\/www.parisselectbook.com\/wp-content\/uploads\/2025\/09\/HotelBalzacParis-7741-edited-296x167.jpg 296w\" sizes=\"(max-width: 2048px) 100vw, 2048px\" \/><\/figure>\n\n<p>The bar menu, designed by <strong>Executive Chef Barman Julien Quettier<\/strong>, pays tribute to the literary universe of<strong>Honor\u00e9 de Balzac<\/strong>. Each cocktail is a nod to his stories and his vision of society. The recipes, elaborated with the precision of a goldsmith, highlight the <strong>naturalness of the ingredients<\/strong>, carefully selected for their quality.  <\/p>\n\n<p>The result: balanced creations that combine intensity and finesse. These cocktails become liquid extensions of Balzac&#8217;s work, where each sip tells a story. A concept that appeals to mixology enthusiasts and French literature buffs alike.  <\/p>\n\n<h2 class=\"wp-block-heading has-text-align-center\">A meeting place for designers at the height of Fashion Week<\/h2>\n\n<figure class=\"wp-block-image size-large\"><img decoding=\"async\" width=\"2048\" height=\"1152\" src=\"https:\/\/www.parisselectbook.com\/wp-content\/uploads\/2025\/09\/HotelBalzacParis-7824-edited-scaled.jpg\" alt=\"\" class=\"wp-image-187285\" srcset=\"https:\/\/www.parisselectbook.com\/wp-content\/uploads\/2025\/09\/HotelBalzacParis-7824-edited-scaled.jpg 2048w, https:\/\/www.parisselectbook.com\/wp-content\/uploads\/2025\/09\/HotelBalzacParis-7824-edited-295x166.jpg 295w, https:\/\/www.parisselectbook.com\/wp-content\/uploads\/2025\/09\/HotelBalzacParis-7824-edited-880x495.jpg 880w, https:\/\/www.parisselectbook.com\/wp-content\/uploads\/2025\/09\/HotelBalzacParis-7824-edited-534x300.jpg 534w, https:\/\/www.parisselectbook.com\/wp-content\/uploads\/2025\/09\/HotelBalzacParis-7824-edited-768x432.jpg 768w, https:\/\/www.parisselectbook.com\/wp-content\/uploads\/2025\/09\/HotelBalzacParis-7824-edited-1536x864.jpg 1536w, https:\/\/www.parisselectbook.com\/wp-content\/uploads\/2025\/09\/HotelBalzacParis-7824-edited-180x100.jpg 180w, https:\/\/www.parisselectbook.com\/wp-content\/uploads\/2025\/09\/HotelBalzacParis-7824-edited-312x175.jpg 312w, https:\/\/www.parisselectbook.com\/wp-content\/uploads\/2025\/09\/HotelBalzacParis-7824-edited-829x466.jpg 829w, https:\/\/www.parisselectbook.com\/wp-content\/uploads\/2025\/09\/HotelBalzacParis-7824-edited-372x209.jpg 372w, https:\/\/www.parisselectbook.com\/wp-content\/uploads\/2025\/09\/HotelBalzacParis-7824-edited-1024x576.jpg 1024w, https:\/\/www.parisselectbook.com\/wp-content\/uploads\/2025\/09\/HotelBalzacParis-7824-edited-296x167.jpg 296w\" sizes=\"(max-width: 2048px) 100vw, 2048px\" \/><\/figure>\n\n<p>During <strong>Paris Fashion Week<\/strong>, the Bar du Balzac is a veritable <strong>meeting place<\/strong>. Between shows, fashion insiders come to exchange impressions, seal new projects or simply enjoy an elegant interlude a stone&#8217;s throw from the catwalks. <\/p>\n\n<p>By setting up shop in the heart of the H\u00f4tel Balzac, this bar becomes more than just a place to consume: it&#8217;s a <strong>space for meetings and inspiration<\/strong>, true to the creative spirit of Paris.<\/p>\n\n<p>Find out more about <a href=\"https:\/\/www.parisselectbook.com\/en\/2024\/11\/28\/hotel-balzac-the-address-for-lovers-of-timeless-luxury\/\">H\u00f4tel Balzac<\/a><\/p>\n\n<h2 class=\"wp-block-heading\">Practical information  <\/h2>\n\n<ul class=\"wp-block-list\">\n<li><strong>Where?<\/strong>  6, rue Balzac, 75008 Paris<\/li>\n\n\n\n<li><strong>Tel<\/strong>: +33 (0)1 44 35 18 00<\/li>\n\n\n\n<li><a>contact@hotelbalzac.paris<\/a><\/li>\n\n\n\n<li><strong>Bar opening hours (Salon &amp; Bar under the glass roof)<\/strong>: open from <strong>12:00 to midnight<\/strong><\/li>\n<\/ul>\n\n<h2 class=\"wp-block-heading\">Fashion Week Paris dates September \/ October 2025<\/h2>\n\n<ul class=\"wp-block-list\">\n<li><strong>Paris Fashion Week Ready-to-Wear Spring\/Summer 2026<\/strong> will be held from <strong>Monday September 29 to Tuesday October 7, 2025<\/strong>.<\/li>\n<\/ul>\n","protected":false},"excerpt":{"rendered":"<p>Just a stone&#8217;s throw from the Champs-\u00c9lys\u00e9es, H\u00f4tel Balzac unveils its bar, a new confidential meeting place for fashion creatives and enthusiasts during Fashion Week&#8230;.<\/p>\n","protected":false},"author":3,"featured_media":187282,"comment_status":"open","ping_status":"closed","sticky":false,"template":"","format":"standard","meta":{"_acf_changed":false,"footnotes":""},"categories":[2755,116,113],"tags":[],"quartier":[],"class_list":["post-187363","post","type-post","status-publish","format-standard","has-post-thumbnail","hentry","category-bar-en","category-in-paris","category-luxury-hotel"],"acf":[],"yoast_head":"<!-- This site is optimized with the Yoast SEO plugin v27.5 - https:\/\/yoast.com\/product\/yoast-seo-wordpress\/ -->\n<title>Le Bar du Balzac: the chic hot spot for Paris Fashion Week<\/title>\n<meta name=\"description\" content=\"Just a stone&#039;s throw from the Champs-\u00c9lys\u00e9es, H\u00f4tel Balzac unveils its bar, a confidential new venue for Fashion Week guests.\" \/>\n<meta name=\"robots\" content=\"index, follow, max-snippet:-1, max-image-preview:large, max-video-preview:-1\" \/>\n<link rel=\"canonical\" href=\"https:\/\/www.parisselectbook.com\/en\/2025\/09\/12\/le-bar-du-balzac-the-chic-hot-spot-for-paris-fashion-week\/\" \/>\n<meta property=\"og:locale\" content=\"en_US\" \/>\n<meta property=\"og:type\" content=\"article\" \/>\n<meta property=\"og:title\" content=\"Le Bar du Balzac: the chic hot spot for Paris Fashion Week\" \/>\n<meta property=\"og:description\" content=\"Just a stone&#039;s throw from the Champs-\u00c9lys\u00e9es, H\u00f4tel Balzac unveils its bar, a confidential new venue for Fashion Week guests.\" \/>\n<meta property=\"og:url\" content=\"https:\/\/www.parisselectbook.com\/en\/2025\/09\/12\/le-bar-du-balzac-the-chic-hot-spot-for-paris-fashion-week\/\" \/>\n<meta property=\"og:site_name\" content=\"Paris Select\" \/>\n<meta property=\"article:publisher\" content=\"https:\/\/www.facebook.com\/parisselect\" \/>\n<meta property=\"article:published_time\" content=\"2025-09-12T09:00:00+00:00\" \/>\n<meta property=\"article:modified_time\" content=\"2025-09-12T09:00:46+00:00\" \/>\n<meta property=\"og:image\" content=\"https:\/\/www.parisselectbook.com\/wp-content\/uploads\/2025\/09\/bar-Balzac-.jpg\" \/>\n\t<meta property=\"og:image:width\" content=\"1792\" \/>\n\t<meta property=\"og:image:height\" content=\"1024\" \/>\n\t<meta property=\"og:image:type\" content=\"image\/jpeg\" \/>\n<meta name=\"author\" content=\"Paris Select Book\" \/>\n<meta name=\"twitter:card\" content=\"summary_large_image\" \/>\n<meta name=\"twitter:label1\" content=\"Written by\" \/>\n\t<meta name=\"twitter:data1\" content=\"Paris Select Book\" \/>\n\t<meta name=\"twitter:label2\" content=\"Est. reading time\" \/>\n\t<meta name=\"twitter:data2\" content=\"2 minutes\" \/>\n<script type=\"application\/ld+json\" class=\"yoast-schema-graph\">{\"@context\":\"https:\\\/\\\/schema.org\",\"@graph\":[{\"@type\":\"Article\",\"@id\":\"https:\\\/\\\/www.parisselectbook.com\\\/en\\\/2025\\\/09\\\/12\\\/le-bar-du-balzac-the-chic-hot-spot-for-paris-fashion-week\\\/#article\",\"isPartOf\":{\"@id\":\"https:\\\/\\\/www.parisselectbook.com\\\/en\\\/2025\\\/09\\\/12\\\/le-bar-du-balzac-the-chic-hot-spot-for-paris-fashion-week\\\/\"},\"author\":{\"name\":\"Paris Select Book\",\"@id\":\"https:\\\/\\\/www.parisselectbook.com\\\/en\\\/#\\\/schema\\\/person\\\/577a587b5e4edbba00885d4631b1cba7\"},\"headline\":\"Le Bar du Balzac: the chic hot spot for Paris Fashion Week\",\"datePublished\":\"2025-09-12T09:00:00+00:00\",\"dateModified\":\"2025-09-12T09:00:46+00:00\",\"mainEntityOfPage\":{\"@id\":\"https:\\\/\\\/www.parisselectbook.com\\\/en\\\/2025\\\/09\\\/12\\\/le-bar-du-balzac-the-chic-hot-spot-for-paris-fashion-week\\\/\"},\"wordCount\":454,\"commentCount\":0,\"publisher\":{\"@id\":\"https:\\\/\\\/www.parisselectbook.com\\\/en\\\/#organization\"},\"image\":{\"@id\":\"https:\\\/\\\/www.parisselectbook.com\\\/en\\\/2025\\\/09\\\/12\\\/le-bar-du-balzac-the-chic-hot-spot-for-paris-fashion-week\\\/#primaryimage\"},\"thumbnailUrl\":\"https:\\\/\\\/www.parisselectbook.com\\\/wp-content\\\/uploads\\\/2025\\\/09\\\/bar-Balzac-.jpg\",\"articleSection\":[\"Bar\",\"In Paris\",\"Luxury Hotel\"],\"inLanguage\":\"en-US\",\"potentialAction\":[{\"@type\":\"CommentAction\",\"name\":\"Comment\",\"target\":[\"https:\\\/\\\/www.parisselectbook.com\\\/en\\\/2025\\\/09\\\/12\\\/le-bar-du-balzac-the-chic-hot-spot-for-paris-fashion-week\\\/#respond\"]}]},{\"@type\":\"WebPage\",\"@id\":\"https:\\\/\\\/www.parisselectbook.com\\\/en\\\/2025\\\/09\\\/12\\\/le-bar-du-balzac-the-chic-hot-spot-for-paris-fashion-week\\\/\",\"url\":\"https:\\\/\\\/www.parisselectbook.com\\\/en\\\/2025\\\/09\\\/12\\\/le-bar-du-balzac-the-chic-hot-spot-for-paris-fashion-week\\\/\",\"name\":\"Le Bar du Balzac: the chic hot spot for Paris Fashion Week\",\"isPartOf\":{\"@id\":\"https:\\\/\\\/www.parisselectbook.com\\\/en\\\/#website\"},\"primaryImageOfPage\":{\"@id\":\"https:\\\/\\\/www.parisselectbook.com\\\/en\\\/2025\\\/09\\\/12\\\/le-bar-du-balzac-the-chic-hot-spot-for-paris-fashion-week\\\/#primaryimage\"},\"image\":{\"@id\":\"https:\\\/\\\/www.parisselectbook.com\\\/en\\\/2025\\\/09\\\/12\\\/le-bar-du-balzac-the-chic-hot-spot-for-paris-fashion-week\\\/#primaryimage\"},\"thumbnailUrl\":\"https:\\\/\\\/www.parisselectbook.com\\\/wp-content\\\/uploads\\\/2025\\\/09\\\/bar-Balzac-.jpg\",\"datePublished\":\"2025-09-12T09:00:00+00:00\",\"dateModified\":\"2025-09-12T09:00:46+00:00\",\"description\":\"Just a stone's throw from the Champs-\u00c9lys\u00e9es, H\u00f4tel Balzac unveils its bar, a confidential new venue for Fashion Week guests.\",\"breadcrumb\":{\"@id\":\"https:\\\/\\\/www.parisselectbook.com\\\/en\\\/2025\\\/09\\\/12\\\/le-bar-du-balzac-the-chic-hot-spot-for-paris-fashion-week\\\/#breadcrumb\"},\"inLanguage\":\"en-US\",\"potentialAction\":[{\"@type\":\"ReadAction\",\"target\":[\"https:\\\/\\\/www.parisselectbook.com\\\/en\\\/2025\\\/09\\\/12\\\/le-bar-du-balzac-the-chic-hot-spot-for-paris-fashion-week\\\/\"]}]},{\"@type\":\"ImageObject\",\"inLanguage\":\"en-US\",\"@id\":\"https:\\\/\\\/www.parisselectbook.com\\\/en\\\/2025\\\/09\\\/12\\\/le-bar-du-balzac-the-chic-hot-spot-for-paris-fashion-week\\\/#primaryimage\",\"url\":\"https:\\\/\\\/www.parisselectbook.com\\\/wp-content\\\/uploads\\\/2025\\\/09\\\/bar-Balzac-.jpg\",\"contentUrl\":\"https:\\\/\\\/www.parisselectbook.com\\\/wp-content\\\/uploads\\\/2025\\\/09\\\/bar-Balzac-.jpg\",\"width\":1792,\"height\":1024},{\"@type\":\"BreadcrumbList\",\"@id\":\"https:\\\/\\\/www.parisselectbook.com\\\/en\\\/2025\\\/09\\\/12\\\/le-bar-du-balzac-the-chic-hot-spot-for-paris-fashion-week\\\/#breadcrumb\",\"itemListElement\":[{\"@type\":\"ListItem\",\"position\":1,\"name\":\"Que faire \u00e0 Paris ?\",\"item\":\"https:\\\/\\\/www.parisselectbook.com\\\/en\\\/category\\\/que-faire-a-paris-en\\\/\"},{\"@type\":\"ListItem\",\"position\":2,\"name\":\"Le Bar du Balzac: the chic hot spot for Paris Fashion Week\"}]},{\"@type\":\"WebSite\",\"@id\":\"https:\\\/\\\/www.parisselectbook.com\\\/en\\\/#website\",\"url\":\"https:\\\/\\\/www.parisselectbook.com\\\/en\\\/\",\"name\":\"Paris Select Book\",\"description\":\"Le guide chic des Tendances Parisiennes\",\"publisher\":{\"@id\":\"https:\\\/\\\/www.parisselectbook.com\\\/en\\\/#organization\"},\"potentialAction\":[{\"@type\":\"SearchAction\",\"target\":{\"@type\":\"EntryPoint\",\"urlTemplate\":\"https:\\\/\\\/www.parisselectbook.com\\\/en\\\/?s={search_term_string}\"},\"query-input\":{\"@type\":\"PropertyValueSpecification\",\"valueRequired\":true,\"valueName\":\"search_term_string\"}}],\"inLanguage\":\"en-US\"},{\"@type\":\"Organization\",\"@id\":\"https:\\\/\\\/www.parisselectbook.com\\\/en\\\/#organization\",\"name\":\"Paris Select\",\"url\":\"https:\\\/\\\/www.parisselectbook.com\\\/en\\\/\",\"logo\":{\"@type\":\"ImageObject\",\"inLanguage\":\"en-US\",\"@id\":\"https:\\\/\\\/www.parisselectbook.com\\\/en\\\/#\\\/schema\\\/logo\\\/image\\\/\",\"url\":\"https:\\\/\\\/www.parisselectbook.com\\\/wp-content\\\/uploads\\\/2024\\\/06\\\/logo-IG-TKTK-LK.png\",\"contentUrl\":\"https:\\\/\\\/www.parisselectbook.com\\\/wp-content\\\/uploads\\\/2024\\\/06\\\/logo-IG-TKTK-LK.png\",\"width\":684,\"height\":665,\"caption\":\"Paris Select\"},\"image\":{\"@id\":\"https:\\\/\\\/www.parisselectbook.com\\\/en\\\/#\\\/schema\\\/logo\\\/image\\\/\"},\"sameAs\":[\"https:\\\/\\\/www.facebook.com\\\/parisselect\",\"https:\\\/\\\/www.instagram.com\\\/parisselect\\\/\",\"https:\\\/\\\/www.tiktok.com\\\/@parisselect\"]},{\"@type\":\"Person\",\"@id\":\"https:\\\/\\\/www.parisselectbook.com\\\/en\\\/#\\\/schema\\\/person\\\/577a587b5e4edbba00885d4631b1cba7\",\"name\":\"Paris Select Book\"}]}<\/script>\n<!-- \/ Yoast SEO plugin. -->","yoast_head_json":{"title":"Le Bar du Balzac: the chic hot spot for Paris Fashion Week","description":"Just a stone's throw from the Champs-\u00c9lys\u00e9es, H\u00f4tel Balzac unveils its bar, a confidential new venue for Fashion Week guests.","robots":{"index":"index","follow":"follow","max-snippet":"max-snippet:-1","max-image-preview":"max-image-preview:large","max-video-preview":"max-video-preview:-1"},"canonical":"https:\/\/www.parisselectbook.com\/en\/2025\/09\/12\/le-bar-du-balzac-the-chic-hot-spot-for-paris-fashion-week\/","og_locale":"en_US","og_type":"article","og_title":"Le Bar du Balzac: the chic hot spot for Paris Fashion Week","og_description":"Just a stone's throw from the Champs-\u00c9lys\u00e9es, H\u00f4tel Balzac unveils its bar, a confidential new venue for Fashion Week guests.","og_url":"https:\/\/www.parisselectbook.com\/en\/2025\/09\/12\/le-bar-du-balzac-the-chic-hot-spot-for-paris-fashion-week\/","og_site_name":"Paris Select","article_publisher":"https:\/\/www.facebook.com\/parisselect","article_published_time":"2025-09-12T09:00:00+00:00","article_modified_time":"2025-09-12T09:00:46+00:00","og_image":[{"width":1792,"height":1024,"url":"https:\/\/www.parisselectbook.com\/wp-content\/uploads\/2025\/09\/bar-Balzac-.jpg","type":"image\/jpeg"}],"author":"Paris Select Book","twitter_card":"summary_large_image","twitter_misc":{"Written by":"Paris Select Book","Est. reading time":"2 minutes"},"schema":{"@context":"https:\/\/schema.org","@graph":[{"@type":"Article","@id":"https:\/\/www.parisselectbook.com\/en\/2025\/09\/12\/le-bar-du-balzac-the-chic-hot-spot-for-paris-fashion-week\/#article","isPartOf":{"@id":"https:\/\/www.parisselectbook.com\/en\/2025\/09\/12\/le-bar-du-balzac-the-chic-hot-spot-for-paris-fashion-week\/"},"author":{"name":"Paris Select Book","@id":"https:\/\/www.parisselectbook.com\/en\/#\/schema\/person\/577a587b5e4edbba00885d4631b1cba7"},"headline":"Le Bar du Balzac: the chic hot spot for Paris Fashion Week","datePublished":"2025-09-12T09:00:00+00:00","dateModified":"2025-09-12T09:00:46+00:00","mainEntityOfPage":{"@id":"https:\/\/www.parisselectbook.com\/en\/2025\/09\/12\/le-bar-du-balzac-the-chic-hot-spot-for-paris-fashion-week\/"},"wordCount":454,"commentCount":0,"publisher":{"@id":"https:\/\/www.parisselectbook.com\/en\/#organization"},"image":{"@id":"https:\/\/www.parisselectbook.com\/en\/2025\/09\/12\/le-bar-du-balzac-the-chic-hot-spot-for-paris-fashion-week\/#primaryimage"},"thumbnailUrl":"https:\/\/www.parisselectbook.com\/wp-content\/uploads\/2025\/09\/bar-Balzac-.jpg","articleSection":["Bar","In Paris","Luxury Hotel"],"inLanguage":"en-US","potentialAction":[{"@type":"CommentAction","name":"Comment","target":["https:\/\/www.parisselectbook.com\/en\/2025\/09\/12\/le-bar-du-balzac-the-chic-hot-spot-for-paris-fashion-week\/#respond"]}]},{"@type":"WebPage","@id":"https:\/\/www.parisselectbook.com\/en\/2025\/09\/12\/le-bar-du-balzac-the-chic-hot-spot-for-paris-fashion-week\/","url":"https:\/\/www.parisselectbook.com\/en\/2025\/09\/12\/le-bar-du-balzac-the-chic-hot-spot-for-paris-fashion-week\/","name":"Le Bar du Balzac: the chic hot spot for Paris Fashion Week","isPartOf":{"@id":"https:\/\/www.parisselectbook.com\/en\/#website"},"primaryImageOfPage":{"@id":"https:\/\/www.parisselectbook.com\/en\/2025\/09\/12\/le-bar-du-balzac-the-chic-hot-spot-for-paris-fashion-week\/#primaryimage"},"image":{"@id":"https:\/\/www.parisselectbook.com\/en\/2025\/09\/12\/le-bar-du-balzac-the-chic-hot-spot-for-paris-fashion-week\/#primaryimage"},"thumbnailUrl":"https:\/\/www.parisselectbook.com\/wp-content\/uploads\/2025\/09\/bar-Balzac-.jpg","datePublished":"2025-09-12T09:00:00+00:00","dateModified":"2025-09-12T09:00:46+00:00","description":"Just a stone's throw from the Champs-\u00c9lys\u00e9es, H\u00f4tel Balzac unveils its bar, a confidential new venue for Fashion Week guests.","breadcrumb":{"@id":"https:\/\/www.parisselectbook.com\/en\/2025\/09\/12\/le-bar-du-balzac-the-chic-hot-spot-for-paris-fashion-week\/#breadcrumb"},"inLanguage":"en-US","potentialAction":[{"@type":"ReadAction","target":["https:\/\/www.parisselectbook.com\/en\/2025\/09\/12\/le-bar-du-balzac-the-chic-hot-spot-for-paris-fashion-week\/"]}]},{"@type":"ImageObject","inLanguage":"en-US","@id":"https:\/\/www.parisselectbook.com\/en\/2025\/09\/12\/le-bar-du-balzac-the-chic-hot-spot-for-paris-fashion-week\/#primaryimage","url":"https:\/\/www.parisselectbook.com\/wp-content\/uploads\/2025\/09\/bar-Balzac-.jpg","contentUrl":"https:\/\/www.parisselectbook.com\/wp-content\/uploads\/2025\/09\/bar-Balzac-.jpg","width":1792,"height":1024},{"@type":"BreadcrumbList","@id":"https:\/\/www.parisselectbook.com\/en\/2025\/09\/12\/le-bar-du-balzac-the-chic-hot-spot-for-paris-fashion-week\/#breadcrumb","itemListElement":[{"@type":"ListItem","position":1,"name":"Que faire \u00e0 Paris ?","item":"https:\/\/www.parisselectbook.com\/en\/category\/que-faire-a-paris-en\/"},{"@type":"ListItem","position":2,"name":"Le Bar du Balzac: the chic hot spot for Paris Fashion Week"}]},{"@type":"WebSite","@id":"https:\/\/www.parisselectbook.com\/en\/#website","url":"https:\/\/www.parisselectbook.com\/en\/","name":"Paris Select Book","description":"Le guide chic des Tendances Parisiennes","publisher":{"@id":"https:\/\/www.parisselectbook.com\/en\/#organization"},"potentialAction":[{"@type":"SearchAction","target":{"@type":"EntryPoint","urlTemplate":"https:\/\/www.parisselectbook.com\/en\/?s={search_term_string}"},"query-input":{"@type":"PropertyValueSpecification","valueRequired":true,"valueName":"search_term_string"}}],"inLanguage":"en-US"},{"@type":"Organization","@id":"https:\/\/www.parisselectbook.com\/en\/#organization","name":"Paris Select","url":"https:\/\/www.parisselectbook.com\/en\/","logo":{"@type":"ImageObject","inLanguage":"en-US","@id":"https:\/\/www.parisselectbook.com\/en\/#\/schema\/logo\/image\/","url":"https:\/\/www.parisselectbook.com\/wp-content\/uploads\/2024\/06\/logo-IG-TKTK-LK.png","contentUrl":"https:\/\/www.parisselectbook.com\/wp-content\/uploads\/2024\/06\/logo-IG-TKTK-LK.png","width":684,"height":665,"caption":"Paris Select"},"image":{"@id":"https:\/\/www.parisselectbook.com\/en\/#\/schema\/logo\/image\/"},"sameAs":["https:\/\/www.facebook.com\/parisselect","https:\/\/www.instagram.com\/parisselect\/","https:\/\/www.tiktok.com\/@parisselect"]},{"@type":"Person","@id":"https:\/\/www.parisselectbook.com\/en\/#\/schema\/person\/577a587b5e4edbba00885d4631b1cba7","name":"Paris Select Book"}]}},"_links":{"self":[{"href":"https:\/\/www.parisselectbook.com\/en\/wp-json\/wp\/v2\/posts\/187363","targetHints":{"allow":["GET"]}}],"collection":[{"href":"https:\/\/www.parisselectbook.com\/en\/wp-json\/wp\/v2\/posts"}],"about":[{"href":"https:\/\/www.parisselectbook.com\/en\/wp-json\/wp\/v2\/types\/post"}],"author":[{"embeddable":true,"href":"https:\/\/www.parisselectbook.com\/en\/wp-json\/wp\/v2\/users\/3"}],"replies":[{"embeddable":true,"href":"https:\/\/www.parisselectbook.com\/en\/wp-json\/wp\/v2\/comments?post=187363"}],"version-history":[{"count":1,"href":"https:\/\/www.parisselectbook.com\/en\/wp-json\/wp\/v2\/posts\/187363\/revisions"}],"predecessor-version":[{"id":187364,"href":"https:\/\/www.parisselectbook.com\/en\/wp-json\/wp\/v2\/posts\/187363\/revisions\/187364"}],"wp:featuredmedia":[{"embeddable":true,"href":"https:\/\/www.parisselectbook.com\/en\/wp-json\/wp\/v2\/media\/187282"}],"wp:attachment":[{"href":"https:\/\/www.parisselectbook.com\/en\/wp-json\/wp\/v2\/media?parent=187363"}],"wp:term":[{"taxonomy":"category","embeddable":true,"href":"https:\/\/www.parisselectbook.com\/en\/wp-json\/wp\/v2\/categories?post=187363"},{"taxonomy":"post_tag","embeddable":true,"href":"https:\/\/www.parisselectbook.com\/en\/wp-json\/wp\/v2\/tags?post=187363"},{"taxonomy":"quartier","embeddable":true,"href":"https:\/\/www.parisselectbook.com\/en\/wp-json\/wp\/v2\/quartier?post=187363"}],"curies":[{"name":"wp","href":"https:\/\/api.w.org\/{rel}","templated":true}]}}