{"id":187489,"date":"2025-09-13T17:01:00","date_gmt":"2025-09-13T15:01:00","guid":{"rendered":"https:\/\/www.parisselectbook.com\/2025\/09\/13\/paris-celebrates-art-deco-with-an-immersive-exhibition-from-october-2025\/"},"modified":"2025-09-13T17:01:17","modified_gmt":"2025-09-13T15:01:17","slug":"paris-celebrates-art-deco-with-an-immersive-exhibition-from-october-2025","status":"publish","type":"post","link":"https:\/\/www.parisselectbook.com\/en\/2025\/09\/13\/paris-celebrates-art-deco-with-an-immersive-exhibition-from-october-2025\/","title":{"rendered":"Paris celebrates Art Deco with an immersive exhibition from October 2025"},"content":{"rendered":"\n<p><strong>The Mus\u00e9e des Arts D\u00e9coratifs<\/strong> is preparing a flagship event: the immersive exhibition &#8220;1925-2025, Cent ans d&#8217;Art d\u00e9co&#8221;, scheduled to run from October 22, 2025 to April 26, 2026. Over <strong>1,000 works<\/strong> will be on display, combining the heritage of the Roaring Twenties with contemporary creations. The partnership with <strong>Orient Express<\/strong> promises a spectacular scenography unique in Paris.  <\/p>\n\n<h2 class=\"wp-block-heading\">A historic tribute to 1925<\/h2>\n\n<p>The <strong>Mus\u00e9e des Arts D\u00e9coratifs<\/strong> revisits the 1925 Exposition Internationale, the founding moment of<strong>Art Deco<\/strong>. Nearly one hundred years later, Paris is highlighting this heritage by reinterpreting it through a contemporary scenography. The event promises to be one of the most eagerly awaited of autumn 2025.  <\/p>\n\n<p>Over <strong>1,000 pieces<\/strong> will be on display, including furniture by Ruhlmann, monumental screens by Jean Dunand and refined jewelry by Eileen Gray. Each room immerses visitors in the luxurious, geometric elegance of the Art Deco style. Visitors will experience a true visual and sensory voyage.  <\/p>\n\n<p>To prepare their visit, visitors can draw inspiration from the <a href=\"https:\/\/www.parisselectbook.com\/en\/tag\/que-faire-a-paris-en\/\">What to do in Paris<\/a> section, rich in cultural ideas. The centenary of the Art Deco movement makes Paris the world capital of Art Deco in 2025. The event testifies to the exceptional vitality of Parisian museums.  <\/p>\n\n<h3 class=\"wp-block-heading\">Immersive scenography<\/h3>\n\n<p>The scenography designed by <strong>Maxime d&#8217;Angeac<\/strong> invites visitors to relive the &#8220;Roaring Twenties&#8221;. An authentic compartment of the Orient Express will be displayed alongside three life-size prototypes of its future design. The idea is to link the glamour of 1925 with the engineering of the 21st century.  <\/p>\n\n<p>Settings include luxurious salons, modernist boutiques and retro-futuristic storefronts. The experience plunges you into an era of cultural dynamism and architectural innovation. Paris confirms its position as the world&#8217;s capital of luxury and creativity.  <\/p>\n\n<p>Throughout the exhibition, visitors can appreciate the global impact of<strong>Art Deco<\/strong>. From New York to Tokyo, this style has left its mark on modern design and remains a source of inspiration for today&#8217;s designers. Interactive installations promise to appeal to all audiences.  <\/p>\n\n<h2 class=\"wp-block-heading\">A landmark Orient Express partnership<\/h2>\n\n<p>The involvement of the <strong>Accor group<\/strong> through Orient Express gives the exhibition a unique international dimension. The rebirth of the legendary train will be presented as a current example of durability and daring. This choice underlines the extent to which the Art Deco style still inspires modernity.  <\/p>\n\n<p>Orient Express will unveil a preview of models and illustrations of its future service, in dialogue with historical archives. This confrontation highlights a century of innovation, from 1925 to 2025. It perfectly illustrates the continuity of French know-how.  <\/p>\n\n<p>Visitors can admire a reinterpreted cabin, the work of <strong>Maxime d&#8217;Angeac<\/strong>. This reconstruction is one of the focal points of the exhibition. A successful gamble for MAD, combining heritage and future.  <\/p>\n\n<p>Paris&#8217; role as a creative hub is once again confirmed. Fashion, design and architecture respond to each other. The 2025 program echoes the <a href=\"https:\/\/parisselectbook.com\/2025\/09\/09\/le-defile-loreal-paris-2025-sinstalle-devant-lhotel-de-ville\/\">L&#8217;Or\u00e9al Paris fashion show in front of the H\u00f4tel de Ville<\/a>, another highlight of this cultural autumn.  <\/p>\n\n<blockquote class=\"wp-block-quote is-layout-flow wp-block-quote-is-layout-flow\">\n<p>&#8220;This exhibition invites us to rethink Art Deco as an ever-fertile source of creation and innovation.&#8221; &#8211; Mus\u00e9e des Arts D\u00e9coratifs, 2025<\/p>\n<\/blockquote>\n\n<h3 class=\"wp-block-heading\">A dialogue between past and present<\/h3>\n\n<p>The centenary brings together great figures such as <strong>Jacques-\u00c9mile Ruhlmann<\/strong> and contemporary designers such as <strong>Jacques Grange<\/strong>. It shows just how much influence the style still has on today&#8217;s fashion and design. This meeting of heritage and modernity offers a new perspective for each generation.  <\/p>\n\n<p>The museum also aims to illustrate the global spread of Art Deco through the decades. Posters by <strong>Yves Saint Laurent<\/strong> recall how the style found a second life in couture. A global panorama that reinforces the site&#8217;s tourist appeal.  <\/p>\n\n<p>The program also includes conferences and satellite events. MAD offers a complete experience, combining education and aesthetic emotion. To enrich the experience, visitors can also consult the <a href=\"https:\/\/www.parisselectbook.com\/en\/category\/news-du-luxe-en\/\">Luxury News<\/a> section.  <\/p>\n\n<blockquote class=\"wp-block-quote is-layout-flow wp-block-quote-is-layout-flow\">\n<p>&#8220;Orient Express transcends time, combining excellence, elegance and meaning.&#8221; &#8211; S\u00e9bastien Bazin, CEO Accor, 2025<\/p>\n<\/blockquote>\n\n<h2 class=\"wp-block-heading\">A key event in Paris autumn<\/h2>\n\n<p>This exhibition confirms Paris as the cultural capital of 2025. Beyond the museum, the whole city is alive with events marking the start of the artistic season. The entrance fee of <strong>15 euros<\/strong> makes the experience accessible, with free admission for under-26s.    <\/p>\n\n<p>A cultural policy aligned with openness to a wide audience. Public and private players join forces to strengthen Paris&#8217;s artistic vitality. The MAD illustrates the complementary relationship between heritage and contemporary creation. This choice is already winning over Art Deco enthusiasts and specialists.     <\/p>\n\n<p>From the Orient Express to fashion icons, the program blends collective imagination with a vision of tomorrow. The 2025 season promises to be one of the richest ever for lovers of culture and modern design. The outlook is for strong attendance.    <\/p>\n","protected":false},"excerpt":{"rendered":"<p>The Mus\u00e9e des Arts D\u00e9coratifs is preparing a flagship event: the immersive exhibition &#8220;1925-2025, Cent ans d&#8217;Art d\u00e9co&#8221;, scheduled to run from October 22, 2025&#8230;<\/p>\n","protected":false},"author":1,"featured_media":187473,"comment_status":"open","ping_status":"closed","sticky":false,"template":"","format":"standard","meta":{"_acf_changed":false,"footnotes":""},"categories":[2687],"tags":[],"quartier":[2309,2238,2251,2220],"class_list":["post-187489","post","type-post","status-publish","format-standard","has-post-thumbnail","hentry","category-que-faire-a-paris-en","quartier-paris-11-en","quartier-paris-7-en","quartier-paris-8-en","quartier-paris-9-en"],"acf":[],"yoast_head":"<!-- This site is optimized with the Yoast SEO plugin v27.5 - https:\/\/yoast.com\/product\/yoast-seo-wordpress\/ -->\n<title>Paris celebrates Art Deco with an immersive exhibition from October 2025<\/title>\n<meta name=\"description\" content=\"MAD celebrates 100 years of Art Deco from October 2025 with over 1,000 works and a spectacular Orient Express.\" \/>\n<meta name=\"robots\" content=\"index, follow, max-snippet:-1, max-image-preview:large, max-video-preview:-1\" \/>\n<link rel=\"canonical\" href=\"https:\/\/www.parisselectbook.com\/en\/2025\/09\/13\/paris-celebrates-art-deco-with-an-immersive-exhibition-from-october-2025\/\" \/>\n<meta property=\"og:locale\" content=\"en_US\" \/>\n<meta property=\"og:type\" content=\"article\" \/>\n<meta property=\"og:title\" content=\"Paris celebrates Art Deco with an immersive exhibition from October 2025\" \/>\n<meta property=\"og:description\" content=\"MAD celebrates 100 years of Art Deco from October 2025 with over 1,000 works and a spectacular Orient Express.\" \/>\n<meta property=\"og:url\" content=\"https:\/\/www.parisselectbook.com\/en\/2025\/09\/13\/paris-celebrates-art-deco-with-an-immersive-exhibition-from-october-2025\/\" \/>\n<meta property=\"og:site_name\" content=\"Paris Select\" \/>\n<meta property=\"article:publisher\" content=\"https:\/\/www.facebook.com\/parisselect\" \/>\n<meta property=\"article:published_time\" content=\"2025-09-13T15:01:00+00:00\" \/>\n<meta property=\"article:modified_time\" content=\"2025-09-13T15:01:17+00:00\" \/>\n<meta property=\"og:image\" content=\"https:\/\/www.parisselectbook.com\/wp-content\/uploads\/2025\/09\/Paris-celebre-lArt-deco-avec-une-expo-immersive-des-octobre-2025.jpg\" \/>\n\t<meta property=\"og:image:width\" content=\"2000\" \/>\n\t<meta property=\"og:image:height\" content=\"1334\" \/>\n\t<meta property=\"og:image:type\" content=\"image\/jpeg\" \/>\n<meta name=\"author\" content=\"Mika\" \/>\n<meta name=\"twitter:card\" content=\"summary_large_image\" \/>\n<meta name=\"twitter:label1\" content=\"Written by\" \/>\n\t<meta name=\"twitter:data1\" content=\"Mika\" \/>\n\t<meta name=\"twitter:label2\" content=\"Est. reading time\" \/>\n\t<meta name=\"twitter:data2\" content=\"4 minutes\" \/>\n<script type=\"application\/ld+json\" class=\"yoast-schema-graph\">{\"@context\":\"https:\\\/\\\/schema.org\",\"@graph\":[{\"@type\":\"Article\",\"@id\":\"https:\\\/\\\/www.parisselectbook.com\\\/en\\\/2025\\\/09\\\/13\\\/paris-celebrates-art-deco-with-an-immersive-exhibition-from-october-2025\\\/#article\",\"isPartOf\":{\"@id\":\"https:\\\/\\\/www.parisselectbook.com\\\/en\\\/2025\\\/09\\\/13\\\/paris-celebrates-art-deco-with-an-immersive-exhibition-from-october-2025\\\/\"},\"author\":{\"name\":\"Mika\",\"@id\":\"https:\\\/\\\/www.parisselectbook.com\\\/en\\\/#\\\/schema\\\/person\\\/ae0ab7e54988ed17145c54a985e7241f\"},\"headline\":\"Paris celebrates Art Deco with an immersive exhibition from October 2025\",\"datePublished\":\"2025-09-13T15:01:00+00:00\",\"dateModified\":\"2025-09-13T15:01:17+00:00\",\"mainEntityOfPage\":{\"@id\":\"https:\\\/\\\/www.parisselectbook.com\\\/en\\\/2025\\\/09\\\/13\\\/paris-celebrates-art-deco-with-an-immersive-exhibition-from-october-2025\\\/\"},\"wordCount\":788,\"commentCount\":0,\"publisher\":{\"@id\":\"https:\\\/\\\/www.parisselectbook.com\\\/en\\\/#organization\"},\"image\":{\"@id\":\"https:\\\/\\\/www.parisselectbook.com\\\/en\\\/2025\\\/09\\\/13\\\/paris-celebrates-art-deco-with-an-immersive-exhibition-from-october-2025\\\/#primaryimage\"},\"thumbnailUrl\":\"https:\\\/\\\/www.parisselectbook.com\\\/wp-content\\\/uploads\\\/2025\\\/09\\\/Paris-celebre-lArt-deco-avec-une-expo-immersive-des-octobre-2025.jpg\",\"articleSection\":[\"Que faire \u00e0 Paris ?\"],\"inLanguage\":\"en-US\",\"potentialAction\":[{\"@type\":\"CommentAction\",\"name\":\"Comment\",\"target\":[\"https:\\\/\\\/www.parisselectbook.com\\\/en\\\/2025\\\/09\\\/13\\\/paris-celebrates-art-deco-with-an-immersive-exhibition-from-october-2025\\\/#respond\"]}]},{\"@type\":\"WebPage\",\"@id\":\"https:\\\/\\\/www.parisselectbook.com\\\/en\\\/2025\\\/09\\\/13\\\/paris-celebrates-art-deco-with-an-immersive-exhibition-from-october-2025\\\/\",\"url\":\"https:\\\/\\\/www.parisselectbook.com\\\/en\\\/2025\\\/09\\\/13\\\/paris-celebrates-art-deco-with-an-immersive-exhibition-from-october-2025\\\/\",\"name\":\"Paris celebrates Art Deco with an immersive exhibition from October 2025\",\"isPartOf\":{\"@id\":\"https:\\\/\\\/www.parisselectbook.com\\\/en\\\/#website\"},\"primaryImageOfPage\":{\"@id\":\"https:\\\/\\\/www.parisselectbook.com\\\/en\\\/2025\\\/09\\\/13\\\/paris-celebrates-art-deco-with-an-immersive-exhibition-from-october-2025\\\/#primaryimage\"},\"image\":{\"@id\":\"https:\\\/\\\/www.parisselectbook.com\\\/en\\\/2025\\\/09\\\/13\\\/paris-celebrates-art-deco-with-an-immersive-exhibition-from-october-2025\\\/#primaryimage\"},\"thumbnailUrl\":\"https:\\\/\\\/www.parisselectbook.com\\\/wp-content\\\/uploads\\\/2025\\\/09\\\/Paris-celebre-lArt-deco-avec-une-expo-immersive-des-octobre-2025.jpg\",\"datePublished\":\"2025-09-13T15:01:00+00:00\",\"dateModified\":\"2025-09-13T15:01:17+00:00\",\"description\":\"MAD celebrates 100 years of Art Deco from October 2025 with over 1,000 works and a spectacular Orient Express.\",\"breadcrumb\":{\"@id\":\"https:\\\/\\\/www.parisselectbook.com\\\/en\\\/2025\\\/09\\\/13\\\/paris-celebrates-art-deco-with-an-immersive-exhibition-from-october-2025\\\/#breadcrumb\"},\"inLanguage\":\"en-US\",\"potentialAction\":[{\"@type\":\"ReadAction\",\"target\":[\"https:\\\/\\\/www.parisselectbook.com\\\/en\\\/2025\\\/09\\\/13\\\/paris-celebrates-art-deco-with-an-immersive-exhibition-from-october-2025\\\/\"]}]},{\"@type\":\"ImageObject\",\"inLanguage\":\"en-US\",\"@id\":\"https:\\\/\\\/www.parisselectbook.com\\\/en\\\/2025\\\/09\\\/13\\\/paris-celebrates-art-deco-with-an-immersive-exhibition-from-october-2025\\\/#primaryimage\",\"url\":\"https:\\\/\\\/www.parisselectbook.com\\\/wp-content\\\/uploads\\\/2025\\\/09\\\/Paris-celebre-lArt-deco-avec-une-expo-immersive-des-octobre-2025.jpg\",\"contentUrl\":\"https:\\\/\\\/www.parisselectbook.com\\\/wp-content\\\/uploads\\\/2025\\\/09\\\/Paris-celebre-lArt-deco-avec-une-expo-immersive-des-octobre-2025.jpg\",\"width\":2000,\"height\":1334,\"caption\":\"Droits d'auteur : Thierry Hugon http:\\\/\\\/www.thierryhugon.com\"},{\"@type\":\"BreadcrumbList\",\"@id\":\"https:\\\/\\\/www.parisselectbook.com\\\/en\\\/2025\\\/09\\\/13\\\/paris-celebrates-art-deco-with-an-immersive-exhibition-from-october-2025\\\/#breadcrumb\",\"itemListElement\":[{\"@type\":\"ListItem\",\"position\":1,\"name\":\"Que faire \u00e0 Paris ?\",\"item\":\"https:\\\/\\\/www.parisselectbook.com\\\/en\\\/category\\\/que-faire-a-paris-en\\\/\"},{\"@type\":\"ListItem\",\"position\":2,\"name\":\"Paris celebrates Art Deco with an immersive exhibition from October 2025\"}]},{\"@type\":\"WebSite\",\"@id\":\"https:\\\/\\\/www.parisselectbook.com\\\/en\\\/#website\",\"url\":\"https:\\\/\\\/www.parisselectbook.com\\\/en\\\/\",\"name\":\"Paris Select Book\",\"description\":\"Le guide chic des Tendances Parisiennes\",\"publisher\":{\"@id\":\"https:\\\/\\\/www.parisselectbook.com\\\/en\\\/#organization\"},\"potentialAction\":[{\"@type\":\"SearchAction\",\"target\":{\"@type\":\"EntryPoint\",\"urlTemplate\":\"https:\\\/\\\/www.parisselectbook.com\\\/en\\\/?s={search_term_string}\"},\"query-input\":{\"@type\":\"PropertyValueSpecification\",\"valueRequired\":true,\"valueName\":\"search_term_string\"}}],\"inLanguage\":\"en-US\"},{\"@type\":\"Organization\",\"@id\":\"https:\\\/\\\/www.parisselectbook.com\\\/en\\\/#organization\",\"name\":\"Paris Select\",\"url\":\"https:\\\/\\\/www.parisselectbook.com\\\/en\\\/\",\"logo\":{\"@type\":\"ImageObject\",\"inLanguage\":\"en-US\",\"@id\":\"https:\\\/\\\/www.parisselectbook.com\\\/en\\\/#\\\/schema\\\/logo\\\/image\\\/\",\"url\":\"https:\\\/\\\/www.parisselectbook.com\\\/wp-content\\\/uploads\\\/2024\\\/06\\\/logo-IG-TKTK-LK.png\",\"contentUrl\":\"https:\\\/\\\/www.parisselectbook.com\\\/wp-content\\\/uploads\\\/2024\\\/06\\\/logo-IG-TKTK-LK.png\",\"width\":684,\"height\":665,\"caption\":\"Paris Select\"},\"image\":{\"@id\":\"https:\\\/\\\/www.parisselectbook.com\\\/en\\\/#\\\/schema\\\/logo\\\/image\\\/\"},\"sameAs\":[\"https:\\\/\\\/www.facebook.com\\\/parisselect\",\"https:\\\/\\\/www.instagram.com\\\/parisselect\\\/\",\"https:\\\/\\\/www.tiktok.com\\\/@parisselect\"]},{\"@type\":\"Person\",\"@id\":\"https:\\\/\\\/www.parisselectbook.com\\\/en\\\/#\\\/schema\\\/person\\\/ae0ab7e54988ed17145c54a985e7241f\",\"name\":\"Mika\",\"sameAs\":[\"https:\\\/\\\/www.parisselectbook.com\"]}]}<\/script>\n<!-- \/ Yoast SEO plugin. -->","yoast_head_json":{"title":"Paris celebrates Art Deco with an immersive exhibition from October 2025","description":"MAD celebrates 100 years of Art Deco from October 2025 with over 1,000 works and a spectacular Orient Express.","robots":{"index":"index","follow":"follow","max-snippet":"max-snippet:-1","max-image-preview":"max-image-preview:large","max-video-preview":"max-video-preview:-1"},"canonical":"https:\/\/www.parisselectbook.com\/en\/2025\/09\/13\/paris-celebrates-art-deco-with-an-immersive-exhibition-from-october-2025\/","og_locale":"en_US","og_type":"article","og_title":"Paris celebrates Art Deco with an immersive exhibition from October 2025","og_description":"MAD celebrates 100 years of Art Deco from October 2025 with over 1,000 works and a spectacular Orient Express.","og_url":"https:\/\/www.parisselectbook.com\/en\/2025\/09\/13\/paris-celebrates-art-deco-with-an-immersive-exhibition-from-october-2025\/","og_site_name":"Paris Select","article_publisher":"https:\/\/www.facebook.com\/parisselect","article_published_time":"2025-09-13T15:01:00+00:00","article_modified_time":"2025-09-13T15:01:17+00:00","og_image":[{"width":2000,"height":1334,"url":"https:\/\/www.parisselectbook.com\/wp-content\/uploads\/2025\/09\/Paris-celebre-lArt-deco-avec-une-expo-immersive-des-octobre-2025.jpg","type":"image\/jpeg"}],"author":"Mika","twitter_card":"summary_large_image","twitter_misc":{"Written by":"Mika","Est. reading time":"4 minutes"},"schema":{"@context":"https:\/\/schema.org","@graph":[{"@type":"Article","@id":"https:\/\/www.parisselectbook.com\/en\/2025\/09\/13\/paris-celebrates-art-deco-with-an-immersive-exhibition-from-october-2025\/#article","isPartOf":{"@id":"https:\/\/www.parisselectbook.com\/en\/2025\/09\/13\/paris-celebrates-art-deco-with-an-immersive-exhibition-from-october-2025\/"},"author":{"name":"Mika","@id":"https:\/\/www.parisselectbook.com\/en\/#\/schema\/person\/ae0ab7e54988ed17145c54a985e7241f"},"headline":"Paris celebrates Art Deco with an immersive exhibition from October 2025","datePublished":"2025-09-13T15:01:00+00:00","dateModified":"2025-09-13T15:01:17+00:00","mainEntityOfPage":{"@id":"https:\/\/www.parisselectbook.com\/en\/2025\/09\/13\/paris-celebrates-art-deco-with-an-immersive-exhibition-from-october-2025\/"},"wordCount":788,"commentCount":0,"publisher":{"@id":"https:\/\/www.parisselectbook.com\/en\/#organization"},"image":{"@id":"https:\/\/www.parisselectbook.com\/en\/2025\/09\/13\/paris-celebrates-art-deco-with-an-immersive-exhibition-from-october-2025\/#primaryimage"},"thumbnailUrl":"https:\/\/www.parisselectbook.com\/wp-content\/uploads\/2025\/09\/Paris-celebre-lArt-deco-avec-une-expo-immersive-des-octobre-2025.jpg","articleSection":["Que faire \u00e0 Paris ?"],"inLanguage":"en-US","potentialAction":[{"@type":"CommentAction","name":"Comment","target":["https:\/\/www.parisselectbook.com\/en\/2025\/09\/13\/paris-celebrates-art-deco-with-an-immersive-exhibition-from-october-2025\/#respond"]}]},{"@type":"WebPage","@id":"https:\/\/www.parisselectbook.com\/en\/2025\/09\/13\/paris-celebrates-art-deco-with-an-immersive-exhibition-from-october-2025\/","url":"https:\/\/www.parisselectbook.com\/en\/2025\/09\/13\/paris-celebrates-art-deco-with-an-immersive-exhibition-from-october-2025\/","name":"Paris celebrates Art Deco with an immersive exhibition from October 2025","isPartOf":{"@id":"https:\/\/www.parisselectbook.com\/en\/#website"},"primaryImageOfPage":{"@id":"https:\/\/www.parisselectbook.com\/en\/2025\/09\/13\/paris-celebrates-art-deco-with-an-immersive-exhibition-from-october-2025\/#primaryimage"},"image":{"@id":"https:\/\/www.parisselectbook.com\/en\/2025\/09\/13\/paris-celebrates-art-deco-with-an-immersive-exhibition-from-october-2025\/#primaryimage"},"thumbnailUrl":"https:\/\/www.parisselectbook.com\/wp-content\/uploads\/2025\/09\/Paris-celebre-lArt-deco-avec-une-expo-immersive-des-octobre-2025.jpg","datePublished":"2025-09-13T15:01:00+00:00","dateModified":"2025-09-13T15:01:17+00:00","description":"MAD celebrates 100 years of Art Deco from October 2025 with over 1,000 works and a spectacular Orient Express.","breadcrumb":{"@id":"https:\/\/www.parisselectbook.com\/en\/2025\/09\/13\/paris-celebrates-art-deco-with-an-immersive-exhibition-from-october-2025\/#breadcrumb"},"inLanguage":"en-US","potentialAction":[{"@type":"ReadAction","target":["https:\/\/www.parisselectbook.com\/en\/2025\/09\/13\/paris-celebrates-art-deco-with-an-immersive-exhibition-from-october-2025\/"]}]},{"@type":"ImageObject","inLanguage":"en-US","@id":"https:\/\/www.parisselectbook.com\/en\/2025\/09\/13\/paris-celebrates-art-deco-with-an-immersive-exhibition-from-october-2025\/#primaryimage","url":"https:\/\/www.parisselectbook.com\/wp-content\/uploads\/2025\/09\/Paris-celebre-lArt-deco-avec-une-expo-immersive-des-octobre-2025.jpg","contentUrl":"https:\/\/www.parisselectbook.com\/wp-content\/uploads\/2025\/09\/Paris-celebre-lArt-deco-avec-une-expo-immersive-des-octobre-2025.jpg","width":2000,"height":1334,"caption":"Droits d'auteur : Thierry Hugon http:\/\/www.thierryhugon.com"},{"@type":"BreadcrumbList","@id":"https:\/\/www.parisselectbook.com\/en\/2025\/09\/13\/paris-celebrates-art-deco-with-an-immersive-exhibition-from-october-2025\/#breadcrumb","itemListElement":[{"@type":"ListItem","position":1,"name":"Que faire \u00e0 Paris ?","item":"https:\/\/www.parisselectbook.com\/en\/category\/que-faire-a-paris-en\/"},{"@type":"ListItem","position":2,"name":"Paris celebrates Art Deco with an immersive exhibition from October 2025"}]},{"@type":"WebSite","@id":"https:\/\/www.parisselectbook.com\/en\/#website","url":"https:\/\/www.parisselectbook.com\/en\/","name":"Paris Select Book","description":"Le guide chic des Tendances Parisiennes","publisher":{"@id":"https:\/\/www.parisselectbook.com\/en\/#organization"},"potentialAction":[{"@type":"SearchAction","target":{"@type":"EntryPoint","urlTemplate":"https:\/\/www.parisselectbook.com\/en\/?s={search_term_string}"},"query-input":{"@type":"PropertyValueSpecification","valueRequired":true,"valueName":"search_term_string"}}],"inLanguage":"en-US"},{"@type":"Organization","@id":"https:\/\/www.parisselectbook.com\/en\/#organization","name":"Paris Select","url":"https:\/\/www.parisselectbook.com\/en\/","logo":{"@type":"ImageObject","inLanguage":"en-US","@id":"https:\/\/www.parisselectbook.com\/en\/#\/schema\/logo\/image\/","url":"https:\/\/www.parisselectbook.com\/wp-content\/uploads\/2024\/06\/logo-IG-TKTK-LK.png","contentUrl":"https:\/\/www.parisselectbook.com\/wp-content\/uploads\/2024\/06\/logo-IG-TKTK-LK.png","width":684,"height":665,"caption":"Paris Select"},"image":{"@id":"https:\/\/www.parisselectbook.com\/en\/#\/schema\/logo\/image\/"},"sameAs":["https:\/\/www.facebook.com\/parisselect","https:\/\/www.instagram.com\/parisselect\/","https:\/\/www.tiktok.com\/@parisselect"]},{"@type":"Person","@id":"https:\/\/www.parisselectbook.com\/en\/#\/schema\/person\/ae0ab7e54988ed17145c54a985e7241f","name":"Mika","sameAs":["https:\/\/www.parisselectbook.com"]}]}},"_links":{"self":[{"href":"https:\/\/www.parisselectbook.com\/en\/wp-json\/wp\/v2\/posts\/187489","targetHints":{"allow":["GET"]}}],"collection":[{"href":"https:\/\/www.parisselectbook.com\/en\/wp-json\/wp\/v2\/posts"}],"about":[{"href":"https:\/\/www.parisselectbook.com\/en\/wp-json\/wp\/v2\/types\/post"}],"author":[{"embeddable":true,"href":"https:\/\/www.parisselectbook.com\/en\/wp-json\/wp\/v2\/users\/1"}],"replies":[{"embeddable":true,"href":"https:\/\/www.parisselectbook.com\/en\/wp-json\/wp\/v2\/comments?post=187489"}],"version-history":[{"count":1,"href":"https:\/\/www.parisselectbook.com\/en\/wp-json\/wp\/v2\/posts\/187489\/revisions"}],"predecessor-version":[{"id":187490,"href":"https:\/\/www.parisselectbook.com\/en\/wp-json\/wp\/v2\/posts\/187489\/revisions\/187490"}],"wp:featuredmedia":[{"embeddable":true,"href":"https:\/\/www.parisselectbook.com\/en\/wp-json\/wp\/v2\/media\/187473"}],"wp:attachment":[{"href":"https:\/\/www.parisselectbook.com\/en\/wp-json\/wp\/v2\/media?parent=187489"}],"wp:term":[{"taxonomy":"category","embeddable":true,"href":"https:\/\/www.parisselectbook.com\/en\/wp-json\/wp\/v2\/categories?post=187489"},{"taxonomy":"post_tag","embeddable":true,"href":"https:\/\/www.parisselectbook.com\/en\/wp-json\/wp\/v2\/tags?post=187489"},{"taxonomy":"quartier","embeddable":true,"href":"https:\/\/www.parisselectbook.com\/en\/wp-json\/wp\/v2\/quartier?post=187489"}],"curies":[{"name":"wp","href":"https:\/\/api.w.org\/{rel}","templated":true}]}}