{"id":190868,"date":"2025-10-09T10:02:09","date_gmt":"2025-10-09T08:02:09","guid":{"rendered":"https:\/\/www.parisselectbook.com\/2025\/10\/09\/orson-welles-at-the-cinematheque-francaise-the-major-my-name-is-orson-welles-exhibition-opens-in-paris\/"},"modified":"2025-10-09T10:02:09","modified_gmt":"2025-10-09T08:02:09","slug":"orson-welles-at-the-cinematheque-francaise-the-major-my-name-is-orson-welles-exhibition-opens-in-paris","status":"publish","type":"post","link":"https:\/\/www.parisselectbook.com\/en\/2025\/10\/09\/orson-welles-at-the-cinematheque-francaise-the-major-my-name-is-orson-welles-exhibition-opens-in-paris\/","title":{"rendered":"Orson Welles at the Cin\u00e9math\u00e8que fran\u00e7aise: the major My Name Is Orson Welles exhibition opens in Paris"},"content":{"rendered":"<p>In Paris, the <a href=\"https:\/\/www.parisselectbook.com\/en\/2025\/03\/03\/wes-anderson-retrospective-at-the-cinematheque-de-paris\/\" target=\"_blank\" rel=\"noopener\">Cin\u00e9math\u00e8que<\/a> fran\u00e7aise is devoting a major tribute exhibition to Orson Welles. The exhibition promises to be sensitive and well-documented, with rare archives, images and sounds. In this way, everyone can measure the filmmaker&#8217;s imprint on the creation of yesterday and today.  <\/p>\n<h2>Why Orson Welles still fascinates<\/h2>\n<p>The <a href=\"https:\/\/www.parisselectbook.com\/en\/2025\/10\/02\/in-paris-a-literary-autumn-around-marcel-proust-at-hotel-litteraire-le-swann\/\" target=\"_blank\" rel=\"noopener\">filmmaker<\/a> has marked the history of the medium with his freedom of tone and form. What&#8217;s more, his work blends theater, radio and cinema with unique ease. Here, the Cin\u00e9math\u00e8que fran\u00e7aise offers a chronological and thematic overview, accessible to all. Step by step, the public learns how an artist invents his own rules.   <\/p>\n<p>The title of the <a href=\"https:\/\/www.parisselectbook.com\/en\/2025\/09\/23\/jacquemus-transforms-paris-with-myths-exhibition\/\" target=\"_blank\" rel=\"noopener\">exhibition<\/a>, <strong>&#8220;My Name is Orson Welles&#8221;,<\/strong> announces a direct face-to-face encounter with the work. Excerpts, photos from the shoot and preparatory materials are on display. As a result, creation can be read from a human perspective, from the first ideas to the finished film. Visitors build their own red thread, without unnecessary jargon.   <\/p>\n<p>The itinerary recalls familiar milestones, but also opens less expected doors. On the other hand, the scenography emphasizes gesture and voice, placing the artist at the center. This <g id=\"gid_0\">approach<\/g> suits both novices and curious cinephiles. It also makes you want to see the films again.   <\/p>\n<blockquote><p>&#8220;In Paris, the Cin\u00e9math\u00e8que celebrates a giant of the <a href=\"https:\/\/www.parisselectbook.com\/en\/2025\/09\/24\/claudia-cardinale-icon-of-italian-cinema-dies-aged-87\/\" target=\"_blank\" rel=\"noopener\">cinema<\/a>, bringing his work to the eye and ear.<\/p><\/blockquote>\n<h3>A living tribute to Orson Welles, designed for the visitor<\/h3>\n<p>Here, the material breathes and tells the story of a very real adventure. Documents are not static: they interact with projections and sounds. The labels are clear, with reference to dates and places. You&#8217;ll quickly get your bearings, even on a first visit.   <\/p>\n<p>Cycles of screenings or meetings often accompany this type of event. In addition, the mediation team is happy to answer any questions you may have. You can adapt the duration of your visit to suit your own pace and interests. Sometimes a break is in order, as the abundance of details deserves time to decant.   <\/p>\n<ul>\n<li>Check the days and times before you come.<\/li>\n<li>Plan a large slot at the end of the day.<\/li>\n<li>Find out about any related projections.<\/li>\n<li>See bag and changing room instructions.<\/li>\n<li>Find the nearest transport access.<\/li>\n<\/ul>\n<h2>Understanding Orson Welles<\/h2>\n<p>His adventure began early on in the theater, then on radio with the <strong>Mercury Theatre<\/strong>. In <strong>1938<\/strong>, his adaptation of <em>The War of the Worlds<\/em> was a milestone. His mastery of sound storytelling was to become a lasting signature. This experience influenced the rest of his career.   <\/p>\n<p>In Hollywood, <em>Citizen Kane<\/em>, released in <strong>1941<\/strong>, transformed the visual language. The work on depth of field, conceived with Gregg Toland, remains a benchmark. What&#8217;s more, the film&#8217;s montage and fragmented narrative influenced several generations of filmmakers. Echoes of this can still be seen in today&#8217;s images.   <\/p>\n<p>Later, <em>Touch of Evil<\/em><strong>(1958<\/strong>) and <em>F for Fake<\/em><strong>(1973)<\/strong> reveal his experimental vein. As a result, the boundary between fiction and document becomes porous. The artist plays with voice-over, performance and mise en abyme. This boldness feeds the exhibition, which emphasizes the impetus for invention.   <\/p>\n<h3>Useful resources to extend your Orson Welles visit<\/h3>\n<p>An exhibition catalog is often available, with iconography and essays. Public lectures and podcasts are also available for further study. The excerpts screened provide hints on how to watch the films again in the right conditions. In short, everyone can build their own critical toolbox.   <\/p>\n<p>Mediation devices help to link the works to their contexts. In addition, thematic focuses shed light on key collaborations, both in front of and behind the camera. This method gives substance to technical, aesthetic and political choices. It places Orson Welles in a living network of artists and producers.   <\/p>\n<h2>Practical tips for a smooth experience<\/h2>\n<p>Arrive a few minutes early, especially on weekends and public holidays. And reserve a slot if the number of visitors is limited. An effective visit often lasts between <g id=\"gid_0\">60<\/g> and <g id=\"gid_1\">90 minutes<\/g>, depending on your appetite for detail. You can, of course, extend your visit with an indoor session if the program lends itself to this.   <\/p>\n<p>Alternate between reading and observing. This way, the richness of the images remains vivid, without visual fatigue. Take quick notes on the works that move you. Orson Welles is worth revisiting, then rereading in retrospect.   <\/p>\n<p>Families can prepare a list of scenes or objects to spot. As a result, everyone can participate and share their impressions of the outing. On the other hand, plan a flexible pace with younger children. On-site teams are happy to point out key points.   <\/p>\n","protected":false},"excerpt":{"rendered":"<p>In Paris, the Cin\u00e9math\u00e8que fran\u00e7aise is devoting a major tribute exhibition to Orson Welles. The exhibition promises to be sensitive and well-documented, with rare archives,&#8230;<\/p>\n","protected":false},"author":13,"featured_media":190786,"comment_status":"open","ping_status":"closed","sticky":false,"template":"","format":"standard","meta":{"_acf_changed":false,"footnotes":""},"categories":[2685],"tags":[3461],"quartier":[],"class_list":["post-190868","post","type-post","status-publish","format-standard","has-post-thumbnail","hentry","category-news-du-luxe-en","tag-orson-welles-en"],"acf":[],"yoast_head":"<!-- This site is optimized with the Yoast SEO plugin v27.4 - https:\/\/yoast.com\/product\/yoast-seo-wordpress\/ -->\n<title>Orson Welles at the Cin\u00e9math\u00e8que fran\u00e7aise: the major My Name Is Orson Welles exhibition opens in Paris<\/title>\n<meta name=\"description\" content=\"Explore Orson Welles through rare archives, images and sounds at the Cin\u00e9math\u00e8que fran\u00e7aise. Measure his influence on cinema.\" \/>\n<meta name=\"robots\" content=\"index, follow, max-snippet:-1, max-image-preview:large, max-video-preview:-1\" \/>\n<link rel=\"canonical\" href=\"https:\/\/www.parisselectbook.com\/en\/2025\/10\/09\/orson-welles-at-the-cinematheque-francaise-the-major-my-name-is-orson-welles-exhibition-opens-in-paris\/\" \/>\n<meta property=\"og:locale\" content=\"en_US\" \/>\n<meta property=\"og:type\" content=\"article\" \/>\n<meta property=\"og:title\" content=\"Orson Welles at the Cin\u00e9math\u00e8que fran\u00e7aise: the major My Name Is Orson Welles exhibition opens in Paris\" \/>\n<meta property=\"og:description\" content=\"Explore Orson Welles through rare archives, images and sounds at the Cin\u00e9math\u00e8que fran\u00e7aise. Measure his influence on cinema.\" \/>\n<meta property=\"og:url\" content=\"https:\/\/www.parisselectbook.com\/en\/2025\/10\/09\/orson-welles-at-the-cinematheque-francaise-the-major-my-name-is-orson-welles-exhibition-opens-in-paris\/\" \/>\n<meta property=\"og:site_name\" content=\"Paris Select\" \/>\n<meta property=\"article:publisher\" content=\"https:\/\/www.facebook.com\/parisselect\" \/>\n<meta property=\"article:published_time\" content=\"2025-10-09T08:02:09+00:00\" \/>\n<meta property=\"og:image\" content=\"https:\/\/www.parisselectbook.com\/wp-content\/uploads\/2025\/10\/190784-image.jpg\" \/>\n\t<meta property=\"og:image:width\" content=\"1200\" \/>\n\t<meta property=\"og:image:height\" content=\"680\" \/>\n\t<meta property=\"og:image:type\" content=\"image\/jpeg\" \/>\n<meta name=\"author\" content=\"zaccharie touboul\" \/>\n<meta name=\"twitter:card\" content=\"summary_large_image\" \/>\n<meta name=\"twitter:label1\" content=\"Written by\" \/>\n\t<meta name=\"twitter:data1\" content=\"zaccharie touboul\" \/>\n\t<meta name=\"twitter:label2\" content=\"Est. reading time\" \/>\n\t<meta name=\"twitter:data2\" content=\"4 minutes\" \/>\n<script type=\"application\/ld+json\" class=\"yoast-schema-graph\">{\"@context\":\"https:\\\/\\\/schema.org\",\"@graph\":[{\"@type\":\"Article\",\"@id\":\"https:\\\/\\\/www.parisselectbook.com\\\/en\\\/2025\\\/10\\\/09\\\/orson-welles-at-the-cinematheque-francaise-the-major-my-name-is-orson-welles-exhibition-opens-in-paris\\\/#article\",\"isPartOf\":{\"@id\":\"https:\\\/\\\/www.parisselectbook.com\\\/en\\\/2025\\\/10\\\/09\\\/orson-welles-at-the-cinematheque-francaise-the-major-my-name-is-orson-welles-exhibition-opens-in-paris\\\/\"},\"author\":{\"name\":\"zaccharie touboul\",\"@id\":\"https:\\\/\\\/www.parisselectbook.com\\\/en\\\/#\\\/schema\\\/person\\\/3675d9a80d6cbefbfde597e393c036aa\"},\"headline\":\"Orson Welles at the Cin\u00e9math\u00e8que fran\u00e7aise: the major My Name Is Orson Welles exhibition opens in Paris\",\"datePublished\":\"2025-10-09T08:02:09+00:00\",\"mainEntityOfPage\":{\"@id\":\"https:\\\/\\\/www.parisselectbook.com\\\/en\\\/2025\\\/10\\\/09\\\/orson-welles-at-the-cinematheque-francaise-the-major-my-name-is-orson-welles-exhibition-opens-in-paris\\\/\"},\"wordCount\":780,\"commentCount\":0,\"publisher\":{\"@id\":\"https:\\\/\\\/www.parisselectbook.com\\\/en\\\/#organization\"},\"image\":{\"@id\":\"https:\\\/\\\/www.parisselectbook.com\\\/en\\\/2025\\\/10\\\/09\\\/orson-welles-at-the-cinematheque-francaise-the-major-my-name-is-orson-welles-exhibition-opens-in-paris\\\/#primaryimage\"},\"thumbnailUrl\":\"https:\\\/\\\/www.parisselectbook.com\\\/wp-content\\\/uploads\\\/2025\\\/10\\\/190784-image.jpg\",\"keywords\":[\"Orson Welles\"],\"articleSection\":[\"News du Luxe\"],\"inLanguage\":\"en-US\",\"potentialAction\":[{\"@type\":\"CommentAction\",\"name\":\"Comment\",\"target\":[\"https:\\\/\\\/www.parisselectbook.com\\\/en\\\/2025\\\/10\\\/09\\\/orson-welles-at-the-cinematheque-francaise-the-major-my-name-is-orson-welles-exhibition-opens-in-paris\\\/#respond\"]}]},{\"@type\":\"WebPage\",\"@id\":\"https:\\\/\\\/www.parisselectbook.com\\\/en\\\/2025\\\/10\\\/09\\\/orson-welles-at-the-cinematheque-francaise-the-major-my-name-is-orson-welles-exhibition-opens-in-paris\\\/\",\"url\":\"https:\\\/\\\/www.parisselectbook.com\\\/en\\\/2025\\\/10\\\/09\\\/orson-welles-at-the-cinematheque-francaise-the-major-my-name-is-orson-welles-exhibition-opens-in-paris\\\/\",\"name\":\"Orson Welles at the Cin\u00e9math\u00e8que fran\u00e7aise: the major My Name Is Orson Welles exhibition opens in Paris\",\"isPartOf\":{\"@id\":\"https:\\\/\\\/www.parisselectbook.com\\\/en\\\/#website\"},\"primaryImageOfPage\":{\"@id\":\"https:\\\/\\\/www.parisselectbook.com\\\/en\\\/2025\\\/10\\\/09\\\/orson-welles-at-the-cinematheque-francaise-the-major-my-name-is-orson-welles-exhibition-opens-in-paris\\\/#primaryimage\"},\"image\":{\"@id\":\"https:\\\/\\\/www.parisselectbook.com\\\/en\\\/2025\\\/10\\\/09\\\/orson-welles-at-the-cinematheque-francaise-the-major-my-name-is-orson-welles-exhibition-opens-in-paris\\\/#primaryimage\"},\"thumbnailUrl\":\"https:\\\/\\\/www.parisselectbook.com\\\/wp-content\\\/uploads\\\/2025\\\/10\\\/190784-image.jpg\",\"datePublished\":\"2025-10-09T08:02:09+00:00\",\"description\":\"Explore Orson Welles through rare archives, images and sounds at the Cin\u00e9math\u00e8que fran\u00e7aise. Measure his influence on cinema.\",\"breadcrumb\":{\"@id\":\"https:\\\/\\\/www.parisselectbook.com\\\/en\\\/2025\\\/10\\\/09\\\/orson-welles-at-the-cinematheque-francaise-the-major-my-name-is-orson-welles-exhibition-opens-in-paris\\\/#breadcrumb\"},\"inLanguage\":\"en-US\",\"potentialAction\":[{\"@type\":\"ReadAction\",\"target\":[\"https:\\\/\\\/www.parisselectbook.com\\\/en\\\/2025\\\/10\\\/09\\\/orson-welles-at-the-cinematheque-francaise-the-major-my-name-is-orson-welles-exhibition-opens-in-paris\\\/\"]}]},{\"@type\":\"ImageObject\",\"inLanguage\":\"en-US\",\"@id\":\"https:\\\/\\\/www.parisselectbook.com\\\/en\\\/2025\\\/10\\\/09\\\/orson-welles-at-the-cinematheque-francaise-the-major-my-name-is-orson-welles-exhibition-opens-in-paris\\\/#primaryimage\",\"url\":\"https:\\\/\\\/www.parisselectbook.com\\\/wp-content\\\/uploads\\\/2025\\\/10\\\/190784-image.jpg\",\"contentUrl\":\"https:\\\/\\\/www.parisselectbook.com\\\/wp-content\\\/uploads\\\/2025\\\/10\\\/190784-image.jpg\",\"width\":1200,\"height\":680,\"caption\":\"ParisSelect - Orson Welles \u00e0 la Cin\u00e9math\u00e8que fran\u00e7aise : la grande expo My Name Is Orson Welles se d\u00e9voile \u00e0 Paris\"},{\"@type\":\"BreadcrumbList\",\"@id\":\"https:\\\/\\\/www.parisselectbook.com\\\/en\\\/2025\\\/10\\\/09\\\/orson-welles-at-the-cinematheque-francaise-the-major-my-name-is-orson-welles-exhibition-opens-in-paris\\\/#breadcrumb\",\"itemListElement\":[{\"@type\":\"ListItem\",\"position\":1,\"name\":\"Que faire \u00e0 Paris ?\",\"item\":\"https:\\\/\\\/www.parisselectbook.com\\\/en\\\/category\\\/que-faire-a-paris-en\\\/\"},{\"@type\":\"ListItem\",\"position\":2,\"name\":\"Orson Welles at the Cin\u00e9math\u00e8que fran\u00e7aise: the major My Name Is Orson Welles exhibition opens in Paris\"}]},{\"@type\":\"WebSite\",\"@id\":\"https:\\\/\\\/www.parisselectbook.com\\\/en\\\/#website\",\"url\":\"https:\\\/\\\/www.parisselectbook.com\\\/en\\\/\",\"name\":\"Paris Select Book\",\"description\":\"Le guide chic des Tendances Parisiennes\",\"publisher\":{\"@id\":\"https:\\\/\\\/www.parisselectbook.com\\\/en\\\/#organization\"},\"potentialAction\":[{\"@type\":\"SearchAction\",\"target\":{\"@type\":\"EntryPoint\",\"urlTemplate\":\"https:\\\/\\\/www.parisselectbook.com\\\/en\\\/?s={search_term_string}\"},\"query-input\":{\"@type\":\"PropertyValueSpecification\",\"valueRequired\":true,\"valueName\":\"search_term_string\"}}],\"inLanguage\":\"en-US\"},{\"@type\":\"Organization\",\"@id\":\"https:\\\/\\\/www.parisselectbook.com\\\/en\\\/#organization\",\"name\":\"Paris Select\",\"url\":\"https:\\\/\\\/www.parisselectbook.com\\\/en\\\/\",\"logo\":{\"@type\":\"ImageObject\",\"inLanguage\":\"en-US\",\"@id\":\"https:\\\/\\\/www.parisselectbook.com\\\/en\\\/#\\\/schema\\\/logo\\\/image\\\/\",\"url\":\"https:\\\/\\\/www.parisselectbook.com\\\/wp-content\\\/uploads\\\/2024\\\/06\\\/logo-IG-TKTK-LK.png\",\"contentUrl\":\"https:\\\/\\\/www.parisselectbook.com\\\/wp-content\\\/uploads\\\/2024\\\/06\\\/logo-IG-TKTK-LK.png\",\"width\":684,\"height\":665,\"caption\":\"Paris Select\"},\"image\":{\"@id\":\"https:\\\/\\\/www.parisselectbook.com\\\/en\\\/#\\\/schema\\\/logo\\\/image\\\/\"},\"sameAs\":[\"https:\\\/\\\/www.facebook.com\\\/parisselect\",\"https:\\\/\\\/www.instagram.com\\\/parisselect\\\/\",\"https:\\\/\\\/www.tiktok.com\\\/@parisselect\"]},{\"@type\":\"Person\",\"@id\":\"https:\\\/\\\/www.parisselectbook.com\\\/en\\\/#\\\/schema\\\/person\\\/3675d9a80d6cbefbfde597e393c036aa\",\"name\":\"zaccharie touboul\",\"sameAs\":[\"https:\\\/\\\/www.parisselectbook.com\\\/\"]}]}<\/script>\n<!-- \/ Yoast SEO plugin. -->","yoast_head_json":{"title":"Orson Welles at the Cin\u00e9math\u00e8que fran\u00e7aise: the major My Name Is Orson Welles exhibition opens in Paris","description":"Explore Orson Welles through rare archives, images and sounds at the Cin\u00e9math\u00e8que fran\u00e7aise. Measure his influence on cinema.","robots":{"index":"index","follow":"follow","max-snippet":"max-snippet:-1","max-image-preview":"max-image-preview:large","max-video-preview":"max-video-preview:-1"},"canonical":"https:\/\/www.parisselectbook.com\/en\/2025\/10\/09\/orson-welles-at-the-cinematheque-francaise-the-major-my-name-is-orson-welles-exhibition-opens-in-paris\/","og_locale":"en_US","og_type":"article","og_title":"Orson Welles at the Cin\u00e9math\u00e8que fran\u00e7aise: the major My Name Is Orson Welles exhibition opens in Paris","og_description":"Explore Orson Welles through rare archives, images and sounds at the Cin\u00e9math\u00e8que fran\u00e7aise. Measure his influence on cinema.","og_url":"https:\/\/www.parisselectbook.com\/en\/2025\/10\/09\/orson-welles-at-the-cinematheque-francaise-the-major-my-name-is-orson-welles-exhibition-opens-in-paris\/","og_site_name":"Paris Select","article_publisher":"https:\/\/www.facebook.com\/parisselect","article_published_time":"2025-10-09T08:02:09+00:00","og_image":[{"width":1200,"height":680,"url":"https:\/\/www.parisselectbook.com\/wp-content\/uploads\/2025\/10\/190784-image.jpg","type":"image\/jpeg"}],"author":"zaccharie touboul","twitter_card":"summary_large_image","twitter_misc":{"Written by":"zaccharie touboul","Est. reading time":"4 minutes"},"schema":{"@context":"https:\/\/schema.org","@graph":[{"@type":"Article","@id":"https:\/\/www.parisselectbook.com\/en\/2025\/10\/09\/orson-welles-at-the-cinematheque-francaise-the-major-my-name-is-orson-welles-exhibition-opens-in-paris\/#article","isPartOf":{"@id":"https:\/\/www.parisselectbook.com\/en\/2025\/10\/09\/orson-welles-at-the-cinematheque-francaise-the-major-my-name-is-orson-welles-exhibition-opens-in-paris\/"},"author":{"name":"zaccharie touboul","@id":"https:\/\/www.parisselectbook.com\/en\/#\/schema\/person\/3675d9a80d6cbefbfde597e393c036aa"},"headline":"Orson Welles at the Cin\u00e9math\u00e8que fran\u00e7aise: the major My Name Is Orson Welles exhibition opens in Paris","datePublished":"2025-10-09T08:02:09+00:00","mainEntityOfPage":{"@id":"https:\/\/www.parisselectbook.com\/en\/2025\/10\/09\/orson-welles-at-the-cinematheque-francaise-the-major-my-name-is-orson-welles-exhibition-opens-in-paris\/"},"wordCount":780,"commentCount":0,"publisher":{"@id":"https:\/\/www.parisselectbook.com\/en\/#organization"},"image":{"@id":"https:\/\/www.parisselectbook.com\/en\/2025\/10\/09\/orson-welles-at-the-cinematheque-francaise-the-major-my-name-is-orson-welles-exhibition-opens-in-paris\/#primaryimage"},"thumbnailUrl":"https:\/\/www.parisselectbook.com\/wp-content\/uploads\/2025\/10\/190784-image.jpg","keywords":["Orson Welles"],"articleSection":["News du Luxe"],"inLanguage":"en-US","potentialAction":[{"@type":"CommentAction","name":"Comment","target":["https:\/\/www.parisselectbook.com\/en\/2025\/10\/09\/orson-welles-at-the-cinematheque-francaise-the-major-my-name-is-orson-welles-exhibition-opens-in-paris\/#respond"]}]},{"@type":"WebPage","@id":"https:\/\/www.parisselectbook.com\/en\/2025\/10\/09\/orson-welles-at-the-cinematheque-francaise-the-major-my-name-is-orson-welles-exhibition-opens-in-paris\/","url":"https:\/\/www.parisselectbook.com\/en\/2025\/10\/09\/orson-welles-at-the-cinematheque-francaise-the-major-my-name-is-orson-welles-exhibition-opens-in-paris\/","name":"Orson Welles at the Cin\u00e9math\u00e8que fran\u00e7aise: the major My Name Is Orson Welles exhibition opens in Paris","isPartOf":{"@id":"https:\/\/www.parisselectbook.com\/en\/#website"},"primaryImageOfPage":{"@id":"https:\/\/www.parisselectbook.com\/en\/2025\/10\/09\/orson-welles-at-the-cinematheque-francaise-the-major-my-name-is-orson-welles-exhibition-opens-in-paris\/#primaryimage"},"image":{"@id":"https:\/\/www.parisselectbook.com\/en\/2025\/10\/09\/orson-welles-at-the-cinematheque-francaise-the-major-my-name-is-orson-welles-exhibition-opens-in-paris\/#primaryimage"},"thumbnailUrl":"https:\/\/www.parisselectbook.com\/wp-content\/uploads\/2025\/10\/190784-image.jpg","datePublished":"2025-10-09T08:02:09+00:00","description":"Explore Orson Welles through rare archives, images and sounds at the Cin\u00e9math\u00e8que fran\u00e7aise. Measure his influence on cinema.","breadcrumb":{"@id":"https:\/\/www.parisselectbook.com\/en\/2025\/10\/09\/orson-welles-at-the-cinematheque-francaise-the-major-my-name-is-orson-welles-exhibition-opens-in-paris\/#breadcrumb"},"inLanguage":"en-US","potentialAction":[{"@type":"ReadAction","target":["https:\/\/www.parisselectbook.com\/en\/2025\/10\/09\/orson-welles-at-the-cinematheque-francaise-the-major-my-name-is-orson-welles-exhibition-opens-in-paris\/"]}]},{"@type":"ImageObject","inLanguage":"en-US","@id":"https:\/\/www.parisselectbook.com\/en\/2025\/10\/09\/orson-welles-at-the-cinematheque-francaise-the-major-my-name-is-orson-welles-exhibition-opens-in-paris\/#primaryimage","url":"https:\/\/www.parisselectbook.com\/wp-content\/uploads\/2025\/10\/190784-image.jpg","contentUrl":"https:\/\/www.parisselectbook.com\/wp-content\/uploads\/2025\/10\/190784-image.jpg","width":1200,"height":680,"caption":"ParisSelect - Orson Welles \u00e0 la Cin\u00e9math\u00e8que fran\u00e7aise : la grande expo My Name Is Orson Welles se d\u00e9voile \u00e0 Paris"},{"@type":"BreadcrumbList","@id":"https:\/\/www.parisselectbook.com\/en\/2025\/10\/09\/orson-welles-at-the-cinematheque-francaise-the-major-my-name-is-orson-welles-exhibition-opens-in-paris\/#breadcrumb","itemListElement":[{"@type":"ListItem","position":1,"name":"Que faire \u00e0 Paris ?","item":"https:\/\/www.parisselectbook.com\/en\/category\/que-faire-a-paris-en\/"},{"@type":"ListItem","position":2,"name":"Orson Welles at the Cin\u00e9math\u00e8que fran\u00e7aise: the major My Name Is Orson Welles exhibition opens in Paris"}]},{"@type":"WebSite","@id":"https:\/\/www.parisselectbook.com\/en\/#website","url":"https:\/\/www.parisselectbook.com\/en\/","name":"Paris Select Book","description":"Le guide chic des Tendances Parisiennes","publisher":{"@id":"https:\/\/www.parisselectbook.com\/en\/#organization"},"potentialAction":[{"@type":"SearchAction","target":{"@type":"EntryPoint","urlTemplate":"https:\/\/www.parisselectbook.com\/en\/?s={search_term_string}"},"query-input":{"@type":"PropertyValueSpecification","valueRequired":true,"valueName":"search_term_string"}}],"inLanguage":"en-US"},{"@type":"Organization","@id":"https:\/\/www.parisselectbook.com\/en\/#organization","name":"Paris Select","url":"https:\/\/www.parisselectbook.com\/en\/","logo":{"@type":"ImageObject","inLanguage":"en-US","@id":"https:\/\/www.parisselectbook.com\/en\/#\/schema\/logo\/image\/","url":"https:\/\/www.parisselectbook.com\/wp-content\/uploads\/2024\/06\/logo-IG-TKTK-LK.png","contentUrl":"https:\/\/www.parisselectbook.com\/wp-content\/uploads\/2024\/06\/logo-IG-TKTK-LK.png","width":684,"height":665,"caption":"Paris Select"},"image":{"@id":"https:\/\/www.parisselectbook.com\/en\/#\/schema\/logo\/image\/"},"sameAs":["https:\/\/www.facebook.com\/parisselect","https:\/\/www.instagram.com\/parisselect\/","https:\/\/www.tiktok.com\/@parisselect"]},{"@type":"Person","@id":"https:\/\/www.parisselectbook.com\/en\/#\/schema\/person\/3675d9a80d6cbefbfde597e393c036aa","name":"zaccharie touboul","sameAs":["https:\/\/www.parisselectbook.com\/"]}]}},"_links":{"self":[{"href":"https:\/\/www.parisselectbook.com\/en\/wp-json\/wp\/v2\/posts\/190868","targetHints":{"allow":["GET"]}}],"collection":[{"href":"https:\/\/www.parisselectbook.com\/en\/wp-json\/wp\/v2\/posts"}],"about":[{"href":"https:\/\/www.parisselectbook.com\/en\/wp-json\/wp\/v2\/types\/post"}],"author":[{"embeddable":true,"href":"https:\/\/www.parisselectbook.com\/en\/wp-json\/wp\/v2\/users\/13"}],"replies":[{"embeddable":true,"href":"https:\/\/www.parisselectbook.com\/en\/wp-json\/wp\/v2\/comments?post=190868"}],"version-history":[{"count":0,"href":"https:\/\/www.parisselectbook.com\/en\/wp-json\/wp\/v2\/posts\/190868\/revisions"}],"wp:featuredmedia":[{"embeddable":true,"href":"https:\/\/www.parisselectbook.com\/en\/wp-json\/wp\/v2\/media\/190786"}],"wp:attachment":[{"href":"https:\/\/www.parisselectbook.com\/en\/wp-json\/wp\/v2\/media?parent=190868"}],"wp:term":[{"taxonomy":"category","embeddable":true,"href":"https:\/\/www.parisselectbook.com\/en\/wp-json\/wp\/v2\/categories?post=190868"},{"taxonomy":"post_tag","embeddable":true,"href":"https:\/\/www.parisselectbook.com\/en\/wp-json\/wp\/v2\/tags?post=190868"},{"taxonomy":"quartier","embeddable":true,"href":"https:\/\/www.parisselectbook.com\/en\/wp-json\/wp\/v2\/quartier?post=190868"}],"curies":[{"name":"wp","href":"https:\/\/api.w.org\/{rel}","templated":true}]}}