{"id":193103,"date":"2025-10-21T10:00:00","date_gmt":"2025-10-21T08:00:00","guid":{"rendered":"https:\/\/www.parisselectbook.com\/2025\/10\/21\/luc-debove-and-ecole-ducasse-at-the-30%e1%b5%89-edition-of-the-salon-du-chocolat\/"},"modified":"2025-10-21T10:01:00","modified_gmt":"2025-10-21T08:01:00","slug":"luc-debove-and-ecole-ducasse-at-the-30%e1%b5%89-edition-of-the-salon-du-chocolat","status":"publish","type":"post","link":"https:\/\/www.parisselectbook.com\/en\/2025\/10\/21\/luc-debove-and-ecole-ducasse-at-the-30%e1%b5%89-edition-of-the-salon-du-chocolat\/","title":{"rendered":"Luc Debove and \u00c9cole Ducasse at the 30\u1d49 edition of the Salon du Chocolat"},"content":{"rendered":"\n<p><strong>For the 30\u1d49 edition of the Salon du Chocolat et de la P\u00e2tisserie, Paris celebrates the talent and creativity of taste artisans. From October 29 to November 2, 2025, at Paris Expo Porte de Versailles, the public can admire spectacular gourmet demonstrations. Among the special guests, Luc Debove, Director of the \u00c9cole Nationale Sup\u00e9rieure de P\u00e2tisserie, Meilleur Ouvrier de France Glacier and World Ice Cream Champion, will share his passion and expertise. This anniversary edition will highlight the excellence of the school and the artistry of its chefs.   <\/strong><\/p>\n\n<h2 class=\"wp-block-heading has-text-align-center\">Luc Debove x \u00c9cole Ducasse: the Art of transmitting excellence<\/h2>\n\n<figure class=\"wp-block-image size-large\"><img decoding=\"async\" width=\"880\" height=\"537\" src=\"https:\/\/www.parisselectbook.com\/wp-content\/uploads\/2025\/10\/Capture-decran-2025-10-19-a-15.16.01-880x537.png\" alt=\"\" class=\"wp-image-192835\" srcset=\"https:\/\/www.parisselectbook.com\/wp-content\/uploads\/2025\/10\/Capture-decran-2025-10-19-a-15.16.01-880x537.png 880w, https:\/\/www.parisselectbook.com\/wp-content\/uploads\/2025\/10\/Capture-decran-2025-10-19-a-15.16.01-295x180.png 295w, https:\/\/www.parisselectbook.com\/wp-content\/uploads\/2025\/10\/Capture-decran-2025-10-19-a-15.16.01-768x468.png 768w, https:\/\/www.parisselectbook.com\/wp-content\/uploads\/2025\/10\/Capture-decran-2025-10-19-a-15.16.01.png 1051w\" sizes=\"(max-width: 880px) 100vw, 880px\" \/><\/figure>\n\n<p><strong>Luc Debove<\/strong> embodies perfection in the world of ice cream and pastry. World Ice Cream Champion, he transforms every creation into pure emotion. Meilleur Ouvrier de France Glacier, he combines technical rigor with artistic sensitivity. <strong>At the Salon du Chocolat<\/strong>, he will be leading demonstrations on <strong>Wednesday October 29 and Thursday October 30<\/strong>, revealing the precise gestures that make desserts so beautiful. Visitors will be able to chat with him, discover the secrets of textures and taste the excellence of his preparations. <strong>Luc Debove<\/strong> is a perfect example of the mastery of the sweet arts taught by \u00c9cole Ducasse.   <\/p>\n\n<p>Founded by chef <strong>Alain Ducasse<\/strong>, the <strong>\u00c9cole Ducasse<\/strong> trains the chefs of tomorrow on its prestigious campuses. In Paris and Yssingeaux, students learn pastry-making, chocolate-making, ice cream and chocolate sculpture. The school emphasizes creativity, innovation and technical mastery. At the show, chef instructors will be showcasing their skills in demonstrations and workshops. Visitors will discover the whole world of sweet art, from cocoa bean to chocolate bar, in a setting that is both educational and spectacular.    <\/p>\n\n<h2 class=\"wp-block-heading has-text-align-center\">An immersive experience for the public<\/h2>\n\n<figure class=\"wp-block-image size-large\"><img decoding=\"async\" width=\"880\" height=\"461\" src=\"https:\/\/www.parisselectbook.com\/wp-content\/uploads\/2025\/10\/90ba89632e2e96bbfba1e2e67904a314fc71e479b76b04a0d23ef67427581a6a-rimg-w1080-h566-dc430103-gmir-880x461.jpg\" alt=\"\" class=\"wp-image-192837\" srcset=\"https:\/\/www.parisselectbook.com\/wp-content\/uploads\/2025\/10\/90ba89632e2e96bbfba1e2e67904a314fc71e479b76b04a0d23ef67427581a6a-rimg-w1080-h566-dc430103-gmir-880x461.jpg 880w, https:\/\/www.parisselectbook.com\/wp-content\/uploads\/2025\/10\/90ba89632e2e96bbfba1e2e67904a314fc71e479b76b04a0d23ef67427581a6a-rimg-w1080-h566-dc430103-gmir-295x155.jpg 295w, https:\/\/www.parisselectbook.com\/wp-content\/uploads\/2025\/10\/90ba89632e2e96bbfba1e2e67904a314fc71e479b76b04a0d23ef67427581a6a-rimg-w1080-h566-dc430103-gmir-768x402.jpg 768w, https:\/\/www.parisselectbook.com\/wp-content\/uploads\/2025\/10\/90ba89632e2e96bbfba1e2e67904a314fc71e479b76b04a0d23ef67427581a6a-rimg-w1080-h566-dc430103-gmir.jpg 1080w\" sizes=\"(max-width: 880px) 100vw, 880px\" \/><\/figure>\n\n<p><strong>The Salon du Chocolat<\/strong> offers tastings, workshops and meetings with artisans. Visitors will explore chocolate creations, sculptures and innovative desserts. This anniversary edition invites young and old to marvel at the precision and creativity of our chefs. \u00c9cole Ducasse shares its passion and inspires everyone to appreciate the rigor and beauty of the sweet arts. A unique opportunity to celebrate the taste and gesture of France&#8217;s master pastry chefs.    <\/p>\n\n<h3 class=\"wp-block-heading\">Practical info<\/h3>\n\n<p>\ud83d\udccd <strong>Location<\/strong>: Paris Expo Porte de Versailles, Pavillon 5<br\/><strong>Dates<\/strong>: October 29 to November 2, 2025<br\/><strong>Opening hours<\/strong>: daily from 10 a.m. to 7 p.m.<br\/><strong>Prices<\/strong>: \u20ac16 adult, \u20ac8 child (3-12 years), 2-day pass \u20ac30, family pack \u20ac44<br\/><strong>Access<\/strong>: Metro line 12, Porte de Versailles station \/ Tram T3a \/ Bus 39 and 80<\/p>\n","protected":false},"excerpt":{"rendered":"<p>For the 30\u1d49 edition of the Salon du Chocolat et de la P\u00e2tisserie, Paris celebrates the talent and creativity of taste artisans. From October 29&#8230;<\/p>\n","protected":false},"author":3,"featured_media":192840,"comment_status":"open","ping_status":"closed","sticky":false,"template":"","format":"standard","meta":{"_acf_changed":false,"footnotes":""},"categories":[2685],"tags":[],"quartier":[],"class_list":["post-193103","post","type-post","status-publish","format-standard","has-post-thumbnail","hentry","category-news-du-luxe-en"],"acf":[],"yoast_head":"<!-- This site is optimized with the Yoast SEO plugin v27.5 - https:\/\/yoast.com\/product\/yoast-seo-wordpress\/ -->\n<title>Luc Debove and \u00c9cole Ducasse at the 30\u1d49 edition of the Salon du Chocolat<\/title>\n<meta name=\"description\" content=\"Luc Debove and \u00c9cole Ducasse at the 30\u1d49 edition of the Salon du Chocolat Paris celebrates the talent and creativity of taste artisans\" \/>\n<meta name=\"robots\" content=\"index, follow, max-snippet:-1, max-image-preview:large, max-video-preview:-1\" \/>\n<link rel=\"canonical\" href=\"https:\/\/www.parisselectbook.com\/en\/2025\/10\/21\/luc-debove-and-ecole-ducasse-at-the-30%e1%b5%89-edition-of-the-salon-du-chocolat\/\" \/>\n<meta property=\"og:locale\" content=\"en_US\" \/>\n<meta property=\"og:type\" content=\"article\" \/>\n<meta property=\"og:title\" content=\"Luc Debove and \u00c9cole Ducasse at the 30\u1d49 edition of the Salon du Chocolat\" \/>\n<meta property=\"og:description\" content=\"Luc Debove and \u00c9cole Ducasse at the 30\u1d49 edition of the Salon du Chocolat Paris celebrates the talent and creativity of taste artisans\" \/>\n<meta property=\"og:url\" content=\"https:\/\/www.parisselectbook.com\/en\/2025\/10\/21\/luc-debove-and-ecole-ducasse-at-the-30%e1%b5%89-edition-of-the-salon-du-chocolat\/\" \/>\n<meta property=\"og:site_name\" content=\"Paris Select\" \/>\n<meta property=\"article:publisher\" content=\"https:\/\/www.facebook.com\/parisselect\" \/>\n<meta property=\"article:published_time\" content=\"2025-10-21T08:00:00+00:00\" \/>\n<meta property=\"article:modified_time\" content=\"2025-10-21T08:01:00+00:00\" \/>\n<meta property=\"og:image\" content=\"https:\/\/www.parisselectbook.com\/wp-content\/uploads\/2025\/10\/Paris-Select-1-4.jpg\" \/>\n\t<meta property=\"og:image:width\" content=\"1792\" \/>\n\t<meta property=\"og:image:height\" content=\"1024\" \/>\n\t<meta property=\"og:image:type\" content=\"image\/jpeg\" \/>\n<meta name=\"author\" content=\"Paris Select Book\" \/>\n<meta name=\"twitter:card\" content=\"summary_large_image\" \/>\n<meta name=\"twitter:label1\" content=\"Written by\" \/>\n\t<meta name=\"twitter:data1\" content=\"Paris Select Book\" \/>\n\t<meta name=\"twitter:label2\" content=\"Est. reading time\" \/>\n\t<meta name=\"twitter:data2\" content=\"2 minutes\" \/>\n<script type=\"application\/ld+json\" class=\"yoast-schema-graph\">{\"@context\":\"https:\\\/\\\/schema.org\",\"@graph\":[{\"@type\":\"Article\",\"@id\":\"https:\\\/\\\/www.parisselectbook.com\\\/en\\\/2025\\\/10\\\/21\\\/luc-debove-and-ecole-ducasse-at-the-30%e1%b5%89-edition-of-the-salon-du-chocolat\\\/#article\",\"isPartOf\":{\"@id\":\"https:\\\/\\\/www.parisselectbook.com\\\/en\\\/2025\\\/10\\\/21\\\/luc-debove-and-ecole-ducasse-at-the-30%e1%b5%89-edition-of-the-salon-du-chocolat\\\/\"},\"author\":{\"name\":\"Paris Select Book\",\"@id\":\"https:\\\/\\\/www.parisselectbook.com\\\/en\\\/#\\\/schema\\\/person\\\/577a587b5e4edbba00885d4631b1cba7\"},\"headline\":\"Luc Debove and \u00c9cole Ducasse at the 30\u1d49 edition of the Salon du Chocolat\",\"datePublished\":\"2025-10-21T08:00:00+00:00\",\"dateModified\":\"2025-10-21T08:01:00+00:00\",\"mainEntityOfPage\":{\"@id\":\"https:\\\/\\\/www.parisselectbook.com\\\/en\\\/2025\\\/10\\\/21\\\/luc-debove-and-ecole-ducasse-at-the-30%e1%b5%89-edition-of-the-salon-du-chocolat\\\/\"},\"wordCount\":402,\"commentCount\":0,\"publisher\":{\"@id\":\"https:\\\/\\\/www.parisselectbook.com\\\/en\\\/#organization\"},\"image\":{\"@id\":\"https:\\\/\\\/www.parisselectbook.com\\\/en\\\/2025\\\/10\\\/21\\\/luc-debove-and-ecole-ducasse-at-the-30%e1%b5%89-edition-of-the-salon-du-chocolat\\\/#primaryimage\"},\"thumbnailUrl\":\"https:\\\/\\\/www.parisselectbook.com\\\/wp-content\\\/uploads\\\/2025\\\/10\\\/Paris-Select-1-4.jpg\",\"articleSection\":[\"News du Luxe\"],\"inLanguage\":\"en-US\",\"potentialAction\":[{\"@type\":\"CommentAction\",\"name\":\"Comment\",\"target\":[\"https:\\\/\\\/www.parisselectbook.com\\\/en\\\/2025\\\/10\\\/21\\\/luc-debove-and-ecole-ducasse-at-the-30%e1%b5%89-edition-of-the-salon-du-chocolat\\\/#respond\"]}]},{\"@type\":\"WebPage\",\"@id\":\"https:\\\/\\\/www.parisselectbook.com\\\/en\\\/2025\\\/10\\\/21\\\/luc-debove-and-ecole-ducasse-at-the-30%e1%b5%89-edition-of-the-salon-du-chocolat\\\/\",\"url\":\"https:\\\/\\\/www.parisselectbook.com\\\/en\\\/2025\\\/10\\\/21\\\/luc-debove-and-ecole-ducasse-at-the-30%e1%b5%89-edition-of-the-salon-du-chocolat\\\/\",\"name\":\"Luc Debove and \u00c9cole Ducasse at the 30\u1d49 edition of the Salon du Chocolat\",\"isPartOf\":{\"@id\":\"https:\\\/\\\/www.parisselectbook.com\\\/en\\\/#website\"},\"primaryImageOfPage\":{\"@id\":\"https:\\\/\\\/www.parisselectbook.com\\\/en\\\/2025\\\/10\\\/21\\\/luc-debove-and-ecole-ducasse-at-the-30%e1%b5%89-edition-of-the-salon-du-chocolat\\\/#primaryimage\"},\"image\":{\"@id\":\"https:\\\/\\\/www.parisselectbook.com\\\/en\\\/2025\\\/10\\\/21\\\/luc-debove-and-ecole-ducasse-at-the-30%e1%b5%89-edition-of-the-salon-du-chocolat\\\/#primaryimage\"},\"thumbnailUrl\":\"https:\\\/\\\/www.parisselectbook.com\\\/wp-content\\\/uploads\\\/2025\\\/10\\\/Paris-Select-1-4.jpg\",\"datePublished\":\"2025-10-21T08:00:00+00:00\",\"dateModified\":\"2025-10-21T08:01:00+00:00\",\"description\":\"Luc Debove and \u00c9cole Ducasse at the 30\u1d49 edition of the Salon du Chocolat Paris celebrates the talent and creativity of taste artisans\",\"breadcrumb\":{\"@id\":\"https:\\\/\\\/www.parisselectbook.com\\\/en\\\/2025\\\/10\\\/21\\\/luc-debove-and-ecole-ducasse-at-the-30%e1%b5%89-edition-of-the-salon-du-chocolat\\\/#breadcrumb\"},\"inLanguage\":\"en-US\",\"potentialAction\":[{\"@type\":\"ReadAction\",\"target\":[\"https:\\\/\\\/www.parisselectbook.com\\\/en\\\/2025\\\/10\\\/21\\\/luc-debove-and-ecole-ducasse-at-the-30%e1%b5%89-edition-of-the-salon-du-chocolat\\\/\"]}]},{\"@type\":\"ImageObject\",\"inLanguage\":\"en-US\",\"@id\":\"https:\\\/\\\/www.parisselectbook.com\\\/en\\\/2025\\\/10\\\/21\\\/luc-debove-and-ecole-ducasse-at-the-30%e1%b5%89-edition-of-the-salon-du-chocolat\\\/#primaryimage\",\"url\":\"https:\\\/\\\/www.parisselectbook.com\\\/wp-content\\\/uploads\\\/2025\\\/10\\\/Paris-Select-1-4.jpg\",\"contentUrl\":\"https:\\\/\\\/www.parisselectbook.com\\\/wp-content\\\/uploads\\\/2025\\\/10\\\/Paris-Select-1-4.jpg\",\"width\":1792,\"height\":1024},{\"@type\":\"BreadcrumbList\",\"@id\":\"https:\\\/\\\/www.parisselectbook.com\\\/en\\\/2025\\\/10\\\/21\\\/luc-debove-and-ecole-ducasse-at-the-30%e1%b5%89-edition-of-the-salon-du-chocolat\\\/#breadcrumb\",\"itemListElement\":[{\"@type\":\"ListItem\",\"position\":1,\"name\":\"Que faire \u00e0 Paris ?\",\"item\":\"https:\\\/\\\/www.parisselectbook.com\\\/en\\\/category\\\/que-faire-a-paris-en\\\/\"},{\"@type\":\"ListItem\",\"position\":2,\"name\":\"Luc Debove and \u00c9cole Ducasse at the 30\u1d49 edition of the Salon du Chocolat\"}]},{\"@type\":\"WebSite\",\"@id\":\"https:\\\/\\\/www.parisselectbook.com\\\/en\\\/#website\",\"url\":\"https:\\\/\\\/www.parisselectbook.com\\\/en\\\/\",\"name\":\"Paris Select Book\",\"description\":\"Le guide chic des Tendances Parisiennes\",\"publisher\":{\"@id\":\"https:\\\/\\\/www.parisselectbook.com\\\/en\\\/#organization\"},\"potentialAction\":[{\"@type\":\"SearchAction\",\"target\":{\"@type\":\"EntryPoint\",\"urlTemplate\":\"https:\\\/\\\/www.parisselectbook.com\\\/en\\\/?s={search_term_string}\"},\"query-input\":{\"@type\":\"PropertyValueSpecification\",\"valueRequired\":true,\"valueName\":\"search_term_string\"}}],\"inLanguage\":\"en-US\"},{\"@type\":\"Organization\",\"@id\":\"https:\\\/\\\/www.parisselectbook.com\\\/en\\\/#organization\",\"name\":\"Paris Select\",\"url\":\"https:\\\/\\\/www.parisselectbook.com\\\/en\\\/\",\"logo\":{\"@type\":\"ImageObject\",\"inLanguage\":\"en-US\",\"@id\":\"https:\\\/\\\/www.parisselectbook.com\\\/en\\\/#\\\/schema\\\/logo\\\/image\\\/\",\"url\":\"https:\\\/\\\/www.parisselectbook.com\\\/wp-content\\\/uploads\\\/2024\\\/06\\\/logo-IG-TKTK-LK.png\",\"contentUrl\":\"https:\\\/\\\/www.parisselectbook.com\\\/wp-content\\\/uploads\\\/2024\\\/06\\\/logo-IG-TKTK-LK.png\",\"width\":684,\"height\":665,\"caption\":\"Paris Select\"},\"image\":{\"@id\":\"https:\\\/\\\/www.parisselectbook.com\\\/en\\\/#\\\/schema\\\/logo\\\/image\\\/\"},\"sameAs\":[\"https:\\\/\\\/www.facebook.com\\\/parisselect\",\"https:\\\/\\\/www.instagram.com\\\/parisselect\\\/\",\"https:\\\/\\\/www.tiktok.com\\\/@parisselect\"]},{\"@type\":\"Person\",\"@id\":\"https:\\\/\\\/www.parisselectbook.com\\\/en\\\/#\\\/schema\\\/person\\\/577a587b5e4edbba00885d4631b1cba7\",\"name\":\"Paris Select Book\"}]}<\/script>\n<!-- \/ Yoast SEO plugin. -->","yoast_head_json":{"title":"Luc Debove and \u00c9cole Ducasse at the 30\u1d49 edition of the Salon du Chocolat","description":"Luc Debove and \u00c9cole Ducasse at the 30\u1d49 edition of the Salon du Chocolat Paris celebrates the talent and creativity of taste artisans","robots":{"index":"index","follow":"follow","max-snippet":"max-snippet:-1","max-image-preview":"max-image-preview:large","max-video-preview":"max-video-preview:-1"},"canonical":"https:\/\/www.parisselectbook.com\/en\/2025\/10\/21\/luc-debove-and-ecole-ducasse-at-the-30%e1%b5%89-edition-of-the-salon-du-chocolat\/","og_locale":"en_US","og_type":"article","og_title":"Luc Debove and \u00c9cole Ducasse at the 30\u1d49 edition of the Salon du Chocolat","og_description":"Luc Debove and \u00c9cole Ducasse at the 30\u1d49 edition of the Salon du Chocolat Paris celebrates the talent and creativity of taste artisans","og_url":"https:\/\/www.parisselectbook.com\/en\/2025\/10\/21\/luc-debove-and-ecole-ducasse-at-the-30%e1%b5%89-edition-of-the-salon-du-chocolat\/","og_site_name":"Paris Select","article_publisher":"https:\/\/www.facebook.com\/parisselect","article_published_time":"2025-10-21T08:00:00+00:00","article_modified_time":"2025-10-21T08:01:00+00:00","og_image":[{"width":1792,"height":1024,"url":"https:\/\/www.parisselectbook.com\/wp-content\/uploads\/2025\/10\/Paris-Select-1-4.jpg","type":"image\/jpeg"}],"author":"Paris Select Book","twitter_card":"summary_large_image","twitter_misc":{"Written by":"Paris Select Book","Est. reading time":"2 minutes"},"schema":{"@context":"https:\/\/schema.org","@graph":[{"@type":"Article","@id":"https:\/\/www.parisselectbook.com\/en\/2025\/10\/21\/luc-debove-and-ecole-ducasse-at-the-30%e1%b5%89-edition-of-the-salon-du-chocolat\/#article","isPartOf":{"@id":"https:\/\/www.parisselectbook.com\/en\/2025\/10\/21\/luc-debove-and-ecole-ducasse-at-the-30%e1%b5%89-edition-of-the-salon-du-chocolat\/"},"author":{"name":"Paris Select Book","@id":"https:\/\/www.parisselectbook.com\/en\/#\/schema\/person\/577a587b5e4edbba00885d4631b1cba7"},"headline":"Luc Debove and \u00c9cole Ducasse at the 30\u1d49 edition of the Salon du Chocolat","datePublished":"2025-10-21T08:00:00+00:00","dateModified":"2025-10-21T08:01:00+00:00","mainEntityOfPage":{"@id":"https:\/\/www.parisselectbook.com\/en\/2025\/10\/21\/luc-debove-and-ecole-ducasse-at-the-30%e1%b5%89-edition-of-the-salon-du-chocolat\/"},"wordCount":402,"commentCount":0,"publisher":{"@id":"https:\/\/www.parisselectbook.com\/en\/#organization"},"image":{"@id":"https:\/\/www.parisselectbook.com\/en\/2025\/10\/21\/luc-debove-and-ecole-ducasse-at-the-30%e1%b5%89-edition-of-the-salon-du-chocolat\/#primaryimage"},"thumbnailUrl":"https:\/\/www.parisselectbook.com\/wp-content\/uploads\/2025\/10\/Paris-Select-1-4.jpg","articleSection":["News du Luxe"],"inLanguage":"en-US","potentialAction":[{"@type":"CommentAction","name":"Comment","target":["https:\/\/www.parisselectbook.com\/en\/2025\/10\/21\/luc-debove-and-ecole-ducasse-at-the-30%e1%b5%89-edition-of-the-salon-du-chocolat\/#respond"]}]},{"@type":"WebPage","@id":"https:\/\/www.parisselectbook.com\/en\/2025\/10\/21\/luc-debove-and-ecole-ducasse-at-the-30%e1%b5%89-edition-of-the-salon-du-chocolat\/","url":"https:\/\/www.parisselectbook.com\/en\/2025\/10\/21\/luc-debove-and-ecole-ducasse-at-the-30%e1%b5%89-edition-of-the-salon-du-chocolat\/","name":"Luc Debove and \u00c9cole Ducasse at the 30\u1d49 edition of the Salon du Chocolat","isPartOf":{"@id":"https:\/\/www.parisselectbook.com\/en\/#website"},"primaryImageOfPage":{"@id":"https:\/\/www.parisselectbook.com\/en\/2025\/10\/21\/luc-debove-and-ecole-ducasse-at-the-30%e1%b5%89-edition-of-the-salon-du-chocolat\/#primaryimage"},"image":{"@id":"https:\/\/www.parisselectbook.com\/en\/2025\/10\/21\/luc-debove-and-ecole-ducasse-at-the-30%e1%b5%89-edition-of-the-salon-du-chocolat\/#primaryimage"},"thumbnailUrl":"https:\/\/www.parisselectbook.com\/wp-content\/uploads\/2025\/10\/Paris-Select-1-4.jpg","datePublished":"2025-10-21T08:00:00+00:00","dateModified":"2025-10-21T08:01:00+00:00","description":"Luc Debove and \u00c9cole Ducasse at the 30\u1d49 edition of the Salon du Chocolat Paris celebrates the talent and creativity of taste artisans","breadcrumb":{"@id":"https:\/\/www.parisselectbook.com\/en\/2025\/10\/21\/luc-debove-and-ecole-ducasse-at-the-30%e1%b5%89-edition-of-the-salon-du-chocolat\/#breadcrumb"},"inLanguage":"en-US","potentialAction":[{"@type":"ReadAction","target":["https:\/\/www.parisselectbook.com\/en\/2025\/10\/21\/luc-debove-and-ecole-ducasse-at-the-30%e1%b5%89-edition-of-the-salon-du-chocolat\/"]}]},{"@type":"ImageObject","inLanguage":"en-US","@id":"https:\/\/www.parisselectbook.com\/en\/2025\/10\/21\/luc-debove-and-ecole-ducasse-at-the-30%e1%b5%89-edition-of-the-salon-du-chocolat\/#primaryimage","url":"https:\/\/www.parisselectbook.com\/wp-content\/uploads\/2025\/10\/Paris-Select-1-4.jpg","contentUrl":"https:\/\/www.parisselectbook.com\/wp-content\/uploads\/2025\/10\/Paris-Select-1-4.jpg","width":1792,"height":1024},{"@type":"BreadcrumbList","@id":"https:\/\/www.parisselectbook.com\/en\/2025\/10\/21\/luc-debove-and-ecole-ducasse-at-the-30%e1%b5%89-edition-of-the-salon-du-chocolat\/#breadcrumb","itemListElement":[{"@type":"ListItem","position":1,"name":"Que faire \u00e0 Paris ?","item":"https:\/\/www.parisselectbook.com\/en\/category\/que-faire-a-paris-en\/"},{"@type":"ListItem","position":2,"name":"Luc Debove and \u00c9cole Ducasse at the 30\u1d49 edition of the Salon du Chocolat"}]},{"@type":"WebSite","@id":"https:\/\/www.parisselectbook.com\/en\/#website","url":"https:\/\/www.parisselectbook.com\/en\/","name":"Paris Select Book","description":"Le guide chic des Tendances Parisiennes","publisher":{"@id":"https:\/\/www.parisselectbook.com\/en\/#organization"},"potentialAction":[{"@type":"SearchAction","target":{"@type":"EntryPoint","urlTemplate":"https:\/\/www.parisselectbook.com\/en\/?s={search_term_string}"},"query-input":{"@type":"PropertyValueSpecification","valueRequired":true,"valueName":"search_term_string"}}],"inLanguage":"en-US"},{"@type":"Organization","@id":"https:\/\/www.parisselectbook.com\/en\/#organization","name":"Paris Select","url":"https:\/\/www.parisselectbook.com\/en\/","logo":{"@type":"ImageObject","inLanguage":"en-US","@id":"https:\/\/www.parisselectbook.com\/en\/#\/schema\/logo\/image\/","url":"https:\/\/www.parisselectbook.com\/wp-content\/uploads\/2024\/06\/logo-IG-TKTK-LK.png","contentUrl":"https:\/\/www.parisselectbook.com\/wp-content\/uploads\/2024\/06\/logo-IG-TKTK-LK.png","width":684,"height":665,"caption":"Paris Select"},"image":{"@id":"https:\/\/www.parisselectbook.com\/en\/#\/schema\/logo\/image\/"},"sameAs":["https:\/\/www.facebook.com\/parisselect","https:\/\/www.instagram.com\/parisselect\/","https:\/\/www.tiktok.com\/@parisselect"]},{"@type":"Person","@id":"https:\/\/www.parisselectbook.com\/en\/#\/schema\/person\/577a587b5e4edbba00885d4631b1cba7","name":"Paris Select Book"}]}},"_links":{"self":[{"href":"https:\/\/www.parisselectbook.com\/en\/wp-json\/wp\/v2\/posts\/193103","targetHints":{"allow":["GET"]}}],"collection":[{"href":"https:\/\/www.parisselectbook.com\/en\/wp-json\/wp\/v2\/posts"}],"about":[{"href":"https:\/\/www.parisselectbook.com\/en\/wp-json\/wp\/v2\/types\/post"}],"author":[{"embeddable":true,"href":"https:\/\/www.parisselectbook.com\/en\/wp-json\/wp\/v2\/users\/3"}],"replies":[{"embeddable":true,"href":"https:\/\/www.parisselectbook.com\/en\/wp-json\/wp\/v2\/comments?post=193103"}],"version-history":[{"count":1,"href":"https:\/\/www.parisselectbook.com\/en\/wp-json\/wp\/v2\/posts\/193103\/revisions"}],"predecessor-version":[{"id":193104,"href":"https:\/\/www.parisselectbook.com\/en\/wp-json\/wp\/v2\/posts\/193103\/revisions\/193104"}],"wp:featuredmedia":[{"embeddable":true,"href":"https:\/\/www.parisselectbook.com\/en\/wp-json\/wp\/v2\/media\/192840"}],"wp:attachment":[{"href":"https:\/\/www.parisselectbook.com\/en\/wp-json\/wp\/v2\/media?parent=193103"}],"wp:term":[{"taxonomy":"category","embeddable":true,"href":"https:\/\/www.parisselectbook.com\/en\/wp-json\/wp\/v2\/categories?post=193103"},{"taxonomy":"post_tag","embeddable":true,"href":"https:\/\/www.parisselectbook.com\/en\/wp-json\/wp\/v2\/tags?post=193103"},{"taxonomy":"quartier","embeddable":true,"href":"https:\/\/www.parisselectbook.com\/en\/wp-json\/wp\/v2\/quartier?post=193103"}],"curies":[{"name":"wp","href":"https:\/\/api.w.org\/{rel}","templated":true}]}}