{"id":193636,"date":"2025-10-24T13:59:42","date_gmt":"2025-10-24T11:59:42","guid":{"rendered":"https:\/\/www.parisselectbook.com\/2025\/10\/24\/fondation-cartier-reopens-in-paris-exposition-generale-celebrates-40-years-of-exhibitions\/"},"modified":"2025-10-24T13:59:42","modified_gmt":"2025-10-24T11:59:42","slug":"fondation-cartier-reopens-in-paris-exposition-generale-celebrates-40-years-of-exhibitions","status":"publish","type":"post","link":"https:\/\/www.parisselectbook.com\/en\/2025\/10\/24\/fondation-cartier-reopens-in-paris-exposition-generale-celebrates-40-years-of-exhibitions\/","title":{"rendered":"Fondation Cartier reopens in Paris: Exposition G\u00e9n\u00e9rale celebrates 40 years of exhibitions"},"content":{"rendered":"<p>The Fondation Cartier prepares for its <strong>reopening<\/strong> with <strong><a href=\"https:\/\/www.parisselectbook.com\/en\/2025\/10\/23\/free-fashion-exhibition-at-europa-experience-paris-unique-and-sustainable-upcycling-pieces\/\" target=\"_blank\" rel=\"noopener\">Exposition<\/a> G\u00e9n\u00e9rale<\/strong>, presented as a pivotal moment. The public can look forward to a sensitive exploration of the collection and its artists. As such, the event promises a clear and lively narrative, without unnecessary effects.  <\/p>\n<h2>What we know about &#8220;Exposition G\u00e9n\u00e9rale<\/h2>\n<p>The title announces an open form, with each room in dialogue with the next. The <a href=\"https:\/\/www.parisselectbook.com\/en\/2025\/10\/21\/le-reve-cette-autre-part-at-the-pernod-ricard-foundation-dreamlike-exhibition-in-paris-8th-arrondissement\/\" target=\"_blank\" rel=\"noopener\">Fondation<\/a> Cartier would showcase both major works and less expected paths. What&#8217;s more, the scenography would aim for flexible circulation. The whole would take on the codes of a <strong>retrospective<\/strong> conceived for today.   <\/p>\n<p>The <a href=\"https:\/\/www.parisselectbook.com\/en\/2025\/10\/19\/asian-hornets-a-promising-new-solution-to-protect-gardens-and-beehives\/\" target=\"_blank\" rel=\"noopener\">building<\/a>, designed by <strong>Jean Nouvel<\/strong>, would once again become an integral part of the tour. The glass walls, light and garden would guide the visitor&#8217;s gaze. As a result, the experience would be based on proximity to the works of art. Visitors would gain in legibility and comfort.   <\/p>\n<h3>Convenience, access and on-site services<\/h3>\n<p>Specific dates, times and formats should be checked before visiting. The Fondation Cartier usually centralizes announcements and updates on its traditional channels. <strong>Time-stamped<a href=\"https:\/\/www.parisselectbook.com\/en\/2025\/10\/10\/les-enfoires-2026-ticket-prices-and-opening-date\/\" target=\"_blank\" rel=\"noopener\">ticketing<\/a><\/strong>, if adopted, would make entry more fluid. Special attention will be paid to families and school groups.<br \/>\n&#8220;<\/p>\n<blockquote><p>A reopening conceived as a rendezvous, not just a resumption of the calendar&#8221;<\/p><\/blockquote>\n<p>The mediation should offer clear reference points room by room. Short texts, legible labels and, on the other hand, thematic routes would help everyone to choose their own pace. In addition, moments dedicated to children would provide a calming environment. The program would be announced step by step.   <\/p>\n<p>Accessibility is one of the public&#8217;s legitimate expectations. Consequently, signage, seating and circulation would be adapted to the greatest number of people. <strong>Accessibility<\/strong> of content, including audio and visual content, would remain a priority. As a result, the visit would be simpler for everyone.   <\/p>\n<ul>\n<li>Reopening with a clear retrospective story<\/li>\n<li>Building and garden integrated into the course<\/li>\n<li>Routes designed for families and groups<\/li>\n<li>Practical information to be confirmed before coming<\/li>\n<li>Enhanced mediation and accessibility<\/li>\n<\/ul>\n<h2>Why this sequence matters to the art scene<\/h2>\n<p>Since <strong>1984<\/strong>, the Cartier Foundation has supported creation and research. In <strong>2024<\/strong>, the company celebrated its <strong>40th anniversary<\/strong>, a sign of rare continuity. It has also experimented with formats, disciplines and unlikely conversations. This reopening is part of the same dynamic of experimentation and sharing.   <\/p>\n<p>Photography, design, performance and new digital writing are all reflected here. In this way, a regular dialogue is established between artists, scientists and thinkers. The Fondation Cartier favors flexible formats rather than monolithic blocks. Visitors gain a nuanced reading of the present.   <\/p>\n<p><strong>Failed to pass source article.<\/strong> You have not yet provided the text or HTML of the Sortiraparis article containing the product references.<br \/>\nPlease paste the complete text of the article or upload the rendered HTML, so that I can extract the list of references according to your instructions.<\/p>\n<h3>A leverage effect for the Ile-de-France public and beyond<\/h3>\n<p>A reopening creates a rare window of attention. The Fondation Cartier serves as a compass for those returning to the exhibition circuit. What&#8217;s more, this moment can launch lasting visitor habits. The impact often extends beyond the opening period.   <\/p>\n<p>The recovery is attracting teachers, students and cultural mediators. As a result, educational projects are being relaunched and renewed. The Fondation Cartier becomes an anchor for the coming year. This anchoring role benefits the local ecosystem.   <\/p>\n<h2>Useful tips for preparing your visit<\/h2>\n<p>Anticipate your slot as soon as it is officially announced. The Fondation Cartier sometimes adjusts gauges according to the period. So think about arriving early to avoid rushing. <strong>Night visits<\/strong>, if offered, are often a welcome convenience.   <\/p>\n<p>Use clear media for your notes on site. As a result, a notebook or your smartphone will suffice to memorize key points. The Fondation Cartier may offer <strong>audio guides<\/strong> or mobile content. Check out this time-saving feature.   <\/p>\n<p>If you&#8217;re coming in a group, set a meeting point outside. Then divide up into smaller groups for better circulation. The Fondation Cartier usually provides a checkroom and bookshop to help you organize your visit. The <strong>tour guide<\/strong> will help you prioritize your visit.   <\/p>\n<p>Finally, allow yourself some breathing space after the tour. It&#8217;s a break that helps you take in the works you&#8217;ve seen. The Fondation Cartier often offers a garden or quiet space in which to relax. In this way, the pleasure of the visit is prolonged without overload.   <\/p>\n","protected":false},"excerpt":{"rendered":"<p>The Fondation Cartier prepares for its reopening with Exposition G\u00e9n\u00e9rale, presented as a pivotal moment. The public can look forward to a sensitive exploration of&#8230;<\/p>\n","protected":false},"author":13,"featured_media":193567,"comment_status":"open","ping_status":"closed","sticky":false,"template":"","format":"standard","meta":{"_acf_changed":false,"footnotes":""},"categories":[2685],"tags":[3718],"quartier":[],"class_list":["post-193636","post","type-post","status-publish","format-standard","has-post-thumbnail","hentry","category-news-du-luxe-en","tag-cartier-foundation"],"acf":[],"yoast_head":"<!-- This site is optimized with the Yoast SEO plugin v27.5 - https:\/\/yoast.com\/product\/yoast-seo-wordpress\/ -->\n<title>Fondation Cartier reopens in Paris: Exposition G\u00e9n\u00e9rale celebrates 40 years of exhibitions<\/title>\n<meta name=\"description\" content=\"Fondation Cartier reopens in Paris with Exposition G\u00e9n\u00e9rale. A fluid retrospective tour, in dialogue with Jean Nouvel&#039;s works and architecture.\" \/>\n<meta name=\"robots\" content=\"index, follow, max-snippet:-1, max-image-preview:large, max-video-preview:-1\" \/>\n<link rel=\"canonical\" href=\"https:\/\/www.parisselectbook.com\/en\/2025\/10\/24\/fondation-cartier-reopens-in-paris-exposition-generale-celebrates-40-years-of-exhibitions\/\" \/>\n<meta property=\"og:locale\" content=\"en_US\" \/>\n<meta property=\"og:type\" content=\"article\" \/>\n<meta property=\"og:title\" content=\"Fondation Cartier reopens in Paris: Exposition G\u00e9n\u00e9rale celebrates 40 years of exhibitions\" \/>\n<meta property=\"og:description\" content=\"Fondation Cartier reopens in Paris with Exposition G\u00e9n\u00e9rale. A fluid retrospective tour, in dialogue with Jean Nouvel&#039;s works and architecture.\" \/>\n<meta property=\"og:url\" content=\"https:\/\/www.parisselectbook.com\/en\/2025\/10\/24\/fondation-cartier-reopens-in-paris-exposition-generale-celebrates-40-years-of-exhibitions\/\" \/>\n<meta property=\"og:site_name\" content=\"Paris Select\" \/>\n<meta property=\"article:publisher\" content=\"https:\/\/www.facebook.com\/parisselect\" \/>\n<meta property=\"article:published_time\" content=\"2025-10-24T11:59:42+00:00\" \/>\n<meta property=\"og:image\" content=\"https:\/\/www.parisselectbook.com\/wp-content\/uploads\/2025\/10\/193565-image.jpg\" \/>\n\t<meta property=\"og:image:width\" content=\"1200\" \/>\n\t<meta property=\"og:image:height\" content=\"680\" \/>\n\t<meta property=\"og:image:type\" content=\"image\/jpeg\" \/>\n<meta name=\"author\" content=\"zaccharie touboul\" \/>\n<meta name=\"twitter:card\" content=\"summary_large_image\" \/>\n<meta name=\"twitter:label1\" content=\"Written by\" \/>\n\t<meta name=\"twitter:data1\" content=\"zaccharie touboul\" \/>\n\t<meta name=\"twitter:label2\" content=\"Est. reading time\" \/>\n\t<meta name=\"twitter:data2\" content=\"4 minutes\" \/>\n<script type=\"application\/ld+json\" class=\"yoast-schema-graph\">{\"@context\":\"https:\\\/\\\/schema.org\",\"@graph\":[{\"@type\":\"Article\",\"@id\":\"https:\\\/\\\/www.parisselectbook.com\\\/en\\\/2025\\\/10\\\/24\\\/fondation-cartier-reopens-in-paris-exposition-generale-celebrates-40-years-of-exhibitions\\\/#article\",\"isPartOf\":{\"@id\":\"https:\\\/\\\/www.parisselectbook.com\\\/en\\\/2025\\\/10\\\/24\\\/fondation-cartier-reopens-in-paris-exposition-generale-celebrates-40-years-of-exhibitions\\\/\"},\"author\":{\"name\":\"zaccharie touboul\",\"@id\":\"https:\\\/\\\/www.parisselectbook.com\\\/en\\\/#\\\/schema\\\/person\\\/3675d9a80d6cbefbfde597e393c036aa\"},\"headline\":\"Fondation Cartier reopens in Paris: Exposition G\u00e9n\u00e9rale celebrates 40 years of exhibitions\",\"datePublished\":\"2025-10-24T11:59:42+00:00\",\"mainEntityOfPage\":{\"@id\":\"https:\\\/\\\/www.parisselectbook.com\\\/en\\\/2025\\\/10\\\/24\\\/fondation-cartier-reopens-in-paris-exposition-generale-celebrates-40-years-of-exhibitions\\\/\"},\"wordCount\":746,\"commentCount\":0,\"publisher\":{\"@id\":\"https:\\\/\\\/www.parisselectbook.com\\\/en\\\/#organization\"},\"image\":{\"@id\":\"https:\\\/\\\/www.parisselectbook.com\\\/en\\\/2025\\\/10\\\/24\\\/fondation-cartier-reopens-in-paris-exposition-generale-celebrates-40-years-of-exhibitions\\\/#primaryimage\"},\"thumbnailUrl\":\"https:\\\/\\\/www.parisselectbook.com\\\/wp-content\\\/uploads\\\/2025\\\/10\\\/193565-image.jpg\",\"keywords\":[\"Cartier Foundation\"],\"articleSection\":[\"News du Luxe\"],\"inLanguage\":\"en-US\",\"potentialAction\":[{\"@type\":\"CommentAction\",\"name\":\"Comment\",\"target\":[\"https:\\\/\\\/www.parisselectbook.com\\\/en\\\/2025\\\/10\\\/24\\\/fondation-cartier-reopens-in-paris-exposition-generale-celebrates-40-years-of-exhibitions\\\/#respond\"]}]},{\"@type\":\"WebPage\",\"@id\":\"https:\\\/\\\/www.parisselectbook.com\\\/en\\\/2025\\\/10\\\/24\\\/fondation-cartier-reopens-in-paris-exposition-generale-celebrates-40-years-of-exhibitions\\\/\",\"url\":\"https:\\\/\\\/www.parisselectbook.com\\\/en\\\/2025\\\/10\\\/24\\\/fondation-cartier-reopens-in-paris-exposition-generale-celebrates-40-years-of-exhibitions\\\/\",\"name\":\"Fondation Cartier reopens in Paris: Exposition G\u00e9n\u00e9rale celebrates 40 years of exhibitions\",\"isPartOf\":{\"@id\":\"https:\\\/\\\/www.parisselectbook.com\\\/en\\\/#website\"},\"primaryImageOfPage\":{\"@id\":\"https:\\\/\\\/www.parisselectbook.com\\\/en\\\/2025\\\/10\\\/24\\\/fondation-cartier-reopens-in-paris-exposition-generale-celebrates-40-years-of-exhibitions\\\/#primaryimage\"},\"image\":{\"@id\":\"https:\\\/\\\/www.parisselectbook.com\\\/en\\\/2025\\\/10\\\/24\\\/fondation-cartier-reopens-in-paris-exposition-generale-celebrates-40-years-of-exhibitions\\\/#primaryimage\"},\"thumbnailUrl\":\"https:\\\/\\\/www.parisselectbook.com\\\/wp-content\\\/uploads\\\/2025\\\/10\\\/193565-image.jpg\",\"datePublished\":\"2025-10-24T11:59:42+00:00\",\"description\":\"Fondation Cartier reopens in Paris with Exposition G\u00e9n\u00e9rale. A fluid retrospective tour, in dialogue with Jean Nouvel's works and architecture.\",\"breadcrumb\":{\"@id\":\"https:\\\/\\\/www.parisselectbook.com\\\/en\\\/2025\\\/10\\\/24\\\/fondation-cartier-reopens-in-paris-exposition-generale-celebrates-40-years-of-exhibitions\\\/#breadcrumb\"},\"inLanguage\":\"en-US\",\"potentialAction\":[{\"@type\":\"ReadAction\",\"target\":[\"https:\\\/\\\/www.parisselectbook.com\\\/en\\\/2025\\\/10\\\/24\\\/fondation-cartier-reopens-in-paris-exposition-generale-celebrates-40-years-of-exhibitions\\\/\"]}]},{\"@type\":\"ImageObject\",\"inLanguage\":\"en-US\",\"@id\":\"https:\\\/\\\/www.parisselectbook.com\\\/en\\\/2025\\\/10\\\/24\\\/fondation-cartier-reopens-in-paris-exposition-generale-celebrates-40-years-of-exhibitions\\\/#primaryimage\",\"url\":\"https:\\\/\\\/www.parisselectbook.com\\\/wp-content\\\/uploads\\\/2025\\\/10\\\/193565-image.jpg\",\"contentUrl\":\"https:\\\/\\\/www.parisselectbook.com\\\/wp-content\\\/uploads\\\/2025\\\/10\\\/193565-image.jpg\",\"width\":1200,\"height\":680,\"caption\":\"ParisSelect - Fondation Cartier rouvre \u00e0 Paris: Exposition G\u00e9n\u00e9rale c\u00e9l\u00e8bre 40 ans d'expositions\"},{\"@type\":\"BreadcrumbList\",\"@id\":\"https:\\\/\\\/www.parisselectbook.com\\\/en\\\/2025\\\/10\\\/24\\\/fondation-cartier-reopens-in-paris-exposition-generale-celebrates-40-years-of-exhibitions\\\/#breadcrumb\",\"itemListElement\":[{\"@type\":\"ListItem\",\"position\":1,\"name\":\"Que faire \u00e0 Paris ?\",\"item\":\"https:\\\/\\\/www.parisselectbook.com\\\/en\\\/category\\\/que-faire-a-paris-en\\\/\"},{\"@type\":\"ListItem\",\"position\":2,\"name\":\"Fondation Cartier reopens in Paris: Exposition G\u00e9n\u00e9rale celebrates 40 years of exhibitions\"}]},{\"@type\":\"WebSite\",\"@id\":\"https:\\\/\\\/www.parisselectbook.com\\\/en\\\/#website\",\"url\":\"https:\\\/\\\/www.parisselectbook.com\\\/en\\\/\",\"name\":\"Paris Select Book\",\"description\":\"Le guide chic des Tendances Parisiennes\",\"publisher\":{\"@id\":\"https:\\\/\\\/www.parisselectbook.com\\\/en\\\/#organization\"},\"potentialAction\":[{\"@type\":\"SearchAction\",\"target\":{\"@type\":\"EntryPoint\",\"urlTemplate\":\"https:\\\/\\\/www.parisselectbook.com\\\/en\\\/?s={search_term_string}\"},\"query-input\":{\"@type\":\"PropertyValueSpecification\",\"valueRequired\":true,\"valueName\":\"search_term_string\"}}],\"inLanguage\":\"en-US\"},{\"@type\":\"Organization\",\"@id\":\"https:\\\/\\\/www.parisselectbook.com\\\/en\\\/#organization\",\"name\":\"Paris Select\",\"url\":\"https:\\\/\\\/www.parisselectbook.com\\\/en\\\/\",\"logo\":{\"@type\":\"ImageObject\",\"inLanguage\":\"en-US\",\"@id\":\"https:\\\/\\\/www.parisselectbook.com\\\/en\\\/#\\\/schema\\\/logo\\\/image\\\/\",\"url\":\"https:\\\/\\\/www.parisselectbook.com\\\/wp-content\\\/uploads\\\/2024\\\/06\\\/logo-IG-TKTK-LK.png\",\"contentUrl\":\"https:\\\/\\\/www.parisselectbook.com\\\/wp-content\\\/uploads\\\/2024\\\/06\\\/logo-IG-TKTK-LK.png\",\"width\":684,\"height\":665,\"caption\":\"Paris Select\"},\"image\":{\"@id\":\"https:\\\/\\\/www.parisselectbook.com\\\/en\\\/#\\\/schema\\\/logo\\\/image\\\/\"},\"sameAs\":[\"https:\\\/\\\/www.facebook.com\\\/parisselect\",\"https:\\\/\\\/www.instagram.com\\\/parisselect\\\/\",\"https:\\\/\\\/www.tiktok.com\\\/@parisselect\"]},{\"@type\":\"Person\",\"@id\":\"https:\\\/\\\/www.parisselectbook.com\\\/en\\\/#\\\/schema\\\/person\\\/3675d9a80d6cbefbfde597e393c036aa\",\"name\":\"zaccharie touboul\",\"sameAs\":[\"https:\\\/\\\/www.parisselectbook.com\\\/\"]}]}<\/script>\n<!-- \/ Yoast SEO plugin. -->","yoast_head_json":{"title":"Fondation Cartier reopens in Paris: Exposition G\u00e9n\u00e9rale celebrates 40 years of exhibitions","description":"Fondation Cartier reopens in Paris with Exposition G\u00e9n\u00e9rale. A fluid retrospective tour, in dialogue with Jean Nouvel's works and architecture.","robots":{"index":"index","follow":"follow","max-snippet":"max-snippet:-1","max-image-preview":"max-image-preview:large","max-video-preview":"max-video-preview:-1"},"canonical":"https:\/\/www.parisselectbook.com\/en\/2025\/10\/24\/fondation-cartier-reopens-in-paris-exposition-generale-celebrates-40-years-of-exhibitions\/","og_locale":"en_US","og_type":"article","og_title":"Fondation Cartier reopens in Paris: Exposition G\u00e9n\u00e9rale celebrates 40 years of exhibitions","og_description":"Fondation Cartier reopens in Paris with Exposition G\u00e9n\u00e9rale. A fluid retrospective tour, in dialogue with Jean Nouvel's works and architecture.","og_url":"https:\/\/www.parisselectbook.com\/en\/2025\/10\/24\/fondation-cartier-reopens-in-paris-exposition-generale-celebrates-40-years-of-exhibitions\/","og_site_name":"Paris Select","article_publisher":"https:\/\/www.facebook.com\/parisselect","article_published_time":"2025-10-24T11:59:42+00:00","og_image":[{"width":1200,"height":680,"url":"https:\/\/www.parisselectbook.com\/wp-content\/uploads\/2025\/10\/193565-image.jpg","type":"image\/jpeg"}],"author":"zaccharie touboul","twitter_card":"summary_large_image","twitter_misc":{"Written by":"zaccharie touboul","Est. reading time":"4 minutes"},"schema":{"@context":"https:\/\/schema.org","@graph":[{"@type":"Article","@id":"https:\/\/www.parisselectbook.com\/en\/2025\/10\/24\/fondation-cartier-reopens-in-paris-exposition-generale-celebrates-40-years-of-exhibitions\/#article","isPartOf":{"@id":"https:\/\/www.parisselectbook.com\/en\/2025\/10\/24\/fondation-cartier-reopens-in-paris-exposition-generale-celebrates-40-years-of-exhibitions\/"},"author":{"name":"zaccharie touboul","@id":"https:\/\/www.parisselectbook.com\/en\/#\/schema\/person\/3675d9a80d6cbefbfde597e393c036aa"},"headline":"Fondation Cartier reopens in Paris: Exposition G\u00e9n\u00e9rale celebrates 40 years of exhibitions","datePublished":"2025-10-24T11:59:42+00:00","mainEntityOfPage":{"@id":"https:\/\/www.parisselectbook.com\/en\/2025\/10\/24\/fondation-cartier-reopens-in-paris-exposition-generale-celebrates-40-years-of-exhibitions\/"},"wordCount":746,"commentCount":0,"publisher":{"@id":"https:\/\/www.parisselectbook.com\/en\/#organization"},"image":{"@id":"https:\/\/www.parisselectbook.com\/en\/2025\/10\/24\/fondation-cartier-reopens-in-paris-exposition-generale-celebrates-40-years-of-exhibitions\/#primaryimage"},"thumbnailUrl":"https:\/\/www.parisselectbook.com\/wp-content\/uploads\/2025\/10\/193565-image.jpg","keywords":["Cartier Foundation"],"articleSection":["News du Luxe"],"inLanguage":"en-US","potentialAction":[{"@type":"CommentAction","name":"Comment","target":["https:\/\/www.parisselectbook.com\/en\/2025\/10\/24\/fondation-cartier-reopens-in-paris-exposition-generale-celebrates-40-years-of-exhibitions\/#respond"]}]},{"@type":"WebPage","@id":"https:\/\/www.parisselectbook.com\/en\/2025\/10\/24\/fondation-cartier-reopens-in-paris-exposition-generale-celebrates-40-years-of-exhibitions\/","url":"https:\/\/www.parisselectbook.com\/en\/2025\/10\/24\/fondation-cartier-reopens-in-paris-exposition-generale-celebrates-40-years-of-exhibitions\/","name":"Fondation Cartier reopens in Paris: Exposition G\u00e9n\u00e9rale celebrates 40 years of exhibitions","isPartOf":{"@id":"https:\/\/www.parisselectbook.com\/en\/#website"},"primaryImageOfPage":{"@id":"https:\/\/www.parisselectbook.com\/en\/2025\/10\/24\/fondation-cartier-reopens-in-paris-exposition-generale-celebrates-40-years-of-exhibitions\/#primaryimage"},"image":{"@id":"https:\/\/www.parisselectbook.com\/en\/2025\/10\/24\/fondation-cartier-reopens-in-paris-exposition-generale-celebrates-40-years-of-exhibitions\/#primaryimage"},"thumbnailUrl":"https:\/\/www.parisselectbook.com\/wp-content\/uploads\/2025\/10\/193565-image.jpg","datePublished":"2025-10-24T11:59:42+00:00","description":"Fondation Cartier reopens in Paris with Exposition G\u00e9n\u00e9rale. A fluid retrospective tour, in dialogue with Jean Nouvel's works and architecture.","breadcrumb":{"@id":"https:\/\/www.parisselectbook.com\/en\/2025\/10\/24\/fondation-cartier-reopens-in-paris-exposition-generale-celebrates-40-years-of-exhibitions\/#breadcrumb"},"inLanguage":"en-US","potentialAction":[{"@type":"ReadAction","target":["https:\/\/www.parisselectbook.com\/en\/2025\/10\/24\/fondation-cartier-reopens-in-paris-exposition-generale-celebrates-40-years-of-exhibitions\/"]}]},{"@type":"ImageObject","inLanguage":"en-US","@id":"https:\/\/www.parisselectbook.com\/en\/2025\/10\/24\/fondation-cartier-reopens-in-paris-exposition-generale-celebrates-40-years-of-exhibitions\/#primaryimage","url":"https:\/\/www.parisselectbook.com\/wp-content\/uploads\/2025\/10\/193565-image.jpg","contentUrl":"https:\/\/www.parisselectbook.com\/wp-content\/uploads\/2025\/10\/193565-image.jpg","width":1200,"height":680,"caption":"ParisSelect - Fondation Cartier rouvre \u00e0 Paris: Exposition G\u00e9n\u00e9rale c\u00e9l\u00e8bre 40 ans d'expositions"},{"@type":"BreadcrumbList","@id":"https:\/\/www.parisselectbook.com\/en\/2025\/10\/24\/fondation-cartier-reopens-in-paris-exposition-generale-celebrates-40-years-of-exhibitions\/#breadcrumb","itemListElement":[{"@type":"ListItem","position":1,"name":"Que faire \u00e0 Paris ?","item":"https:\/\/www.parisselectbook.com\/en\/category\/que-faire-a-paris-en\/"},{"@type":"ListItem","position":2,"name":"Fondation Cartier reopens in Paris: Exposition G\u00e9n\u00e9rale celebrates 40 years of exhibitions"}]},{"@type":"WebSite","@id":"https:\/\/www.parisselectbook.com\/en\/#website","url":"https:\/\/www.parisselectbook.com\/en\/","name":"Paris Select Book","description":"Le guide chic des Tendances Parisiennes","publisher":{"@id":"https:\/\/www.parisselectbook.com\/en\/#organization"},"potentialAction":[{"@type":"SearchAction","target":{"@type":"EntryPoint","urlTemplate":"https:\/\/www.parisselectbook.com\/en\/?s={search_term_string}"},"query-input":{"@type":"PropertyValueSpecification","valueRequired":true,"valueName":"search_term_string"}}],"inLanguage":"en-US"},{"@type":"Organization","@id":"https:\/\/www.parisselectbook.com\/en\/#organization","name":"Paris Select","url":"https:\/\/www.parisselectbook.com\/en\/","logo":{"@type":"ImageObject","inLanguage":"en-US","@id":"https:\/\/www.parisselectbook.com\/en\/#\/schema\/logo\/image\/","url":"https:\/\/www.parisselectbook.com\/wp-content\/uploads\/2024\/06\/logo-IG-TKTK-LK.png","contentUrl":"https:\/\/www.parisselectbook.com\/wp-content\/uploads\/2024\/06\/logo-IG-TKTK-LK.png","width":684,"height":665,"caption":"Paris Select"},"image":{"@id":"https:\/\/www.parisselectbook.com\/en\/#\/schema\/logo\/image\/"},"sameAs":["https:\/\/www.facebook.com\/parisselect","https:\/\/www.instagram.com\/parisselect\/","https:\/\/www.tiktok.com\/@parisselect"]},{"@type":"Person","@id":"https:\/\/www.parisselectbook.com\/en\/#\/schema\/person\/3675d9a80d6cbefbfde597e393c036aa","name":"zaccharie touboul","sameAs":["https:\/\/www.parisselectbook.com\/"]}]}},"_links":{"self":[{"href":"https:\/\/www.parisselectbook.com\/en\/wp-json\/wp\/v2\/posts\/193636","targetHints":{"allow":["GET"]}}],"collection":[{"href":"https:\/\/www.parisselectbook.com\/en\/wp-json\/wp\/v2\/posts"}],"about":[{"href":"https:\/\/www.parisselectbook.com\/en\/wp-json\/wp\/v2\/types\/post"}],"author":[{"embeddable":true,"href":"https:\/\/www.parisselectbook.com\/en\/wp-json\/wp\/v2\/users\/13"}],"replies":[{"embeddable":true,"href":"https:\/\/www.parisselectbook.com\/en\/wp-json\/wp\/v2\/comments?post=193636"}],"version-history":[{"count":0,"href":"https:\/\/www.parisselectbook.com\/en\/wp-json\/wp\/v2\/posts\/193636\/revisions"}],"wp:featuredmedia":[{"embeddable":true,"href":"https:\/\/www.parisselectbook.com\/en\/wp-json\/wp\/v2\/media\/193567"}],"wp:attachment":[{"href":"https:\/\/www.parisselectbook.com\/en\/wp-json\/wp\/v2\/media?parent=193636"}],"wp:term":[{"taxonomy":"category","embeddable":true,"href":"https:\/\/www.parisselectbook.com\/en\/wp-json\/wp\/v2\/categories?post=193636"},{"taxonomy":"post_tag","embeddable":true,"href":"https:\/\/www.parisselectbook.com\/en\/wp-json\/wp\/v2\/tags?post=193636"},{"taxonomy":"quartier","embeddable":true,"href":"https:\/\/www.parisselectbook.com\/en\/wp-json\/wp\/v2\/quartier?post=193636"}],"curies":[{"name":"wp","href":"https:\/\/api.w.org\/{rel}","templated":true}]}}