{"id":193793,"date":"2025-10-25T16:44:01","date_gmt":"2025-10-25T14:44:01","guid":{"rendered":"https:\/\/www.parisselectbook.com\/2025\/10\/25\/hermes-homme-to-change-artistic-director-after-37-years-with-veronique-nichanian\/"},"modified":"2025-10-25T16:44:01","modified_gmt":"2025-10-25T14:44:01","slug":"hermes-homme-to-change-artistic-director-after-37-years-with-veronique-nichanian","status":"publish","type":"post","link":"https:\/\/www.parisselectbook.com\/en\/2025\/10\/25\/hermes-homme-to-change-artistic-director-after-37-years-with-veronique-nichanian\/","title":{"rendered":"Herm\u00e8s Homme to change artistic director after 37 years with V\u00e9ronique Nichanian"},"content":{"rendered":"<p>The Herm\u00e8s men&#8217;s wardrobe is about to undergo a rare change. <a href=\"https:\/\/www.parisselectbook.com\/en\/2025\/10\/21\/giorgio-armani-appoints-veteran-giuseppe-marsocci-as-group-ceo\/\" target=\"_blank\" rel=\"noopener\">The house has<\/a> confirmed a future change of artistic direction, following a long-term era. The precise timetable remains to be clarified, but anticipation is already growing. <\/p>\n<h2>Herm\u00e8s men: a historic handover<\/h2>\n<p>V\u00e9ronique Nichanian has been shaping men&#8217;s ready-to-wear since <strong>1988<\/strong>. This <a href=\"https:\/\/www.parisselectbook.com\/en\/2025\/10\/15\/new-balance-417-x-songmont-the-leather-sneaker-as-luxurious-as-a-handbag-launches-in-2025\/\" target=\"_blank\" rel=\"noopener\">longevity<\/a>, spanning almost <strong>36 years<\/strong>, has established a clear signature. Quiet elegance has become her creative compass. At Herm\u00e8s, discretion has never prevented bold materials.   <\/p>\n<p>The designer championed precise cuts and muted colors. In addition, supple leathers, technical knits and silks enhanced desirability. The <g id=\"gid_0\">wardrobe<\/g> gained in mobility, without sacrificing support. In short, functionality joined beauty of use.   <\/p>\n<p>Herm\u00e8s &#8211; Anchor Chain. A house icon, this anchor motif irrigates jewelry, fastening details and jacquards, and has established itself as an enduring masculine landmark.<br \/>\nIn men&#8217;s <a href=\"https:\/\/www.parisselectbook.com\/en\/2025\/07\/04\/vera-wang-launches-ready-to-wear-in-europe\/\" target=\"_blank\" rel=\"noopener\">ready-to-wear<\/a>, it serves as a visual bridge between tradition and modernity, signaling a confident, modular allure. <\/p>\n<blockquote><p>&#8220;The house opens a new chapter for its men&#8217;s line.<\/p><\/blockquote>\n<h3>What transition means for customers and the team<\/h3>\n<p>For loyal customers, continuity remains a priority. Thus, iconic pieces are expected to endure, while welcoming measured adjustments. Leather and knitwear remain central to Herm\u00e8s. As a result, stylistic consistency should not waver.   <\/p>\n<p>On the workshop side, expertise will remain in place. In addition, the studio teams will retain the fine-tuning processes. The next appointment will be closely scrutinized by the market and the press. At Herm\u00e8s, every detail affects the perception of value.   <\/p>\n<ul>\n<li>Follow-up to the announcements concerning the appointment of the head of masculin<\/li>\n<li>Reading transition collections and flagship silhouettes<\/li>\n<li>Trends in demand for high-end men&#8217;s ready-to-wear<\/li>\n<li>Signal sent by corporate communication and calendar<\/li>\n<li>Internal talent trajectories and one-off collaborations<\/li>\n<\/ul>\n<h2>For Herm\u00e8s: calendar, sales and challenges<\/h2>\n<p>The pace of the Paris fashion shows is set to continue. The brand is therefore protecting its creative rhythm to avoid any disruption. The 2023 results speak for themselves, with sales of <g id=\"gid_0\">over 13 billion euros<\/g>. Herm\u00e8s is therefore moving forward with a solid financial engine.   <\/p>\n<p>Herm\u00e8s &#8211; Hors-Champ. The <strong>spring-summer 2021<\/strong> collection tested a filmed presentation, playing with off-screen and workshop-stage proximity.<br \/>\nThis nimble grammar showed how the house man can evolve, without losing the precision of cuts or the clarity of volumes. <\/p>\n<p>The competitive environment remains dynamic, with star names and well-kept legacies. On the other hand, the company prefers steady growth to a clash of styles. So the challenge is to nurture desire through visible micro-innovations. Herm\u00e8s can capitalize on the strength of its materials and the ergonomics of its pieces.   <\/p>\n<h3>Heritage versus disruption: what are the credible scenarios?<\/h3>\n<p>Two paths coexist: internal promotion or an external view. However, the craftsman&#8217;s DNA requires gradual integration. So, the idea of a creation-product duo could emerge to secure the balance. At Herm\u00e8s, the long rhythm takes precedence over fashion.   <\/p>\n<p>A new chapter does not mean a sharp turnaround. Consequently, the workshops will maintain the same standards of material selection. Adjustments will be made through targeted palettes, volumes and finishes. In short, the trajectory will be one of adjustment rather than rupture.   <\/p>\n<h2>After Herm\u00e8s men: a look at the future of French menswear<\/h2>\n<p>The Parisian fashion scene is watching this transition closely. The signal sent may redefine the balance between comfort and tailoring. Fashion schools will see it as a lesson in creative consistency. On the other hand, the market expects a clear narrative from the very first silhouettes.   <\/p>\n<p>Customers want practical reference points. What&#8217;s more, in-store service and rework quality will remain decisive. The legibility of lines and durability are already guiding purchases. Here, Herm\u00e8s keeps its master card of purity and maintenance.   <\/p>\n<p>In the coming months, every detail will count. Accessories, shoes and small leather goods will anchor the transition. The aim is to make the wardrobe grow without denaturing it. Herm\u00e8s is striking a balance between desire, use and heritage.   <\/p>\n","protected":false},"excerpt":{"rendered":"<p>The Herm\u00e8s men&#8217;s wardrobe is about to undergo a rare change. The house has confirmed a future change of artistic direction, following a long-term era&#8230;.<\/p>\n","protected":false},"author":13,"featured_media":193692,"comment_status":"open","ping_status":"closed","sticky":false,"template":"","format":"standard","meta":{"_acf_changed":false,"footnotes":""},"categories":[2685],"tags":[2288],"quartier":[],"class_list":["post-193793","post","type-post","status-publish","format-standard","has-post-thumbnail","hentry","category-news-du-luxe-en","tag-hermes-en"],"acf":[],"yoast_head":"<!-- This site is optimized with the Yoast SEO plugin v27.5 - https:\/\/yoast.com\/product\/yoast-seo-wordpress\/ -->\n<title>Herm\u00e8s Homme to change artistic director after 37 years with V\u00e9ronique Nichanian<\/title>\n<meta name=\"description\" content=\"Herm\u00e8s Homme is preparing a historic handover. Icons remain, while micro-innovations energize the men&#039;s wardrobe.\" \/>\n<meta name=\"robots\" content=\"index, follow, max-snippet:-1, max-image-preview:large, max-video-preview:-1\" \/>\n<link rel=\"canonical\" href=\"https:\/\/www.parisselectbook.com\/en\/2025\/10\/25\/hermes-homme-to-change-artistic-director-after-37-years-with-veronique-nichanian\/\" \/>\n<meta property=\"og:locale\" content=\"en_US\" \/>\n<meta property=\"og:type\" content=\"article\" \/>\n<meta property=\"og:title\" content=\"Herm\u00e8s Homme to change artistic director after 37 years with V\u00e9ronique Nichanian\" \/>\n<meta property=\"og:description\" content=\"Herm\u00e8s Homme is preparing a historic handover. Icons remain, while micro-innovations energize the men&#039;s wardrobe.\" \/>\n<meta property=\"og:url\" content=\"https:\/\/www.parisselectbook.com\/en\/2025\/10\/25\/hermes-homme-to-change-artistic-director-after-37-years-with-veronique-nichanian\/\" \/>\n<meta property=\"og:site_name\" content=\"Paris Select\" \/>\n<meta property=\"article:publisher\" content=\"https:\/\/www.facebook.com\/parisselect\" \/>\n<meta property=\"article:published_time\" content=\"2025-10-25T14:44:01+00:00\" \/>\n<meta property=\"og:image\" content=\"https:\/\/www.parisselectbook.com\/wp-content\/uploads\/2025\/10\/193690-image.jpg\" \/>\n\t<meta property=\"og:image:width\" content=\"1200\" \/>\n\t<meta property=\"og:image:height\" content=\"680\" \/>\n\t<meta property=\"og:image:type\" content=\"image\/jpeg\" \/>\n<meta name=\"author\" content=\"zaccharie touboul\" \/>\n<meta name=\"twitter:card\" content=\"summary_large_image\" \/>\n<meta name=\"twitter:label1\" content=\"Written by\" \/>\n\t<meta name=\"twitter:data1\" content=\"zaccharie touboul\" \/>\n\t<meta name=\"twitter:label2\" content=\"Est. reading time\" \/>\n\t<meta name=\"twitter:data2\" content=\"3 minutes\" \/>\n<script type=\"application\/ld+json\" class=\"yoast-schema-graph\">{\"@context\":\"https:\\\/\\\/schema.org\",\"@graph\":[{\"@type\":\"Article\",\"@id\":\"https:\\\/\\\/www.parisselectbook.com\\\/en\\\/2025\\\/10\\\/25\\\/hermes-homme-to-change-artistic-director-after-37-years-with-veronique-nichanian\\\/#article\",\"isPartOf\":{\"@id\":\"https:\\\/\\\/www.parisselectbook.com\\\/en\\\/2025\\\/10\\\/25\\\/hermes-homme-to-change-artistic-director-after-37-years-with-veronique-nichanian\\\/\"},\"author\":{\"name\":\"zaccharie touboul\",\"@id\":\"https:\\\/\\\/www.parisselectbook.com\\\/en\\\/#\\\/schema\\\/person\\\/3675d9a80d6cbefbfde597e393c036aa\"},\"headline\":\"Herm\u00e8s Homme to change artistic director after 37 years with V\u00e9ronique Nichanian\",\"datePublished\":\"2025-10-25T14:44:01+00:00\",\"mainEntityOfPage\":{\"@id\":\"https:\\\/\\\/www.parisselectbook.com\\\/en\\\/2025\\\/10\\\/25\\\/hermes-homme-to-change-artistic-director-after-37-years-with-veronique-nichanian\\\/\"},\"wordCount\":672,\"commentCount\":0,\"publisher\":{\"@id\":\"https:\\\/\\\/www.parisselectbook.com\\\/en\\\/#organization\"},\"image\":{\"@id\":\"https:\\\/\\\/www.parisselectbook.com\\\/en\\\/2025\\\/10\\\/25\\\/hermes-homme-to-change-artistic-director-after-37-years-with-veronique-nichanian\\\/#primaryimage\"},\"thumbnailUrl\":\"https:\\\/\\\/www.parisselectbook.com\\\/wp-content\\\/uploads\\\/2025\\\/10\\\/193690-image.jpg\",\"keywords\":[\"Herm\u00e8s\"],\"articleSection\":[\"News du Luxe\"],\"inLanguage\":\"en-US\",\"potentialAction\":[{\"@type\":\"CommentAction\",\"name\":\"Comment\",\"target\":[\"https:\\\/\\\/www.parisselectbook.com\\\/en\\\/2025\\\/10\\\/25\\\/hermes-homme-to-change-artistic-director-after-37-years-with-veronique-nichanian\\\/#respond\"]}]},{\"@type\":\"WebPage\",\"@id\":\"https:\\\/\\\/www.parisselectbook.com\\\/en\\\/2025\\\/10\\\/25\\\/hermes-homme-to-change-artistic-director-after-37-years-with-veronique-nichanian\\\/\",\"url\":\"https:\\\/\\\/www.parisselectbook.com\\\/en\\\/2025\\\/10\\\/25\\\/hermes-homme-to-change-artistic-director-after-37-years-with-veronique-nichanian\\\/\",\"name\":\"Herm\u00e8s Homme to change artistic director after 37 years with V\u00e9ronique Nichanian\",\"isPartOf\":{\"@id\":\"https:\\\/\\\/www.parisselectbook.com\\\/en\\\/#website\"},\"primaryImageOfPage\":{\"@id\":\"https:\\\/\\\/www.parisselectbook.com\\\/en\\\/2025\\\/10\\\/25\\\/hermes-homme-to-change-artistic-director-after-37-years-with-veronique-nichanian\\\/#primaryimage\"},\"image\":{\"@id\":\"https:\\\/\\\/www.parisselectbook.com\\\/en\\\/2025\\\/10\\\/25\\\/hermes-homme-to-change-artistic-director-after-37-years-with-veronique-nichanian\\\/#primaryimage\"},\"thumbnailUrl\":\"https:\\\/\\\/www.parisselectbook.com\\\/wp-content\\\/uploads\\\/2025\\\/10\\\/193690-image.jpg\",\"datePublished\":\"2025-10-25T14:44:01+00:00\",\"description\":\"Herm\u00e8s Homme is preparing a historic handover. Icons remain, while micro-innovations energize the men's wardrobe.\",\"breadcrumb\":{\"@id\":\"https:\\\/\\\/www.parisselectbook.com\\\/en\\\/2025\\\/10\\\/25\\\/hermes-homme-to-change-artistic-director-after-37-years-with-veronique-nichanian\\\/#breadcrumb\"},\"inLanguage\":\"en-US\",\"potentialAction\":[{\"@type\":\"ReadAction\",\"target\":[\"https:\\\/\\\/www.parisselectbook.com\\\/en\\\/2025\\\/10\\\/25\\\/hermes-homme-to-change-artistic-director-after-37-years-with-veronique-nichanian\\\/\"]}]},{\"@type\":\"ImageObject\",\"inLanguage\":\"en-US\",\"@id\":\"https:\\\/\\\/www.parisselectbook.com\\\/en\\\/2025\\\/10\\\/25\\\/hermes-homme-to-change-artistic-director-after-37-years-with-veronique-nichanian\\\/#primaryimage\",\"url\":\"https:\\\/\\\/www.parisselectbook.com\\\/wp-content\\\/uploads\\\/2025\\\/10\\\/193690-image.jpg\",\"contentUrl\":\"https:\\\/\\\/www.parisselectbook.com\\\/wp-content\\\/uploads\\\/2025\\\/10\\\/193690-image.jpg\",\"width\":1200,\"height\":680,\"caption\":\"ParisSelect - Herm\u00e8s Homme va changer de direction artistique apr\u00e8s 37 ans sous V\u00e9ronique Nichanian\"},{\"@type\":\"BreadcrumbList\",\"@id\":\"https:\\\/\\\/www.parisselectbook.com\\\/en\\\/2025\\\/10\\\/25\\\/hermes-homme-to-change-artistic-director-after-37-years-with-veronique-nichanian\\\/#breadcrumb\",\"itemListElement\":[{\"@type\":\"ListItem\",\"position\":1,\"name\":\"Que faire \u00e0 Paris ?\",\"item\":\"https:\\\/\\\/www.parisselectbook.com\\\/en\\\/category\\\/que-faire-a-paris-en\\\/\"},{\"@type\":\"ListItem\",\"position\":2,\"name\":\"Herm\u00e8s Homme to change artistic director after 37 years with V\u00e9ronique Nichanian\"}]},{\"@type\":\"WebSite\",\"@id\":\"https:\\\/\\\/www.parisselectbook.com\\\/en\\\/#website\",\"url\":\"https:\\\/\\\/www.parisselectbook.com\\\/en\\\/\",\"name\":\"Paris Select Book\",\"description\":\"Le guide chic des Tendances Parisiennes\",\"publisher\":{\"@id\":\"https:\\\/\\\/www.parisselectbook.com\\\/en\\\/#organization\"},\"potentialAction\":[{\"@type\":\"SearchAction\",\"target\":{\"@type\":\"EntryPoint\",\"urlTemplate\":\"https:\\\/\\\/www.parisselectbook.com\\\/en\\\/?s={search_term_string}\"},\"query-input\":{\"@type\":\"PropertyValueSpecification\",\"valueRequired\":true,\"valueName\":\"search_term_string\"}}],\"inLanguage\":\"en-US\"},{\"@type\":\"Organization\",\"@id\":\"https:\\\/\\\/www.parisselectbook.com\\\/en\\\/#organization\",\"name\":\"Paris Select\",\"url\":\"https:\\\/\\\/www.parisselectbook.com\\\/en\\\/\",\"logo\":{\"@type\":\"ImageObject\",\"inLanguage\":\"en-US\",\"@id\":\"https:\\\/\\\/www.parisselectbook.com\\\/en\\\/#\\\/schema\\\/logo\\\/image\\\/\",\"url\":\"https:\\\/\\\/www.parisselectbook.com\\\/wp-content\\\/uploads\\\/2024\\\/06\\\/logo-IG-TKTK-LK.png\",\"contentUrl\":\"https:\\\/\\\/www.parisselectbook.com\\\/wp-content\\\/uploads\\\/2024\\\/06\\\/logo-IG-TKTK-LK.png\",\"width\":684,\"height\":665,\"caption\":\"Paris Select\"},\"image\":{\"@id\":\"https:\\\/\\\/www.parisselectbook.com\\\/en\\\/#\\\/schema\\\/logo\\\/image\\\/\"},\"sameAs\":[\"https:\\\/\\\/www.facebook.com\\\/parisselect\",\"https:\\\/\\\/www.instagram.com\\\/parisselect\\\/\",\"https:\\\/\\\/www.tiktok.com\\\/@parisselect\"]},{\"@type\":\"Person\",\"@id\":\"https:\\\/\\\/www.parisselectbook.com\\\/en\\\/#\\\/schema\\\/person\\\/3675d9a80d6cbefbfde597e393c036aa\",\"name\":\"zaccharie touboul\",\"sameAs\":[\"https:\\\/\\\/www.parisselectbook.com\\\/\"]}]}<\/script>\n<!-- \/ Yoast SEO plugin. -->","yoast_head_json":{"title":"Herm\u00e8s Homme to change artistic director after 37 years with V\u00e9ronique Nichanian","description":"Herm\u00e8s Homme is preparing a historic handover. Icons remain, while micro-innovations energize the men's wardrobe.","robots":{"index":"index","follow":"follow","max-snippet":"max-snippet:-1","max-image-preview":"max-image-preview:large","max-video-preview":"max-video-preview:-1"},"canonical":"https:\/\/www.parisselectbook.com\/en\/2025\/10\/25\/hermes-homme-to-change-artistic-director-after-37-years-with-veronique-nichanian\/","og_locale":"en_US","og_type":"article","og_title":"Herm\u00e8s Homme to change artistic director after 37 years with V\u00e9ronique Nichanian","og_description":"Herm\u00e8s Homme is preparing a historic handover. Icons remain, while micro-innovations energize the men's wardrobe.","og_url":"https:\/\/www.parisselectbook.com\/en\/2025\/10\/25\/hermes-homme-to-change-artistic-director-after-37-years-with-veronique-nichanian\/","og_site_name":"Paris Select","article_publisher":"https:\/\/www.facebook.com\/parisselect","article_published_time":"2025-10-25T14:44:01+00:00","og_image":[{"width":1200,"height":680,"url":"https:\/\/www.parisselectbook.com\/wp-content\/uploads\/2025\/10\/193690-image.jpg","type":"image\/jpeg"}],"author":"zaccharie touboul","twitter_card":"summary_large_image","twitter_misc":{"Written by":"zaccharie touboul","Est. reading time":"3 minutes"},"schema":{"@context":"https:\/\/schema.org","@graph":[{"@type":"Article","@id":"https:\/\/www.parisselectbook.com\/en\/2025\/10\/25\/hermes-homme-to-change-artistic-director-after-37-years-with-veronique-nichanian\/#article","isPartOf":{"@id":"https:\/\/www.parisselectbook.com\/en\/2025\/10\/25\/hermes-homme-to-change-artistic-director-after-37-years-with-veronique-nichanian\/"},"author":{"name":"zaccharie touboul","@id":"https:\/\/www.parisselectbook.com\/en\/#\/schema\/person\/3675d9a80d6cbefbfde597e393c036aa"},"headline":"Herm\u00e8s Homme to change artistic director after 37 years with V\u00e9ronique Nichanian","datePublished":"2025-10-25T14:44:01+00:00","mainEntityOfPage":{"@id":"https:\/\/www.parisselectbook.com\/en\/2025\/10\/25\/hermes-homme-to-change-artistic-director-after-37-years-with-veronique-nichanian\/"},"wordCount":672,"commentCount":0,"publisher":{"@id":"https:\/\/www.parisselectbook.com\/en\/#organization"},"image":{"@id":"https:\/\/www.parisselectbook.com\/en\/2025\/10\/25\/hermes-homme-to-change-artistic-director-after-37-years-with-veronique-nichanian\/#primaryimage"},"thumbnailUrl":"https:\/\/www.parisselectbook.com\/wp-content\/uploads\/2025\/10\/193690-image.jpg","keywords":["Herm\u00e8s"],"articleSection":["News du Luxe"],"inLanguage":"en-US","potentialAction":[{"@type":"CommentAction","name":"Comment","target":["https:\/\/www.parisselectbook.com\/en\/2025\/10\/25\/hermes-homme-to-change-artistic-director-after-37-years-with-veronique-nichanian\/#respond"]}]},{"@type":"WebPage","@id":"https:\/\/www.parisselectbook.com\/en\/2025\/10\/25\/hermes-homme-to-change-artistic-director-after-37-years-with-veronique-nichanian\/","url":"https:\/\/www.parisselectbook.com\/en\/2025\/10\/25\/hermes-homme-to-change-artistic-director-after-37-years-with-veronique-nichanian\/","name":"Herm\u00e8s Homme to change artistic director after 37 years with V\u00e9ronique Nichanian","isPartOf":{"@id":"https:\/\/www.parisselectbook.com\/en\/#website"},"primaryImageOfPage":{"@id":"https:\/\/www.parisselectbook.com\/en\/2025\/10\/25\/hermes-homme-to-change-artistic-director-after-37-years-with-veronique-nichanian\/#primaryimage"},"image":{"@id":"https:\/\/www.parisselectbook.com\/en\/2025\/10\/25\/hermes-homme-to-change-artistic-director-after-37-years-with-veronique-nichanian\/#primaryimage"},"thumbnailUrl":"https:\/\/www.parisselectbook.com\/wp-content\/uploads\/2025\/10\/193690-image.jpg","datePublished":"2025-10-25T14:44:01+00:00","description":"Herm\u00e8s Homme is preparing a historic handover. Icons remain, while micro-innovations energize the men's wardrobe.","breadcrumb":{"@id":"https:\/\/www.parisselectbook.com\/en\/2025\/10\/25\/hermes-homme-to-change-artistic-director-after-37-years-with-veronique-nichanian\/#breadcrumb"},"inLanguage":"en-US","potentialAction":[{"@type":"ReadAction","target":["https:\/\/www.parisselectbook.com\/en\/2025\/10\/25\/hermes-homme-to-change-artistic-director-after-37-years-with-veronique-nichanian\/"]}]},{"@type":"ImageObject","inLanguage":"en-US","@id":"https:\/\/www.parisselectbook.com\/en\/2025\/10\/25\/hermes-homme-to-change-artistic-director-after-37-years-with-veronique-nichanian\/#primaryimage","url":"https:\/\/www.parisselectbook.com\/wp-content\/uploads\/2025\/10\/193690-image.jpg","contentUrl":"https:\/\/www.parisselectbook.com\/wp-content\/uploads\/2025\/10\/193690-image.jpg","width":1200,"height":680,"caption":"ParisSelect - Herm\u00e8s Homme va changer de direction artistique apr\u00e8s 37 ans sous V\u00e9ronique Nichanian"},{"@type":"BreadcrumbList","@id":"https:\/\/www.parisselectbook.com\/en\/2025\/10\/25\/hermes-homme-to-change-artistic-director-after-37-years-with-veronique-nichanian\/#breadcrumb","itemListElement":[{"@type":"ListItem","position":1,"name":"Que faire \u00e0 Paris ?","item":"https:\/\/www.parisselectbook.com\/en\/category\/que-faire-a-paris-en\/"},{"@type":"ListItem","position":2,"name":"Herm\u00e8s Homme to change artistic director after 37 years with V\u00e9ronique Nichanian"}]},{"@type":"WebSite","@id":"https:\/\/www.parisselectbook.com\/en\/#website","url":"https:\/\/www.parisselectbook.com\/en\/","name":"Paris Select Book","description":"Le guide chic des Tendances Parisiennes","publisher":{"@id":"https:\/\/www.parisselectbook.com\/en\/#organization"},"potentialAction":[{"@type":"SearchAction","target":{"@type":"EntryPoint","urlTemplate":"https:\/\/www.parisselectbook.com\/en\/?s={search_term_string}"},"query-input":{"@type":"PropertyValueSpecification","valueRequired":true,"valueName":"search_term_string"}}],"inLanguage":"en-US"},{"@type":"Organization","@id":"https:\/\/www.parisselectbook.com\/en\/#organization","name":"Paris Select","url":"https:\/\/www.parisselectbook.com\/en\/","logo":{"@type":"ImageObject","inLanguage":"en-US","@id":"https:\/\/www.parisselectbook.com\/en\/#\/schema\/logo\/image\/","url":"https:\/\/www.parisselectbook.com\/wp-content\/uploads\/2024\/06\/logo-IG-TKTK-LK.png","contentUrl":"https:\/\/www.parisselectbook.com\/wp-content\/uploads\/2024\/06\/logo-IG-TKTK-LK.png","width":684,"height":665,"caption":"Paris Select"},"image":{"@id":"https:\/\/www.parisselectbook.com\/en\/#\/schema\/logo\/image\/"},"sameAs":["https:\/\/www.facebook.com\/parisselect","https:\/\/www.instagram.com\/parisselect\/","https:\/\/www.tiktok.com\/@parisselect"]},{"@type":"Person","@id":"https:\/\/www.parisselectbook.com\/en\/#\/schema\/person\/3675d9a80d6cbefbfde597e393c036aa","name":"zaccharie touboul","sameAs":["https:\/\/www.parisselectbook.com\/"]}]}},"_links":{"self":[{"href":"https:\/\/www.parisselectbook.com\/en\/wp-json\/wp\/v2\/posts\/193793","targetHints":{"allow":["GET"]}}],"collection":[{"href":"https:\/\/www.parisselectbook.com\/en\/wp-json\/wp\/v2\/posts"}],"about":[{"href":"https:\/\/www.parisselectbook.com\/en\/wp-json\/wp\/v2\/types\/post"}],"author":[{"embeddable":true,"href":"https:\/\/www.parisselectbook.com\/en\/wp-json\/wp\/v2\/users\/13"}],"replies":[{"embeddable":true,"href":"https:\/\/www.parisselectbook.com\/en\/wp-json\/wp\/v2\/comments?post=193793"}],"version-history":[{"count":0,"href":"https:\/\/www.parisselectbook.com\/en\/wp-json\/wp\/v2\/posts\/193793\/revisions"}],"wp:featuredmedia":[{"embeddable":true,"href":"https:\/\/www.parisselectbook.com\/en\/wp-json\/wp\/v2\/media\/193692"}],"wp:attachment":[{"href":"https:\/\/www.parisselectbook.com\/en\/wp-json\/wp\/v2\/media?parent=193793"}],"wp:term":[{"taxonomy":"category","embeddable":true,"href":"https:\/\/www.parisselectbook.com\/en\/wp-json\/wp\/v2\/categories?post=193793"},{"taxonomy":"post_tag","embeddable":true,"href":"https:\/\/www.parisselectbook.com\/en\/wp-json\/wp\/v2\/tags?post=193793"},{"taxonomy":"quartier","embeddable":true,"href":"https:\/\/www.parisselectbook.com\/en\/wp-json\/wp\/v2\/quartier?post=193793"}],"curies":[{"name":"wp","href":"https:\/\/api.w.org\/{rel}","templated":true}]}}