{"id":200039,"date":"2025-12-08T09:08:00","date_gmt":"2025-12-08T08:08:00","guid":{"rendered":"https:\/\/www.parisselectbook.com\/2025\/12\/08\/ile-de-frances-first-cable-car-cable-c1-adapts-its-service-to-wind-rain-and-snow\/"},"modified":"2025-12-08T09:08:00","modified_gmt":"2025-12-08T08:08:00","slug":"ile-de-frances-first-cable-car-cable-c1-adapts-its-service-to-wind-rain-and-snow","status":"publish","type":"post","link":"https:\/\/www.parisselectbook.com\/en\/2025\/12\/08\/ile-de-frances-first-cable-car-cable-c1-adapts-its-service-to-wind-rain-and-snow\/","title":{"rendered":"\u00cele-de-France&#8217;s first cable car C\u00e2ble C1 adapts its service to wind, rain and snow"},"content":{"rendered":"<p>The region is preparing for the arrival of the <a href=\"https:\/\/www.parisselectbook.com\/en\/2025\/12\/07\/cable-c1-ile-de-france-metro-bus-fare-included-in-navigo\/\">\u00cele-de-France cable car<\/a> and its weather challenges. Episodes of wind, rain or hail call for clear rules to protect passengers. To this end, the project&#8217;s stakeholders are detailing adapted and transparent procedures.  <\/p>\n<h2>Safety and weather: how the \u00cele-de-France cable car adapts<\/h2>\n<p>Designed for the urban environment, the \u00cele-de-France cable car relies on <a href=\"https:\/\/www.parisselectbook.com\/en\/2025\/12\/07\/paris-weather-when-was-the-last-snowy-christmas-in-the-paris-region\/\">weather<\/a> sensors. Defined thresholds guide speed, spacing and stopping. In addition, a control room monitors conditions in real time. As a result, the priority remains <strong>safety<\/strong>.   <\/p>\n<p>In the event of an alert, passenger information is triggered quickly. Stations display clear, up-to-date messages. \u00cele-de-France Mobilit\u00e9s channels relay the situation of the <g id=\"gid_0\">\u00cele-de-France cable car<\/g>. In addition, agents guide passengers on the platform.   <\/p>\n<h3>Bad weather: what the \u00cele-de-France cable car plans to do<\/h3>\n<p>Depending on the intensity of the <a href=\"https:\/\/www.parisselectbook.com\/en\/2025\/12\/07\/paris-weather-when-was-the-last-snowy-christmas-in-the-paris-region\/\">gusts<\/a>, the operation reduces speed and then stops. For example, the \u00cele-de-France aerial tramway is applying a gradual increase in measures. As a last resort, evacuation on the ground remains possible, under supervision. Regular drills are also carried out to test these skills.   <\/p>\n<blockquote><p>&#8220;Safety takes precedence over availability, even when the skies deteriorate.&#8221;<\/p><\/blockquote>\n<p>After a storm, teams inspect the lines, pylons and clamps. However, we only take over after technical validation. In other words, the cabins don&#8217;t start up again until everything is in order. In short, the return to service follows a written protocol.   <\/p>\n<h2>Services and continuity of the \u00cele-de-France cable car in the event of an alert<\/h2>\n<p>For passengers, the objective remains continuity of travel. This is why transfer routes are signposted near stations. The \u00cele-de-France aerial tramway then becomes part of a <g id=\"gid_0\">continuity<\/g> plan. On the other hand, some connections may be impaired.   <\/p>\n<ul>\n<li>Continuous monitoring of weather thresholds and adapted control<\/li>\n<li>Adjusted speed or temporary stop if necessary<\/li>\n<li>Real-time passenger information on multiple channels<\/li>\n<li>Agents trained and present for orientation<\/li>\n<li>Gradual reopening after full inspections<\/li>\n<\/ul>\n<p>C\u00e2ble C1, Val-de-Marne&#8217;s urban cable car, will have <strong>5 stations<\/strong> with <strong>10-seat<\/strong> cabins. The project promises <strong>PMR accessibility<\/strong>, a <strong>frequency of<\/strong> less than <strong>30 seconds<\/strong> and an investment of <strong>132 million euros<\/strong>. <\/p>\n<p>The project owner coordinates testing with the operator and local authorities. In this way, local residents are involved in the key stages of testing. The \u00cele-de-France aerial tramway will have to prove its reliability over several weather cycles. Consequently, local communication will specify test and noise periods.   <\/p>\n<h3>When the \u00cele-de-France cable car slows down, what can you do?<\/h3>\n<p>Before you leave, check the status of the \u00cele-de-France cable car on the official channels. Also, allow for a few minutes&#8217; headway in the event of a weather warning. On the other hand, if you&#8217;re traveling in a group, choose a larger connection. What&#8217;s more, people with reduced mobility benefit from a dedicated <strong>PRM<\/strong> service.   <\/p>\n<p>In the event of prolonged disruption, contact our station agents. They will advise you on the best alternative. However, reimbursement terms depend on the policies in force. So keep your travel and delay receipts.   <\/p>\n<h2>Perspectives and uses of the \u00cele-de-France cable car<\/h2>\n<p>This cableway system complements bus, RER and metro services in the south of the Paris region. In this way, the \u00cele-de-France aerial tramway is helping to improve traffic flow on routes that are considered saturated at peak times. What&#8217;s more, electric power reduces local emissions. Nevertheless, weather conditions impose known and manageable limits.   <\/p>\n<p>For local residents, it&#8217;s all about time savings and regularity. In the event of a storm, the road may be blocked, whereas the line may remain available. On the other hand, suspension is possible if thresholds are exceeded. In short, the user gains in comfort, with clear information.   <\/p>\n<p>The next stages involve training, maintenance and load testing. Feedback will also be used to refine thresholds and passenger messages. In this way, the \u00cele-de-France cable car will become part of everyday life. As a result, everyone will know how to react when the sky gets angry.   <\/p>\n","protected":false},"excerpt":{"rendered":"<p>The region is preparing for the arrival of the \u00cele-de-France cable car and its weather challenges. Episodes of wind, rain or hail call for clear&#8230;<\/p>\n","protected":false},"author":13,"featured_media":199972,"comment_status":"open","ping_status":"closed","sticky":false,"template":"","format":"standard","meta":{"_acf_changed":false,"footnotes":""},"categories":[2685],"tags":[4636],"quartier":[],"class_list":["post-200039","post","type-post","status-publish","format-standard","has-post-thumbnail","hentry","category-news-du-luxe-en","tag-ile-de-france-cable-car"],"acf":[],"yoast_head":"<!-- This site is optimized with the Yoast SEO plugin v27.4 - https:\/\/yoast.com\/product\/yoast-seo-wordpress\/ -->\n<title>\u00cele-de-France&#039;s first cable car C\u00e2ble C1 adapts its service to wind, rain and snow<\/title>\n<meta name=\"description\" content=\"The \u00cele-de-France cable car adjusts its speed and provides real-time information for safe journeys, even in wind, rain or snow.\" \/>\n<meta name=\"robots\" content=\"index, follow, max-snippet:-1, max-image-preview:large, max-video-preview:-1\" \/>\n<link rel=\"canonical\" href=\"https:\/\/www.parisselectbook.com\/en\/2025\/12\/08\/ile-de-frances-first-cable-car-cable-c1-adapts-its-service-to-wind-rain-and-snow\/\" \/>\n<meta property=\"og:locale\" content=\"en_US\" \/>\n<meta property=\"og:type\" content=\"article\" \/>\n<meta property=\"og:title\" content=\"\u00cele-de-France&#039;s first cable car C\u00e2ble C1 adapts its service to wind, rain and snow\" \/>\n<meta property=\"og:description\" content=\"The \u00cele-de-France cable car adjusts its speed and provides real-time information for safe journeys, even in wind, rain or snow.\" \/>\n<meta property=\"og:url\" content=\"https:\/\/www.parisselectbook.com\/en\/2025\/12\/08\/ile-de-frances-first-cable-car-cable-c1-adapts-its-service-to-wind-rain-and-snow\/\" \/>\n<meta property=\"og:site_name\" content=\"Paris Select\" \/>\n<meta property=\"article:publisher\" content=\"https:\/\/www.facebook.com\/parisselect\" \/>\n<meta property=\"article:published_time\" content=\"2025-12-08T08:08:00+00:00\" \/>\n<meta property=\"og:image\" content=\"https:\/\/www.parisselectbook.com\/wp-content\/uploads\/2025\/12\/199970-image.jpg\" \/>\n\t<meta property=\"og:image:width\" content=\"1200\" \/>\n\t<meta property=\"og:image:height\" content=\"680\" \/>\n\t<meta property=\"og:image:type\" content=\"image\/jpeg\" \/>\n<meta name=\"author\" content=\"zaccharie touboul\" \/>\n<meta name=\"twitter:card\" content=\"summary_large_image\" \/>\n<meta name=\"twitter:label1\" content=\"Written by\" \/>\n\t<meta name=\"twitter:data1\" content=\"zaccharie touboul\" \/>\n\t<meta name=\"twitter:label2\" content=\"Est. reading time\" \/>\n\t<meta name=\"twitter:data2\" content=\"3 minutes\" \/>\n<script type=\"application\/ld+json\" class=\"yoast-schema-graph\">{\"@context\":\"https:\\\/\\\/schema.org\",\"@graph\":[{\"@type\":\"Article\",\"@id\":\"https:\\\/\\\/www.parisselectbook.com\\\/en\\\/2025\\\/12\\\/08\\\/ile-de-frances-first-cable-car-cable-c1-adapts-its-service-to-wind-rain-and-snow\\\/#article\",\"isPartOf\":{\"@id\":\"https:\\\/\\\/www.parisselectbook.com\\\/en\\\/2025\\\/12\\\/08\\\/ile-de-frances-first-cable-car-cable-c1-adapts-its-service-to-wind-rain-and-snow\\\/\"},\"author\":{\"name\":\"zaccharie touboul\",\"@id\":\"https:\\\/\\\/www.parisselectbook.com\\\/en\\\/#\\\/schema\\\/person\\\/3675d9a80d6cbefbfde597e393c036aa\"},\"headline\":\"\u00cele-de-France&#8217;s first cable car C\u00e2ble C1 adapts its service to wind, rain and snow\",\"datePublished\":\"2025-12-08T08:08:00+00:00\",\"mainEntityOfPage\":{\"@id\":\"https:\\\/\\\/www.parisselectbook.com\\\/en\\\/2025\\\/12\\\/08\\\/ile-de-frances-first-cable-car-cable-c1-adapts-its-service-to-wind-rain-and-snow\\\/\"},\"wordCount\":673,\"commentCount\":0,\"publisher\":{\"@id\":\"https:\\\/\\\/www.parisselectbook.com\\\/en\\\/#organization\"},\"image\":{\"@id\":\"https:\\\/\\\/www.parisselectbook.com\\\/en\\\/2025\\\/12\\\/08\\\/ile-de-frances-first-cable-car-cable-c1-adapts-its-service-to-wind-rain-and-snow\\\/#primaryimage\"},\"thumbnailUrl\":\"https:\\\/\\\/www.parisselectbook.com\\\/wp-content\\\/uploads\\\/2025\\\/12\\\/199970-image.jpg\",\"keywords\":[\"\u00cele-de-France cable car\"],\"articleSection\":[\"News du Luxe\"],\"inLanguage\":\"en-US\",\"potentialAction\":[{\"@type\":\"CommentAction\",\"name\":\"Comment\",\"target\":[\"https:\\\/\\\/www.parisselectbook.com\\\/en\\\/2025\\\/12\\\/08\\\/ile-de-frances-first-cable-car-cable-c1-adapts-its-service-to-wind-rain-and-snow\\\/#respond\"]}]},{\"@type\":\"WebPage\",\"@id\":\"https:\\\/\\\/www.parisselectbook.com\\\/en\\\/2025\\\/12\\\/08\\\/ile-de-frances-first-cable-car-cable-c1-adapts-its-service-to-wind-rain-and-snow\\\/\",\"url\":\"https:\\\/\\\/www.parisselectbook.com\\\/en\\\/2025\\\/12\\\/08\\\/ile-de-frances-first-cable-car-cable-c1-adapts-its-service-to-wind-rain-and-snow\\\/\",\"name\":\"\u00cele-de-France's first cable car C\u00e2ble C1 adapts its service to wind, rain and snow\",\"isPartOf\":{\"@id\":\"https:\\\/\\\/www.parisselectbook.com\\\/en\\\/#website\"},\"primaryImageOfPage\":{\"@id\":\"https:\\\/\\\/www.parisselectbook.com\\\/en\\\/2025\\\/12\\\/08\\\/ile-de-frances-first-cable-car-cable-c1-adapts-its-service-to-wind-rain-and-snow\\\/#primaryimage\"},\"image\":{\"@id\":\"https:\\\/\\\/www.parisselectbook.com\\\/en\\\/2025\\\/12\\\/08\\\/ile-de-frances-first-cable-car-cable-c1-adapts-its-service-to-wind-rain-and-snow\\\/#primaryimage\"},\"thumbnailUrl\":\"https:\\\/\\\/www.parisselectbook.com\\\/wp-content\\\/uploads\\\/2025\\\/12\\\/199970-image.jpg\",\"datePublished\":\"2025-12-08T08:08:00+00:00\",\"description\":\"The \u00cele-de-France cable car adjusts its speed and provides real-time information for safe journeys, even in wind, rain or snow.\",\"breadcrumb\":{\"@id\":\"https:\\\/\\\/www.parisselectbook.com\\\/en\\\/2025\\\/12\\\/08\\\/ile-de-frances-first-cable-car-cable-c1-adapts-its-service-to-wind-rain-and-snow\\\/#breadcrumb\"},\"inLanguage\":\"en-US\",\"potentialAction\":[{\"@type\":\"ReadAction\",\"target\":[\"https:\\\/\\\/www.parisselectbook.com\\\/en\\\/2025\\\/12\\\/08\\\/ile-de-frances-first-cable-car-cable-c1-adapts-its-service-to-wind-rain-and-snow\\\/\"]}]},{\"@type\":\"ImageObject\",\"inLanguage\":\"en-US\",\"@id\":\"https:\\\/\\\/www.parisselectbook.com\\\/en\\\/2025\\\/12\\\/08\\\/ile-de-frances-first-cable-car-cable-c1-adapts-its-service-to-wind-rain-and-snow\\\/#primaryimage\",\"url\":\"https:\\\/\\\/www.parisselectbook.com\\\/wp-content\\\/uploads\\\/2025\\\/12\\\/199970-image.jpg\",\"contentUrl\":\"https:\\\/\\\/www.parisselectbook.com\\\/wp-content\\\/uploads\\\/2025\\\/12\\\/199970-image.jpg\",\"width\":1200,\"height\":680,\"caption\":\"ParisSelectBook - Premier t\u00e9l\u00e9ph\u00e9rique d\u2019\u00cele-de-France C\u00e2ble C1 adapte son service par vent, pluie et neige\"},{\"@type\":\"BreadcrumbList\",\"@id\":\"https:\\\/\\\/www.parisselectbook.com\\\/en\\\/2025\\\/12\\\/08\\\/ile-de-frances-first-cable-car-cable-c1-adapts-its-service-to-wind-rain-and-snow\\\/#breadcrumb\",\"itemListElement\":[{\"@type\":\"ListItem\",\"position\":1,\"name\":\"Que faire \u00e0 Paris ?\",\"item\":\"https:\\\/\\\/www.parisselectbook.com\\\/en\\\/category\\\/que-faire-a-paris-en\\\/\"},{\"@type\":\"ListItem\",\"position\":2,\"name\":\"\u00cele-de-France&#8217;s first cable car C\u00e2ble C1 adapts its service to wind, rain and snow\"}]},{\"@type\":\"WebSite\",\"@id\":\"https:\\\/\\\/www.parisselectbook.com\\\/en\\\/#website\",\"url\":\"https:\\\/\\\/www.parisselectbook.com\\\/en\\\/\",\"name\":\"Paris Select Book\",\"description\":\"Le guide chic des Tendances Parisiennes\",\"publisher\":{\"@id\":\"https:\\\/\\\/www.parisselectbook.com\\\/en\\\/#organization\"},\"potentialAction\":[{\"@type\":\"SearchAction\",\"target\":{\"@type\":\"EntryPoint\",\"urlTemplate\":\"https:\\\/\\\/www.parisselectbook.com\\\/en\\\/?s={search_term_string}\"},\"query-input\":{\"@type\":\"PropertyValueSpecification\",\"valueRequired\":true,\"valueName\":\"search_term_string\"}}],\"inLanguage\":\"en-US\"},{\"@type\":\"Organization\",\"@id\":\"https:\\\/\\\/www.parisselectbook.com\\\/en\\\/#organization\",\"name\":\"Paris Select\",\"url\":\"https:\\\/\\\/www.parisselectbook.com\\\/en\\\/\",\"logo\":{\"@type\":\"ImageObject\",\"inLanguage\":\"en-US\",\"@id\":\"https:\\\/\\\/www.parisselectbook.com\\\/en\\\/#\\\/schema\\\/logo\\\/image\\\/\",\"url\":\"https:\\\/\\\/www.parisselectbook.com\\\/wp-content\\\/uploads\\\/2024\\\/06\\\/logo-IG-TKTK-LK.png\",\"contentUrl\":\"https:\\\/\\\/www.parisselectbook.com\\\/wp-content\\\/uploads\\\/2024\\\/06\\\/logo-IG-TKTK-LK.png\",\"width\":684,\"height\":665,\"caption\":\"Paris Select\"},\"image\":{\"@id\":\"https:\\\/\\\/www.parisselectbook.com\\\/en\\\/#\\\/schema\\\/logo\\\/image\\\/\"},\"sameAs\":[\"https:\\\/\\\/www.facebook.com\\\/parisselect\",\"https:\\\/\\\/www.instagram.com\\\/parisselect\\\/\",\"https:\\\/\\\/www.tiktok.com\\\/@parisselect\"]},{\"@type\":\"Person\",\"@id\":\"https:\\\/\\\/www.parisselectbook.com\\\/en\\\/#\\\/schema\\\/person\\\/3675d9a80d6cbefbfde597e393c036aa\",\"name\":\"zaccharie touboul\",\"sameAs\":[\"https:\\\/\\\/www.parisselectbook.com\\\/\"]}]}<\/script>\n<!-- \/ Yoast SEO plugin. -->","yoast_head_json":{"title":"\u00cele-de-France's first cable car C\u00e2ble C1 adapts its service to wind, rain and snow","description":"The \u00cele-de-France cable car adjusts its speed and provides real-time information for safe journeys, even in wind, rain or snow.","robots":{"index":"index","follow":"follow","max-snippet":"max-snippet:-1","max-image-preview":"max-image-preview:large","max-video-preview":"max-video-preview:-1"},"canonical":"https:\/\/www.parisselectbook.com\/en\/2025\/12\/08\/ile-de-frances-first-cable-car-cable-c1-adapts-its-service-to-wind-rain-and-snow\/","og_locale":"en_US","og_type":"article","og_title":"\u00cele-de-France's first cable car C\u00e2ble C1 adapts its service to wind, rain and snow","og_description":"The \u00cele-de-France cable car adjusts its speed and provides real-time information for safe journeys, even in wind, rain or snow.","og_url":"https:\/\/www.parisselectbook.com\/en\/2025\/12\/08\/ile-de-frances-first-cable-car-cable-c1-adapts-its-service-to-wind-rain-and-snow\/","og_site_name":"Paris Select","article_publisher":"https:\/\/www.facebook.com\/parisselect","article_published_time":"2025-12-08T08:08:00+00:00","og_image":[{"width":1200,"height":680,"url":"https:\/\/www.parisselectbook.com\/wp-content\/uploads\/2025\/12\/199970-image.jpg","type":"image\/jpeg"}],"author":"zaccharie touboul","twitter_card":"summary_large_image","twitter_misc":{"Written by":"zaccharie touboul","Est. reading time":"3 minutes"},"schema":{"@context":"https:\/\/schema.org","@graph":[{"@type":"Article","@id":"https:\/\/www.parisselectbook.com\/en\/2025\/12\/08\/ile-de-frances-first-cable-car-cable-c1-adapts-its-service-to-wind-rain-and-snow\/#article","isPartOf":{"@id":"https:\/\/www.parisselectbook.com\/en\/2025\/12\/08\/ile-de-frances-first-cable-car-cable-c1-adapts-its-service-to-wind-rain-and-snow\/"},"author":{"name":"zaccharie touboul","@id":"https:\/\/www.parisselectbook.com\/en\/#\/schema\/person\/3675d9a80d6cbefbfde597e393c036aa"},"headline":"\u00cele-de-France&#8217;s first cable car C\u00e2ble C1 adapts its service to wind, rain and snow","datePublished":"2025-12-08T08:08:00+00:00","mainEntityOfPage":{"@id":"https:\/\/www.parisselectbook.com\/en\/2025\/12\/08\/ile-de-frances-first-cable-car-cable-c1-adapts-its-service-to-wind-rain-and-snow\/"},"wordCount":673,"commentCount":0,"publisher":{"@id":"https:\/\/www.parisselectbook.com\/en\/#organization"},"image":{"@id":"https:\/\/www.parisselectbook.com\/en\/2025\/12\/08\/ile-de-frances-first-cable-car-cable-c1-adapts-its-service-to-wind-rain-and-snow\/#primaryimage"},"thumbnailUrl":"https:\/\/www.parisselectbook.com\/wp-content\/uploads\/2025\/12\/199970-image.jpg","keywords":["\u00cele-de-France cable car"],"articleSection":["News du Luxe"],"inLanguage":"en-US","potentialAction":[{"@type":"CommentAction","name":"Comment","target":["https:\/\/www.parisselectbook.com\/en\/2025\/12\/08\/ile-de-frances-first-cable-car-cable-c1-adapts-its-service-to-wind-rain-and-snow\/#respond"]}]},{"@type":"WebPage","@id":"https:\/\/www.parisselectbook.com\/en\/2025\/12\/08\/ile-de-frances-first-cable-car-cable-c1-adapts-its-service-to-wind-rain-and-snow\/","url":"https:\/\/www.parisselectbook.com\/en\/2025\/12\/08\/ile-de-frances-first-cable-car-cable-c1-adapts-its-service-to-wind-rain-and-snow\/","name":"\u00cele-de-France's first cable car C\u00e2ble C1 adapts its service to wind, rain and snow","isPartOf":{"@id":"https:\/\/www.parisselectbook.com\/en\/#website"},"primaryImageOfPage":{"@id":"https:\/\/www.parisselectbook.com\/en\/2025\/12\/08\/ile-de-frances-first-cable-car-cable-c1-adapts-its-service-to-wind-rain-and-snow\/#primaryimage"},"image":{"@id":"https:\/\/www.parisselectbook.com\/en\/2025\/12\/08\/ile-de-frances-first-cable-car-cable-c1-adapts-its-service-to-wind-rain-and-snow\/#primaryimage"},"thumbnailUrl":"https:\/\/www.parisselectbook.com\/wp-content\/uploads\/2025\/12\/199970-image.jpg","datePublished":"2025-12-08T08:08:00+00:00","description":"The \u00cele-de-France cable car adjusts its speed and provides real-time information for safe journeys, even in wind, rain or snow.","breadcrumb":{"@id":"https:\/\/www.parisselectbook.com\/en\/2025\/12\/08\/ile-de-frances-first-cable-car-cable-c1-adapts-its-service-to-wind-rain-and-snow\/#breadcrumb"},"inLanguage":"en-US","potentialAction":[{"@type":"ReadAction","target":["https:\/\/www.parisselectbook.com\/en\/2025\/12\/08\/ile-de-frances-first-cable-car-cable-c1-adapts-its-service-to-wind-rain-and-snow\/"]}]},{"@type":"ImageObject","inLanguage":"en-US","@id":"https:\/\/www.parisselectbook.com\/en\/2025\/12\/08\/ile-de-frances-first-cable-car-cable-c1-adapts-its-service-to-wind-rain-and-snow\/#primaryimage","url":"https:\/\/www.parisselectbook.com\/wp-content\/uploads\/2025\/12\/199970-image.jpg","contentUrl":"https:\/\/www.parisselectbook.com\/wp-content\/uploads\/2025\/12\/199970-image.jpg","width":1200,"height":680,"caption":"ParisSelectBook - Premier t\u00e9l\u00e9ph\u00e9rique d\u2019\u00cele-de-France C\u00e2ble C1 adapte son service par vent, pluie et neige"},{"@type":"BreadcrumbList","@id":"https:\/\/www.parisselectbook.com\/en\/2025\/12\/08\/ile-de-frances-first-cable-car-cable-c1-adapts-its-service-to-wind-rain-and-snow\/#breadcrumb","itemListElement":[{"@type":"ListItem","position":1,"name":"Que faire \u00e0 Paris ?","item":"https:\/\/www.parisselectbook.com\/en\/category\/que-faire-a-paris-en\/"},{"@type":"ListItem","position":2,"name":"\u00cele-de-France&#8217;s first cable car C\u00e2ble C1 adapts its service to wind, rain and snow"}]},{"@type":"WebSite","@id":"https:\/\/www.parisselectbook.com\/en\/#website","url":"https:\/\/www.parisselectbook.com\/en\/","name":"Paris Select Book","description":"Le guide chic des Tendances Parisiennes","publisher":{"@id":"https:\/\/www.parisselectbook.com\/en\/#organization"},"potentialAction":[{"@type":"SearchAction","target":{"@type":"EntryPoint","urlTemplate":"https:\/\/www.parisselectbook.com\/en\/?s={search_term_string}"},"query-input":{"@type":"PropertyValueSpecification","valueRequired":true,"valueName":"search_term_string"}}],"inLanguage":"en-US"},{"@type":"Organization","@id":"https:\/\/www.parisselectbook.com\/en\/#organization","name":"Paris Select","url":"https:\/\/www.parisselectbook.com\/en\/","logo":{"@type":"ImageObject","inLanguage":"en-US","@id":"https:\/\/www.parisselectbook.com\/en\/#\/schema\/logo\/image\/","url":"https:\/\/www.parisselectbook.com\/wp-content\/uploads\/2024\/06\/logo-IG-TKTK-LK.png","contentUrl":"https:\/\/www.parisselectbook.com\/wp-content\/uploads\/2024\/06\/logo-IG-TKTK-LK.png","width":684,"height":665,"caption":"Paris Select"},"image":{"@id":"https:\/\/www.parisselectbook.com\/en\/#\/schema\/logo\/image\/"},"sameAs":["https:\/\/www.facebook.com\/parisselect","https:\/\/www.instagram.com\/parisselect\/","https:\/\/www.tiktok.com\/@parisselect"]},{"@type":"Person","@id":"https:\/\/www.parisselectbook.com\/en\/#\/schema\/person\/3675d9a80d6cbefbfde597e393c036aa","name":"zaccharie touboul","sameAs":["https:\/\/www.parisselectbook.com\/"]}]}},"_links":{"self":[{"href":"https:\/\/www.parisselectbook.com\/en\/wp-json\/wp\/v2\/posts\/200039","targetHints":{"allow":["GET"]}}],"collection":[{"href":"https:\/\/www.parisselectbook.com\/en\/wp-json\/wp\/v2\/posts"}],"about":[{"href":"https:\/\/www.parisselectbook.com\/en\/wp-json\/wp\/v2\/types\/post"}],"author":[{"embeddable":true,"href":"https:\/\/www.parisselectbook.com\/en\/wp-json\/wp\/v2\/users\/13"}],"replies":[{"embeddable":true,"href":"https:\/\/www.parisselectbook.com\/en\/wp-json\/wp\/v2\/comments?post=200039"}],"version-history":[{"count":0,"href":"https:\/\/www.parisselectbook.com\/en\/wp-json\/wp\/v2\/posts\/200039\/revisions"}],"wp:featuredmedia":[{"embeddable":true,"href":"https:\/\/www.parisselectbook.com\/en\/wp-json\/wp\/v2\/media\/199972"}],"wp:attachment":[{"href":"https:\/\/www.parisselectbook.com\/en\/wp-json\/wp\/v2\/media?parent=200039"}],"wp:term":[{"taxonomy":"category","embeddable":true,"href":"https:\/\/www.parisselectbook.com\/en\/wp-json\/wp\/v2\/categories?post=200039"},{"taxonomy":"post_tag","embeddable":true,"href":"https:\/\/www.parisselectbook.com\/en\/wp-json\/wp\/v2\/tags?post=200039"},{"taxonomy":"quartier","embeddable":true,"href":"https:\/\/www.parisselectbook.com\/en\/wp-json\/wp\/v2\/quartier?post=200039"}],"curies":[{"name":"wp","href":"https:\/\/api.w.org\/{rel}","templated":true}]}}