{"id":200178,"date":"2025-12-09T10:33:41","date_gmt":"2025-12-09T09:33:41","guid":{"rendered":"https:\/\/www.parisselectbook.com\/2025\/12\/09\/the-beauty-ryan-murphys-new-series-reunites-bella-hadid-and-ashton-kutcher-after-alls-fair\/"},"modified":"2025-12-09T10:33:41","modified_gmt":"2025-12-09T09:33:41","slug":"the-beauty-ryan-murphys-new-series-reunites-bella-hadid-and-ashton-kutcher-after-alls-fair","status":"publish","type":"post","link":"https:\/\/www.parisselectbook.com\/en\/2025\/12\/09\/the-beauty-ryan-murphys-new-series-reunites-bella-hadid-and-ashton-kutcher-after-alls-fair\/","title":{"rendered":"The Beauty: Ryan Murphy&#8217;s new series reunites Bella Hadid and Ashton Kutcher after All&#8217;s Fair"},"content":{"rendered":"<p>Ryan Murphy is back with a new <a href=\"https:\/\/www.parisselectbook.com\/en\/2025\/12\/04\/disney-films-and-series-to-be-released-in-december-2025\/\" target=\"_blank\" rel=\"noopener\">series<\/a> that has everyone talking. The <strong>Beauty<\/strong> project is already intriguing. The duo of <strong>Bella Hadid<\/strong> and <strong>Ashton Kutcher<\/strong> is already arousing curiosity.  <\/p>\n<h2>The Beauty, a project that raises expectations<\/h2>\n<p>Creator <strong>Ryan Murphy<\/strong> orchestrates this <a href=\"https:\/\/www.parisselectbook.com\/en\/2025\/12\/01\/series-2026-the-10-most-eagerly-awaited-releases\/\" target=\"_blank\" rel=\"noopener\">ambitious<\/a> project. What&#8217;s more, the new series promises to be a glamorous, satirical drama. The working title evokes celebrity, image and their risk zones. However, the full synopsis remains deliberately under lock and key.   <\/p>\n<p>According to initial reports, production is still in <a href=\"https:\/\/www.parisselectbook.com\/en\/2025\/12\/04\/foie-gras-for-christmas-purchasing-and-preparation-times-according-to-gilles-verot\/\" target=\"_blank\" rel=\"noopener\">preparation<\/a>. No release date has yet been confirmed. The new series could be aimed at a wide audience, in France and elsewhere. The teams are currently fine-tuning casting and scheduling.   <\/p>\n<p>The cast brings together <strong>Bella Hadid<\/strong> and <strong>Ashton Kutcher<\/strong>, both of whom were outstanding choices. What&#8217;s more, this duo promises a counterpoint between freshness and <a href=\"https:\/\/www.parisselectbook.com\/en\/2025\/11\/29\/at-home-chef-yazid-ichemrahens-new-paris-address-a-high-flying-experience\/\" target=\"_blank\" rel=\"noopener\">experience<\/a>. The new series will rely on this alchemy to carry the tension. However, the broadcasting platform has not been specified.   <\/p>\n<blockquote><p>&#8220;A satire of celebrity and the cult of appearance.<\/p><\/blockquote>\n<h3>Plot: what we know and what&#8217;s missing<\/h3>\n<p>The exact setting is not detailed by the production. Several avenues remain open, from thriller to comedy. The new series could navigate between glamour and shadow. However, the team is keeping the plot secret, as a matter of strategy.   <\/p>\n<p>Murphy&#8217;s approach builds anticipation in stages. What&#8217;s more, his previous shows blended pace and strong characters. The new series seems to follow this method, without haste. As a result, the announcement effect remains central for the time being.   <\/p>\n<ul>\n<li>Creator: Ryan Murphy<\/li>\n<li>Title: The Beauty (provisional)<\/li>\n<li>Casting: Bella Hadid and Ashton Kutcher<\/li>\n<li>Status: in development, synopsis undisclosed<\/li>\n<li>Release date and platform unconfirmed<\/li>\n<\/ul>\n<h2>Ryan Murphy, a return under scrutiny<\/h2>\n<p>Murphy has built highly identifiable worlds for television. His style blends rhythm, choral casting and social tension. The new series is expected to take a sharp look at notoriety. Also, the visual dimension should be worked to the millimeter.   <\/p>\n<p>After All&#8217;s Fair, the author multiplies his projects with consistency. However, each project retains its own color and codes. This time, <g id=\"gid_0\">The Beauty<\/g> focuses on the mechanics of the image. What&#8217;s more, the Hadid-Kutcher duo are able to defy expectations.   <\/p>\n<p>Production follow-up will be scrutinized by fans and the press alike. From now on, every update will count as a measure of scale. The new series will serve as a barometer for this new phase. In short, patience is still required before a first teaser.   <\/p>\n<h3>Casting and representation issues<\/h3>\n<p>Seeing <strong>Bella Hadid<\/strong> in the credits adds a fashionable touch. However, the model has already shown real talent as an actress. The new series opens up a different, more demanding terrain for her. And <strong>Ashton Kutcher<\/strong> brings a wealth of experience to the table.   <\/p>\n<p>No product references, brands or models are mentioned in the source article. The text deals with the fiction, its plot and the calendar, without identifiable products. <\/p>\n<h2>Schedule, format and distribution: what to expect<\/h2>\n<p>The release has not been made official by the team. So, the release window remains open to several scenarios. The new series could aim for an early window, if filming gets underway. On the other hand, there&#8217;s no obligation to set an early date.   <\/p>\n<p>The episode format has not yet been specified. Moreover, Murphy often adapts the length to the subject matter. The new series will undoubtedly follow this manufacturing logic. Consequently, adjustments will be made as the writing progresses.   <\/p>\n<p>On the marketing side, the casting announcement serves as a first signal. Official images should follow later. The new series will then gain in legibility and tone. In short, the appointment is being built step by step.   <\/p>\n","protected":false},"excerpt":{"rendered":"<p>Ryan Murphy is back with a new series that has everyone talking. The Beauty project is already intriguing. The duo of Bella Hadid and Ashton&#8230;<\/p>\n","protected":false},"author":13,"featured_media":200165,"comment_status":"open","ping_status":"closed","sticky":false,"template":"","format":"standard","meta":{"_acf_changed":false,"footnotes":""},"categories":[2685],"tags":[4657],"quartier":[],"class_list":["post-200178","post","type-post","status-publish","format-standard","has-post-thumbnail","hentry","category-news-du-luxe-en","tag-new-series"],"acf":[],"yoast_head":"<!-- This site is optimized with the Yoast SEO plugin v27.4 - https:\/\/yoast.com\/product\/yoast-seo-wordpress\/ -->\n<title>The Beauty: Ryan Murphy&#039;s new series reunites Bella Hadid and Ashton Kutcher after All&#039;s Fair<\/title>\n<meta name=\"description\" content=\"Ryan Murphy prepares The Beauty, a new series starring Bella Hadid and Ashton Kutcher. A biting, glamorous satire of the cult of celebrity.\" \/>\n<meta name=\"robots\" content=\"index, follow, max-snippet:-1, max-image-preview:large, max-video-preview:-1\" \/>\n<link rel=\"canonical\" href=\"https:\/\/www.parisselectbook.com\/en\/2025\/12\/09\/the-beauty-ryan-murphys-new-series-reunites-bella-hadid-and-ashton-kutcher-after-alls-fair\/\" \/>\n<meta property=\"og:locale\" content=\"en_US\" \/>\n<meta property=\"og:type\" content=\"article\" \/>\n<meta property=\"og:title\" content=\"The Beauty: Ryan Murphy&#039;s new series reunites Bella Hadid and Ashton Kutcher after All&#039;s Fair\" \/>\n<meta property=\"og:description\" content=\"Ryan Murphy prepares The Beauty, a new series starring Bella Hadid and Ashton Kutcher. A biting, glamorous satire of the cult of celebrity.\" \/>\n<meta property=\"og:url\" content=\"https:\/\/www.parisselectbook.com\/en\/2025\/12\/09\/the-beauty-ryan-murphys-new-series-reunites-bella-hadid-and-ashton-kutcher-after-alls-fair\/\" \/>\n<meta property=\"og:site_name\" content=\"Paris Select\" \/>\n<meta property=\"article:publisher\" content=\"https:\/\/www.facebook.com\/parisselect\" \/>\n<meta property=\"article:published_time\" content=\"2025-12-09T09:33:41+00:00\" \/>\n<meta property=\"og:image\" content=\"https:\/\/www.parisselectbook.com\/wp-content\/uploads\/2025\/12\/The-Beauty-la-nouvelle-serie-de-Ryan-Murphy-reunit-Bella-Hadid-et-Ashton-Kutcher-apres-Alls-Fair.jpg\" \/>\n\t<meta property=\"og:image:width\" content=\"1200\" \/>\n\t<meta property=\"og:image:height\" content=\"675\" \/>\n\t<meta property=\"og:image:type\" content=\"image\/jpeg\" \/>\n<meta name=\"author\" content=\"zaccharie touboul\" \/>\n<meta name=\"twitter:card\" content=\"summary_large_image\" \/>\n<meta name=\"twitter:label1\" content=\"Written by\" \/>\n\t<meta name=\"twitter:data1\" content=\"zaccharie touboul\" \/>\n\t<meta name=\"twitter:label2\" content=\"Est. reading time\" \/>\n\t<meta name=\"twitter:data2\" content=\"3 minutes\" \/>\n<script type=\"application\/ld+json\" class=\"yoast-schema-graph\">{\"@context\":\"https:\\\/\\\/schema.org\",\"@graph\":[{\"@type\":\"Article\",\"@id\":\"https:\\\/\\\/www.parisselectbook.com\\\/en\\\/2025\\\/12\\\/09\\\/the-beauty-ryan-murphys-new-series-reunites-bella-hadid-and-ashton-kutcher-after-alls-fair\\\/#article\",\"isPartOf\":{\"@id\":\"https:\\\/\\\/www.parisselectbook.com\\\/en\\\/2025\\\/12\\\/09\\\/the-beauty-ryan-murphys-new-series-reunites-bella-hadid-and-ashton-kutcher-after-alls-fair\\\/\"},\"author\":{\"name\":\"zaccharie touboul\",\"@id\":\"https:\\\/\\\/www.parisselectbook.com\\\/en\\\/#\\\/schema\\\/person\\\/3675d9a80d6cbefbfde597e393c036aa\"},\"headline\":\"The Beauty: Ryan Murphy&#8217;s new series reunites Bella Hadid and Ashton Kutcher after All&#8217;s Fair\",\"datePublished\":\"2025-12-09T09:33:41+00:00\",\"mainEntityOfPage\":{\"@id\":\"https:\\\/\\\/www.parisselectbook.com\\\/en\\\/2025\\\/12\\\/09\\\/the-beauty-ryan-murphys-new-series-reunites-bella-hadid-and-ashton-kutcher-after-alls-fair\\\/\"},\"wordCount\":629,\"commentCount\":0,\"publisher\":{\"@id\":\"https:\\\/\\\/www.parisselectbook.com\\\/en\\\/#organization\"},\"image\":{\"@id\":\"https:\\\/\\\/www.parisselectbook.com\\\/en\\\/2025\\\/12\\\/09\\\/the-beauty-ryan-murphys-new-series-reunites-bella-hadid-and-ashton-kutcher-after-alls-fair\\\/#primaryimage\"},\"thumbnailUrl\":\"https:\\\/\\\/www.parisselectbook.com\\\/wp-content\\\/uploads\\\/2025\\\/12\\\/The-Beauty-la-nouvelle-serie-de-Ryan-Murphy-reunit-Bella-Hadid-et-Ashton-Kutcher-apres-Alls-Fair.jpg\",\"keywords\":[\"new series\"],\"articleSection\":[\"News du Luxe\"],\"inLanguage\":\"en-US\",\"potentialAction\":[{\"@type\":\"CommentAction\",\"name\":\"Comment\",\"target\":[\"https:\\\/\\\/www.parisselectbook.com\\\/en\\\/2025\\\/12\\\/09\\\/the-beauty-ryan-murphys-new-series-reunites-bella-hadid-and-ashton-kutcher-after-alls-fair\\\/#respond\"]}]},{\"@type\":\"WebPage\",\"@id\":\"https:\\\/\\\/www.parisselectbook.com\\\/en\\\/2025\\\/12\\\/09\\\/the-beauty-ryan-murphys-new-series-reunites-bella-hadid-and-ashton-kutcher-after-alls-fair\\\/\",\"url\":\"https:\\\/\\\/www.parisselectbook.com\\\/en\\\/2025\\\/12\\\/09\\\/the-beauty-ryan-murphys-new-series-reunites-bella-hadid-and-ashton-kutcher-after-alls-fair\\\/\",\"name\":\"The Beauty: Ryan Murphy's new series reunites Bella Hadid and Ashton Kutcher after All's Fair\",\"isPartOf\":{\"@id\":\"https:\\\/\\\/www.parisselectbook.com\\\/en\\\/#website\"},\"primaryImageOfPage\":{\"@id\":\"https:\\\/\\\/www.parisselectbook.com\\\/en\\\/2025\\\/12\\\/09\\\/the-beauty-ryan-murphys-new-series-reunites-bella-hadid-and-ashton-kutcher-after-alls-fair\\\/#primaryimage\"},\"image\":{\"@id\":\"https:\\\/\\\/www.parisselectbook.com\\\/en\\\/2025\\\/12\\\/09\\\/the-beauty-ryan-murphys-new-series-reunites-bella-hadid-and-ashton-kutcher-after-alls-fair\\\/#primaryimage\"},\"thumbnailUrl\":\"https:\\\/\\\/www.parisselectbook.com\\\/wp-content\\\/uploads\\\/2025\\\/12\\\/The-Beauty-la-nouvelle-serie-de-Ryan-Murphy-reunit-Bella-Hadid-et-Ashton-Kutcher-apres-Alls-Fair.jpg\",\"datePublished\":\"2025-12-09T09:33:41+00:00\",\"description\":\"Ryan Murphy prepares The Beauty, a new series starring Bella Hadid and Ashton Kutcher. A biting, glamorous satire of the cult of celebrity.\",\"breadcrumb\":{\"@id\":\"https:\\\/\\\/www.parisselectbook.com\\\/en\\\/2025\\\/12\\\/09\\\/the-beauty-ryan-murphys-new-series-reunites-bella-hadid-and-ashton-kutcher-after-alls-fair\\\/#breadcrumb\"},\"inLanguage\":\"en-US\",\"potentialAction\":[{\"@type\":\"ReadAction\",\"target\":[\"https:\\\/\\\/www.parisselectbook.com\\\/en\\\/2025\\\/12\\\/09\\\/the-beauty-ryan-murphys-new-series-reunites-bella-hadid-and-ashton-kutcher-after-alls-fair\\\/\"]}]},{\"@type\":\"ImageObject\",\"inLanguage\":\"en-US\",\"@id\":\"https:\\\/\\\/www.parisselectbook.com\\\/en\\\/2025\\\/12\\\/09\\\/the-beauty-ryan-murphys-new-series-reunites-bella-hadid-and-ashton-kutcher-after-alls-fair\\\/#primaryimage\",\"url\":\"https:\\\/\\\/www.parisselectbook.com\\\/wp-content\\\/uploads\\\/2025\\\/12\\\/The-Beauty-la-nouvelle-serie-de-Ryan-Murphy-reunit-Bella-Hadid-et-Ashton-Kutcher-apres-Alls-Fair.jpg\",\"contentUrl\":\"https:\\\/\\\/www.parisselectbook.com\\\/wp-content\\\/uploads\\\/2025\\\/12\\\/The-Beauty-la-nouvelle-serie-de-Ryan-Murphy-reunit-Bella-Hadid-et-Ashton-Kutcher-apres-Alls-Fair.jpg\",\"width\":1200,\"height\":675,\"caption\":\"The Beauty : la nouvelle s\u00e9rie de Ryan Murphy r\u00e9unit Bella Hadid et Ashton Kutcher apr\u00e8s All's Fair\"},{\"@type\":\"BreadcrumbList\",\"@id\":\"https:\\\/\\\/www.parisselectbook.com\\\/en\\\/2025\\\/12\\\/09\\\/the-beauty-ryan-murphys-new-series-reunites-bella-hadid-and-ashton-kutcher-after-alls-fair\\\/#breadcrumb\",\"itemListElement\":[{\"@type\":\"ListItem\",\"position\":1,\"name\":\"Que faire \u00e0 Paris ?\",\"item\":\"https:\\\/\\\/www.parisselectbook.com\\\/en\\\/category\\\/que-faire-a-paris-en\\\/\"},{\"@type\":\"ListItem\",\"position\":2,\"name\":\"The Beauty: Ryan Murphy&#8217;s new series reunites Bella Hadid and Ashton Kutcher after All&#8217;s Fair\"}]},{\"@type\":\"WebSite\",\"@id\":\"https:\\\/\\\/www.parisselectbook.com\\\/en\\\/#website\",\"url\":\"https:\\\/\\\/www.parisselectbook.com\\\/en\\\/\",\"name\":\"Paris Select Book\",\"description\":\"Le guide chic des Tendances Parisiennes\",\"publisher\":{\"@id\":\"https:\\\/\\\/www.parisselectbook.com\\\/en\\\/#organization\"},\"potentialAction\":[{\"@type\":\"SearchAction\",\"target\":{\"@type\":\"EntryPoint\",\"urlTemplate\":\"https:\\\/\\\/www.parisselectbook.com\\\/en\\\/?s={search_term_string}\"},\"query-input\":{\"@type\":\"PropertyValueSpecification\",\"valueRequired\":true,\"valueName\":\"search_term_string\"}}],\"inLanguage\":\"en-US\"},{\"@type\":\"Organization\",\"@id\":\"https:\\\/\\\/www.parisselectbook.com\\\/en\\\/#organization\",\"name\":\"Paris Select\",\"url\":\"https:\\\/\\\/www.parisselectbook.com\\\/en\\\/\",\"logo\":{\"@type\":\"ImageObject\",\"inLanguage\":\"en-US\",\"@id\":\"https:\\\/\\\/www.parisselectbook.com\\\/en\\\/#\\\/schema\\\/logo\\\/image\\\/\",\"url\":\"https:\\\/\\\/www.parisselectbook.com\\\/wp-content\\\/uploads\\\/2024\\\/06\\\/logo-IG-TKTK-LK.png\",\"contentUrl\":\"https:\\\/\\\/www.parisselectbook.com\\\/wp-content\\\/uploads\\\/2024\\\/06\\\/logo-IG-TKTK-LK.png\",\"width\":684,\"height\":665,\"caption\":\"Paris Select\"},\"image\":{\"@id\":\"https:\\\/\\\/www.parisselectbook.com\\\/en\\\/#\\\/schema\\\/logo\\\/image\\\/\"},\"sameAs\":[\"https:\\\/\\\/www.facebook.com\\\/parisselect\",\"https:\\\/\\\/www.instagram.com\\\/parisselect\\\/\",\"https:\\\/\\\/www.tiktok.com\\\/@parisselect\"]},{\"@type\":\"Person\",\"@id\":\"https:\\\/\\\/www.parisselectbook.com\\\/en\\\/#\\\/schema\\\/person\\\/3675d9a80d6cbefbfde597e393c036aa\",\"name\":\"zaccharie touboul\",\"sameAs\":[\"https:\\\/\\\/www.parisselectbook.com\\\/\"]}]}<\/script>\n<!-- \/ Yoast SEO plugin. -->","yoast_head_json":{"title":"The Beauty: Ryan Murphy's new series reunites Bella Hadid and Ashton Kutcher after All's Fair","description":"Ryan Murphy prepares The Beauty, a new series starring Bella Hadid and Ashton Kutcher. A biting, glamorous satire of the cult of celebrity.","robots":{"index":"index","follow":"follow","max-snippet":"max-snippet:-1","max-image-preview":"max-image-preview:large","max-video-preview":"max-video-preview:-1"},"canonical":"https:\/\/www.parisselectbook.com\/en\/2025\/12\/09\/the-beauty-ryan-murphys-new-series-reunites-bella-hadid-and-ashton-kutcher-after-alls-fair\/","og_locale":"en_US","og_type":"article","og_title":"The Beauty: Ryan Murphy's new series reunites Bella Hadid and Ashton Kutcher after All's Fair","og_description":"Ryan Murphy prepares The Beauty, a new series starring Bella Hadid and Ashton Kutcher. A biting, glamorous satire of the cult of celebrity.","og_url":"https:\/\/www.parisselectbook.com\/en\/2025\/12\/09\/the-beauty-ryan-murphys-new-series-reunites-bella-hadid-and-ashton-kutcher-after-alls-fair\/","og_site_name":"Paris Select","article_publisher":"https:\/\/www.facebook.com\/parisselect","article_published_time":"2025-12-09T09:33:41+00:00","og_image":[{"width":1200,"height":675,"url":"https:\/\/www.parisselectbook.com\/wp-content\/uploads\/2025\/12\/The-Beauty-la-nouvelle-serie-de-Ryan-Murphy-reunit-Bella-Hadid-et-Ashton-Kutcher-apres-Alls-Fair.jpg","type":"image\/jpeg"}],"author":"zaccharie touboul","twitter_card":"summary_large_image","twitter_misc":{"Written by":"zaccharie touboul","Est. reading time":"3 minutes"},"schema":{"@context":"https:\/\/schema.org","@graph":[{"@type":"Article","@id":"https:\/\/www.parisselectbook.com\/en\/2025\/12\/09\/the-beauty-ryan-murphys-new-series-reunites-bella-hadid-and-ashton-kutcher-after-alls-fair\/#article","isPartOf":{"@id":"https:\/\/www.parisselectbook.com\/en\/2025\/12\/09\/the-beauty-ryan-murphys-new-series-reunites-bella-hadid-and-ashton-kutcher-after-alls-fair\/"},"author":{"name":"zaccharie touboul","@id":"https:\/\/www.parisselectbook.com\/en\/#\/schema\/person\/3675d9a80d6cbefbfde597e393c036aa"},"headline":"The Beauty: Ryan Murphy&#8217;s new series reunites Bella Hadid and Ashton Kutcher after All&#8217;s Fair","datePublished":"2025-12-09T09:33:41+00:00","mainEntityOfPage":{"@id":"https:\/\/www.parisselectbook.com\/en\/2025\/12\/09\/the-beauty-ryan-murphys-new-series-reunites-bella-hadid-and-ashton-kutcher-after-alls-fair\/"},"wordCount":629,"commentCount":0,"publisher":{"@id":"https:\/\/www.parisselectbook.com\/en\/#organization"},"image":{"@id":"https:\/\/www.parisselectbook.com\/en\/2025\/12\/09\/the-beauty-ryan-murphys-new-series-reunites-bella-hadid-and-ashton-kutcher-after-alls-fair\/#primaryimage"},"thumbnailUrl":"https:\/\/www.parisselectbook.com\/wp-content\/uploads\/2025\/12\/The-Beauty-la-nouvelle-serie-de-Ryan-Murphy-reunit-Bella-Hadid-et-Ashton-Kutcher-apres-Alls-Fair.jpg","keywords":["new series"],"articleSection":["News du Luxe"],"inLanguage":"en-US","potentialAction":[{"@type":"CommentAction","name":"Comment","target":["https:\/\/www.parisselectbook.com\/en\/2025\/12\/09\/the-beauty-ryan-murphys-new-series-reunites-bella-hadid-and-ashton-kutcher-after-alls-fair\/#respond"]}]},{"@type":"WebPage","@id":"https:\/\/www.parisselectbook.com\/en\/2025\/12\/09\/the-beauty-ryan-murphys-new-series-reunites-bella-hadid-and-ashton-kutcher-after-alls-fair\/","url":"https:\/\/www.parisselectbook.com\/en\/2025\/12\/09\/the-beauty-ryan-murphys-new-series-reunites-bella-hadid-and-ashton-kutcher-after-alls-fair\/","name":"The Beauty: Ryan Murphy's new series reunites Bella Hadid and Ashton Kutcher after All's Fair","isPartOf":{"@id":"https:\/\/www.parisselectbook.com\/en\/#website"},"primaryImageOfPage":{"@id":"https:\/\/www.parisselectbook.com\/en\/2025\/12\/09\/the-beauty-ryan-murphys-new-series-reunites-bella-hadid-and-ashton-kutcher-after-alls-fair\/#primaryimage"},"image":{"@id":"https:\/\/www.parisselectbook.com\/en\/2025\/12\/09\/the-beauty-ryan-murphys-new-series-reunites-bella-hadid-and-ashton-kutcher-after-alls-fair\/#primaryimage"},"thumbnailUrl":"https:\/\/www.parisselectbook.com\/wp-content\/uploads\/2025\/12\/The-Beauty-la-nouvelle-serie-de-Ryan-Murphy-reunit-Bella-Hadid-et-Ashton-Kutcher-apres-Alls-Fair.jpg","datePublished":"2025-12-09T09:33:41+00:00","description":"Ryan Murphy prepares The Beauty, a new series starring Bella Hadid and Ashton Kutcher. A biting, glamorous satire of the cult of celebrity.","breadcrumb":{"@id":"https:\/\/www.parisselectbook.com\/en\/2025\/12\/09\/the-beauty-ryan-murphys-new-series-reunites-bella-hadid-and-ashton-kutcher-after-alls-fair\/#breadcrumb"},"inLanguage":"en-US","potentialAction":[{"@type":"ReadAction","target":["https:\/\/www.parisselectbook.com\/en\/2025\/12\/09\/the-beauty-ryan-murphys-new-series-reunites-bella-hadid-and-ashton-kutcher-after-alls-fair\/"]}]},{"@type":"ImageObject","inLanguage":"en-US","@id":"https:\/\/www.parisselectbook.com\/en\/2025\/12\/09\/the-beauty-ryan-murphys-new-series-reunites-bella-hadid-and-ashton-kutcher-after-alls-fair\/#primaryimage","url":"https:\/\/www.parisselectbook.com\/wp-content\/uploads\/2025\/12\/The-Beauty-la-nouvelle-serie-de-Ryan-Murphy-reunit-Bella-Hadid-et-Ashton-Kutcher-apres-Alls-Fair.jpg","contentUrl":"https:\/\/www.parisselectbook.com\/wp-content\/uploads\/2025\/12\/The-Beauty-la-nouvelle-serie-de-Ryan-Murphy-reunit-Bella-Hadid-et-Ashton-Kutcher-apres-Alls-Fair.jpg","width":1200,"height":675,"caption":"The Beauty : la nouvelle s\u00e9rie de Ryan Murphy r\u00e9unit Bella Hadid et Ashton Kutcher apr\u00e8s All's Fair"},{"@type":"BreadcrumbList","@id":"https:\/\/www.parisselectbook.com\/en\/2025\/12\/09\/the-beauty-ryan-murphys-new-series-reunites-bella-hadid-and-ashton-kutcher-after-alls-fair\/#breadcrumb","itemListElement":[{"@type":"ListItem","position":1,"name":"Que faire \u00e0 Paris ?","item":"https:\/\/www.parisselectbook.com\/en\/category\/que-faire-a-paris-en\/"},{"@type":"ListItem","position":2,"name":"The Beauty: Ryan Murphy&#8217;s new series reunites Bella Hadid and Ashton Kutcher after All&#8217;s Fair"}]},{"@type":"WebSite","@id":"https:\/\/www.parisselectbook.com\/en\/#website","url":"https:\/\/www.parisselectbook.com\/en\/","name":"Paris Select Book","description":"Le guide chic des Tendances Parisiennes","publisher":{"@id":"https:\/\/www.parisselectbook.com\/en\/#organization"},"potentialAction":[{"@type":"SearchAction","target":{"@type":"EntryPoint","urlTemplate":"https:\/\/www.parisselectbook.com\/en\/?s={search_term_string}"},"query-input":{"@type":"PropertyValueSpecification","valueRequired":true,"valueName":"search_term_string"}}],"inLanguage":"en-US"},{"@type":"Organization","@id":"https:\/\/www.parisselectbook.com\/en\/#organization","name":"Paris Select","url":"https:\/\/www.parisselectbook.com\/en\/","logo":{"@type":"ImageObject","inLanguage":"en-US","@id":"https:\/\/www.parisselectbook.com\/en\/#\/schema\/logo\/image\/","url":"https:\/\/www.parisselectbook.com\/wp-content\/uploads\/2024\/06\/logo-IG-TKTK-LK.png","contentUrl":"https:\/\/www.parisselectbook.com\/wp-content\/uploads\/2024\/06\/logo-IG-TKTK-LK.png","width":684,"height":665,"caption":"Paris Select"},"image":{"@id":"https:\/\/www.parisselectbook.com\/en\/#\/schema\/logo\/image\/"},"sameAs":["https:\/\/www.facebook.com\/parisselect","https:\/\/www.instagram.com\/parisselect\/","https:\/\/www.tiktok.com\/@parisselect"]},{"@type":"Person","@id":"https:\/\/www.parisselectbook.com\/en\/#\/schema\/person\/3675d9a80d6cbefbfde597e393c036aa","name":"zaccharie touboul","sameAs":["https:\/\/www.parisselectbook.com\/"]}]}},"_links":{"self":[{"href":"https:\/\/www.parisselectbook.com\/en\/wp-json\/wp\/v2\/posts\/200178","targetHints":{"allow":["GET"]}}],"collection":[{"href":"https:\/\/www.parisselectbook.com\/en\/wp-json\/wp\/v2\/posts"}],"about":[{"href":"https:\/\/www.parisselectbook.com\/en\/wp-json\/wp\/v2\/types\/post"}],"author":[{"embeddable":true,"href":"https:\/\/www.parisselectbook.com\/en\/wp-json\/wp\/v2\/users\/13"}],"replies":[{"embeddable":true,"href":"https:\/\/www.parisselectbook.com\/en\/wp-json\/wp\/v2\/comments?post=200178"}],"version-history":[{"count":0,"href":"https:\/\/www.parisselectbook.com\/en\/wp-json\/wp\/v2\/posts\/200178\/revisions"}],"wp:featuredmedia":[{"embeddable":true,"href":"https:\/\/www.parisselectbook.com\/en\/wp-json\/wp\/v2\/media\/200165"}],"wp:attachment":[{"href":"https:\/\/www.parisselectbook.com\/en\/wp-json\/wp\/v2\/media?parent=200178"}],"wp:term":[{"taxonomy":"category","embeddable":true,"href":"https:\/\/www.parisselectbook.com\/en\/wp-json\/wp\/v2\/categories?post=200178"},{"taxonomy":"post_tag","embeddable":true,"href":"https:\/\/www.parisselectbook.com\/en\/wp-json\/wp\/v2\/tags?post=200178"},{"taxonomy":"quartier","embeddable":true,"href":"https:\/\/www.parisselectbook.com\/en\/wp-json\/wp\/v2\/quartier?post=200178"}],"curies":[{"name":"wp","href":"https:\/\/api.w.org\/{rel}","templated":true}]}}