{"id":201122,"date":"2025-12-14T12:07:45","date_gmt":"2025-12-14T11:07:45","guid":{"rendered":"https:\/\/www.parisselectbook.com\/2025\/12\/14\/chanel-chooses-biarritz-for-its-2026-2027-cruise-fashion-show-and-celebrates-its-atlantic-roots\/"},"modified":"2025-12-14T12:07:45","modified_gmt":"2025-12-14T11:07:45","slug":"chanel-chooses-biarritz-for-its-2026-2027-cruise-fashion-show-and-celebrates-its-atlantic-roots","status":"publish","type":"post","link":"https:\/\/www.parisselectbook.com\/en\/2025\/12\/14\/chanel-chooses-biarritz-for-its-2026-2027-cruise-fashion-show-and-celebrates-its-atlantic-roots\/","title":{"rendered":"Chanel chooses Biarritz for its 2026-2027 Cruise fashion show and celebrates its Atlantic roots"},"content":{"rendered":"<p>Chanel will set its 2026-2027 Croisi\u00e8re fashion show in Biarritz. The announced date opens a new chapter for the label on the Atlantic coast. In this way, the event becomes part of the living memory of the Basque country, just as certain <a href=\"https:\/\/www.parisselectbook.com\/en\/2025\/12\/13\/exhibitions-in-paris-this-winter-20-cultural-outings-to-warm-your-heart-in-the-ile-de-france-region\/\">exhibitions in Paris<\/a> celebrate its heritage.  <\/p>\n<h2>Biarritz, a strategic and sentimental choice<\/h2>\n<p>The house returns to the Basque coast with intent. What&#8217;s more, the town of <strong>Biarritz<\/strong> offers a seaside setting. The date of <g id=\"gid_1\">April 28, 2026<\/g> structures the preparations. Chanel weaves a narrative between history and movement, in a vein as elegant as <a href=\"https:\/\/www.parisselectbook.com\/en\/2025\/12\/13\/dior-launches-its-tea-time-in-paris-a-haute-couture-snack-in-the-heart-of-avenue-montaigne\/\">Dior&#8217;s haute couture Tea Time in Paris<\/a>.   <\/p>\n<p>The choice is not insignificant, since Gabrielle Chanel moved here in <strong>1915<\/strong>. The opening of her house in <g id=\"gid_1\">1915<\/g> left its mark on the city, as did other exceptional addresses such as <g id=\"gid_2\">the H\u00f4tel Paris Bastille Le Boutet-MGallery Collection<\/g>. However, the exact location of the show has yet to be confirmed.  <\/p>\n<p>Local teams are already working with the town hall. Guests will be welcomed at the airport and train station, reminiscent of the hustle and bustle of major resorts like this popular <g id=\"gid_0\">Savoie ski resort<\/g>. Chanel will keep a discreet eye on logistics.  <\/p>\n<blockquote><p>&#8220;The <strong>Chanel<\/strong> <strong>Croisi\u00e8re 2026-2027<\/strong> fashion show is scheduled to take place in <strong>Biarritz<\/strong> on <strong>April 28, 2026<\/strong>. &#8220;<\/p><\/blockquote>\n<h3>What we know about the Croisi\u00e8re format<\/h3>\n<p>The Croisi\u00e8re collection favors freedom of mix and match. The wardrobe travels between seasons and latitudes, reflecting fashion desires that range from <g id=\"gid_0\">luxurious winter dresses<\/g> to summer silhouettes. Chanel combines workshop know-how and practicality.  <\/p>\n<p>Casting and set design are still confidential. The exact location has not yet been announced. Chanel&#8217;s official communications will follow an in-house rhythm.  <\/p>\n<ul>\n<li>Show <strong>date<\/strong>: <strong>April 28, 2026<\/strong>.<\/li>\n<li><strong>City<\/strong>: <strong>Biarritz<\/strong>, Basque coast.<\/li>\n<li><strong>Collection<\/strong>: <strong>Croisi\u00e8re 2026-2027<\/strong>.<\/li>\n<li>Art direction: information awaited.<\/li>\n<li>Exact location in town: to be confirmed.<\/li>\n<\/ul>\n<h2>Local impact and logistics<\/h2>\n<p>The event will generate spin-offs for the hotel and cultural sectors. Bookings are expected to accelerate in the vicinity of the center. Institutions are coordinating the reception of press and guests. Chanel attracts an international audience, which means a steady flow of visitors.   <\/p>\n<p>Chanel &#8211; <strong>Croisi\u00e8re 2026-2027<\/strong>: show to be held in <strong>Biarritz<\/strong> on <strong>April 28, 2026<\/strong>. From then on, the collection will place the Basque coast at the heart of the story. <\/p>\n<p>The authorities will be looking after mobility, including pedestrians and local residents. Variable perimeters will be set for technical installations. Retailers, on the other hand, anticipate increased traffic during the week, thanks to Chanel.  <\/p>\n<p>Image professionals are already preparing scouting and authorizations. As a result, the destination&#8217;s international visibility will increase. The local fabric can benefit from long-term cooperation.  <\/p>\n<h3>Heritage and brand storytelling<\/h3>\n<p>Gabrielle&#8217;s story is rooted in Biarritz. Couture took shape here in wartime. Chanel recaptures this initial energy.  <\/p>\n<p>The proximity of Spain provided the initial impetus. Frontier customers have also built up a loyal clientele. Chanel can now reread its sporting grammar.  <\/p>\n<h2>What this means for customers and the market<\/h2>\n<p>For customers, this is a time to plan trips. Booking early means access to the best routes. Chanel generally structures dedicated guest experiences.  <\/p>\n<p>The images from the show will quickly guide the season&#8217;s trends. What&#8217;s more, retailers will be adjusting their selections in the wake of the show. In short, the Basque coast will become a laboratory of desires.  <\/p>\n<p>Product communication will follow in stages after the presentation. From then on, interest in the collection will build over several months. On the other hand, the brand can punctuate the wait with content.  <\/p>\n","protected":false},"excerpt":{"rendered":"<p>Chanel will set its 2026-2027 Croisi\u00e8re fashion show in Biarritz. The announced date opens a new chapter for the label on the Atlantic coast. In&#8230;<\/p>\n","protected":false},"author":13,"featured_media":201088,"comment_status":"open","ping_status":"closed","sticky":false,"template":"","format":"standard","meta":{"_acf_changed":false,"footnotes":""},"categories":[2685],"tags":[4203],"quartier":[],"class_list":["post-201122","post","type-post","status-publish","format-standard","has-post-thumbnail","hentry","category-news-du-luxe-en","tag-chanel"],"acf":[],"yoast_head":"<!-- This site is optimized with the Yoast SEO plugin v27.5 - https:\/\/yoast.com\/product\/yoast-seo-wordpress\/ -->\n<title>Chanel chooses Biarritz for its 2026-2027 Cruise fashion show and celebrates its Atlantic roots<\/title>\n<meta name=\"description\" content=\"Chanel chooses Biarritz for its Croisi\u00e8re 2026-2027 and reactivates Basque heritage with a show that will have a strong local impact\" \/>\n<meta name=\"robots\" content=\"index, follow, max-snippet:-1, max-image-preview:large, max-video-preview:-1\" \/>\n<link rel=\"canonical\" href=\"https:\/\/www.parisselectbook.com\/en\/2025\/12\/14\/chanel-chooses-biarritz-for-its-2026-2027-cruise-fashion-show-and-celebrates-its-atlantic-roots\/\" \/>\n<meta property=\"og:locale\" content=\"en_US\" \/>\n<meta property=\"og:type\" content=\"article\" \/>\n<meta property=\"og:title\" content=\"Chanel chooses Biarritz for its 2026-2027 Cruise fashion show and celebrates its Atlantic roots\" \/>\n<meta property=\"og:description\" content=\"Chanel chooses Biarritz for its Croisi\u00e8re 2026-2027 and reactivates Basque heritage with a show that will have a strong local impact\" \/>\n<meta property=\"og:url\" content=\"https:\/\/www.parisselectbook.com\/en\/2025\/12\/14\/chanel-chooses-biarritz-for-its-2026-2027-cruise-fashion-show-and-celebrates-its-atlantic-roots\/\" \/>\n<meta property=\"og:site_name\" content=\"Paris Select\" \/>\n<meta property=\"article:publisher\" content=\"https:\/\/www.facebook.com\/parisselect\" \/>\n<meta property=\"article:published_time\" content=\"2025-12-14T11:07:45+00:00\" \/>\n<meta property=\"og:image\" content=\"https:\/\/www.parisselectbook.com\/wp-content\/uploads\/2025\/12\/201086-image.jpg\" \/>\n\t<meta property=\"og:image:width\" content=\"1200\" \/>\n\t<meta property=\"og:image:height\" content=\"680\" \/>\n\t<meta property=\"og:image:type\" content=\"image\/jpeg\" \/>\n<meta name=\"author\" content=\"zaccharie touboul\" \/>\n<meta name=\"twitter:card\" content=\"summary_large_image\" \/>\n<meta name=\"twitter:label1\" content=\"Written by\" \/>\n\t<meta name=\"twitter:data1\" content=\"zaccharie touboul\" \/>\n\t<meta name=\"twitter:label2\" content=\"Est. reading time\" \/>\n\t<meta name=\"twitter:data2\" content=\"3 minutes\" \/>\n<script type=\"application\/ld+json\" class=\"yoast-schema-graph\">{\"@context\":\"https:\\\/\\\/schema.org\",\"@graph\":[{\"@type\":\"Article\",\"@id\":\"https:\\\/\\\/www.parisselectbook.com\\\/en\\\/2025\\\/12\\\/14\\\/chanel-chooses-biarritz-for-its-2026-2027-cruise-fashion-show-and-celebrates-its-atlantic-roots\\\/#article\",\"isPartOf\":{\"@id\":\"https:\\\/\\\/www.parisselectbook.com\\\/en\\\/2025\\\/12\\\/14\\\/chanel-chooses-biarritz-for-its-2026-2027-cruise-fashion-show-and-celebrates-its-atlantic-roots\\\/\"},\"author\":{\"name\":\"zaccharie touboul\",\"@id\":\"https:\\\/\\\/www.parisselectbook.com\\\/en\\\/#\\\/schema\\\/person\\\/3675d9a80d6cbefbfde597e393c036aa\"},\"headline\":\"Chanel chooses Biarritz for its 2026-2027 Cruise fashion show and celebrates its Atlantic roots\",\"datePublished\":\"2025-12-14T11:07:45+00:00\",\"mainEntityOfPage\":{\"@id\":\"https:\\\/\\\/www.parisselectbook.com\\\/en\\\/2025\\\/12\\\/14\\\/chanel-chooses-biarritz-for-its-2026-2027-cruise-fashion-show-and-celebrates-its-atlantic-roots\\\/\"},\"wordCount\":599,\"commentCount\":0,\"publisher\":{\"@id\":\"https:\\\/\\\/www.parisselectbook.com\\\/en\\\/#organization\"},\"image\":{\"@id\":\"https:\\\/\\\/www.parisselectbook.com\\\/en\\\/2025\\\/12\\\/14\\\/chanel-chooses-biarritz-for-its-2026-2027-cruise-fashion-show-and-celebrates-its-atlantic-roots\\\/#primaryimage\"},\"thumbnailUrl\":\"https:\\\/\\\/www.parisselectbook.com\\\/wp-content\\\/uploads\\\/2025\\\/12\\\/201086-image.jpg\",\"keywords\":[\"Chanel\"],\"articleSection\":[\"News du Luxe\"],\"inLanguage\":\"en-US\",\"potentialAction\":[{\"@type\":\"CommentAction\",\"name\":\"Comment\",\"target\":[\"https:\\\/\\\/www.parisselectbook.com\\\/en\\\/2025\\\/12\\\/14\\\/chanel-chooses-biarritz-for-its-2026-2027-cruise-fashion-show-and-celebrates-its-atlantic-roots\\\/#respond\"]}]},{\"@type\":\"WebPage\",\"@id\":\"https:\\\/\\\/www.parisselectbook.com\\\/en\\\/2025\\\/12\\\/14\\\/chanel-chooses-biarritz-for-its-2026-2027-cruise-fashion-show-and-celebrates-its-atlantic-roots\\\/\",\"url\":\"https:\\\/\\\/www.parisselectbook.com\\\/en\\\/2025\\\/12\\\/14\\\/chanel-chooses-biarritz-for-its-2026-2027-cruise-fashion-show-and-celebrates-its-atlantic-roots\\\/\",\"name\":\"Chanel chooses Biarritz for its 2026-2027 Cruise fashion show and celebrates its Atlantic roots\",\"isPartOf\":{\"@id\":\"https:\\\/\\\/www.parisselectbook.com\\\/en\\\/#website\"},\"primaryImageOfPage\":{\"@id\":\"https:\\\/\\\/www.parisselectbook.com\\\/en\\\/2025\\\/12\\\/14\\\/chanel-chooses-biarritz-for-its-2026-2027-cruise-fashion-show-and-celebrates-its-atlantic-roots\\\/#primaryimage\"},\"image\":{\"@id\":\"https:\\\/\\\/www.parisselectbook.com\\\/en\\\/2025\\\/12\\\/14\\\/chanel-chooses-biarritz-for-its-2026-2027-cruise-fashion-show-and-celebrates-its-atlantic-roots\\\/#primaryimage\"},\"thumbnailUrl\":\"https:\\\/\\\/www.parisselectbook.com\\\/wp-content\\\/uploads\\\/2025\\\/12\\\/201086-image.jpg\",\"datePublished\":\"2025-12-14T11:07:45+00:00\",\"description\":\"Chanel chooses Biarritz for its Croisi\u00e8re 2026-2027 and reactivates Basque heritage with a show that will have a strong local impact\",\"breadcrumb\":{\"@id\":\"https:\\\/\\\/www.parisselectbook.com\\\/en\\\/2025\\\/12\\\/14\\\/chanel-chooses-biarritz-for-its-2026-2027-cruise-fashion-show-and-celebrates-its-atlantic-roots\\\/#breadcrumb\"},\"inLanguage\":\"en-US\",\"potentialAction\":[{\"@type\":\"ReadAction\",\"target\":[\"https:\\\/\\\/www.parisselectbook.com\\\/en\\\/2025\\\/12\\\/14\\\/chanel-chooses-biarritz-for-its-2026-2027-cruise-fashion-show-and-celebrates-its-atlantic-roots\\\/\"]}]},{\"@type\":\"ImageObject\",\"inLanguage\":\"en-US\",\"@id\":\"https:\\\/\\\/www.parisselectbook.com\\\/en\\\/2025\\\/12\\\/14\\\/chanel-chooses-biarritz-for-its-2026-2027-cruise-fashion-show-and-celebrates-its-atlantic-roots\\\/#primaryimage\",\"url\":\"https:\\\/\\\/www.parisselectbook.com\\\/wp-content\\\/uploads\\\/2025\\\/12\\\/201086-image.jpg\",\"contentUrl\":\"https:\\\/\\\/www.parisselectbook.com\\\/wp-content\\\/uploads\\\/2025\\\/12\\\/201086-image.jpg\",\"width\":1200,\"height\":680,\"caption\":\"ParisSelectBook - Chanel choisit Biarritz pour son d\u00e9fil\u00e9 Croisi\u00e8re 2026-2027 et c\u00e9l\u00e8bre ses racines atlantiques\"},{\"@type\":\"BreadcrumbList\",\"@id\":\"https:\\\/\\\/www.parisselectbook.com\\\/en\\\/2025\\\/12\\\/14\\\/chanel-chooses-biarritz-for-its-2026-2027-cruise-fashion-show-and-celebrates-its-atlantic-roots\\\/#breadcrumb\",\"itemListElement\":[{\"@type\":\"ListItem\",\"position\":1,\"name\":\"Que faire \u00e0 Paris ?\",\"item\":\"https:\\\/\\\/www.parisselectbook.com\\\/en\\\/category\\\/que-faire-a-paris-en\\\/\"},{\"@type\":\"ListItem\",\"position\":2,\"name\":\"Chanel chooses Biarritz for its 2026-2027 Cruise fashion show and celebrates its Atlantic roots\"}]},{\"@type\":\"WebSite\",\"@id\":\"https:\\\/\\\/www.parisselectbook.com\\\/en\\\/#website\",\"url\":\"https:\\\/\\\/www.parisselectbook.com\\\/en\\\/\",\"name\":\"Paris Select Book\",\"description\":\"Le guide chic des Tendances Parisiennes\",\"publisher\":{\"@id\":\"https:\\\/\\\/www.parisselectbook.com\\\/en\\\/#organization\"},\"potentialAction\":[{\"@type\":\"SearchAction\",\"target\":{\"@type\":\"EntryPoint\",\"urlTemplate\":\"https:\\\/\\\/www.parisselectbook.com\\\/en\\\/?s={search_term_string}\"},\"query-input\":{\"@type\":\"PropertyValueSpecification\",\"valueRequired\":true,\"valueName\":\"search_term_string\"}}],\"inLanguage\":\"en-US\"},{\"@type\":\"Organization\",\"@id\":\"https:\\\/\\\/www.parisselectbook.com\\\/en\\\/#organization\",\"name\":\"Paris Select\",\"url\":\"https:\\\/\\\/www.parisselectbook.com\\\/en\\\/\",\"logo\":{\"@type\":\"ImageObject\",\"inLanguage\":\"en-US\",\"@id\":\"https:\\\/\\\/www.parisselectbook.com\\\/en\\\/#\\\/schema\\\/logo\\\/image\\\/\",\"url\":\"https:\\\/\\\/www.parisselectbook.com\\\/wp-content\\\/uploads\\\/2024\\\/06\\\/logo-IG-TKTK-LK.png\",\"contentUrl\":\"https:\\\/\\\/www.parisselectbook.com\\\/wp-content\\\/uploads\\\/2024\\\/06\\\/logo-IG-TKTK-LK.png\",\"width\":684,\"height\":665,\"caption\":\"Paris Select\"},\"image\":{\"@id\":\"https:\\\/\\\/www.parisselectbook.com\\\/en\\\/#\\\/schema\\\/logo\\\/image\\\/\"},\"sameAs\":[\"https:\\\/\\\/www.facebook.com\\\/parisselect\",\"https:\\\/\\\/www.instagram.com\\\/parisselect\\\/\",\"https:\\\/\\\/www.tiktok.com\\\/@parisselect\"]},{\"@type\":\"Person\",\"@id\":\"https:\\\/\\\/www.parisselectbook.com\\\/en\\\/#\\\/schema\\\/person\\\/3675d9a80d6cbefbfde597e393c036aa\",\"name\":\"zaccharie touboul\",\"sameAs\":[\"https:\\\/\\\/www.parisselectbook.com\\\/\"]}]}<\/script>\n<!-- \/ Yoast SEO plugin. -->","yoast_head_json":{"title":"Chanel chooses Biarritz for its 2026-2027 Cruise fashion show and celebrates its Atlantic roots","description":"Chanel chooses Biarritz for its Croisi\u00e8re 2026-2027 and reactivates Basque heritage with a show that will have a strong local impact","robots":{"index":"index","follow":"follow","max-snippet":"max-snippet:-1","max-image-preview":"max-image-preview:large","max-video-preview":"max-video-preview:-1"},"canonical":"https:\/\/www.parisselectbook.com\/en\/2025\/12\/14\/chanel-chooses-biarritz-for-its-2026-2027-cruise-fashion-show-and-celebrates-its-atlantic-roots\/","og_locale":"en_US","og_type":"article","og_title":"Chanel chooses Biarritz for its 2026-2027 Cruise fashion show and celebrates its Atlantic roots","og_description":"Chanel chooses Biarritz for its Croisi\u00e8re 2026-2027 and reactivates Basque heritage with a show that will have a strong local impact","og_url":"https:\/\/www.parisselectbook.com\/en\/2025\/12\/14\/chanel-chooses-biarritz-for-its-2026-2027-cruise-fashion-show-and-celebrates-its-atlantic-roots\/","og_site_name":"Paris Select","article_publisher":"https:\/\/www.facebook.com\/parisselect","article_published_time":"2025-12-14T11:07:45+00:00","og_image":[{"width":1200,"height":680,"url":"https:\/\/www.parisselectbook.com\/wp-content\/uploads\/2025\/12\/201086-image.jpg","type":"image\/jpeg"}],"author":"zaccharie touboul","twitter_card":"summary_large_image","twitter_misc":{"Written by":"zaccharie touboul","Est. reading time":"3 minutes"},"schema":{"@context":"https:\/\/schema.org","@graph":[{"@type":"Article","@id":"https:\/\/www.parisselectbook.com\/en\/2025\/12\/14\/chanel-chooses-biarritz-for-its-2026-2027-cruise-fashion-show-and-celebrates-its-atlantic-roots\/#article","isPartOf":{"@id":"https:\/\/www.parisselectbook.com\/en\/2025\/12\/14\/chanel-chooses-biarritz-for-its-2026-2027-cruise-fashion-show-and-celebrates-its-atlantic-roots\/"},"author":{"name":"zaccharie touboul","@id":"https:\/\/www.parisselectbook.com\/en\/#\/schema\/person\/3675d9a80d6cbefbfde597e393c036aa"},"headline":"Chanel chooses Biarritz for its 2026-2027 Cruise fashion show and celebrates its Atlantic roots","datePublished":"2025-12-14T11:07:45+00:00","mainEntityOfPage":{"@id":"https:\/\/www.parisselectbook.com\/en\/2025\/12\/14\/chanel-chooses-biarritz-for-its-2026-2027-cruise-fashion-show-and-celebrates-its-atlantic-roots\/"},"wordCount":599,"commentCount":0,"publisher":{"@id":"https:\/\/www.parisselectbook.com\/en\/#organization"},"image":{"@id":"https:\/\/www.parisselectbook.com\/en\/2025\/12\/14\/chanel-chooses-biarritz-for-its-2026-2027-cruise-fashion-show-and-celebrates-its-atlantic-roots\/#primaryimage"},"thumbnailUrl":"https:\/\/www.parisselectbook.com\/wp-content\/uploads\/2025\/12\/201086-image.jpg","keywords":["Chanel"],"articleSection":["News du Luxe"],"inLanguage":"en-US","potentialAction":[{"@type":"CommentAction","name":"Comment","target":["https:\/\/www.parisselectbook.com\/en\/2025\/12\/14\/chanel-chooses-biarritz-for-its-2026-2027-cruise-fashion-show-and-celebrates-its-atlantic-roots\/#respond"]}]},{"@type":"WebPage","@id":"https:\/\/www.parisselectbook.com\/en\/2025\/12\/14\/chanel-chooses-biarritz-for-its-2026-2027-cruise-fashion-show-and-celebrates-its-atlantic-roots\/","url":"https:\/\/www.parisselectbook.com\/en\/2025\/12\/14\/chanel-chooses-biarritz-for-its-2026-2027-cruise-fashion-show-and-celebrates-its-atlantic-roots\/","name":"Chanel chooses Biarritz for its 2026-2027 Cruise fashion show and celebrates its Atlantic roots","isPartOf":{"@id":"https:\/\/www.parisselectbook.com\/en\/#website"},"primaryImageOfPage":{"@id":"https:\/\/www.parisselectbook.com\/en\/2025\/12\/14\/chanel-chooses-biarritz-for-its-2026-2027-cruise-fashion-show-and-celebrates-its-atlantic-roots\/#primaryimage"},"image":{"@id":"https:\/\/www.parisselectbook.com\/en\/2025\/12\/14\/chanel-chooses-biarritz-for-its-2026-2027-cruise-fashion-show-and-celebrates-its-atlantic-roots\/#primaryimage"},"thumbnailUrl":"https:\/\/www.parisselectbook.com\/wp-content\/uploads\/2025\/12\/201086-image.jpg","datePublished":"2025-12-14T11:07:45+00:00","description":"Chanel chooses Biarritz for its Croisi\u00e8re 2026-2027 and reactivates Basque heritage with a show that will have a strong local impact","breadcrumb":{"@id":"https:\/\/www.parisselectbook.com\/en\/2025\/12\/14\/chanel-chooses-biarritz-for-its-2026-2027-cruise-fashion-show-and-celebrates-its-atlantic-roots\/#breadcrumb"},"inLanguage":"en-US","potentialAction":[{"@type":"ReadAction","target":["https:\/\/www.parisselectbook.com\/en\/2025\/12\/14\/chanel-chooses-biarritz-for-its-2026-2027-cruise-fashion-show-and-celebrates-its-atlantic-roots\/"]}]},{"@type":"ImageObject","inLanguage":"en-US","@id":"https:\/\/www.parisselectbook.com\/en\/2025\/12\/14\/chanel-chooses-biarritz-for-its-2026-2027-cruise-fashion-show-and-celebrates-its-atlantic-roots\/#primaryimage","url":"https:\/\/www.parisselectbook.com\/wp-content\/uploads\/2025\/12\/201086-image.jpg","contentUrl":"https:\/\/www.parisselectbook.com\/wp-content\/uploads\/2025\/12\/201086-image.jpg","width":1200,"height":680,"caption":"ParisSelectBook - Chanel choisit Biarritz pour son d\u00e9fil\u00e9 Croisi\u00e8re 2026-2027 et c\u00e9l\u00e8bre ses racines atlantiques"},{"@type":"BreadcrumbList","@id":"https:\/\/www.parisselectbook.com\/en\/2025\/12\/14\/chanel-chooses-biarritz-for-its-2026-2027-cruise-fashion-show-and-celebrates-its-atlantic-roots\/#breadcrumb","itemListElement":[{"@type":"ListItem","position":1,"name":"Que faire \u00e0 Paris ?","item":"https:\/\/www.parisselectbook.com\/en\/category\/que-faire-a-paris-en\/"},{"@type":"ListItem","position":2,"name":"Chanel chooses Biarritz for its 2026-2027 Cruise fashion show and celebrates its Atlantic roots"}]},{"@type":"WebSite","@id":"https:\/\/www.parisselectbook.com\/en\/#website","url":"https:\/\/www.parisselectbook.com\/en\/","name":"Paris Select Book","description":"Le guide chic des Tendances Parisiennes","publisher":{"@id":"https:\/\/www.parisselectbook.com\/en\/#organization"},"potentialAction":[{"@type":"SearchAction","target":{"@type":"EntryPoint","urlTemplate":"https:\/\/www.parisselectbook.com\/en\/?s={search_term_string}"},"query-input":{"@type":"PropertyValueSpecification","valueRequired":true,"valueName":"search_term_string"}}],"inLanguage":"en-US"},{"@type":"Organization","@id":"https:\/\/www.parisselectbook.com\/en\/#organization","name":"Paris Select","url":"https:\/\/www.parisselectbook.com\/en\/","logo":{"@type":"ImageObject","inLanguage":"en-US","@id":"https:\/\/www.parisselectbook.com\/en\/#\/schema\/logo\/image\/","url":"https:\/\/www.parisselectbook.com\/wp-content\/uploads\/2024\/06\/logo-IG-TKTK-LK.png","contentUrl":"https:\/\/www.parisselectbook.com\/wp-content\/uploads\/2024\/06\/logo-IG-TKTK-LK.png","width":684,"height":665,"caption":"Paris Select"},"image":{"@id":"https:\/\/www.parisselectbook.com\/en\/#\/schema\/logo\/image\/"},"sameAs":["https:\/\/www.facebook.com\/parisselect","https:\/\/www.instagram.com\/parisselect\/","https:\/\/www.tiktok.com\/@parisselect"]},{"@type":"Person","@id":"https:\/\/www.parisselectbook.com\/en\/#\/schema\/person\/3675d9a80d6cbefbfde597e393c036aa","name":"zaccharie touboul","sameAs":["https:\/\/www.parisselectbook.com\/"]}]}},"_links":{"self":[{"href":"https:\/\/www.parisselectbook.com\/en\/wp-json\/wp\/v2\/posts\/201122","targetHints":{"allow":["GET"]}}],"collection":[{"href":"https:\/\/www.parisselectbook.com\/en\/wp-json\/wp\/v2\/posts"}],"about":[{"href":"https:\/\/www.parisselectbook.com\/en\/wp-json\/wp\/v2\/types\/post"}],"author":[{"embeddable":true,"href":"https:\/\/www.parisselectbook.com\/en\/wp-json\/wp\/v2\/users\/13"}],"replies":[{"embeddable":true,"href":"https:\/\/www.parisselectbook.com\/en\/wp-json\/wp\/v2\/comments?post=201122"}],"version-history":[{"count":0,"href":"https:\/\/www.parisselectbook.com\/en\/wp-json\/wp\/v2\/posts\/201122\/revisions"}],"wp:featuredmedia":[{"embeddable":true,"href":"https:\/\/www.parisselectbook.com\/en\/wp-json\/wp\/v2\/media\/201088"}],"wp:attachment":[{"href":"https:\/\/www.parisselectbook.com\/en\/wp-json\/wp\/v2\/media?parent=201122"}],"wp:term":[{"taxonomy":"category","embeddable":true,"href":"https:\/\/www.parisselectbook.com\/en\/wp-json\/wp\/v2\/categories?post=201122"},{"taxonomy":"post_tag","embeddable":true,"href":"https:\/\/www.parisselectbook.com\/en\/wp-json\/wp\/v2\/tags?post=201122"},{"taxonomy":"quartier","embeddable":true,"href":"https:\/\/www.parisselectbook.com\/en\/wp-json\/wp\/v2\/quartier?post=201122"}],"curies":[{"name":"wp","href":"https:\/\/api.w.org\/{rel}","templated":true}]}}