{"id":201499,"date":"2025-12-16T10:35:36","date_gmt":"2025-12-16T09:35:36","guid":{"rendered":"https:\/\/www.parisselectbook.com\/2025\/12\/16\/johnny-hallyday-what-has-become-of-la-lorada-his-ramatuelle-villa-dedicated-to-david-and-laura\/"},"modified":"2025-12-16T10:35:36","modified_gmt":"2025-12-16T09:35:36","slug":"johnny-hallyday-what-has-become-of-la-lorada-his-ramatuelle-villa-dedicated-to-david-and-laura","status":"publish","type":"post","link":"https:\/\/www.parisselectbook.com\/en\/2025\/12\/16\/johnny-hallyday-what-has-become-of-la-lorada-his-ramatuelle-villa-dedicated-to-david-and-laura\/","title":{"rendered":"Johnny Hallyday: what has become of La Lorada, his Ramatuelle villa dedicated to David and Laura?"},"content":{"rendered":"<p>Johnny Hallyday left behind a mythical C\u00f4te d&#8217;Azur address that still fascinates: La Lorada, in Ramatuelle. Named in tribute to David and Laura, this house recounts a key phase in Johnny&#8217;s personal and artistic life. We look at what has become of this residence, and the concrete trace it keeps of the rocker for fans, as well as other emblematic party venues such as the <a href=\"https:\/\/www.parisselectbook.com\/en\/2025\/12\/15\/the-perfect-new-years-eve-at-the-sofitel-paris-baltimore-tour-eiffel\/\">Sofitel Paris Baltimore Tour Eiffel<\/a>.  <\/p>\n<h2>La Lorada, a villa steeped in memory<\/h2>\n<p>Built in the early <strong>1990s<\/strong>, the property bears the contraction of his children&#8217;s first names and a strong family attachment. For Johnny Hallyday, it was a refuge, but also a place to work and breathe. <\/p>\n<p>Located near <strong>Ramatuelle<\/strong> and the beaches of Pampelonne, in the Gulf of Saint-Tropez, it combines calm, light and vegetation, like some of the <a href=\"https:\/\/www.parisselectbook.com\/en\/2025\/12\/15\/art-and-museum-destinations-2026-the-top-cities-to-visit-for-culture-lovers\/\">art and museum destinations<\/a> popular with culture lovers. What&#8217;s more, the address remains linked to the C\u00f4te d&#8217;Azur summers that punctuated his busy career. <\/p>\n<p>We&#8217;ve seen relatives, musicians and technicians come and go around sessions and rehearsals. The singer stays here before hitting the road again, as the stage guides his tempo almost every season. Yet the house is not a sanctuary, despite the aura of the place.  <\/p>\n<p>Johnny Hallyday parted company with it a few years later, after the <strong>mid-1990s<\/strong>, according to the press of the time and eyewitness accounts, much like those confidential New Year&#8217;s Eve addresses in Paris such as <a href=\"https:\/\/www.parisselectbook.com\/en\/2025\/12\/15\/behind-our-nugget-address-for-a-new-years-eve-get-together-in-the-marais-just-like-at-a-friends\/\">Derri\u00e8re in the Marais<\/a>.<\/p>\n<h3>What&#8217;s become of the house today?<\/h3>\n<p>Today, La Lorada is privately owned, with the emphasis on discretion and preservation. As a result, the site remains closed to the public and protected by a wooded environment, out of sight. <\/p>\n<p>The name Johnny Hallyday still floats around, but daily life has quietly returned to normal. On the other hand, visits are not organized, and the serenity of the neighborhood remains a priority, as in these peaceful villages with their famous <a href=\"https:\/\/www.parisselectbook.com\/en\/2025\/12\/15\/this-small-village-near-paris-offers-the-most-beautiful-christmas-lights-in-2024\/\">Christmas lights<\/a>.<br \/>\n&#8220;<\/p>\n<blockquote><p>La Lorada is not a museum; it&#8217;s a living memory that continues on its way.<\/p><\/blockquote>\n<p>Designed with Roland Morisse, the house has the look and feel of a Mexican-inspired hacienda, with generous volumes. It has a surface area of around <strong>1,000 m\u00b2<\/strong>, with a swimming pool of around <strong>500 m\u00b3<\/strong>. <\/p>\n<h2>History and music<\/h2>\n<p>In <strong>1995<\/strong>, the house inspired a record bearing his name, a direct reference to the creative period. Johnny Hallyday found a sobering energy in it, then went back to recording and touring with his band. <\/p>\n<p>As a result, the link between home and creation becomes tangible and lasting. The villa is also part of the intimate cartography of albums and long-term tours. <\/p>\n<ul>\n<li>The name was formed as a tribute to Laura and David, the singer&#8217;s children.<\/li>\n<li>Located in Ramatuelle, near the beaches of Pampelonne, in the Var department.<\/li>\n<li>Mexican-style hacienda, approx. <strong>1,000 m\u00b2<\/strong>.<\/li>\n<li>Swimming pool estimated at around <strong>500 m\u00b3<\/strong>, designed for relaxation and swimming.<\/li>\n<li><strong>Lorada<\/strong> album released in <strong>1995<\/strong>, linked to this period of his life.<\/li>\n<\/ul>\n<p>According to media archives, the property was sold a few years after this musical and family interlude. As a result, the artist moved on to other ports of call, between Paris, Marnes-la-Coquette and Los Angeles, depending on his projects. <\/p>\n<p>Johnny Hallyday&#8217;s legacy is still very much alive in Ramatuelle, despite the area&#8217;s evolution. What&#8217;s more, the address is still cited when we recall his C\u00f4te d&#8217;Azur career and his summers of work, much as we associate certain towns with their major <a href=\"https:\/\/www.parisselectbook.com\/en\/2025\/12\/14\/free-exhibitions-in-paris-this-winter-20-not-to-be-missed-cultural-outings-in-the-ile-de-france-region\/\">free exhibitions<\/a> and cultural events. <\/p>\n<p>The choice of name says it all: it&#8217;s formed from Laura and David, like an intimate red thread. The christening expresses an attachment to the family, but also to the South, and to the inspiring sea nearby. In this way, the memory of the place is anchored in simple signs, easy to share between generations.  <\/p>\n<p>Johnny Hallyday gave this address an emotional color that endures to this day.<\/p>\n<h3>Value, maintenance and legal framework<\/h3>\n<p>In terms of real estate, the value is measured in millions of euros, with no recent official published estimate. What&#8217;s more, the upkeep of such an estate requires resources and qualified local teams. The house associated with Johnny Hallyday therefore benefits from a rare and enduring symbolic capital. On the other hand, privacy takes precedence over public curiosity, all year round.   <\/p>\n<p>In <strong>1995<\/strong>, the album <strong>Lorada<\/strong> marked a period of artistic and personal transition. Brought to the stage the following year, it continued the creative momentum born near Saint-Tropez, and accompanied Johnny Hallyday through a pivotal chapter. <\/p>\n<h2>A local and sentimental imprint<\/h2>\n<p>In the village, the address evokes summers, motorcycles and sunsets over the pine forest. Shopkeepers recall fleeting, but never intrusive, visits during the quieter seasons. <\/p>\n<p>The figure of Johnny Hallyday remains present in memories, but without fuss or heavy folklore. As a result, La Lorada lives on in stories as much as in maps and old plans. <\/p>\n<p>Ramatuelle lives from its coastline, its vineyards and a selective tourism that varies according to the season. A private property of this standing also has a measured and restrained impact on the area&#8217;s image. Johnny Hallyday represents a cultural landmark, rather than a direct and immediate economic lever.  <\/p>\n<p>On the other hand, the surrounding area is not suitable for pilgrimages, out of respect for the occupants and neighbors.<\/p>\n<p>Beyond the gates, we see a history of work, family and winding roads. In this way, La Lorada extends a part of the legend, without saying so, in a relatively gentle way. <\/p>\n<p>For many, it&#8217;s a reminder of how Johnny Hallyday linked his everyday life to the stage, with a simple, faithful rigor. In short, the house remains, and the memory lives on, anchored by the Mediterranean. <\/p>\n","protected":false},"excerpt":{"rendered":"<p>Johnny Hallyday left behind a mythical C\u00f4te d&#8217;Azur address that still fascinates: La Lorada, in Ramatuelle. Named in tribute to David and Laura, this house&#8230;<\/p>\n","protected":false},"author":13,"featured_media":201433,"comment_status":"open","ping_status":"closed","sticky":false,"template":"","format":"standard","meta":{"_acf_changed":false,"footnotes":""},"categories":[2685],"tags":[4774],"quartier":[],"class_list":["post-201499","post","type-post","status-publish","format-standard","has-post-thumbnail","hentry","category-news-du-luxe-en","tag-johnny-hallyday"],"acf":[],"yoast_head":"<!-- This site is optimized with the Yoast SEO plugin v27.5 - https:\/\/yoast.com\/product\/yoast-seo-wordpress\/ -->\n<title>Johnny Hallyday: what has become of La Lorada, his Ramatuelle villa dedicated to David and Laura?<\/title>\n<meta name=\"description\" content=\"Johnny Hallyday and La Lorada in Ramatuelle - find out what has become of this legendary villa dedicated to David and Laura\" \/>\n<meta name=\"robots\" content=\"index, follow, max-snippet:-1, max-image-preview:large, max-video-preview:-1\" \/>\n<link rel=\"canonical\" href=\"https:\/\/www.parisselectbook.com\/en\/2025\/12\/16\/johnny-hallyday-what-has-become-of-la-lorada-his-ramatuelle-villa-dedicated-to-david-and-laura\/\" \/>\n<meta property=\"og:locale\" content=\"en_US\" \/>\n<meta property=\"og:type\" content=\"article\" \/>\n<meta property=\"og:title\" content=\"Johnny Hallyday: what has become of La Lorada, his Ramatuelle villa dedicated to David and Laura?\" \/>\n<meta property=\"og:description\" content=\"Johnny Hallyday and La Lorada in Ramatuelle - find out what has become of this legendary villa dedicated to David and Laura\" \/>\n<meta property=\"og:url\" content=\"https:\/\/www.parisselectbook.com\/en\/2025\/12\/16\/johnny-hallyday-what-has-become-of-la-lorada-his-ramatuelle-villa-dedicated-to-david-and-laura\/\" \/>\n<meta property=\"og:site_name\" content=\"Paris Select\" \/>\n<meta property=\"article:publisher\" content=\"https:\/\/www.facebook.com\/parisselect\" \/>\n<meta property=\"article:published_time\" content=\"2025-12-16T09:35:36+00:00\" \/>\n<meta property=\"og:image\" content=\"https:\/\/www.parisselectbook.com\/wp-content\/uploads\/2025\/12\/Johnny-Hallyday-ce-que-devient-La-Lorada-sa-villa-de-Ramatuelle-dediee-a-David-et-Laura.jpg\" \/>\n\t<meta property=\"og:image:width\" content=\"1200\" \/>\n\t<meta property=\"og:image:height\" content=\"675\" \/>\n\t<meta property=\"og:image:type\" content=\"image\/jpeg\" \/>\n<meta name=\"author\" content=\"zaccharie touboul\" \/>\n<meta name=\"twitter:card\" content=\"summary_large_image\" \/>\n<meta name=\"twitter:label1\" content=\"Written by\" \/>\n\t<meta name=\"twitter:data1\" content=\"zaccharie touboul\" \/>\n\t<meta name=\"twitter:label2\" content=\"Est. reading time\" \/>\n\t<meta name=\"twitter:data2\" content=\"5 minutes\" \/>\n<script type=\"application\/ld+json\" class=\"yoast-schema-graph\">{\"@context\":\"https:\\\/\\\/schema.org\",\"@graph\":[{\"@type\":\"Article\",\"@id\":\"https:\\\/\\\/www.parisselectbook.com\\\/en\\\/2025\\\/12\\\/16\\\/johnny-hallyday-what-has-become-of-la-lorada-his-ramatuelle-villa-dedicated-to-david-and-laura\\\/#article\",\"isPartOf\":{\"@id\":\"https:\\\/\\\/www.parisselectbook.com\\\/en\\\/2025\\\/12\\\/16\\\/johnny-hallyday-what-has-become-of-la-lorada-his-ramatuelle-villa-dedicated-to-david-and-laura\\\/\"},\"author\":{\"name\":\"zaccharie touboul\",\"@id\":\"https:\\\/\\\/www.parisselectbook.com\\\/en\\\/#\\\/schema\\\/person\\\/3675d9a80d6cbefbfde597e393c036aa\"},\"headline\":\"Johnny Hallyday: what has become of La Lorada, his Ramatuelle villa dedicated to David and Laura?\",\"datePublished\":\"2025-12-16T09:35:36+00:00\",\"mainEntityOfPage\":{\"@id\":\"https:\\\/\\\/www.parisselectbook.com\\\/en\\\/2025\\\/12\\\/16\\\/johnny-hallyday-what-has-become-of-la-lorada-his-ramatuelle-villa-dedicated-to-david-and-laura\\\/\"},\"wordCount\":977,\"commentCount\":0,\"publisher\":{\"@id\":\"https:\\\/\\\/www.parisselectbook.com\\\/en\\\/#organization\"},\"image\":{\"@id\":\"https:\\\/\\\/www.parisselectbook.com\\\/en\\\/2025\\\/12\\\/16\\\/johnny-hallyday-what-has-become-of-la-lorada-his-ramatuelle-villa-dedicated-to-david-and-laura\\\/#primaryimage\"},\"thumbnailUrl\":\"https:\\\/\\\/www.parisselectbook.com\\\/wp-content\\\/uploads\\\/2025\\\/12\\\/Johnny-Hallyday-ce-que-devient-La-Lorada-sa-villa-de-Ramatuelle-dediee-a-David-et-Laura.jpg\",\"keywords\":[\"Johnny Hallyday\"],\"articleSection\":[\"News du Luxe\"],\"inLanguage\":\"en-US\",\"potentialAction\":[{\"@type\":\"CommentAction\",\"name\":\"Comment\",\"target\":[\"https:\\\/\\\/www.parisselectbook.com\\\/en\\\/2025\\\/12\\\/16\\\/johnny-hallyday-what-has-become-of-la-lorada-his-ramatuelle-villa-dedicated-to-david-and-laura\\\/#respond\"]}]},{\"@type\":\"WebPage\",\"@id\":\"https:\\\/\\\/www.parisselectbook.com\\\/en\\\/2025\\\/12\\\/16\\\/johnny-hallyday-what-has-become-of-la-lorada-his-ramatuelle-villa-dedicated-to-david-and-laura\\\/\",\"url\":\"https:\\\/\\\/www.parisselectbook.com\\\/en\\\/2025\\\/12\\\/16\\\/johnny-hallyday-what-has-become-of-la-lorada-his-ramatuelle-villa-dedicated-to-david-and-laura\\\/\",\"name\":\"Johnny Hallyday: what has become of La Lorada, his Ramatuelle villa dedicated to David and Laura?\",\"isPartOf\":{\"@id\":\"https:\\\/\\\/www.parisselectbook.com\\\/en\\\/#website\"},\"primaryImageOfPage\":{\"@id\":\"https:\\\/\\\/www.parisselectbook.com\\\/en\\\/2025\\\/12\\\/16\\\/johnny-hallyday-what-has-become-of-la-lorada-his-ramatuelle-villa-dedicated-to-david-and-laura\\\/#primaryimage\"},\"image\":{\"@id\":\"https:\\\/\\\/www.parisselectbook.com\\\/en\\\/2025\\\/12\\\/16\\\/johnny-hallyday-what-has-become-of-la-lorada-his-ramatuelle-villa-dedicated-to-david-and-laura\\\/#primaryimage\"},\"thumbnailUrl\":\"https:\\\/\\\/www.parisselectbook.com\\\/wp-content\\\/uploads\\\/2025\\\/12\\\/Johnny-Hallyday-ce-que-devient-La-Lorada-sa-villa-de-Ramatuelle-dediee-a-David-et-Laura.jpg\",\"datePublished\":\"2025-12-16T09:35:36+00:00\",\"description\":\"Johnny Hallyday and La Lorada in Ramatuelle - find out what has become of this legendary villa dedicated to David and Laura\",\"breadcrumb\":{\"@id\":\"https:\\\/\\\/www.parisselectbook.com\\\/en\\\/2025\\\/12\\\/16\\\/johnny-hallyday-what-has-become-of-la-lorada-his-ramatuelle-villa-dedicated-to-david-and-laura\\\/#breadcrumb\"},\"inLanguage\":\"en-US\",\"potentialAction\":[{\"@type\":\"ReadAction\",\"target\":[\"https:\\\/\\\/www.parisselectbook.com\\\/en\\\/2025\\\/12\\\/16\\\/johnny-hallyday-what-has-become-of-la-lorada-his-ramatuelle-villa-dedicated-to-david-and-laura\\\/\"]}]},{\"@type\":\"ImageObject\",\"inLanguage\":\"en-US\",\"@id\":\"https:\\\/\\\/www.parisselectbook.com\\\/en\\\/2025\\\/12\\\/16\\\/johnny-hallyday-what-has-become-of-la-lorada-his-ramatuelle-villa-dedicated-to-david-and-laura\\\/#primaryimage\",\"url\":\"https:\\\/\\\/www.parisselectbook.com\\\/wp-content\\\/uploads\\\/2025\\\/12\\\/Johnny-Hallyday-ce-que-devient-La-Lorada-sa-villa-de-Ramatuelle-dediee-a-David-et-Laura.jpg\",\"contentUrl\":\"https:\\\/\\\/www.parisselectbook.com\\\/wp-content\\\/uploads\\\/2025\\\/12\\\/Johnny-Hallyday-ce-que-devient-La-Lorada-sa-villa-de-Ramatuelle-dediee-a-David-et-Laura.jpg\",\"width\":1200,\"height\":675,\"caption\":\"Johnny Hallyday : ce que devient La Lorada, sa villa de Ramatuelle d\u00e9di\u00e9e \u00e0 David et Laura\"},{\"@type\":\"BreadcrumbList\",\"@id\":\"https:\\\/\\\/www.parisselectbook.com\\\/en\\\/2025\\\/12\\\/16\\\/johnny-hallyday-what-has-become-of-la-lorada-his-ramatuelle-villa-dedicated-to-david-and-laura\\\/#breadcrumb\",\"itemListElement\":[{\"@type\":\"ListItem\",\"position\":1,\"name\":\"Que faire \u00e0 Paris ?\",\"item\":\"https:\\\/\\\/www.parisselectbook.com\\\/en\\\/category\\\/que-faire-a-paris-en\\\/\"},{\"@type\":\"ListItem\",\"position\":2,\"name\":\"Johnny Hallyday: what has become of La Lorada, his Ramatuelle villa dedicated to David and Laura?\"}]},{\"@type\":\"WebSite\",\"@id\":\"https:\\\/\\\/www.parisselectbook.com\\\/en\\\/#website\",\"url\":\"https:\\\/\\\/www.parisselectbook.com\\\/en\\\/\",\"name\":\"Paris Select Book\",\"description\":\"Le guide chic des Tendances Parisiennes\",\"publisher\":{\"@id\":\"https:\\\/\\\/www.parisselectbook.com\\\/en\\\/#organization\"},\"potentialAction\":[{\"@type\":\"SearchAction\",\"target\":{\"@type\":\"EntryPoint\",\"urlTemplate\":\"https:\\\/\\\/www.parisselectbook.com\\\/en\\\/?s={search_term_string}\"},\"query-input\":{\"@type\":\"PropertyValueSpecification\",\"valueRequired\":true,\"valueName\":\"search_term_string\"}}],\"inLanguage\":\"en-US\"},{\"@type\":\"Organization\",\"@id\":\"https:\\\/\\\/www.parisselectbook.com\\\/en\\\/#organization\",\"name\":\"Paris Select\",\"url\":\"https:\\\/\\\/www.parisselectbook.com\\\/en\\\/\",\"logo\":{\"@type\":\"ImageObject\",\"inLanguage\":\"en-US\",\"@id\":\"https:\\\/\\\/www.parisselectbook.com\\\/en\\\/#\\\/schema\\\/logo\\\/image\\\/\",\"url\":\"https:\\\/\\\/www.parisselectbook.com\\\/wp-content\\\/uploads\\\/2024\\\/06\\\/logo-IG-TKTK-LK.png\",\"contentUrl\":\"https:\\\/\\\/www.parisselectbook.com\\\/wp-content\\\/uploads\\\/2024\\\/06\\\/logo-IG-TKTK-LK.png\",\"width\":684,\"height\":665,\"caption\":\"Paris Select\"},\"image\":{\"@id\":\"https:\\\/\\\/www.parisselectbook.com\\\/en\\\/#\\\/schema\\\/logo\\\/image\\\/\"},\"sameAs\":[\"https:\\\/\\\/www.facebook.com\\\/parisselect\",\"https:\\\/\\\/www.instagram.com\\\/parisselect\\\/\",\"https:\\\/\\\/www.tiktok.com\\\/@parisselect\"]},{\"@type\":\"Person\",\"@id\":\"https:\\\/\\\/www.parisselectbook.com\\\/en\\\/#\\\/schema\\\/person\\\/3675d9a80d6cbefbfde597e393c036aa\",\"name\":\"zaccharie touboul\",\"sameAs\":[\"https:\\\/\\\/www.parisselectbook.com\\\/\"]}]}<\/script>\n<!-- \/ Yoast SEO plugin. -->","yoast_head_json":{"title":"Johnny Hallyday: what has become of La Lorada, his Ramatuelle villa dedicated to David and Laura?","description":"Johnny Hallyday and La Lorada in Ramatuelle - find out what has become of this legendary villa dedicated to David and Laura","robots":{"index":"index","follow":"follow","max-snippet":"max-snippet:-1","max-image-preview":"max-image-preview:large","max-video-preview":"max-video-preview:-1"},"canonical":"https:\/\/www.parisselectbook.com\/en\/2025\/12\/16\/johnny-hallyday-what-has-become-of-la-lorada-his-ramatuelle-villa-dedicated-to-david-and-laura\/","og_locale":"en_US","og_type":"article","og_title":"Johnny Hallyday: what has become of La Lorada, his Ramatuelle villa dedicated to David and Laura?","og_description":"Johnny Hallyday and La Lorada in Ramatuelle - find out what has become of this legendary villa dedicated to David and Laura","og_url":"https:\/\/www.parisselectbook.com\/en\/2025\/12\/16\/johnny-hallyday-what-has-become-of-la-lorada-his-ramatuelle-villa-dedicated-to-david-and-laura\/","og_site_name":"Paris Select","article_publisher":"https:\/\/www.facebook.com\/parisselect","article_published_time":"2025-12-16T09:35:36+00:00","og_image":[{"width":1200,"height":675,"url":"https:\/\/www.parisselectbook.com\/wp-content\/uploads\/2025\/12\/Johnny-Hallyday-ce-que-devient-La-Lorada-sa-villa-de-Ramatuelle-dediee-a-David-et-Laura.jpg","type":"image\/jpeg"}],"author":"zaccharie touboul","twitter_card":"summary_large_image","twitter_misc":{"Written by":"zaccharie touboul","Est. reading time":"5 minutes"},"schema":{"@context":"https:\/\/schema.org","@graph":[{"@type":"Article","@id":"https:\/\/www.parisselectbook.com\/en\/2025\/12\/16\/johnny-hallyday-what-has-become-of-la-lorada-his-ramatuelle-villa-dedicated-to-david-and-laura\/#article","isPartOf":{"@id":"https:\/\/www.parisselectbook.com\/en\/2025\/12\/16\/johnny-hallyday-what-has-become-of-la-lorada-his-ramatuelle-villa-dedicated-to-david-and-laura\/"},"author":{"name":"zaccharie touboul","@id":"https:\/\/www.parisselectbook.com\/en\/#\/schema\/person\/3675d9a80d6cbefbfde597e393c036aa"},"headline":"Johnny Hallyday: what has become of La Lorada, his Ramatuelle villa dedicated to David and Laura?","datePublished":"2025-12-16T09:35:36+00:00","mainEntityOfPage":{"@id":"https:\/\/www.parisselectbook.com\/en\/2025\/12\/16\/johnny-hallyday-what-has-become-of-la-lorada-his-ramatuelle-villa-dedicated-to-david-and-laura\/"},"wordCount":977,"commentCount":0,"publisher":{"@id":"https:\/\/www.parisselectbook.com\/en\/#organization"},"image":{"@id":"https:\/\/www.parisselectbook.com\/en\/2025\/12\/16\/johnny-hallyday-what-has-become-of-la-lorada-his-ramatuelle-villa-dedicated-to-david-and-laura\/#primaryimage"},"thumbnailUrl":"https:\/\/www.parisselectbook.com\/wp-content\/uploads\/2025\/12\/Johnny-Hallyday-ce-que-devient-La-Lorada-sa-villa-de-Ramatuelle-dediee-a-David-et-Laura.jpg","keywords":["Johnny Hallyday"],"articleSection":["News du Luxe"],"inLanguage":"en-US","potentialAction":[{"@type":"CommentAction","name":"Comment","target":["https:\/\/www.parisselectbook.com\/en\/2025\/12\/16\/johnny-hallyday-what-has-become-of-la-lorada-his-ramatuelle-villa-dedicated-to-david-and-laura\/#respond"]}]},{"@type":"WebPage","@id":"https:\/\/www.parisselectbook.com\/en\/2025\/12\/16\/johnny-hallyday-what-has-become-of-la-lorada-his-ramatuelle-villa-dedicated-to-david-and-laura\/","url":"https:\/\/www.parisselectbook.com\/en\/2025\/12\/16\/johnny-hallyday-what-has-become-of-la-lorada-his-ramatuelle-villa-dedicated-to-david-and-laura\/","name":"Johnny Hallyday: what has become of La Lorada, his Ramatuelle villa dedicated to David and Laura?","isPartOf":{"@id":"https:\/\/www.parisselectbook.com\/en\/#website"},"primaryImageOfPage":{"@id":"https:\/\/www.parisselectbook.com\/en\/2025\/12\/16\/johnny-hallyday-what-has-become-of-la-lorada-his-ramatuelle-villa-dedicated-to-david-and-laura\/#primaryimage"},"image":{"@id":"https:\/\/www.parisselectbook.com\/en\/2025\/12\/16\/johnny-hallyday-what-has-become-of-la-lorada-his-ramatuelle-villa-dedicated-to-david-and-laura\/#primaryimage"},"thumbnailUrl":"https:\/\/www.parisselectbook.com\/wp-content\/uploads\/2025\/12\/Johnny-Hallyday-ce-que-devient-La-Lorada-sa-villa-de-Ramatuelle-dediee-a-David-et-Laura.jpg","datePublished":"2025-12-16T09:35:36+00:00","description":"Johnny Hallyday and La Lorada in Ramatuelle - find out what has become of this legendary villa dedicated to David and Laura","breadcrumb":{"@id":"https:\/\/www.parisselectbook.com\/en\/2025\/12\/16\/johnny-hallyday-what-has-become-of-la-lorada-his-ramatuelle-villa-dedicated-to-david-and-laura\/#breadcrumb"},"inLanguage":"en-US","potentialAction":[{"@type":"ReadAction","target":["https:\/\/www.parisselectbook.com\/en\/2025\/12\/16\/johnny-hallyday-what-has-become-of-la-lorada-his-ramatuelle-villa-dedicated-to-david-and-laura\/"]}]},{"@type":"ImageObject","inLanguage":"en-US","@id":"https:\/\/www.parisselectbook.com\/en\/2025\/12\/16\/johnny-hallyday-what-has-become-of-la-lorada-his-ramatuelle-villa-dedicated-to-david-and-laura\/#primaryimage","url":"https:\/\/www.parisselectbook.com\/wp-content\/uploads\/2025\/12\/Johnny-Hallyday-ce-que-devient-La-Lorada-sa-villa-de-Ramatuelle-dediee-a-David-et-Laura.jpg","contentUrl":"https:\/\/www.parisselectbook.com\/wp-content\/uploads\/2025\/12\/Johnny-Hallyday-ce-que-devient-La-Lorada-sa-villa-de-Ramatuelle-dediee-a-David-et-Laura.jpg","width":1200,"height":675,"caption":"Johnny Hallyday : ce que devient La Lorada, sa villa de Ramatuelle d\u00e9di\u00e9e \u00e0 David et Laura"},{"@type":"BreadcrumbList","@id":"https:\/\/www.parisselectbook.com\/en\/2025\/12\/16\/johnny-hallyday-what-has-become-of-la-lorada-his-ramatuelle-villa-dedicated-to-david-and-laura\/#breadcrumb","itemListElement":[{"@type":"ListItem","position":1,"name":"Que faire \u00e0 Paris ?","item":"https:\/\/www.parisselectbook.com\/en\/category\/que-faire-a-paris-en\/"},{"@type":"ListItem","position":2,"name":"Johnny Hallyday: what has become of La Lorada, his Ramatuelle villa dedicated to David and Laura?"}]},{"@type":"WebSite","@id":"https:\/\/www.parisselectbook.com\/en\/#website","url":"https:\/\/www.parisselectbook.com\/en\/","name":"Paris Select Book","description":"Le guide chic des Tendances Parisiennes","publisher":{"@id":"https:\/\/www.parisselectbook.com\/en\/#organization"},"potentialAction":[{"@type":"SearchAction","target":{"@type":"EntryPoint","urlTemplate":"https:\/\/www.parisselectbook.com\/en\/?s={search_term_string}"},"query-input":{"@type":"PropertyValueSpecification","valueRequired":true,"valueName":"search_term_string"}}],"inLanguage":"en-US"},{"@type":"Organization","@id":"https:\/\/www.parisselectbook.com\/en\/#organization","name":"Paris Select","url":"https:\/\/www.parisselectbook.com\/en\/","logo":{"@type":"ImageObject","inLanguage":"en-US","@id":"https:\/\/www.parisselectbook.com\/en\/#\/schema\/logo\/image\/","url":"https:\/\/www.parisselectbook.com\/wp-content\/uploads\/2024\/06\/logo-IG-TKTK-LK.png","contentUrl":"https:\/\/www.parisselectbook.com\/wp-content\/uploads\/2024\/06\/logo-IG-TKTK-LK.png","width":684,"height":665,"caption":"Paris Select"},"image":{"@id":"https:\/\/www.parisselectbook.com\/en\/#\/schema\/logo\/image\/"},"sameAs":["https:\/\/www.facebook.com\/parisselect","https:\/\/www.instagram.com\/parisselect\/","https:\/\/www.tiktok.com\/@parisselect"]},{"@type":"Person","@id":"https:\/\/www.parisselectbook.com\/en\/#\/schema\/person\/3675d9a80d6cbefbfde597e393c036aa","name":"zaccharie touboul","sameAs":["https:\/\/www.parisselectbook.com\/"]}]}},"_links":{"self":[{"href":"https:\/\/www.parisselectbook.com\/en\/wp-json\/wp\/v2\/posts\/201499","targetHints":{"allow":["GET"]}}],"collection":[{"href":"https:\/\/www.parisselectbook.com\/en\/wp-json\/wp\/v2\/posts"}],"about":[{"href":"https:\/\/www.parisselectbook.com\/en\/wp-json\/wp\/v2\/types\/post"}],"author":[{"embeddable":true,"href":"https:\/\/www.parisselectbook.com\/en\/wp-json\/wp\/v2\/users\/13"}],"replies":[{"embeddable":true,"href":"https:\/\/www.parisselectbook.com\/en\/wp-json\/wp\/v2\/comments?post=201499"}],"version-history":[{"count":0,"href":"https:\/\/www.parisselectbook.com\/en\/wp-json\/wp\/v2\/posts\/201499\/revisions"}],"wp:featuredmedia":[{"embeddable":true,"href":"https:\/\/www.parisselectbook.com\/en\/wp-json\/wp\/v2\/media\/201433"}],"wp:attachment":[{"href":"https:\/\/www.parisselectbook.com\/en\/wp-json\/wp\/v2\/media?parent=201499"}],"wp:term":[{"taxonomy":"category","embeddable":true,"href":"https:\/\/www.parisselectbook.com\/en\/wp-json\/wp\/v2\/categories?post=201499"},{"taxonomy":"post_tag","embeddable":true,"href":"https:\/\/www.parisselectbook.com\/en\/wp-json\/wp\/v2\/tags?post=201499"},{"taxonomy":"quartier","embeddable":true,"href":"https:\/\/www.parisselectbook.com\/en\/wp-json\/wp\/v2\/quartier?post=201499"}],"curies":[{"name":"wp","href":"https:\/\/api.w.org\/{rel}","templated":true}]}}