{"id":207362,"date":"2026-01-25T12:02:00","date_gmt":"2026-01-25T11:02:00","guid":{"rendered":"https:\/\/www.parisselectbook.com\/2026\/01\/25\/uniqlo-brightens-up-january-with-spring-summer-2026-collection\/"},"modified":"2026-01-25T12:02:00","modified_gmt":"2026-01-25T11:02:00","slug":"uniqlo-brightens-up-january-with-spring-summer-2026-collection","status":"publish","type":"post","link":"https:\/\/www.parisselectbook.com\/en\/2026\/01\/25\/uniqlo-brightens-up-january-with-spring-summer-2026-collection\/","title":{"rendered":"Uniqlo brightens up January with Spring-Summer 2026 collection"},"content":{"rendered":"<p>Uniqlo&#8217;s <a href=\"https:\/\/www.parisselectbook.com\/en\/2026\/01\/24\/spring-summer-2026-jacket-trends-7-styles-to-boost-your-wardrobe\/\">spring-summer 2026<\/a> looks to be pragmatic and fluid, according to the first runways. Clothes will focus on comfort, modularity and a clean look. So the question becomes simple: how can we dress better, without complicating our days?  <\/p>\n<h2>Spring-Summer 2026: light fabrics, urban rhythm<\/h2>\n<p>GQ presents an overview of a season that favors breathability and mobility. Light fabrics, pared-down cuts and discreet finishes take center stage. What&#8217;s more, the <a href=\"https:\/\/www.parisselectbook.com\/en\/2026\/01\/24\/kate-middleton-confirms-the-color-of-2026-with-a-dazzling-suit\/\">palette<\/a> seems calmer, designed for the hurried everyday as well as for detours to the green.  <\/p>\n<p><strong>Spring-Summer 2026<\/strong> is all about <a href=\"https:\/\/www.parisselectbook.com\/en\/2026\/01\/24\/bijoux-2026-new-ways-to-wear-them-that-reinvent-your-jackets-and-shirts\/\">easy-to-wear<\/a>, easy-to-layer and easy-to-maintain pieces. The idea is not to accumulate, but to coordinate better what we already own. As a result, every item of clothing must provide a clear service, from the morning until the last appointment.  <\/p>\n<p>Uniqlo &#8211; Shoulder bag (Bag; Unisex, One size; <strong>\u20ac19.90<\/strong>). Compact but useful, it keeps essentials close to the body, without impeding <a href=\"https:\/\/www.parisselectbook.com\/en\/2026\/01\/24\/nike-air-max-90-infrared-reinvents-itself-for-spring-2026-and-air-max-day\/\">movement<\/a>. <\/p>\n<p>Technical ranges remain at the heart of the proposal, with breathable fabrics and discreet water repellents. Families such as AIRism for freshness and Blocktech windproof fabrics serve as reliable foundations. Volumes, on the other hand, are calmer: the line seeks fluidity, not excess.  <\/p>\n<blockquote><p>&#8220;Simple clothes, designed for movement, and prices that remain understandable.&#8221;<\/p><\/blockquote>\n<h3>Real-life colors, cuts and uses<\/h3>\n<p>Sand, khaki, midnight blue and gray tones dominate, with a few brighter accents to enhance the ensemble. In addition, straight cuts let air through and respect the silhouette. What&#8217;s more, many of the pieces are designed to last, with sizes ranging from <strong>XXS to 3XL<\/strong>, depending on the model.  <\/p>\n<p>Uniqlo &#8211; PUFFERTECH Down Jacket (Down Jacket; Women&#8217;s, <strong>XS-L<\/strong>; <strong>\u20ac39.90<\/strong>). Lightweight and compact, it secures cool mornings and windy journeys, then packs away in a flash. <\/p>\n<ul>\n<li>Breathable, quick-drying fabric for urban heat.<\/li>\n<li>Easy-to-combine colors for multiple outfits<\/li>\n<li>Inclusive sizing for uncompromising style fit<\/li>\n<li>Clear price markers, with several pieces under <strong>\u20ac70<\/strong><\/li>\n<li>Clothing designed for durability and easy maintenance<\/li>\n<\/ul>\n<h2>Responsible functionality: materials and maintenance<\/h2>\n<p>This season&#8217;s wardrobe is sober, robust and easy to wash. As such, the pieces promise limited creasing and quick drying, useful in small bathrooms. As a result, the focus is on use, not on time-consuming maintenance rituals.  <\/p>\n<p>At Uniqlo, the LifeWear approach is all about concrete service, day after day. Several markets have alteration workshops and textile take-back programs to extend the life of garments. For home care, wash at <strong>30\u00b0C<\/strong> and dry flat to limit wear and tear, especially on knitwear.  <\/p>\n<p>Uniqlo &#8211; Long coat (Coat; Woman, <strong>XXS<\/strong>; <strong>\u20ac69.90<\/strong>). The line is clean, the fall regular: it structures a flowing dress or a minimal suit. <\/p>\n<h3>Modular wardrobe, from the office to the weekend<\/h3>\n<p>Pieces add up without conflict, making it easy to get going in a hurry. For example, straight pants and a breathable shirt can be worn with a light windbreaker, followed by a cardigan in the evening. On the other hand, excessive textures give way to clean surfaces, which trap less heat.  <\/p>\n<p>Useful details make all the difference: secure pockets, adjustable belts, foldable hoods. What&#8217;s more, smooth fabrics reduce the risk of snagging in a bag or on a bike rack. What&#8217;s more, this practical choice reduces laundry micro-accidents and early pilling.  <\/p>\n<h2>Practical buying guide and size markers<\/h2>\n<p>Uniqlo &#8211; Knit Jacket (Jacket; Unisex, <strong>S-3XL<\/strong>; <strong>\u20ac49.90<\/strong>). Airy yet covering, it can be worn over a technical T-shirt during the day, then under a fine coat in the evening. <\/p>\n<p>Choosing the right size starts with usage. For example, you can aim for a larger size to achieve a fuller look, without losing out on fit. A fitting with a technical underlay helps to check shoulder mobility and sleeve length.  <\/p>\n<p>A hem touch-up makes all the difference on wide-leg pants or a long coat. Keeping labels while you&#8217;re hesitating also makes it easier to come back to them when you need to. Finally, anticipating the season in advance avoids stock-outs on Uniqlo&#8217;s most sought-after neutral colors.  <\/p>\n","protected":false},"excerpt":{"rendered":"<p>Uniqlo&#8217;s spring-summer 2026 looks to be pragmatic and fluid, according to the first runways. Clothes will focus on comfort, modularity and a clean look. So&#8230;<\/p>\n","protected":false},"author":13,"featured_media":207238,"comment_status":"open","ping_status":"closed","sticky":false,"template":"","format":"standard","meta":{"_acf_changed":false,"footnotes":""},"categories":[2685],"tags":[3694],"quartier":[],"class_list":["post-207362","post","type-post","status-publish","format-standard","has-post-thumbnail","hentry","category-news-du-luxe-en","tag-uniqlo-en"],"acf":[],"yoast_head":"<!-- This site is optimized with the Yoast SEO plugin v27.4 - https:\/\/yoast.com\/product\/yoast-seo-wordpress\/ -->\n<title>Uniqlo brightens up January with Spring-Summer 2026 collection<\/title>\n<meta name=\"description\" content=\"Uniqlo offers lightweight, modular pieces for 2026. Breathable comfort, easy care, inclusive sizes for a fluid daily routine.\" \/>\n<meta name=\"robots\" content=\"index, follow, max-snippet:-1, max-image-preview:large, max-video-preview:-1\" \/>\n<link rel=\"canonical\" href=\"https:\/\/www.parisselectbook.com\/en\/2026\/01\/25\/uniqlo-brightens-up-january-with-spring-summer-2026-collection\/\" \/>\n<meta property=\"og:locale\" content=\"en_US\" \/>\n<meta property=\"og:type\" content=\"article\" \/>\n<meta property=\"og:title\" content=\"Uniqlo brightens up January with Spring-Summer 2026 collection\" \/>\n<meta property=\"og:description\" content=\"Uniqlo offers lightweight, modular pieces for 2026. Breathable comfort, easy care, inclusive sizes for a fluid daily routine.\" \/>\n<meta property=\"og:url\" content=\"https:\/\/www.parisselectbook.com\/en\/2026\/01\/25\/uniqlo-brightens-up-january-with-spring-summer-2026-collection\/\" \/>\n<meta property=\"og:site_name\" content=\"Paris Select\" \/>\n<meta property=\"article:publisher\" content=\"https:\/\/www.facebook.com\/parisselect\" \/>\n<meta property=\"article:published_time\" content=\"2026-01-25T11:02:00+00:00\" \/>\n<meta property=\"og:image\" content=\"https:\/\/www.parisselectbook.com\/wp-content\/uploads\/2026\/01\/207236-image.jpg\" \/>\n\t<meta property=\"og:image:width\" content=\"1200\" \/>\n\t<meta property=\"og:image:height\" content=\"680\" \/>\n\t<meta property=\"og:image:type\" content=\"image\/jpeg\" \/>\n<meta name=\"author\" content=\"zaccharie touboul\" \/>\n<meta name=\"twitter:card\" content=\"summary_large_image\" \/>\n<meta name=\"twitter:label1\" content=\"Written by\" \/>\n\t<meta name=\"twitter:data1\" content=\"zaccharie touboul\" \/>\n\t<meta name=\"twitter:label2\" content=\"Est. reading time\" \/>\n\t<meta name=\"twitter:data2\" content=\"3 minutes\" \/>\n<script type=\"application\/ld+json\" class=\"yoast-schema-graph\">{\"@context\":\"https:\\\/\\\/schema.org\",\"@graph\":[{\"@type\":\"Article\",\"@id\":\"https:\\\/\\\/www.parisselectbook.com\\\/en\\\/2026\\\/01\\\/25\\\/uniqlo-brightens-up-january-with-spring-summer-2026-collection\\\/#article\",\"isPartOf\":{\"@id\":\"https:\\\/\\\/www.parisselectbook.com\\\/en\\\/2026\\\/01\\\/25\\\/uniqlo-brightens-up-january-with-spring-summer-2026-collection\\\/\"},\"author\":{\"name\":\"zaccharie touboul\",\"@id\":\"https:\\\/\\\/www.parisselectbook.com\\\/en\\\/#\\\/schema\\\/person\\\/3675d9a80d6cbefbfde597e393c036aa\"},\"headline\":\"Uniqlo brightens up January with Spring-Summer 2026 collection\",\"datePublished\":\"2026-01-25T11:02:00+00:00\",\"mainEntityOfPage\":{\"@id\":\"https:\\\/\\\/www.parisselectbook.com\\\/en\\\/2026\\\/01\\\/25\\\/uniqlo-brightens-up-january-with-spring-summer-2026-collection\\\/\"},\"wordCount\":656,\"commentCount\":0,\"publisher\":{\"@id\":\"https:\\\/\\\/www.parisselectbook.com\\\/en\\\/#organization\"},\"image\":{\"@id\":\"https:\\\/\\\/www.parisselectbook.com\\\/en\\\/2026\\\/01\\\/25\\\/uniqlo-brightens-up-january-with-spring-summer-2026-collection\\\/#primaryimage\"},\"thumbnailUrl\":\"https:\\\/\\\/www.parisselectbook.com\\\/wp-content\\\/uploads\\\/2026\\\/01\\\/207236-image.jpg\",\"keywords\":[\"UNIQLO\"],\"articleSection\":[\"News du Luxe\"],\"inLanguage\":\"en-US\",\"potentialAction\":[{\"@type\":\"CommentAction\",\"name\":\"Comment\",\"target\":[\"https:\\\/\\\/www.parisselectbook.com\\\/en\\\/2026\\\/01\\\/25\\\/uniqlo-brightens-up-january-with-spring-summer-2026-collection\\\/#respond\"]}]},{\"@type\":\"WebPage\",\"@id\":\"https:\\\/\\\/www.parisselectbook.com\\\/en\\\/2026\\\/01\\\/25\\\/uniqlo-brightens-up-january-with-spring-summer-2026-collection\\\/\",\"url\":\"https:\\\/\\\/www.parisselectbook.com\\\/en\\\/2026\\\/01\\\/25\\\/uniqlo-brightens-up-january-with-spring-summer-2026-collection\\\/\",\"name\":\"Uniqlo brightens up January with Spring-Summer 2026 collection\",\"isPartOf\":{\"@id\":\"https:\\\/\\\/www.parisselectbook.com\\\/en\\\/#website\"},\"primaryImageOfPage\":{\"@id\":\"https:\\\/\\\/www.parisselectbook.com\\\/en\\\/2026\\\/01\\\/25\\\/uniqlo-brightens-up-january-with-spring-summer-2026-collection\\\/#primaryimage\"},\"image\":{\"@id\":\"https:\\\/\\\/www.parisselectbook.com\\\/en\\\/2026\\\/01\\\/25\\\/uniqlo-brightens-up-january-with-spring-summer-2026-collection\\\/#primaryimage\"},\"thumbnailUrl\":\"https:\\\/\\\/www.parisselectbook.com\\\/wp-content\\\/uploads\\\/2026\\\/01\\\/207236-image.jpg\",\"datePublished\":\"2026-01-25T11:02:00+00:00\",\"description\":\"Uniqlo offers lightweight, modular pieces for 2026. Breathable comfort, easy care, inclusive sizes for a fluid daily routine.\",\"breadcrumb\":{\"@id\":\"https:\\\/\\\/www.parisselectbook.com\\\/en\\\/2026\\\/01\\\/25\\\/uniqlo-brightens-up-january-with-spring-summer-2026-collection\\\/#breadcrumb\"},\"inLanguage\":\"en-US\",\"potentialAction\":[{\"@type\":\"ReadAction\",\"target\":[\"https:\\\/\\\/www.parisselectbook.com\\\/en\\\/2026\\\/01\\\/25\\\/uniqlo-brightens-up-january-with-spring-summer-2026-collection\\\/\"]}]},{\"@type\":\"ImageObject\",\"inLanguage\":\"en-US\",\"@id\":\"https:\\\/\\\/www.parisselectbook.com\\\/en\\\/2026\\\/01\\\/25\\\/uniqlo-brightens-up-january-with-spring-summer-2026-collection\\\/#primaryimage\",\"url\":\"https:\\\/\\\/www.parisselectbook.com\\\/wp-content\\\/uploads\\\/2026\\\/01\\\/207236-image.jpg\",\"contentUrl\":\"https:\\\/\\\/www.parisselectbook.com\\\/wp-content\\\/uploads\\\/2026\\\/01\\\/207236-image.jpg\",\"width\":1200,\"height\":680,\"caption\":\"ParisSelectBook - Uniqlo \u00e9gaye janvier avec sa collection printemps-\u00e9t\u00e9 2026\"},{\"@type\":\"BreadcrumbList\",\"@id\":\"https:\\\/\\\/www.parisselectbook.com\\\/en\\\/2026\\\/01\\\/25\\\/uniqlo-brightens-up-january-with-spring-summer-2026-collection\\\/#breadcrumb\",\"itemListElement\":[{\"@type\":\"ListItem\",\"position\":1,\"name\":\"Que faire \u00e0 Paris ?\",\"item\":\"https:\\\/\\\/www.parisselectbook.com\\\/en\\\/category\\\/que-faire-a-paris-en\\\/\"},{\"@type\":\"ListItem\",\"position\":2,\"name\":\"Uniqlo brightens up January with Spring-Summer 2026 collection\"}]},{\"@type\":\"WebSite\",\"@id\":\"https:\\\/\\\/www.parisselectbook.com\\\/en\\\/#website\",\"url\":\"https:\\\/\\\/www.parisselectbook.com\\\/en\\\/\",\"name\":\"Paris Select Book\",\"description\":\"Le guide chic des Tendances Parisiennes\",\"publisher\":{\"@id\":\"https:\\\/\\\/www.parisselectbook.com\\\/en\\\/#organization\"},\"potentialAction\":[{\"@type\":\"SearchAction\",\"target\":{\"@type\":\"EntryPoint\",\"urlTemplate\":\"https:\\\/\\\/www.parisselectbook.com\\\/en\\\/?s={search_term_string}\"},\"query-input\":{\"@type\":\"PropertyValueSpecification\",\"valueRequired\":true,\"valueName\":\"search_term_string\"}}],\"inLanguage\":\"en-US\"},{\"@type\":\"Organization\",\"@id\":\"https:\\\/\\\/www.parisselectbook.com\\\/en\\\/#organization\",\"name\":\"Paris Select\",\"url\":\"https:\\\/\\\/www.parisselectbook.com\\\/en\\\/\",\"logo\":{\"@type\":\"ImageObject\",\"inLanguage\":\"en-US\",\"@id\":\"https:\\\/\\\/www.parisselectbook.com\\\/en\\\/#\\\/schema\\\/logo\\\/image\\\/\",\"url\":\"https:\\\/\\\/www.parisselectbook.com\\\/wp-content\\\/uploads\\\/2024\\\/06\\\/logo-IG-TKTK-LK.png\",\"contentUrl\":\"https:\\\/\\\/www.parisselectbook.com\\\/wp-content\\\/uploads\\\/2024\\\/06\\\/logo-IG-TKTK-LK.png\",\"width\":684,\"height\":665,\"caption\":\"Paris Select\"},\"image\":{\"@id\":\"https:\\\/\\\/www.parisselectbook.com\\\/en\\\/#\\\/schema\\\/logo\\\/image\\\/\"},\"sameAs\":[\"https:\\\/\\\/www.facebook.com\\\/parisselect\",\"https:\\\/\\\/www.instagram.com\\\/parisselect\\\/\",\"https:\\\/\\\/www.tiktok.com\\\/@parisselect\"]},{\"@type\":\"Person\",\"@id\":\"https:\\\/\\\/www.parisselectbook.com\\\/en\\\/#\\\/schema\\\/person\\\/3675d9a80d6cbefbfde597e393c036aa\",\"name\":\"zaccharie touboul\",\"sameAs\":[\"https:\\\/\\\/www.parisselectbook.com\\\/\"]}]}<\/script>\n<!-- \/ Yoast SEO plugin. -->","yoast_head_json":{"title":"Uniqlo brightens up January with Spring-Summer 2026 collection","description":"Uniqlo offers lightweight, modular pieces for 2026. Breathable comfort, easy care, inclusive sizes for a fluid daily routine.","robots":{"index":"index","follow":"follow","max-snippet":"max-snippet:-1","max-image-preview":"max-image-preview:large","max-video-preview":"max-video-preview:-1"},"canonical":"https:\/\/www.parisselectbook.com\/en\/2026\/01\/25\/uniqlo-brightens-up-january-with-spring-summer-2026-collection\/","og_locale":"en_US","og_type":"article","og_title":"Uniqlo brightens up January with Spring-Summer 2026 collection","og_description":"Uniqlo offers lightweight, modular pieces for 2026. Breathable comfort, easy care, inclusive sizes for a fluid daily routine.","og_url":"https:\/\/www.parisselectbook.com\/en\/2026\/01\/25\/uniqlo-brightens-up-january-with-spring-summer-2026-collection\/","og_site_name":"Paris Select","article_publisher":"https:\/\/www.facebook.com\/parisselect","article_published_time":"2026-01-25T11:02:00+00:00","og_image":[{"width":1200,"height":680,"url":"https:\/\/www.parisselectbook.com\/wp-content\/uploads\/2026\/01\/207236-image.jpg","type":"image\/jpeg"}],"author":"zaccharie touboul","twitter_card":"summary_large_image","twitter_misc":{"Written by":"zaccharie touboul","Est. reading time":"3 minutes"},"schema":{"@context":"https:\/\/schema.org","@graph":[{"@type":"Article","@id":"https:\/\/www.parisselectbook.com\/en\/2026\/01\/25\/uniqlo-brightens-up-january-with-spring-summer-2026-collection\/#article","isPartOf":{"@id":"https:\/\/www.parisselectbook.com\/en\/2026\/01\/25\/uniqlo-brightens-up-january-with-spring-summer-2026-collection\/"},"author":{"name":"zaccharie touboul","@id":"https:\/\/www.parisselectbook.com\/en\/#\/schema\/person\/3675d9a80d6cbefbfde597e393c036aa"},"headline":"Uniqlo brightens up January with Spring-Summer 2026 collection","datePublished":"2026-01-25T11:02:00+00:00","mainEntityOfPage":{"@id":"https:\/\/www.parisselectbook.com\/en\/2026\/01\/25\/uniqlo-brightens-up-january-with-spring-summer-2026-collection\/"},"wordCount":656,"commentCount":0,"publisher":{"@id":"https:\/\/www.parisselectbook.com\/en\/#organization"},"image":{"@id":"https:\/\/www.parisselectbook.com\/en\/2026\/01\/25\/uniqlo-brightens-up-january-with-spring-summer-2026-collection\/#primaryimage"},"thumbnailUrl":"https:\/\/www.parisselectbook.com\/wp-content\/uploads\/2026\/01\/207236-image.jpg","keywords":["UNIQLO"],"articleSection":["News du Luxe"],"inLanguage":"en-US","potentialAction":[{"@type":"CommentAction","name":"Comment","target":["https:\/\/www.parisselectbook.com\/en\/2026\/01\/25\/uniqlo-brightens-up-january-with-spring-summer-2026-collection\/#respond"]}]},{"@type":"WebPage","@id":"https:\/\/www.parisselectbook.com\/en\/2026\/01\/25\/uniqlo-brightens-up-january-with-spring-summer-2026-collection\/","url":"https:\/\/www.parisselectbook.com\/en\/2026\/01\/25\/uniqlo-brightens-up-january-with-spring-summer-2026-collection\/","name":"Uniqlo brightens up January with Spring-Summer 2026 collection","isPartOf":{"@id":"https:\/\/www.parisselectbook.com\/en\/#website"},"primaryImageOfPage":{"@id":"https:\/\/www.parisselectbook.com\/en\/2026\/01\/25\/uniqlo-brightens-up-january-with-spring-summer-2026-collection\/#primaryimage"},"image":{"@id":"https:\/\/www.parisselectbook.com\/en\/2026\/01\/25\/uniqlo-brightens-up-january-with-spring-summer-2026-collection\/#primaryimage"},"thumbnailUrl":"https:\/\/www.parisselectbook.com\/wp-content\/uploads\/2026\/01\/207236-image.jpg","datePublished":"2026-01-25T11:02:00+00:00","description":"Uniqlo offers lightweight, modular pieces for 2026. Breathable comfort, easy care, inclusive sizes for a fluid daily routine.","breadcrumb":{"@id":"https:\/\/www.parisselectbook.com\/en\/2026\/01\/25\/uniqlo-brightens-up-january-with-spring-summer-2026-collection\/#breadcrumb"},"inLanguage":"en-US","potentialAction":[{"@type":"ReadAction","target":["https:\/\/www.parisselectbook.com\/en\/2026\/01\/25\/uniqlo-brightens-up-january-with-spring-summer-2026-collection\/"]}]},{"@type":"ImageObject","inLanguage":"en-US","@id":"https:\/\/www.parisselectbook.com\/en\/2026\/01\/25\/uniqlo-brightens-up-january-with-spring-summer-2026-collection\/#primaryimage","url":"https:\/\/www.parisselectbook.com\/wp-content\/uploads\/2026\/01\/207236-image.jpg","contentUrl":"https:\/\/www.parisselectbook.com\/wp-content\/uploads\/2026\/01\/207236-image.jpg","width":1200,"height":680,"caption":"ParisSelectBook - Uniqlo \u00e9gaye janvier avec sa collection printemps-\u00e9t\u00e9 2026"},{"@type":"BreadcrumbList","@id":"https:\/\/www.parisselectbook.com\/en\/2026\/01\/25\/uniqlo-brightens-up-january-with-spring-summer-2026-collection\/#breadcrumb","itemListElement":[{"@type":"ListItem","position":1,"name":"Que faire \u00e0 Paris ?","item":"https:\/\/www.parisselectbook.com\/en\/category\/que-faire-a-paris-en\/"},{"@type":"ListItem","position":2,"name":"Uniqlo brightens up January with Spring-Summer 2026 collection"}]},{"@type":"WebSite","@id":"https:\/\/www.parisselectbook.com\/en\/#website","url":"https:\/\/www.parisselectbook.com\/en\/","name":"Paris Select Book","description":"Le guide chic des Tendances Parisiennes","publisher":{"@id":"https:\/\/www.parisselectbook.com\/en\/#organization"},"potentialAction":[{"@type":"SearchAction","target":{"@type":"EntryPoint","urlTemplate":"https:\/\/www.parisselectbook.com\/en\/?s={search_term_string}"},"query-input":{"@type":"PropertyValueSpecification","valueRequired":true,"valueName":"search_term_string"}}],"inLanguage":"en-US"},{"@type":"Organization","@id":"https:\/\/www.parisselectbook.com\/en\/#organization","name":"Paris Select","url":"https:\/\/www.parisselectbook.com\/en\/","logo":{"@type":"ImageObject","inLanguage":"en-US","@id":"https:\/\/www.parisselectbook.com\/en\/#\/schema\/logo\/image\/","url":"https:\/\/www.parisselectbook.com\/wp-content\/uploads\/2024\/06\/logo-IG-TKTK-LK.png","contentUrl":"https:\/\/www.parisselectbook.com\/wp-content\/uploads\/2024\/06\/logo-IG-TKTK-LK.png","width":684,"height":665,"caption":"Paris Select"},"image":{"@id":"https:\/\/www.parisselectbook.com\/en\/#\/schema\/logo\/image\/"},"sameAs":["https:\/\/www.facebook.com\/parisselect","https:\/\/www.instagram.com\/parisselect\/","https:\/\/www.tiktok.com\/@parisselect"]},{"@type":"Person","@id":"https:\/\/www.parisselectbook.com\/en\/#\/schema\/person\/3675d9a80d6cbefbfde597e393c036aa","name":"zaccharie touboul","sameAs":["https:\/\/www.parisselectbook.com\/"]}]}},"_links":{"self":[{"href":"https:\/\/www.parisselectbook.com\/en\/wp-json\/wp\/v2\/posts\/207362","targetHints":{"allow":["GET"]}}],"collection":[{"href":"https:\/\/www.parisselectbook.com\/en\/wp-json\/wp\/v2\/posts"}],"about":[{"href":"https:\/\/www.parisselectbook.com\/en\/wp-json\/wp\/v2\/types\/post"}],"author":[{"embeddable":true,"href":"https:\/\/www.parisselectbook.com\/en\/wp-json\/wp\/v2\/users\/13"}],"replies":[{"embeddable":true,"href":"https:\/\/www.parisselectbook.com\/en\/wp-json\/wp\/v2\/comments?post=207362"}],"version-history":[{"count":0,"href":"https:\/\/www.parisselectbook.com\/en\/wp-json\/wp\/v2\/posts\/207362\/revisions"}],"wp:featuredmedia":[{"embeddable":true,"href":"https:\/\/www.parisselectbook.com\/en\/wp-json\/wp\/v2\/media\/207238"}],"wp:attachment":[{"href":"https:\/\/www.parisselectbook.com\/en\/wp-json\/wp\/v2\/media?parent=207362"}],"wp:term":[{"taxonomy":"category","embeddable":true,"href":"https:\/\/www.parisselectbook.com\/en\/wp-json\/wp\/v2\/categories?post=207362"},{"taxonomy":"post_tag","embeddable":true,"href":"https:\/\/www.parisselectbook.com\/en\/wp-json\/wp\/v2\/tags?post=207362"},{"taxonomy":"quartier","embeddable":true,"href":"https:\/\/www.parisselectbook.com\/en\/wp-json\/wp\/v2\/quartier?post=207362"}],"curies":[{"name":"wp","href":"https:\/\/api.w.org\/{rel}","templated":true}]}}