{"id":207542,"date":"2026-01-26T13:14:00","date_gmt":"2026-01-26T12:14:00","guid":{"rendered":"https:\/\/www.parisselectbook.com\/2026\/01\/26\/dior-transforms-paul-poiret-into-a-punk-icon-at-the-autumn-winter-2026-2027-mens-show\/"},"modified":"2026-01-26T13:14:00","modified_gmt":"2026-01-26T12:14:00","slug":"dior-transforms-paul-poiret-into-a-punk-icon-at-the-autumn-winter-2026-2027-mens-show","status":"publish","type":"post","link":"https:\/\/www.parisselectbook.com\/en\/2026\/01\/26\/dior-transforms-paul-poiret-into-a-punk-icon-at-the-autumn-winter-2026-2027-mens-show\/","title":{"rendered":"Dior transforms Paul Poiret into a punk icon at the Autumn-Winter 2026-2027 men&#8217;s show"},"content":{"rendered":"<p>At the heart of Men&#8217;s Fashion Week in Paris, the House of <strong>Dior<\/strong> presented its <strong>Autumn-Winter 2026-2027<\/strong> collection. Artistic director <strong>Kim Jones<\/strong> blended couture heritage with everyday pragmatism. The result is a wardrobe of discipline, movement and <a href=\"https:\/\/www.parisselectbook.com\/en\/2026\/01\/25\/elegant-watches-13-models-for-special-occasions-from-rolex-to-jaeger-lecoultre-and-breguet\/\">evening sparkle<\/a>.  <\/p>\n<h2>Highlights from the men&#8217;s fall-winter 2026-2027 show<\/h2>\n<p>Elongated jackets create a clear verticality, designed to stretch the <a href=\"https:\/\/www.parisselectbook.com\/en\/2026\/01\/25\/1990s-heels-5-models-return-in-2026\/\">silhouette<\/a>. Yet the cut remains mobile, as the shoulders retain a controlled suppleness. <\/p>\n<p>Shrunken <a href=\"https:\/\/www.parisselectbook.com\/en\/2026\/01\/25\/uniqlo-brightens-up-january-with-spring-summer-2026-collection\/\">blazers<\/a> tighten the architecture of the bust with precision, without unnecessary stiffness. At <strong>Dior<\/strong>, the waist runs backwards, and the lapel maintains a graphic width. <\/p>\n<p>The short Bar jackets take up a symbol of <a href=\"https:\/\/www.parisselectbook.com\/en\/2026\/01\/25\/pink-makes-its-mark-for-spring-summer-2026-6-catwalk-looks-to-adopt-it\/\">couture<\/a>, but in a sharper proportion. What&#8217;s more, the camber is designed to accompany walking, not hinder it. <\/p>\n<blockquote><p>&#8220;The cut is not fixed: it must follow the rhythm of life.<\/p><\/blockquote>\n<h3>Tailoring: lines and proportions<\/h3>\n<p>Tailored pants have a tapered, clean line right from the thigh. On the other hand, the hem sometimes opens slightly to fit the shoe. <\/p>\n<p>Tails are back, shortened and simplified, with a modernized base. As a result, the train is reduced, giving way to a lively look. <\/p>\n<ul>\n<li><strong>Autumn-Winter 2026-2027<\/strong>: a season of ceremony and use.<\/li>\n<li><strong>Kim Jones<\/strong>: a vocabulary that reconciles couture and mobility.<\/li>\n<li>Silhouettes structured, then softened by tactile materials.<\/li>\n<li>Sober colors enhanced by controlled bursts of textile.<\/li>\n<li>A legacy respected, but a path turned towards the present.<\/li>\n<\/ul>\n<h2>Outdoor locker and motion protection<\/h2>\n<p>The bombers are slightly rounded, thanks to discreet quilting. This allows the waistline to breathe, while the closure remains clean and secure. <\/p>\n<p>Brocade capes set a textured, shimmering night scene. Metallic threads capture the urban light, without being overdone. <\/p>\n<p>Wrap-around coats drape the body with measured warmth. As a result, the line remains fluid, then tightens thanks to slim belts. <\/p>\n<p>Military jackets with puffed backs introduce controlled volume in the back. At home, structure is ordered and function asserts its place. <\/p>\n<h3>Daywear: evening codes<\/h3>\n<p>Suits refocus the wardrobe around practical rigor. In addition, jackets interact with pants calibrated for the city. <\/p>\n<p>Shirts with lavalli\u00e8re collars offer a discreetly elegant touch. At <strong>Dior<\/strong>, the ribbon is refined, then gently structures the neck. <\/p>\n<p>Vests add relief to layering, without superfluous weight. The buttoning frames the bust and emphasizes verticality. <\/p>\n<h2>Fabrics and ornaments, light and texture<\/h2>\n<p>Donegal Tweeds provide a warm grain, useful in the morning. In short, the hand is firm, but the sensation remains comfortable on the skin. <\/p>\n<p>Shimmering velvets catch the eye without heaviness. Also, short hair reflects light, then creates a moderate halo. <\/p>\n<p>Luminous jacquards trace sharp patterns on dark backgrounds. In this way, the sparkle appears with every step, then fades as the fabric settles. <\/p>\n<p>Sheepskin insulates from the cold, with a soft, enveloping lapel. At <strong>Dior<\/strong>, shearling is cut cleanly, to maintain a clear line. <\/p>\n<h3>Tailoring, final precision<\/h3>\n<p>The tailpieces, revisited above, confirm a reinterpreted period gesture. As a result, the look gains in rhythm and legibility. <\/p>\n<p>The aforementioned slim-fit blazers enhance visual impact at first glance. As a result, the silhouette quickly takes shape, then anchors itself in the memory. <\/p>\n<h2>Codes, heritage and controlled movement<\/h2>\n<p>The elongated jackets continue the line inaugurated at the start of the show. The internal construction breathes, then supports the whole with precision. <\/p>\n<p>Fitted pants balance the upper volumes without stiffening the gait. As a result, the cut follows your steps, as the waistbands are calculated. <\/p>\n<p>Wraparound coats close the story on a protective note. On the other hand, the shoulders don&#8217;t protrude: the build stays in place. <\/p>\n<p>Suits, the backbone of the wardrobe, ensure continuity from day to night. At <strong>Dior<\/strong>, rigor makes itself useful, then lets the material do the talking. <\/p>\n","protected":false},"excerpt":{"rendered":"<p>At the heart of Men&#8217;s Fashion Week in Paris, the House of Dior presented its Autumn-Winter 2026-2027 collection. Artistic director Kim Jones blended couture heritage&#8230;<\/p>\n","protected":false},"author":13,"featured_media":207348,"comment_status":"open","ping_status":"closed","sticky":false,"template":"","format":"standard","meta":{"_acf_changed":false,"footnotes":""},"categories":[2685],"tags":[3373],"quartier":[],"class_list":["post-207542","post","type-post","status-publish","format-standard","has-post-thumbnail","hentry","category-news-du-luxe-en","tag-dior-en"],"acf":[],"yoast_head":"<!-- This site is optimized with the Yoast SEO plugin v27.4 - https:\/\/yoast.com\/product\/yoast-seo-wordpress\/ -->\n<title>Dior transforms Paul Poiret into a punk icon at the Autumn-Winter 2026-2027 men&#039;s show<\/title>\n<meta name=\"description\" content=\"Dior shakes up its heritage with a punk version of Poiret. Fall-winter 2026-2027, mobile cut and luminous materials for a sharp day-evening.\" \/>\n<meta name=\"robots\" content=\"index, follow, max-snippet:-1, max-image-preview:large, max-video-preview:-1\" \/>\n<link rel=\"canonical\" href=\"https:\/\/www.parisselectbook.com\/en\/2026\/01\/26\/dior-transforms-paul-poiret-into-a-punk-icon-at-the-autumn-winter-2026-2027-mens-show\/\" \/>\n<meta property=\"og:locale\" content=\"en_US\" \/>\n<meta property=\"og:type\" content=\"article\" \/>\n<meta property=\"og:title\" content=\"Dior transforms Paul Poiret into a punk icon at the Autumn-Winter 2026-2027 men&#039;s show\" \/>\n<meta property=\"og:description\" content=\"Dior shakes up its heritage with a punk version of Poiret. Fall-winter 2026-2027, mobile cut and luminous materials for a sharp day-evening.\" \/>\n<meta property=\"og:url\" content=\"https:\/\/www.parisselectbook.com\/en\/2026\/01\/26\/dior-transforms-paul-poiret-into-a-punk-icon-at-the-autumn-winter-2026-2027-mens-show\/\" \/>\n<meta property=\"og:site_name\" content=\"Paris Select\" \/>\n<meta property=\"article:publisher\" content=\"https:\/\/www.facebook.com\/parisselect\" \/>\n<meta property=\"article:published_time\" content=\"2026-01-26T12:14:00+00:00\" \/>\n<meta property=\"og:image\" content=\"https:\/\/www.parisselectbook.com\/wp-content\/uploads\/2026\/01\/207346-image.jpg\" \/>\n\t<meta property=\"og:image:width\" content=\"1200\" \/>\n\t<meta property=\"og:image:height\" content=\"680\" \/>\n\t<meta property=\"og:image:type\" content=\"image\/jpeg\" \/>\n<meta name=\"author\" content=\"zaccharie touboul\" \/>\n<meta name=\"twitter:card\" content=\"summary_large_image\" \/>\n<meta name=\"twitter:label1\" content=\"Written by\" \/>\n\t<meta name=\"twitter:data1\" content=\"zaccharie touboul\" \/>\n\t<meta name=\"twitter:label2\" content=\"Est. reading time\" \/>\n\t<meta name=\"twitter:data2\" content=\"3 minutes\" \/>\n<script type=\"application\/ld+json\" class=\"yoast-schema-graph\">{\"@context\":\"https:\\\/\\\/schema.org\",\"@graph\":[{\"@type\":\"Article\",\"@id\":\"https:\\\/\\\/www.parisselectbook.com\\\/en\\\/2026\\\/01\\\/26\\\/dior-transforms-paul-poiret-into-a-punk-icon-at-the-autumn-winter-2026-2027-mens-show\\\/#article\",\"isPartOf\":{\"@id\":\"https:\\\/\\\/www.parisselectbook.com\\\/en\\\/2026\\\/01\\\/26\\\/dior-transforms-paul-poiret-into-a-punk-icon-at-the-autumn-winter-2026-2027-mens-show\\\/\"},\"author\":{\"name\":\"zaccharie touboul\",\"@id\":\"https:\\\/\\\/www.parisselectbook.com\\\/en\\\/#\\\/schema\\\/person\\\/3675d9a80d6cbefbfde597e393c036aa\"},\"headline\":\"Dior transforms Paul Poiret into a punk icon at the Autumn-Winter 2026-2027 men&#8217;s show\",\"datePublished\":\"2026-01-26T12:14:00+00:00\",\"mainEntityOfPage\":{\"@id\":\"https:\\\/\\\/www.parisselectbook.com\\\/en\\\/2026\\\/01\\\/26\\\/dior-transforms-paul-poiret-into-a-punk-icon-at-the-autumn-winter-2026-2027-mens-show\\\/\"},\"wordCount\":624,\"commentCount\":0,\"publisher\":{\"@id\":\"https:\\\/\\\/www.parisselectbook.com\\\/en\\\/#organization\"},\"image\":{\"@id\":\"https:\\\/\\\/www.parisselectbook.com\\\/en\\\/2026\\\/01\\\/26\\\/dior-transforms-paul-poiret-into-a-punk-icon-at-the-autumn-winter-2026-2027-mens-show\\\/#primaryimage\"},\"thumbnailUrl\":\"https:\\\/\\\/www.parisselectbook.com\\\/wp-content\\\/uploads\\\/2026\\\/01\\\/207346-image.jpg\",\"keywords\":[\"Dior\"],\"articleSection\":[\"News du Luxe\"],\"inLanguage\":\"en-US\",\"potentialAction\":[{\"@type\":\"CommentAction\",\"name\":\"Comment\",\"target\":[\"https:\\\/\\\/www.parisselectbook.com\\\/en\\\/2026\\\/01\\\/26\\\/dior-transforms-paul-poiret-into-a-punk-icon-at-the-autumn-winter-2026-2027-mens-show\\\/#respond\"]}]},{\"@type\":\"WebPage\",\"@id\":\"https:\\\/\\\/www.parisselectbook.com\\\/en\\\/2026\\\/01\\\/26\\\/dior-transforms-paul-poiret-into-a-punk-icon-at-the-autumn-winter-2026-2027-mens-show\\\/\",\"url\":\"https:\\\/\\\/www.parisselectbook.com\\\/en\\\/2026\\\/01\\\/26\\\/dior-transforms-paul-poiret-into-a-punk-icon-at-the-autumn-winter-2026-2027-mens-show\\\/\",\"name\":\"Dior transforms Paul Poiret into a punk icon at the Autumn-Winter 2026-2027 men's show\",\"isPartOf\":{\"@id\":\"https:\\\/\\\/www.parisselectbook.com\\\/en\\\/#website\"},\"primaryImageOfPage\":{\"@id\":\"https:\\\/\\\/www.parisselectbook.com\\\/en\\\/2026\\\/01\\\/26\\\/dior-transforms-paul-poiret-into-a-punk-icon-at-the-autumn-winter-2026-2027-mens-show\\\/#primaryimage\"},\"image\":{\"@id\":\"https:\\\/\\\/www.parisselectbook.com\\\/en\\\/2026\\\/01\\\/26\\\/dior-transforms-paul-poiret-into-a-punk-icon-at-the-autumn-winter-2026-2027-mens-show\\\/#primaryimage\"},\"thumbnailUrl\":\"https:\\\/\\\/www.parisselectbook.com\\\/wp-content\\\/uploads\\\/2026\\\/01\\\/207346-image.jpg\",\"datePublished\":\"2026-01-26T12:14:00+00:00\",\"description\":\"Dior shakes up its heritage with a punk version of Poiret. Fall-winter 2026-2027, mobile cut and luminous materials for a sharp day-evening.\",\"breadcrumb\":{\"@id\":\"https:\\\/\\\/www.parisselectbook.com\\\/en\\\/2026\\\/01\\\/26\\\/dior-transforms-paul-poiret-into-a-punk-icon-at-the-autumn-winter-2026-2027-mens-show\\\/#breadcrumb\"},\"inLanguage\":\"en-US\",\"potentialAction\":[{\"@type\":\"ReadAction\",\"target\":[\"https:\\\/\\\/www.parisselectbook.com\\\/en\\\/2026\\\/01\\\/26\\\/dior-transforms-paul-poiret-into-a-punk-icon-at-the-autumn-winter-2026-2027-mens-show\\\/\"]}]},{\"@type\":\"ImageObject\",\"inLanguage\":\"en-US\",\"@id\":\"https:\\\/\\\/www.parisselectbook.com\\\/en\\\/2026\\\/01\\\/26\\\/dior-transforms-paul-poiret-into-a-punk-icon-at-the-autumn-winter-2026-2027-mens-show\\\/#primaryimage\",\"url\":\"https:\\\/\\\/www.parisselectbook.com\\\/wp-content\\\/uploads\\\/2026\\\/01\\\/207346-image.jpg\",\"contentUrl\":\"https:\\\/\\\/www.parisselectbook.com\\\/wp-content\\\/uploads\\\/2026\\\/01\\\/207346-image.jpg\",\"width\":1200,\"height\":680,\"caption\":\"ParisSelectBook - Dior transforme Paul Poiret en ic\u00f4ne punk au d\u00e9fil\u00e9 Homme automne-hiver 2026-2027\"},{\"@type\":\"BreadcrumbList\",\"@id\":\"https:\\\/\\\/www.parisselectbook.com\\\/en\\\/2026\\\/01\\\/26\\\/dior-transforms-paul-poiret-into-a-punk-icon-at-the-autumn-winter-2026-2027-mens-show\\\/#breadcrumb\",\"itemListElement\":[{\"@type\":\"ListItem\",\"position\":1,\"name\":\"Que faire \u00e0 Paris ?\",\"item\":\"https:\\\/\\\/www.parisselectbook.com\\\/en\\\/category\\\/que-faire-a-paris-en\\\/\"},{\"@type\":\"ListItem\",\"position\":2,\"name\":\"Dior transforms Paul Poiret into a punk icon at the Autumn-Winter 2026-2027 men&#8217;s show\"}]},{\"@type\":\"WebSite\",\"@id\":\"https:\\\/\\\/www.parisselectbook.com\\\/en\\\/#website\",\"url\":\"https:\\\/\\\/www.parisselectbook.com\\\/en\\\/\",\"name\":\"Paris Select Book\",\"description\":\"Le guide chic des Tendances Parisiennes\",\"publisher\":{\"@id\":\"https:\\\/\\\/www.parisselectbook.com\\\/en\\\/#organization\"},\"potentialAction\":[{\"@type\":\"SearchAction\",\"target\":{\"@type\":\"EntryPoint\",\"urlTemplate\":\"https:\\\/\\\/www.parisselectbook.com\\\/en\\\/?s={search_term_string}\"},\"query-input\":{\"@type\":\"PropertyValueSpecification\",\"valueRequired\":true,\"valueName\":\"search_term_string\"}}],\"inLanguage\":\"en-US\"},{\"@type\":\"Organization\",\"@id\":\"https:\\\/\\\/www.parisselectbook.com\\\/en\\\/#organization\",\"name\":\"Paris Select\",\"url\":\"https:\\\/\\\/www.parisselectbook.com\\\/en\\\/\",\"logo\":{\"@type\":\"ImageObject\",\"inLanguage\":\"en-US\",\"@id\":\"https:\\\/\\\/www.parisselectbook.com\\\/en\\\/#\\\/schema\\\/logo\\\/image\\\/\",\"url\":\"https:\\\/\\\/www.parisselectbook.com\\\/wp-content\\\/uploads\\\/2024\\\/06\\\/logo-IG-TKTK-LK.png\",\"contentUrl\":\"https:\\\/\\\/www.parisselectbook.com\\\/wp-content\\\/uploads\\\/2024\\\/06\\\/logo-IG-TKTK-LK.png\",\"width\":684,\"height\":665,\"caption\":\"Paris Select\"},\"image\":{\"@id\":\"https:\\\/\\\/www.parisselectbook.com\\\/en\\\/#\\\/schema\\\/logo\\\/image\\\/\"},\"sameAs\":[\"https:\\\/\\\/www.facebook.com\\\/parisselect\",\"https:\\\/\\\/www.instagram.com\\\/parisselect\\\/\",\"https:\\\/\\\/www.tiktok.com\\\/@parisselect\"]},{\"@type\":\"Person\",\"@id\":\"https:\\\/\\\/www.parisselectbook.com\\\/en\\\/#\\\/schema\\\/person\\\/3675d9a80d6cbefbfde597e393c036aa\",\"name\":\"zaccharie touboul\",\"sameAs\":[\"https:\\\/\\\/www.parisselectbook.com\\\/\"]}]}<\/script>\n<!-- \/ Yoast SEO plugin. -->","yoast_head_json":{"title":"Dior transforms Paul Poiret into a punk icon at the Autumn-Winter 2026-2027 men's show","description":"Dior shakes up its heritage with a punk version of Poiret. Fall-winter 2026-2027, mobile cut and luminous materials for a sharp day-evening.","robots":{"index":"index","follow":"follow","max-snippet":"max-snippet:-1","max-image-preview":"max-image-preview:large","max-video-preview":"max-video-preview:-1"},"canonical":"https:\/\/www.parisselectbook.com\/en\/2026\/01\/26\/dior-transforms-paul-poiret-into-a-punk-icon-at-the-autumn-winter-2026-2027-mens-show\/","og_locale":"en_US","og_type":"article","og_title":"Dior transforms Paul Poiret into a punk icon at the Autumn-Winter 2026-2027 men's show","og_description":"Dior shakes up its heritage with a punk version of Poiret. Fall-winter 2026-2027, mobile cut and luminous materials for a sharp day-evening.","og_url":"https:\/\/www.parisselectbook.com\/en\/2026\/01\/26\/dior-transforms-paul-poiret-into-a-punk-icon-at-the-autumn-winter-2026-2027-mens-show\/","og_site_name":"Paris Select","article_publisher":"https:\/\/www.facebook.com\/parisselect","article_published_time":"2026-01-26T12:14:00+00:00","og_image":[{"width":1200,"height":680,"url":"https:\/\/www.parisselectbook.com\/wp-content\/uploads\/2026\/01\/207346-image.jpg","type":"image\/jpeg"}],"author":"zaccharie touboul","twitter_card":"summary_large_image","twitter_misc":{"Written by":"zaccharie touboul","Est. reading time":"3 minutes"},"schema":{"@context":"https:\/\/schema.org","@graph":[{"@type":"Article","@id":"https:\/\/www.parisselectbook.com\/en\/2026\/01\/26\/dior-transforms-paul-poiret-into-a-punk-icon-at-the-autumn-winter-2026-2027-mens-show\/#article","isPartOf":{"@id":"https:\/\/www.parisselectbook.com\/en\/2026\/01\/26\/dior-transforms-paul-poiret-into-a-punk-icon-at-the-autumn-winter-2026-2027-mens-show\/"},"author":{"name":"zaccharie touboul","@id":"https:\/\/www.parisselectbook.com\/en\/#\/schema\/person\/3675d9a80d6cbefbfde597e393c036aa"},"headline":"Dior transforms Paul Poiret into a punk icon at the Autumn-Winter 2026-2027 men&#8217;s show","datePublished":"2026-01-26T12:14:00+00:00","mainEntityOfPage":{"@id":"https:\/\/www.parisselectbook.com\/en\/2026\/01\/26\/dior-transforms-paul-poiret-into-a-punk-icon-at-the-autumn-winter-2026-2027-mens-show\/"},"wordCount":624,"commentCount":0,"publisher":{"@id":"https:\/\/www.parisselectbook.com\/en\/#organization"},"image":{"@id":"https:\/\/www.parisselectbook.com\/en\/2026\/01\/26\/dior-transforms-paul-poiret-into-a-punk-icon-at-the-autumn-winter-2026-2027-mens-show\/#primaryimage"},"thumbnailUrl":"https:\/\/www.parisselectbook.com\/wp-content\/uploads\/2026\/01\/207346-image.jpg","keywords":["Dior"],"articleSection":["News du Luxe"],"inLanguage":"en-US","potentialAction":[{"@type":"CommentAction","name":"Comment","target":["https:\/\/www.parisselectbook.com\/en\/2026\/01\/26\/dior-transforms-paul-poiret-into-a-punk-icon-at-the-autumn-winter-2026-2027-mens-show\/#respond"]}]},{"@type":"WebPage","@id":"https:\/\/www.parisselectbook.com\/en\/2026\/01\/26\/dior-transforms-paul-poiret-into-a-punk-icon-at-the-autumn-winter-2026-2027-mens-show\/","url":"https:\/\/www.parisselectbook.com\/en\/2026\/01\/26\/dior-transforms-paul-poiret-into-a-punk-icon-at-the-autumn-winter-2026-2027-mens-show\/","name":"Dior transforms Paul Poiret into a punk icon at the Autumn-Winter 2026-2027 men's show","isPartOf":{"@id":"https:\/\/www.parisselectbook.com\/en\/#website"},"primaryImageOfPage":{"@id":"https:\/\/www.parisselectbook.com\/en\/2026\/01\/26\/dior-transforms-paul-poiret-into-a-punk-icon-at-the-autumn-winter-2026-2027-mens-show\/#primaryimage"},"image":{"@id":"https:\/\/www.parisselectbook.com\/en\/2026\/01\/26\/dior-transforms-paul-poiret-into-a-punk-icon-at-the-autumn-winter-2026-2027-mens-show\/#primaryimage"},"thumbnailUrl":"https:\/\/www.parisselectbook.com\/wp-content\/uploads\/2026\/01\/207346-image.jpg","datePublished":"2026-01-26T12:14:00+00:00","description":"Dior shakes up its heritage with a punk version of Poiret. Fall-winter 2026-2027, mobile cut and luminous materials for a sharp day-evening.","breadcrumb":{"@id":"https:\/\/www.parisselectbook.com\/en\/2026\/01\/26\/dior-transforms-paul-poiret-into-a-punk-icon-at-the-autumn-winter-2026-2027-mens-show\/#breadcrumb"},"inLanguage":"en-US","potentialAction":[{"@type":"ReadAction","target":["https:\/\/www.parisselectbook.com\/en\/2026\/01\/26\/dior-transforms-paul-poiret-into-a-punk-icon-at-the-autumn-winter-2026-2027-mens-show\/"]}]},{"@type":"ImageObject","inLanguage":"en-US","@id":"https:\/\/www.parisselectbook.com\/en\/2026\/01\/26\/dior-transforms-paul-poiret-into-a-punk-icon-at-the-autumn-winter-2026-2027-mens-show\/#primaryimage","url":"https:\/\/www.parisselectbook.com\/wp-content\/uploads\/2026\/01\/207346-image.jpg","contentUrl":"https:\/\/www.parisselectbook.com\/wp-content\/uploads\/2026\/01\/207346-image.jpg","width":1200,"height":680,"caption":"ParisSelectBook - Dior transforme Paul Poiret en ic\u00f4ne punk au d\u00e9fil\u00e9 Homme automne-hiver 2026-2027"},{"@type":"BreadcrumbList","@id":"https:\/\/www.parisselectbook.com\/en\/2026\/01\/26\/dior-transforms-paul-poiret-into-a-punk-icon-at-the-autumn-winter-2026-2027-mens-show\/#breadcrumb","itemListElement":[{"@type":"ListItem","position":1,"name":"Que faire \u00e0 Paris ?","item":"https:\/\/www.parisselectbook.com\/en\/category\/que-faire-a-paris-en\/"},{"@type":"ListItem","position":2,"name":"Dior transforms Paul Poiret into a punk icon at the Autumn-Winter 2026-2027 men&#8217;s show"}]},{"@type":"WebSite","@id":"https:\/\/www.parisselectbook.com\/en\/#website","url":"https:\/\/www.parisselectbook.com\/en\/","name":"Paris Select Book","description":"Le guide chic des Tendances Parisiennes","publisher":{"@id":"https:\/\/www.parisselectbook.com\/en\/#organization"},"potentialAction":[{"@type":"SearchAction","target":{"@type":"EntryPoint","urlTemplate":"https:\/\/www.parisselectbook.com\/en\/?s={search_term_string}"},"query-input":{"@type":"PropertyValueSpecification","valueRequired":true,"valueName":"search_term_string"}}],"inLanguage":"en-US"},{"@type":"Organization","@id":"https:\/\/www.parisselectbook.com\/en\/#organization","name":"Paris Select","url":"https:\/\/www.parisselectbook.com\/en\/","logo":{"@type":"ImageObject","inLanguage":"en-US","@id":"https:\/\/www.parisselectbook.com\/en\/#\/schema\/logo\/image\/","url":"https:\/\/www.parisselectbook.com\/wp-content\/uploads\/2024\/06\/logo-IG-TKTK-LK.png","contentUrl":"https:\/\/www.parisselectbook.com\/wp-content\/uploads\/2024\/06\/logo-IG-TKTK-LK.png","width":684,"height":665,"caption":"Paris Select"},"image":{"@id":"https:\/\/www.parisselectbook.com\/en\/#\/schema\/logo\/image\/"},"sameAs":["https:\/\/www.facebook.com\/parisselect","https:\/\/www.instagram.com\/parisselect\/","https:\/\/www.tiktok.com\/@parisselect"]},{"@type":"Person","@id":"https:\/\/www.parisselectbook.com\/en\/#\/schema\/person\/3675d9a80d6cbefbfde597e393c036aa","name":"zaccharie touboul","sameAs":["https:\/\/www.parisselectbook.com\/"]}]}},"_links":{"self":[{"href":"https:\/\/www.parisselectbook.com\/en\/wp-json\/wp\/v2\/posts\/207542","targetHints":{"allow":["GET"]}}],"collection":[{"href":"https:\/\/www.parisselectbook.com\/en\/wp-json\/wp\/v2\/posts"}],"about":[{"href":"https:\/\/www.parisselectbook.com\/en\/wp-json\/wp\/v2\/types\/post"}],"author":[{"embeddable":true,"href":"https:\/\/www.parisselectbook.com\/en\/wp-json\/wp\/v2\/users\/13"}],"replies":[{"embeddable":true,"href":"https:\/\/www.parisselectbook.com\/en\/wp-json\/wp\/v2\/comments?post=207542"}],"version-history":[{"count":0,"href":"https:\/\/www.parisselectbook.com\/en\/wp-json\/wp\/v2\/posts\/207542\/revisions"}],"wp:featuredmedia":[{"embeddable":true,"href":"https:\/\/www.parisselectbook.com\/en\/wp-json\/wp\/v2\/media\/207348"}],"wp:attachment":[{"href":"https:\/\/www.parisselectbook.com\/en\/wp-json\/wp\/v2\/media?parent=207542"}],"wp:term":[{"taxonomy":"category","embeddable":true,"href":"https:\/\/www.parisselectbook.com\/en\/wp-json\/wp\/v2\/categories?post=207542"},{"taxonomy":"post_tag","embeddable":true,"href":"https:\/\/www.parisselectbook.com\/en\/wp-json\/wp\/v2\/tags?post=207542"},{"taxonomy":"quartier","embeddable":true,"href":"https:\/\/www.parisselectbook.com\/en\/wp-json\/wp\/v2\/quartier?post=207542"}],"curies":[{"name":"wp","href":"https:\/\/api.w.org\/{rel}","templated":true}]}}