{"id":207614,"date":"2026-01-27T08:02:00","date_gmt":"2026-01-27T07:02:00","guid":{"rendered":"https:\/\/www.parisselectbook.com\/2026\/01\/27\/medievales-de-provins-2026-dates-and-programme-of-the-great-medieval-festival-in-seine-et-marne\/"},"modified":"2026-01-27T08:02:00","modified_gmt":"2026-01-27T07:02:00","slug":"medievales-de-provins-2026-dates-and-programme-of-the-great-medieval-festival-in-seine-et-marne","status":"publish","type":"post","link":"https:\/\/www.parisselectbook.com\/en\/2026\/01\/27\/medievales-de-provins-2026-dates-and-programme-of-the-great-medieval-festival-in-seine-et-marne\/","title":{"rendered":"M\u00e9di\u00e9vales de Provins 2026: dates and programme of the great medieval festival in Seine-et-Marne"},"content":{"rendered":"<p>In Provins, the great medieval festival is getting ready. The M\u00e9di\u00e9vales de Provins 2026 promises to be two days of historical entertainment, music and costumes, in the heart of a listed city. Families and enthusiasts can now plan their <a href=\"https:\/\/www.parisselectbook.com\/en\/2026\/01\/26\/book-a-spa-hotel-for-a-luxurious-getaway-in-paris\/\">getaway<\/a>.  <\/p>\n<h2>Dates, access and tickets &#8211; M\u00e9di\u00e9vales de Provins 2026<\/h2>\n<p>The event is traditionally held on a <a href=\"https:\/\/www.parisselectbook.com\/en\/2026\/01\/26\/paris-and-the-ile-de-france-region-the-best-deals-for-the-week-of-january-26-to-february-1-2026\/\">weekend<\/a> in <strong>June 2026<\/strong>, in <strong>Provins (Seine-et-Marne)<\/strong>, a UNESCO-listed medieval town. First, expect a pedestrianized, bustling historic center. Secondly, access is via dedicated entrances, with fluid controls at the gates.  <\/p>\n<p>As far as prices are concerned, the event remains affordable, with <a href=\"https:\/\/www.parisselectbook.com\/en\/2026\/01\/26\/asap-rocky-2026-at-the-accor-arena-in-paris-ticket-prices-and-box-office-opening\/\">tickets<\/a> advertised at between <strong>\u20ac12 and \u20ac18<\/strong>, depending on age and time of purchase. For the M\u00e9di\u00e9vales de Provins 2026, it&#8217;s a good idea to buy in advance, to limit the waiting time at ticket offices. In addition, special rates (e.g. <strong>12\u20ac<\/strong>, <strong>13\u20ac<\/strong>, <strong>16\u20ac<\/strong> or <strong>18\u20ac<\/strong>) may apply depending on the category.  <\/p>\n<h3>Program and highlights &#8211; M\u00e9di\u00e9vales de Provins 2026<\/h3>\n<p>The heart of the weekend brings together <strong>costume parades<\/strong>, <a href=\"https:\/\/www.parisselectbook.com\/en\/2026\/01\/26\/festival-chorus-2026-at-la-seine-musicale-unveils-its-full-program-day-by-day\/\">concerts<\/a> and large-scale festive gatherings in the streets. Companies bring the city to life to the rhythm of percussion and brass instruments. In addition, a vast <strong>medieval market<\/strong> features stalls of craftsmen and demonstration workshops.  <\/p>\n<blockquote><p>&#8220;Two days to experience the Middle Ages in the present, to the rhythm of drums and voices.&#8221;<\/p><\/blockquote>\n<p>During the day, the troupes perform a succession of skits, music and encounters with the public. Afterwards, the evening often continues with a <strong>medieval ball<\/strong> and convivial musical offerings. As a result, it&#8217;s easy to move between stages, taverns and reconstructed encampments.  <\/p>\n<h2>Practical information, traffic and tips<\/h2>\n<p>Attendance is high, especially in the early afternoon. First, arrive early and plan a meeting point if you&#8217;re coming in a group. In short, the M\u00e9di\u00e9vales de Provins 2026 involves a lively perimeter where strollers and cobblestones require a little anticipation.  <\/p>\n<ul>\n<li>Check the exact times of events<\/li>\n<li>Provide a suitable means of payment (cash\/CB)<\/li>\n<li>Bring water, hat, sunscreen<\/li>\n<li>Take the <strong>Transilien P<\/strong> train from <strong>Paris-Est<\/strong><\/li>\n<li>Find out about parking lots and shuttles<\/li>\n<\/ul>\n<p>What&#8217;s more, accessibility varies from street to street and from rampart to rampart. The slopes can be surprisingly steep, yet there are rest areas near the main squares. Signposting also helps you get around the most densely populated areas.  <\/p>\n<p>There are plenty of food stalls. So, if you choose to work staggered hours, the wait is reduced. Also, some exhibitors accept cards, while others prefer cash, which encourages you to prepare a small cash budget.  <\/p>\n<h3>Crafts, entertainment and catering<\/h3>\n<p>Demonstrations of traditional skills are another highlight of the M\u00e9di\u00e9vales de Provins 2026. You can observe period techniques, talk to craftsmen, and then often leave with a local object. Reasoned purchasing supports trades that are sometimes rare.  <\/p>\n<p>On the other hand, the food and drink on offer differs from stand to stand and mood to mood. You&#8217;ll find traditional breads, grills, sweets and drinks, as well as vegetarian options depending on the counter. A reusable gourd and a returnable cup remain practical and responsible.  <\/p>\n<h2>Preparing your visit to Provins<\/h2>\n<p>From Paris, the <strong>Transilien P<\/strong> train links Paris-Est to Provins at regular intervals. The journey takes around one to one-and-a-half hours, depending on the timetable, after which you can walk to the events. Local shuttles are also available, depending on the organization.  <\/p>\n<p>What&#8217;s more, accommodation is booked up early for this popular weekend. Nearby <strong>hotels<\/strong>, <strong>B&amp;Bs<\/strong> and <strong>B&amp;Bs<\/strong> sell out fast, so neighboring towns offer an alternative. A flexible budget means you can choose between proximity and comfort.  <\/p>\n<p>In short, put together an outfit that&#8217;s suited to walking and changing weather conditions. Bring comfortable shoes, sun protection or a rain jacket, and a small, lightweight bag. Now you&#8217;ve got all you need to enjoy the M\u00e9di\u00e9vales de Provins 2026, to the rhythm of a lively and generous medieval weekend.  <\/p>\n","protected":false},"excerpt":{"rendered":"<p>In Provins, the great medieval festival is getting ready. The M\u00e9di\u00e9vales de Provins 2026 promises to be two days of historical entertainment, music and costumes,&#8230;<\/p>\n","protected":false},"author":13,"featured_media":207441,"comment_status":"open","ping_status":"closed","sticky":false,"template":"","format":"standard","meta":{"_acf_changed":false,"footnotes":""},"categories":[2685],"tags":[5575],"quartier":[],"class_list":["post-207614","post","type-post","status-publish","format-standard","has-post-thumbnail","hentry","category-news-du-luxe-en","tag-medievales-de-provins-2026"],"acf":[],"yoast_head":"<!-- This site is optimized with the Yoast SEO plugin v27.5 - https:\/\/yoast.com\/product\/yoast-seo-wordpress\/ -->\n<title>M\u00e9di\u00e9vales de Provins 2026: dates and programme of the great medieval festival in Seine-et-Marne<\/title>\n<meta name=\"description\" content=\"M\u00e9di\u00e9vales de Provins 2026 in June in the UNESCO city. Prepare your medieval weekend with program, tickets 12-18\u20ac and access.\" \/>\n<meta name=\"robots\" content=\"index, follow, max-snippet:-1, max-image-preview:large, max-video-preview:-1\" \/>\n<link rel=\"canonical\" href=\"https:\/\/www.parisselectbook.com\/en\/2026\/01\/27\/medievales-de-provins-2026-dates-and-programme-of-the-great-medieval-festival-in-seine-et-marne\/\" \/>\n<meta property=\"og:locale\" content=\"en_US\" \/>\n<meta property=\"og:type\" content=\"article\" \/>\n<meta property=\"og:title\" content=\"M\u00e9di\u00e9vales de Provins 2026: dates and programme of the great medieval festival in Seine-et-Marne\" \/>\n<meta property=\"og:description\" content=\"M\u00e9di\u00e9vales de Provins 2026 in June in the UNESCO city. Prepare your medieval weekend with program, tickets 12-18\u20ac and access.\" \/>\n<meta property=\"og:url\" content=\"https:\/\/www.parisselectbook.com\/en\/2026\/01\/27\/medievales-de-provins-2026-dates-and-programme-of-the-great-medieval-festival-in-seine-et-marne\/\" \/>\n<meta property=\"og:site_name\" content=\"Paris Select\" \/>\n<meta property=\"article:publisher\" content=\"https:\/\/www.facebook.com\/parisselect\" \/>\n<meta property=\"article:published_time\" content=\"2026-01-27T07:02:00+00:00\" \/>\n<meta property=\"og:image\" content=\"https:\/\/www.parisselectbook.com\/wp-content\/uploads\/2026\/01\/207439-image.jpg\" \/>\n\t<meta property=\"og:image:width\" content=\"1200\" \/>\n\t<meta property=\"og:image:height\" content=\"680\" \/>\n\t<meta property=\"og:image:type\" content=\"image\/jpeg\" \/>\n<meta name=\"author\" content=\"zaccharie touboul\" \/>\n<meta name=\"twitter:card\" content=\"summary_large_image\" \/>\n<meta name=\"twitter:label1\" content=\"Written by\" \/>\n\t<meta name=\"twitter:data1\" content=\"zaccharie touboul\" \/>\n\t<meta name=\"twitter:label2\" content=\"Est. reading time\" \/>\n\t<meta name=\"twitter:data2\" content=\"3 minutes\" \/>\n<script type=\"application\/ld+json\" class=\"yoast-schema-graph\">{\"@context\":\"https:\\\/\\\/schema.org\",\"@graph\":[{\"@type\":\"Article\",\"@id\":\"https:\\\/\\\/www.parisselectbook.com\\\/en\\\/2026\\\/01\\\/27\\\/medievales-de-provins-2026-dates-and-programme-of-the-great-medieval-festival-in-seine-et-marne\\\/#article\",\"isPartOf\":{\"@id\":\"https:\\\/\\\/www.parisselectbook.com\\\/en\\\/2026\\\/01\\\/27\\\/medievales-de-provins-2026-dates-and-programme-of-the-great-medieval-festival-in-seine-et-marne\\\/\"},\"author\":{\"name\":\"zaccharie touboul\",\"@id\":\"https:\\\/\\\/www.parisselectbook.com\\\/en\\\/#\\\/schema\\\/person\\\/3675d9a80d6cbefbfde597e393c036aa\"},\"headline\":\"M\u00e9di\u00e9vales de Provins 2026: dates and programme of the great medieval festival in Seine-et-Marne\",\"datePublished\":\"2026-01-27T07:02:00+00:00\",\"mainEntityOfPage\":{\"@id\":\"https:\\\/\\\/www.parisselectbook.com\\\/en\\\/2026\\\/01\\\/27\\\/medievales-de-provins-2026-dates-and-programme-of-the-great-medieval-festival-in-seine-et-marne\\\/\"},\"wordCount\":663,\"commentCount\":0,\"publisher\":{\"@id\":\"https:\\\/\\\/www.parisselectbook.com\\\/en\\\/#organization\"},\"image\":{\"@id\":\"https:\\\/\\\/www.parisselectbook.com\\\/en\\\/2026\\\/01\\\/27\\\/medievales-de-provins-2026-dates-and-programme-of-the-great-medieval-festival-in-seine-et-marne\\\/#primaryimage\"},\"thumbnailUrl\":\"https:\\\/\\\/www.parisselectbook.com\\\/wp-content\\\/uploads\\\/2026\\\/01\\\/207439-image.jpg\",\"keywords\":[\"M\u00e9di\u00e9vales de Provins 2026\"],\"articleSection\":[\"News du Luxe\"],\"inLanguage\":\"en-US\",\"potentialAction\":[{\"@type\":\"CommentAction\",\"name\":\"Comment\",\"target\":[\"https:\\\/\\\/www.parisselectbook.com\\\/en\\\/2026\\\/01\\\/27\\\/medievales-de-provins-2026-dates-and-programme-of-the-great-medieval-festival-in-seine-et-marne\\\/#respond\"]}]},{\"@type\":\"WebPage\",\"@id\":\"https:\\\/\\\/www.parisselectbook.com\\\/en\\\/2026\\\/01\\\/27\\\/medievales-de-provins-2026-dates-and-programme-of-the-great-medieval-festival-in-seine-et-marne\\\/\",\"url\":\"https:\\\/\\\/www.parisselectbook.com\\\/en\\\/2026\\\/01\\\/27\\\/medievales-de-provins-2026-dates-and-programme-of-the-great-medieval-festival-in-seine-et-marne\\\/\",\"name\":\"M\u00e9di\u00e9vales de Provins 2026: dates and programme of the great medieval festival in Seine-et-Marne\",\"isPartOf\":{\"@id\":\"https:\\\/\\\/www.parisselectbook.com\\\/en\\\/#website\"},\"primaryImageOfPage\":{\"@id\":\"https:\\\/\\\/www.parisselectbook.com\\\/en\\\/2026\\\/01\\\/27\\\/medievales-de-provins-2026-dates-and-programme-of-the-great-medieval-festival-in-seine-et-marne\\\/#primaryimage\"},\"image\":{\"@id\":\"https:\\\/\\\/www.parisselectbook.com\\\/en\\\/2026\\\/01\\\/27\\\/medievales-de-provins-2026-dates-and-programme-of-the-great-medieval-festival-in-seine-et-marne\\\/#primaryimage\"},\"thumbnailUrl\":\"https:\\\/\\\/www.parisselectbook.com\\\/wp-content\\\/uploads\\\/2026\\\/01\\\/207439-image.jpg\",\"datePublished\":\"2026-01-27T07:02:00+00:00\",\"description\":\"M\u00e9di\u00e9vales de Provins 2026 in June in the UNESCO city. Prepare your medieval weekend with program, tickets 12-18\u20ac and access.\",\"breadcrumb\":{\"@id\":\"https:\\\/\\\/www.parisselectbook.com\\\/en\\\/2026\\\/01\\\/27\\\/medievales-de-provins-2026-dates-and-programme-of-the-great-medieval-festival-in-seine-et-marne\\\/#breadcrumb\"},\"inLanguage\":\"en-US\",\"potentialAction\":[{\"@type\":\"ReadAction\",\"target\":[\"https:\\\/\\\/www.parisselectbook.com\\\/en\\\/2026\\\/01\\\/27\\\/medievales-de-provins-2026-dates-and-programme-of-the-great-medieval-festival-in-seine-et-marne\\\/\"]}]},{\"@type\":\"ImageObject\",\"inLanguage\":\"en-US\",\"@id\":\"https:\\\/\\\/www.parisselectbook.com\\\/en\\\/2026\\\/01\\\/27\\\/medievales-de-provins-2026-dates-and-programme-of-the-great-medieval-festival-in-seine-et-marne\\\/#primaryimage\",\"url\":\"https:\\\/\\\/www.parisselectbook.com\\\/wp-content\\\/uploads\\\/2026\\\/01\\\/207439-image.jpg\",\"contentUrl\":\"https:\\\/\\\/www.parisselectbook.com\\\/wp-content\\\/uploads\\\/2026\\\/01\\\/207439-image.jpg\",\"width\":1200,\"height\":680,\"caption\":\"ParisSelectBook - M\u00e9di\u00e9vales de Provins 2026 : dates et programme du grand festival m\u00e9di\u00e9val en Seine-et-Marne\"},{\"@type\":\"BreadcrumbList\",\"@id\":\"https:\\\/\\\/www.parisselectbook.com\\\/en\\\/2026\\\/01\\\/27\\\/medievales-de-provins-2026-dates-and-programme-of-the-great-medieval-festival-in-seine-et-marne\\\/#breadcrumb\",\"itemListElement\":[{\"@type\":\"ListItem\",\"position\":1,\"name\":\"Que faire \u00e0 Paris ?\",\"item\":\"https:\\\/\\\/www.parisselectbook.com\\\/en\\\/category\\\/que-faire-a-paris-en\\\/\"},{\"@type\":\"ListItem\",\"position\":2,\"name\":\"M\u00e9di\u00e9vales de Provins 2026: dates and programme of the great medieval festival in Seine-et-Marne\"}]},{\"@type\":\"WebSite\",\"@id\":\"https:\\\/\\\/www.parisselectbook.com\\\/en\\\/#website\",\"url\":\"https:\\\/\\\/www.parisselectbook.com\\\/en\\\/\",\"name\":\"Paris Select Book\",\"description\":\"Le guide chic des Tendances Parisiennes\",\"publisher\":{\"@id\":\"https:\\\/\\\/www.parisselectbook.com\\\/en\\\/#organization\"},\"potentialAction\":[{\"@type\":\"SearchAction\",\"target\":{\"@type\":\"EntryPoint\",\"urlTemplate\":\"https:\\\/\\\/www.parisselectbook.com\\\/en\\\/?s={search_term_string}\"},\"query-input\":{\"@type\":\"PropertyValueSpecification\",\"valueRequired\":true,\"valueName\":\"search_term_string\"}}],\"inLanguage\":\"en-US\"},{\"@type\":\"Organization\",\"@id\":\"https:\\\/\\\/www.parisselectbook.com\\\/en\\\/#organization\",\"name\":\"Paris Select\",\"url\":\"https:\\\/\\\/www.parisselectbook.com\\\/en\\\/\",\"logo\":{\"@type\":\"ImageObject\",\"inLanguage\":\"en-US\",\"@id\":\"https:\\\/\\\/www.parisselectbook.com\\\/en\\\/#\\\/schema\\\/logo\\\/image\\\/\",\"url\":\"https:\\\/\\\/www.parisselectbook.com\\\/wp-content\\\/uploads\\\/2024\\\/06\\\/logo-IG-TKTK-LK.png\",\"contentUrl\":\"https:\\\/\\\/www.parisselectbook.com\\\/wp-content\\\/uploads\\\/2024\\\/06\\\/logo-IG-TKTK-LK.png\",\"width\":684,\"height\":665,\"caption\":\"Paris Select\"},\"image\":{\"@id\":\"https:\\\/\\\/www.parisselectbook.com\\\/en\\\/#\\\/schema\\\/logo\\\/image\\\/\"},\"sameAs\":[\"https:\\\/\\\/www.facebook.com\\\/parisselect\",\"https:\\\/\\\/www.instagram.com\\\/parisselect\\\/\",\"https:\\\/\\\/www.tiktok.com\\\/@parisselect\"]},{\"@type\":\"Person\",\"@id\":\"https:\\\/\\\/www.parisselectbook.com\\\/en\\\/#\\\/schema\\\/person\\\/3675d9a80d6cbefbfde597e393c036aa\",\"name\":\"zaccharie touboul\",\"sameAs\":[\"https:\\\/\\\/www.parisselectbook.com\\\/\"]}]}<\/script>\n<!-- \/ Yoast SEO plugin. -->","yoast_head_json":{"title":"M\u00e9di\u00e9vales de Provins 2026: dates and programme of the great medieval festival in Seine-et-Marne","description":"M\u00e9di\u00e9vales de Provins 2026 in June in the UNESCO city. Prepare your medieval weekend with program, tickets 12-18\u20ac and access.","robots":{"index":"index","follow":"follow","max-snippet":"max-snippet:-1","max-image-preview":"max-image-preview:large","max-video-preview":"max-video-preview:-1"},"canonical":"https:\/\/www.parisselectbook.com\/en\/2026\/01\/27\/medievales-de-provins-2026-dates-and-programme-of-the-great-medieval-festival-in-seine-et-marne\/","og_locale":"en_US","og_type":"article","og_title":"M\u00e9di\u00e9vales de Provins 2026: dates and programme of the great medieval festival in Seine-et-Marne","og_description":"M\u00e9di\u00e9vales de Provins 2026 in June in the UNESCO city. Prepare your medieval weekend with program, tickets 12-18\u20ac and access.","og_url":"https:\/\/www.parisselectbook.com\/en\/2026\/01\/27\/medievales-de-provins-2026-dates-and-programme-of-the-great-medieval-festival-in-seine-et-marne\/","og_site_name":"Paris Select","article_publisher":"https:\/\/www.facebook.com\/parisselect","article_published_time":"2026-01-27T07:02:00+00:00","og_image":[{"width":1200,"height":680,"url":"https:\/\/www.parisselectbook.com\/wp-content\/uploads\/2026\/01\/207439-image.jpg","type":"image\/jpeg"}],"author":"zaccharie touboul","twitter_card":"summary_large_image","twitter_misc":{"Written by":"zaccharie touboul","Est. reading time":"3 minutes"},"schema":{"@context":"https:\/\/schema.org","@graph":[{"@type":"Article","@id":"https:\/\/www.parisselectbook.com\/en\/2026\/01\/27\/medievales-de-provins-2026-dates-and-programme-of-the-great-medieval-festival-in-seine-et-marne\/#article","isPartOf":{"@id":"https:\/\/www.parisselectbook.com\/en\/2026\/01\/27\/medievales-de-provins-2026-dates-and-programme-of-the-great-medieval-festival-in-seine-et-marne\/"},"author":{"name":"zaccharie touboul","@id":"https:\/\/www.parisselectbook.com\/en\/#\/schema\/person\/3675d9a80d6cbefbfde597e393c036aa"},"headline":"M\u00e9di\u00e9vales de Provins 2026: dates and programme of the great medieval festival in Seine-et-Marne","datePublished":"2026-01-27T07:02:00+00:00","mainEntityOfPage":{"@id":"https:\/\/www.parisselectbook.com\/en\/2026\/01\/27\/medievales-de-provins-2026-dates-and-programme-of-the-great-medieval-festival-in-seine-et-marne\/"},"wordCount":663,"commentCount":0,"publisher":{"@id":"https:\/\/www.parisselectbook.com\/en\/#organization"},"image":{"@id":"https:\/\/www.parisselectbook.com\/en\/2026\/01\/27\/medievales-de-provins-2026-dates-and-programme-of-the-great-medieval-festival-in-seine-et-marne\/#primaryimage"},"thumbnailUrl":"https:\/\/www.parisselectbook.com\/wp-content\/uploads\/2026\/01\/207439-image.jpg","keywords":["M\u00e9di\u00e9vales de Provins 2026"],"articleSection":["News du Luxe"],"inLanguage":"en-US","potentialAction":[{"@type":"CommentAction","name":"Comment","target":["https:\/\/www.parisselectbook.com\/en\/2026\/01\/27\/medievales-de-provins-2026-dates-and-programme-of-the-great-medieval-festival-in-seine-et-marne\/#respond"]}]},{"@type":"WebPage","@id":"https:\/\/www.parisselectbook.com\/en\/2026\/01\/27\/medievales-de-provins-2026-dates-and-programme-of-the-great-medieval-festival-in-seine-et-marne\/","url":"https:\/\/www.parisselectbook.com\/en\/2026\/01\/27\/medievales-de-provins-2026-dates-and-programme-of-the-great-medieval-festival-in-seine-et-marne\/","name":"M\u00e9di\u00e9vales de Provins 2026: dates and programme of the great medieval festival in Seine-et-Marne","isPartOf":{"@id":"https:\/\/www.parisselectbook.com\/en\/#website"},"primaryImageOfPage":{"@id":"https:\/\/www.parisselectbook.com\/en\/2026\/01\/27\/medievales-de-provins-2026-dates-and-programme-of-the-great-medieval-festival-in-seine-et-marne\/#primaryimage"},"image":{"@id":"https:\/\/www.parisselectbook.com\/en\/2026\/01\/27\/medievales-de-provins-2026-dates-and-programme-of-the-great-medieval-festival-in-seine-et-marne\/#primaryimage"},"thumbnailUrl":"https:\/\/www.parisselectbook.com\/wp-content\/uploads\/2026\/01\/207439-image.jpg","datePublished":"2026-01-27T07:02:00+00:00","description":"M\u00e9di\u00e9vales de Provins 2026 in June in the UNESCO city. Prepare your medieval weekend with program, tickets 12-18\u20ac and access.","breadcrumb":{"@id":"https:\/\/www.parisselectbook.com\/en\/2026\/01\/27\/medievales-de-provins-2026-dates-and-programme-of-the-great-medieval-festival-in-seine-et-marne\/#breadcrumb"},"inLanguage":"en-US","potentialAction":[{"@type":"ReadAction","target":["https:\/\/www.parisselectbook.com\/en\/2026\/01\/27\/medievales-de-provins-2026-dates-and-programme-of-the-great-medieval-festival-in-seine-et-marne\/"]}]},{"@type":"ImageObject","inLanguage":"en-US","@id":"https:\/\/www.parisselectbook.com\/en\/2026\/01\/27\/medievales-de-provins-2026-dates-and-programme-of-the-great-medieval-festival-in-seine-et-marne\/#primaryimage","url":"https:\/\/www.parisselectbook.com\/wp-content\/uploads\/2026\/01\/207439-image.jpg","contentUrl":"https:\/\/www.parisselectbook.com\/wp-content\/uploads\/2026\/01\/207439-image.jpg","width":1200,"height":680,"caption":"ParisSelectBook - M\u00e9di\u00e9vales de Provins 2026 : dates et programme du grand festival m\u00e9di\u00e9val en Seine-et-Marne"},{"@type":"BreadcrumbList","@id":"https:\/\/www.parisselectbook.com\/en\/2026\/01\/27\/medievales-de-provins-2026-dates-and-programme-of-the-great-medieval-festival-in-seine-et-marne\/#breadcrumb","itemListElement":[{"@type":"ListItem","position":1,"name":"Que faire \u00e0 Paris ?","item":"https:\/\/www.parisselectbook.com\/en\/category\/que-faire-a-paris-en\/"},{"@type":"ListItem","position":2,"name":"M\u00e9di\u00e9vales de Provins 2026: dates and programme of the great medieval festival in Seine-et-Marne"}]},{"@type":"WebSite","@id":"https:\/\/www.parisselectbook.com\/en\/#website","url":"https:\/\/www.parisselectbook.com\/en\/","name":"Paris Select Book","description":"Le guide chic des Tendances Parisiennes","publisher":{"@id":"https:\/\/www.parisselectbook.com\/en\/#organization"},"potentialAction":[{"@type":"SearchAction","target":{"@type":"EntryPoint","urlTemplate":"https:\/\/www.parisselectbook.com\/en\/?s={search_term_string}"},"query-input":{"@type":"PropertyValueSpecification","valueRequired":true,"valueName":"search_term_string"}}],"inLanguage":"en-US"},{"@type":"Organization","@id":"https:\/\/www.parisselectbook.com\/en\/#organization","name":"Paris Select","url":"https:\/\/www.parisselectbook.com\/en\/","logo":{"@type":"ImageObject","inLanguage":"en-US","@id":"https:\/\/www.parisselectbook.com\/en\/#\/schema\/logo\/image\/","url":"https:\/\/www.parisselectbook.com\/wp-content\/uploads\/2024\/06\/logo-IG-TKTK-LK.png","contentUrl":"https:\/\/www.parisselectbook.com\/wp-content\/uploads\/2024\/06\/logo-IG-TKTK-LK.png","width":684,"height":665,"caption":"Paris Select"},"image":{"@id":"https:\/\/www.parisselectbook.com\/en\/#\/schema\/logo\/image\/"},"sameAs":["https:\/\/www.facebook.com\/parisselect","https:\/\/www.instagram.com\/parisselect\/","https:\/\/www.tiktok.com\/@parisselect"]},{"@type":"Person","@id":"https:\/\/www.parisselectbook.com\/en\/#\/schema\/person\/3675d9a80d6cbefbfde597e393c036aa","name":"zaccharie touboul","sameAs":["https:\/\/www.parisselectbook.com\/"]}]}},"_links":{"self":[{"href":"https:\/\/www.parisselectbook.com\/en\/wp-json\/wp\/v2\/posts\/207614","targetHints":{"allow":["GET"]}}],"collection":[{"href":"https:\/\/www.parisselectbook.com\/en\/wp-json\/wp\/v2\/posts"}],"about":[{"href":"https:\/\/www.parisselectbook.com\/en\/wp-json\/wp\/v2\/types\/post"}],"author":[{"embeddable":true,"href":"https:\/\/www.parisselectbook.com\/en\/wp-json\/wp\/v2\/users\/13"}],"replies":[{"embeddable":true,"href":"https:\/\/www.parisselectbook.com\/en\/wp-json\/wp\/v2\/comments?post=207614"}],"version-history":[{"count":0,"href":"https:\/\/www.parisselectbook.com\/en\/wp-json\/wp\/v2\/posts\/207614\/revisions"}],"wp:featuredmedia":[{"embeddable":true,"href":"https:\/\/www.parisselectbook.com\/en\/wp-json\/wp\/v2\/media\/207441"}],"wp:attachment":[{"href":"https:\/\/www.parisselectbook.com\/en\/wp-json\/wp\/v2\/media?parent=207614"}],"wp:term":[{"taxonomy":"category","embeddable":true,"href":"https:\/\/www.parisselectbook.com\/en\/wp-json\/wp\/v2\/categories?post=207614"},{"taxonomy":"post_tag","embeddable":true,"href":"https:\/\/www.parisselectbook.com\/en\/wp-json\/wp\/v2\/tags?post=207614"},{"taxonomy":"quartier","embeddable":true,"href":"https:\/\/www.parisselectbook.com\/en\/wp-json\/wp\/v2\/quartier?post=207614"}],"curies":[{"name":"wp","href":"https:\/\/api.w.org\/{rel}","templated":true}]}}