{"id":207831,"date":"2026-01-28T09:19:00","date_gmt":"2026-01-28T08:19:00","guid":{"rendered":"https:\/\/www.parisselectbook.com\/2026\/01\/28\/retro-jacket-replaces-the-blazer-this-spring-2026-chic-and-light-alternative\/"},"modified":"2026-01-28T09:19:00","modified_gmt":"2026-01-28T08:19:00","slug":"retro-jacket-replaces-the-blazer-this-spring-2026-chic-and-light-alternative","status":"publish","type":"post","link":"https:\/\/www.parisselectbook.com\/en\/2026\/01\/28\/retro-jacket-replaces-the-blazer-this-spring-2026-chic-and-light-alternative\/","title":{"rendered":"Retro jacket replaces the blazer this spring 2026: chic and light alternative"},"content":{"rendered":"<p>Spring turns our sartorial bearings upside down, without upsetting our daily routine. The retro jacket is a solid alternative to the blazer. The result remains <a href=\"https:\/\/www.parisselectbook.com\/en\/2026\/01\/27\/red-nail-polish-shade-2026-the-color-that-boosts-the-chic-of-any-manicure\/\">chic<\/a>, but more supple and practical for days that stretch out.  <\/p>\n<h2>Why this model is so popular in spring<\/h2>\n<p>The weather is changing, so wardrobes need flexibility. A retro jacket provides soft structure, while retaining lightness. So it can go from cool <a href=\"https:\/\/www.parisselectbook.com\/en\/2026\/01\/27\/ultra-easy-styling-trend-2026-invades-your-feed-and-simplifies-your-mornings\/\">morning<\/a> to sunny afternoon without a false note.  <\/p>\n<p>The format is reassuringly functional, as it provides useful storage space. Patch pockets, sometimes as many as <strong>4<\/strong>, provide space for keys, badges and phones. What&#8217;s more, these <a href=\"https:\/\/www.parisselectbook.com\/en\/2026\/01\/27\/mens-jewelry-5-pieces-of-jewelry-seen-on-the-catwalks-to-borrow-from-your-boyfriend-this-season\/\">details<\/a> add relief without overloading the silhouette.  <\/p>\n<p>The codes come from the utilitarian wardrobe and archives of the 60s to 90s. We think of the canvas work jacket, the safari jacket, or more <a href=\"https:\/\/www.parisselectbook.com\/en\/2026\/01\/27\/balenciaga-signs-2-collaborations-with-manolo-blahnik-and-the-nba-for-its-new-collection\/\">sportswear<\/a> volumes. As a result, the style remains familiar, but gains in freshness.  <\/p>\n<blockquote><p>&#8220;For a credible transition from the blazer, bet on a clean cut, breathable fabric, and sober color.&#8221;<\/p><\/blockquote>\n<h3>Cut, materials, details that count<\/h3>\n<p>A straight, slightly curved line visually elongates without being rigid. The stature should hold, but not enclose, especially with a thin sweater. This keeps the retro jacket lively and easy to layer.  <\/p>\n<p>Cotton canvas, twill or linen-cotton blends work very well. A minimum of <strong>70%<\/strong> natural fibers enhances everyday comfort. On the other hand, a partial lining is sufficient, as the season demands ease of movement.  <\/p>\n<ul>\n<li>Choose breathable, durable materials.<\/li>\n<li>Check the fit of the shoulders and shoulders.<\/li>\n<li>Examine the strength of pockets and buttons.<\/li>\n<li>Choose a hip-length for greater versatility.<\/li>\n<li>Test layering with a shirt and a thin sweater.<\/li>\n<\/ul>\n<h2>How to wear it from the office to the weekend<\/h2>\n<p>In the office, the equation remains simple and clean. Pair a retro jacket with tailored pants, a striped shirt and loafers. In this way, the look gains in modernity without losing professional credibility.  <\/p>\n<p>For casual wear, straight jeans and a white T-shirt are all you need. Add low-top sneakers and a tote bag for an effective outfit. And, depending on your mood, vary wise colors like beige, navy or khaki.  <\/p>\n<p>For evening, opt for a flowing dress and slim ankle boots. A slim belt on the waist reinvents proportions with ease. Also, a few brushed metal jewels reinforce the utilitarian chic spirit.  <\/p>\n<h3>Responsible and sustainable purchasing guide<\/h3>\n<p>Before you buy, look at finishes, fabric density, and repairability. Look for retouching programs, because a solid button changes everything. As a result, a well-designed retro jacket goes the distance better.  <\/p>\n<p>Maintenance is just as important as purchase, especially for untreated canvas. Brush, aerate and clean whenever possible. With regular use, the lifespan can exceed <strong>5 years<\/strong>.  <\/p>\n<h2>Trends and outlook for the season<\/h2>\n<p>Natural shades dominate, with discreet contrasts in the stitching. Metallic or horn-effect buttons make for a more assertive look. Volumes remain clean, but shoulders are softer.  <\/p>\n<p>Vintage references return in small touches, without ostentatious nostalgia. We see more compact collars, and wiser lapels too. On the other hand, pockets continue to anchor the ensemble in a practical spirit.  <\/p>\n<p>This piece is well-suited to mixed-gender dressing rooms, as it rejects extremes. It appeals to a wide range of silhouettes, from XS to the most inclusive. Finally, it simplifies hurried mornings, thanks to its ready-to-wear style.  <\/p>\n<p>You can adopt it gradually, replacing the blazer every other day. Then, simply add a strong piece, such as a pair of raw denim jeans. In this way, the retro jacket becomes a reliable pivot, season after season.  <\/p>\n","protected":false},"excerpt":{"rendered":"<p>Spring turns our sartorial bearings upside down, without upsetting our daily routine. The retro jacket is a solid alternative to the blazer. The result remains&#8230;<\/p>\n","protected":false},"author":13,"featured_media":207709,"comment_status":"open","ping_status":"closed","sticky":false,"template":"","format":"standard","meta":{"_acf_changed":false,"footnotes":""},"categories":[2685],"tags":[5610],"quartier":[],"class_list":["post-207831","post","type-post","status-publish","format-standard","has-post-thumbnail","hentry","category-news-du-luxe-en","tag-retro-jacket"],"acf":[],"yoast_head":"<!-- This site is optimized with the Yoast SEO plugin v27.5 - https:\/\/yoast.com\/product\/yoast-seo-wordpress\/ -->\n<title>Retro jacket replaces the blazer this spring 2026: chic and light alternative<\/title>\n<meta name=\"description\" content=\"The lighter, more breathable retro jacket for spring 2026. With up to 4 pockets and a clean cut, it goes from the office to the weekend.\" \/>\n<meta name=\"robots\" content=\"index, follow, max-snippet:-1, max-image-preview:large, max-video-preview:-1\" \/>\n<link rel=\"canonical\" href=\"https:\/\/www.parisselectbook.com\/en\/2026\/01\/28\/retro-jacket-replaces-the-blazer-this-spring-2026-chic-and-light-alternative\/\" \/>\n<meta property=\"og:locale\" content=\"en_US\" \/>\n<meta property=\"og:type\" content=\"article\" \/>\n<meta property=\"og:title\" content=\"Retro jacket replaces the blazer this spring 2026: chic and light alternative\" \/>\n<meta property=\"og:description\" content=\"The lighter, more breathable retro jacket for spring 2026. With up to 4 pockets and a clean cut, it goes from the office to the weekend.\" \/>\n<meta property=\"og:url\" content=\"https:\/\/www.parisselectbook.com\/en\/2026\/01\/28\/retro-jacket-replaces-the-blazer-this-spring-2026-chic-and-light-alternative\/\" \/>\n<meta property=\"og:site_name\" content=\"Paris Select\" \/>\n<meta property=\"article:publisher\" content=\"https:\/\/www.facebook.com\/parisselect\" \/>\n<meta property=\"article:published_time\" content=\"2026-01-28T08:19:00+00:00\" \/>\n<meta property=\"og:image\" content=\"https:\/\/www.parisselectbook.com\/wp-content\/uploads\/2026\/01\/207707-image.jpg\" \/>\n\t<meta property=\"og:image:width\" content=\"1200\" \/>\n\t<meta property=\"og:image:height\" content=\"680\" \/>\n\t<meta property=\"og:image:type\" content=\"image\/jpeg\" \/>\n<meta name=\"author\" content=\"zaccharie touboul\" \/>\n<meta name=\"twitter:card\" content=\"summary_large_image\" \/>\n<meta name=\"twitter:label1\" content=\"Written by\" \/>\n\t<meta name=\"twitter:data1\" content=\"zaccharie touboul\" \/>\n\t<meta name=\"twitter:label2\" content=\"Est. reading time\" \/>\n\t<meta name=\"twitter:data2\" content=\"3 minutes\" \/>\n<script type=\"application\/ld+json\" class=\"yoast-schema-graph\">{\"@context\":\"https:\\\/\\\/schema.org\",\"@graph\":[{\"@type\":\"Article\",\"@id\":\"https:\\\/\\\/www.parisselectbook.com\\\/en\\\/2026\\\/01\\\/28\\\/retro-jacket-replaces-the-blazer-this-spring-2026-chic-and-light-alternative\\\/#article\",\"isPartOf\":{\"@id\":\"https:\\\/\\\/www.parisselectbook.com\\\/en\\\/2026\\\/01\\\/28\\\/retro-jacket-replaces-the-blazer-this-spring-2026-chic-and-light-alternative\\\/\"},\"author\":{\"name\":\"zaccharie touboul\",\"@id\":\"https:\\\/\\\/www.parisselectbook.com\\\/en\\\/#\\\/schema\\\/person\\\/3675d9a80d6cbefbfde597e393c036aa\"},\"headline\":\"Retro jacket replaces the blazer this spring 2026: chic and light alternative\",\"datePublished\":\"2026-01-28T08:19:00+00:00\",\"mainEntityOfPage\":{\"@id\":\"https:\\\/\\\/www.parisselectbook.com\\\/en\\\/2026\\\/01\\\/28\\\/retro-jacket-replaces-the-blazer-this-spring-2026-chic-and-light-alternative\\\/\"},\"wordCount\":592,\"commentCount\":0,\"publisher\":{\"@id\":\"https:\\\/\\\/www.parisselectbook.com\\\/en\\\/#organization\"},\"image\":{\"@id\":\"https:\\\/\\\/www.parisselectbook.com\\\/en\\\/2026\\\/01\\\/28\\\/retro-jacket-replaces-the-blazer-this-spring-2026-chic-and-light-alternative\\\/#primaryimage\"},\"thumbnailUrl\":\"https:\\\/\\\/www.parisselectbook.com\\\/wp-content\\\/uploads\\\/2026\\\/01\\\/207707-image.jpg\",\"keywords\":[\"retro jacket\"],\"articleSection\":[\"News du Luxe\"],\"inLanguage\":\"en-US\",\"potentialAction\":[{\"@type\":\"CommentAction\",\"name\":\"Comment\",\"target\":[\"https:\\\/\\\/www.parisselectbook.com\\\/en\\\/2026\\\/01\\\/28\\\/retro-jacket-replaces-the-blazer-this-spring-2026-chic-and-light-alternative\\\/#respond\"]}]},{\"@type\":\"WebPage\",\"@id\":\"https:\\\/\\\/www.parisselectbook.com\\\/en\\\/2026\\\/01\\\/28\\\/retro-jacket-replaces-the-blazer-this-spring-2026-chic-and-light-alternative\\\/\",\"url\":\"https:\\\/\\\/www.parisselectbook.com\\\/en\\\/2026\\\/01\\\/28\\\/retro-jacket-replaces-the-blazer-this-spring-2026-chic-and-light-alternative\\\/\",\"name\":\"Retro jacket replaces the blazer this spring 2026: chic and light alternative\",\"isPartOf\":{\"@id\":\"https:\\\/\\\/www.parisselectbook.com\\\/en\\\/#website\"},\"primaryImageOfPage\":{\"@id\":\"https:\\\/\\\/www.parisselectbook.com\\\/en\\\/2026\\\/01\\\/28\\\/retro-jacket-replaces-the-blazer-this-spring-2026-chic-and-light-alternative\\\/#primaryimage\"},\"image\":{\"@id\":\"https:\\\/\\\/www.parisselectbook.com\\\/en\\\/2026\\\/01\\\/28\\\/retro-jacket-replaces-the-blazer-this-spring-2026-chic-and-light-alternative\\\/#primaryimage\"},\"thumbnailUrl\":\"https:\\\/\\\/www.parisselectbook.com\\\/wp-content\\\/uploads\\\/2026\\\/01\\\/207707-image.jpg\",\"datePublished\":\"2026-01-28T08:19:00+00:00\",\"description\":\"The lighter, more breathable retro jacket for spring 2026. With up to 4 pockets and a clean cut, it goes from the office to the weekend.\",\"breadcrumb\":{\"@id\":\"https:\\\/\\\/www.parisselectbook.com\\\/en\\\/2026\\\/01\\\/28\\\/retro-jacket-replaces-the-blazer-this-spring-2026-chic-and-light-alternative\\\/#breadcrumb\"},\"inLanguage\":\"en-US\",\"potentialAction\":[{\"@type\":\"ReadAction\",\"target\":[\"https:\\\/\\\/www.parisselectbook.com\\\/en\\\/2026\\\/01\\\/28\\\/retro-jacket-replaces-the-blazer-this-spring-2026-chic-and-light-alternative\\\/\"]}]},{\"@type\":\"ImageObject\",\"inLanguage\":\"en-US\",\"@id\":\"https:\\\/\\\/www.parisselectbook.com\\\/en\\\/2026\\\/01\\\/28\\\/retro-jacket-replaces-the-blazer-this-spring-2026-chic-and-light-alternative\\\/#primaryimage\",\"url\":\"https:\\\/\\\/www.parisselectbook.com\\\/wp-content\\\/uploads\\\/2026\\\/01\\\/207707-image.jpg\",\"contentUrl\":\"https:\\\/\\\/www.parisselectbook.com\\\/wp-content\\\/uploads\\\/2026\\\/01\\\/207707-image.jpg\",\"width\":1200,\"height\":680,\"caption\":\"ParisSelectBook - Veste r\u00e9tro remplace le blazer ce printemps 2026: alternative chic et l\u00e9g\u00e8re\"},{\"@type\":\"BreadcrumbList\",\"@id\":\"https:\\\/\\\/www.parisselectbook.com\\\/en\\\/2026\\\/01\\\/28\\\/retro-jacket-replaces-the-blazer-this-spring-2026-chic-and-light-alternative\\\/#breadcrumb\",\"itemListElement\":[{\"@type\":\"ListItem\",\"position\":1,\"name\":\"Que faire \u00e0 Paris ?\",\"item\":\"https:\\\/\\\/www.parisselectbook.com\\\/en\\\/category\\\/que-faire-a-paris-en\\\/\"},{\"@type\":\"ListItem\",\"position\":2,\"name\":\"Retro jacket replaces the blazer this spring 2026: chic and light alternative\"}]},{\"@type\":\"WebSite\",\"@id\":\"https:\\\/\\\/www.parisselectbook.com\\\/en\\\/#website\",\"url\":\"https:\\\/\\\/www.parisselectbook.com\\\/en\\\/\",\"name\":\"Paris Select Book\",\"description\":\"Le guide chic des Tendances Parisiennes\",\"publisher\":{\"@id\":\"https:\\\/\\\/www.parisselectbook.com\\\/en\\\/#organization\"},\"potentialAction\":[{\"@type\":\"SearchAction\",\"target\":{\"@type\":\"EntryPoint\",\"urlTemplate\":\"https:\\\/\\\/www.parisselectbook.com\\\/en\\\/?s={search_term_string}\"},\"query-input\":{\"@type\":\"PropertyValueSpecification\",\"valueRequired\":true,\"valueName\":\"search_term_string\"}}],\"inLanguage\":\"en-US\"},{\"@type\":\"Organization\",\"@id\":\"https:\\\/\\\/www.parisselectbook.com\\\/en\\\/#organization\",\"name\":\"Paris Select\",\"url\":\"https:\\\/\\\/www.parisselectbook.com\\\/en\\\/\",\"logo\":{\"@type\":\"ImageObject\",\"inLanguage\":\"en-US\",\"@id\":\"https:\\\/\\\/www.parisselectbook.com\\\/en\\\/#\\\/schema\\\/logo\\\/image\\\/\",\"url\":\"https:\\\/\\\/www.parisselectbook.com\\\/wp-content\\\/uploads\\\/2024\\\/06\\\/logo-IG-TKTK-LK.png\",\"contentUrl\":\"https:\\\/\\\/www.parisselectbook.com\\\/wp-content\\\/uploads\\\/2024\\\/06\\\/logo-IG-TKTK-LK.png\",\"width\":684,\"height\":665,\"caption\":\"Paris Select\"},\"image\":{\"@id\":\"https:\\\/\\\/www.parisselectbook.com\\\/en\\\/#\\\/schema\\\/logo\\\/image\\\/\"},\"sameAs\":[\"https:\\\/\\\/www.facebook.com\\\/parisselect\",\"https:\\\/\\\/www.instagram.com\\\/parisselect\\\/\",\"https:\\\/\\\/www.tiktok.com\\\/@parisselect\"]},{\"@type\":\"Person\",\"@id\":\"https:\\\/\\\/www.parisselectbook.com\\\/en\\\/#\\\/schema\\\/person\\\/3675d9a80d6cbefbfde597e393c036aa\",\"name\":\"zaccharie touboul\",\"sameAs\":[\"https:\\\/\\\/www.parisselectbook.com\\\/\"]}]}<\/script>\n<!-- \/ Yoast SEO plugin. -->","yoast_head_json":{"title":"Retro jacket replaces the blazer this spring 2026: chic and light alternative","description":"The lighter, more breathable retro jacket for spring 2026. With up to 4 pockets and a clean cut, it goes from the office to the weekend.","robots":{"index":"index","follow":"follow","max-snippet":"max-snippet:-1","max-image-preview":"max-image-preview:large","max-video-preview":"max-video-preview:-1"},"canonical":"https:\/\/www.parisselectbook.com\/en\/2026\/01\/28\/retro-jacket-replaces-the-blazer-this-spring-2026-chic-and-light-alternative\/","og_locale":"en_US","og_type":"article","og_title":"Retro jacket replaces the blazer this spring 2026: chic and light alternative","og_description":"The lighter, more breathable retro jacket for spring 2026. With up to 4 pockets and a clean cut, it goes from the office to the weekend.","og_url":"https:\/\/www.parisselectbook.com\/en\/2026\/01\/28\/retro-jacket-replaces-the-blazer-this-spring-2026-chic-and-light-alternative\/","og_site_name":"Paris Select","article_publisher":"https:\/\/www.facebook.com\/parisselect","article_published_time":"2026-01-28T08:19:00+00:00","og_image":[{"width":1200,"height":680,"url":"https:\/\/www.parisselectbook.com\/wp-content\/uploads\/2026\/01\/207707-image.jpg","type":"image\/jpeg"}],"author":"zaccharie touboul","twitter_card":"summary_large_image","twitter_misc":{"Written by":"zaccharie touboul","Est. reading time":"3 minutes"},"schema":{"@context":"https:\/\/schema.org","@graph":[{"@type":"Article","@id":"https:\/\/www.parisselectbook.com\/en\/2026\/01\/28\/retro-jacket-replaces-the-blazer-this-spring-2026-chic-and-light-alternative\/#article","isPartOf":{"@id":"https:\/\/www.parisselectbook.com\/en\/2026\/01\/28\/retro-jacket-replaces-the-blazer-this-spring-2026-chic-and-light-alternative\/"},"author":{"name":"zaccharie touboul","@id":"https:\/\/www.parisselectbook.com\/en\/#\/schema\/person\/3675d9a80d6cbefbfde597e393c036aa"},"headline":"Retro jacket replaces the blazer this spring 2026: chic and light alternative","datePublished":"2026-01-28T08:19:00+00:00","mainEntityOfPage":{"@id":"https:\/\/www.parisselectbook.com\/en\/2026\/01\/28\/retro-jacket-replaces-the-blazer-this-spring-2026-chic-and-light-alternative\/"},"wordCount":592,"commentCount":0,"publisher":{"@id":"https:\/\/www.parisselectbook.com\/en\/#organization"},"image":{"@id":"https:\/\/www.parisselectbook.com\/en\/2026\/01\/28\/retro-jacket-replaces-the-blazer-this-spring-2026-chic-and-light-alternative\/#primaryimage"},"thumbnailUrl":"https:\/\/www.parisselectbook.com\/wp-content\/uploads\/2026\/01\/207707-image.jpg","keywords":["retro jacket"],"articleSection":["News du Luxe"],"inLanguage":"en-US","potentialAction":[{"@type":"CommentAction","name":"Comment","target":["https:\/\/www.parisselectbook.com\/en\/2026\/01\/28\/retro-jacket-replaces-the-blazer-this-spring-2026-chic-and-light-alternative\/#respond"]}]},{"@type":"WebPage","@id":"https:\/\/www.parisselectbook.com\/en\/2026\/01\/28\/retro-jacket-replaces-the-blazer-this-spring-2026-chic-and-light-alternative\/","url":"https:\/\/www.parisselectbook.com\/en\/2026\/01\/28\/retro-jacket-replaces-the-blazer-this-spring-2026-chic-and-light-alternative\/","name":"Retro jacket replaces the blazer this spring 2026: chic and light alternative","isPartOf":{"@id":"https:\/\/www.parisselectbook.com\/en\/#website"},"primaryImageOfPage":{"@id":"https:\/\/www.parisselectbook.com\/en\/2026\/01\/28\/retro-jacket-replaces-the-blazer-this-spring-2026-chic-and-light-alternative\/#primaryimage"},"image":{"@id":"https:\/\/www.parisselectbook.com\/en\/2026\/01\/28\/retro-jacket-replaces-the-blazer-this-spring-2026-chic-and-light-alternative\/#primaryimage"},"thumbnailUrl":"https:\/\/www.parisselectbook.com\/wp-content\/uploads\/2026\/01\/207707-image.jpg","datePublished":"2026-01-28T08:19:00+00:00","description":"The lighter, more breathable retro jacket for spring 2026. With up to 4 pockets and a clean cut, it goes from the office to the weekend.","breadcrumb":{"@id":"https:\/\/www.parisselectbook.com\/en\/2026\/01\/28\/retro-jacket-replaces-the-blazer-this-spring-2026-chic-and-light-alternative\/#breadcrumb"},"inLanguage":"en-US","potentialAction":[{"@type":"ReadAction","target":["https:\/\/www.parisselectbook.com\/en\/2026\/01\/28\/retro-jacket-replaces-the-blazer-this-spring-2026-chic-and-light-alternative\/"]}]},{"@type":"ImageObject","inLanguage":"en-US","@id":"https:\/\/www.parisselectbook.com\/en\/2026\/01\/28\/retro-jacket-replaces-the-blazer-this-spring-2026-chic-and-light-alternative\/#primaryimage","url":"https:\/\/www.parisselectbook.com\/wp-content\/uploads\/2026\/01\/207707-image.jpg","contentUrl":"https:\/\/www.parisselectbook.com\/wp-content\/uploads\/2026\/01\/207707-image.jpg","width":1200,"height":680,"caption":"ParisSelectBook - Veste r\u00e9tro remplace le blazer ce printemps 2026: alternative chic et l\u00e9g\u00e8re"},{"@type":"BreadcrumbList","@id":"https:\/\/www.parisselectbook.com\/en\/2026\/01\/28\/retro-jacket-replaces-the-blazer-this-spring-2026-chic-and-light-alternative\/#breadcrumb","itemListElement":[{"@type":"ListItem","position":1,"name":"Que faire \u00e0 Paris ?","item":"https:\/\/www.parisselectbook.com\/en\/category\/que-faire-a-paris-en\/"},{"@type":"ListItem","position":2,"name":"Retro jacket replaces the blazer this spring 2026: chic and light alternative"}]},{"@type":"WebSite","@id":"https:\/\/www.parisselectbook.com\/en\/#website","url":"https:\/\/www.parisselectbook.com\/en\/","name":"Paris Select Book","description":"Le guide chic des Tendances Parisiennes","publisher":{"@id":"https:\/\/www.parisselectbook.com\/en\/#organization"},"potentialAction":[{"@type":"SearchAction","target":{"@type":"EntryPoint","urlTemplate":"https:\/\/www.parisselectbook.com\/en\/?s={search_term_string}"},"query-input":{"@type":"PropertyValueSpecification","valueRequired":true,"valueName":"search_term_string"}}],"inLanguage":"en-US"},{"@type":"Organization","@id":"https:\/\/www.parisselectbook.com\/en\/#organization","name":"Paris Select","url":"https:\/\/www.parisselectbook.com\/en\/","logo":{"@type":"ImageObject","inLanguage":"en-US","@id":"https:\/\/www.parisselectbook.com\/en\/#\/schema\/logo\/image\/","url":"https:\/\/www.parisselectbook.com\/wp-content\/uploads\/2024\/06\/logo-IG-TKTK-LK.png","contentUrl":"https:\/\/www.parisselectbook.com\/wp-content\/uploads\/2024\/06\/logo-IG-TKTK-LK.png","width":684,"height":665,"caption":"Paris Select"},"image":{"@id":"https:\/\/www.parisselectbook.com\/en\/#\/schema\/logo\/image\/"},"sameAs":["https:\/\/www.facebook.com\/parisselect","https:\/\/www.instagram.com\/parisselect\/","https:\/\/www.tiktok.com\/@parisselect"]},{"@type":"Person","@id":"https:\/\/www.parisselectbook.com\/en\/#\/schema\/person\/3675d9a80d6cbefbfde597e393c036aa","name":"zaccharie touboul","sameAs":["https:\/\/www.parisselectbook.com\/"]}]}},"_links":{"self":[{"href":"https:\/\/www.parisselectbook.com\/en\/wp-json\/wp\/v2\/posts\/207831","targetHints":{"allow":["GET"]}}],"collection":[{"href":"https:\/\/www.parisselectbook.com\/en\/wp-json\/wp\/v2\/posts"}],"about":[{"href":"https:\/\/www.parisselectbook.com\/en\/wp-json\/wp\/v2\/types\/post"}],"author":[{"embeddable":true,"href":"https:\/\/www.parisselectbook.com\/en\/wp-json\/wp\/v2\/users\/13"}],"replies":[{"embeddable":true,"href":"https:\/\/www.parisselectbook.com\/en\/wp-json\/wp\/v2\/comments?post=207831"}],"version-history":[{"count":0,"href":"https:\/\/www.parisselectbook.com\/en\/wp-json\/wp\/v2\/posts\/207831\/revisions"}],"wp:featuredmedia":[{"embeddable":true,"href":"https:\/\/www.parisselectbook.com\/en\/wp-json\/wp\/v2\/media\/207709"}],"wp:attachment":[{"href":"https:\/\/www.parisselectbook.com\/en\/wp-json\/wp\/v2\/media?parent=207831"}],"wp:term":[{"taxonomy":"category","embeddable":true,"href":"https:\/\/www.parisselectbook.com\/en\/wp-json\/wp\/v2\/categories?post=207831"},{"taxonomy":"post_tag","embeddable":true,"href":"https:\/\/www.parisselectbook.com\/en\/wp-json\/wp\/v2\/tags?post=207831"},{"taxonomy":"quartier","embeddable":true,"href":"https:\/\/www.parisselectbook.com\/en\/wp-json\/wp\/v2\/quartier?post=207831"}],"curies":[{"name":"wp","href":"https:\/\/api.w.org\/{rel}","templated":true}]}}