{"id":208006,"date":"2026-01-29T09:37:00","date_gmt":"2026-01-29T08:37:00","guid":{"rendered":"https:\/\/www.parisselectbook.com\/2026\/01\/29\/nuit-des-musees-2026-in-paris-and-the-ile-de-france-region-dates-to-remember\/"},"modified":"2026-01-29T09:37:00","modified_gmt":"2026-01-29T08:37:00","slug":"nuit-des-musees-2026-in-paris-and-the-ile-de-france-region-dates-to-remember","status":"publish","type":"post","link":"https:\/\/www.parisselectbook.com\/en\/2026\/01\/29\/nuit-des-musees-2026-in-paris-and-the-ile-de-france-region-dates-to-remember\/","title":{"rendered":"Nuit des Mus\u00e9es 2026 in Paris and the \u00cele-de-France region: dates to remember"},"content":{"rendered":"<p>Nuit des Mus\u00e9es 2026 promises to be a highlight for culture lovers. In Paris and the \u00cele-de-France region, this free evening should offer a wide choice of exceptional openings and<a href=\"https:\/\/www.parisselectbook.com\/en\/2026\/01\/28\/action-painting-in-paris-a-new-immersive-concept-that-combines-art-and-fun\/\">original events<\/a>, as it does every spring. <\/p>\n<h2>Nuit des Mus\u00e9es 2026: date, principle and free admission<\/h2>\n<p>Like every year, the event is held on a <strong><a href=\"https:\/\/www.parisselectbook.com\/en\/2026\/01\/28\/sncf-ouigo-launches-new-low-cost-tgvs-between-paris-bordeaux-marseille-and-strasbourg\/\">Saturday evening<\/a><\/strong><strong>May<\/strong> 23 <strong>, 2026<\/strong>, with <strong>free admission<\/strong> to many establishments. Museums open at night, often between <strong>6 p.m.<\/strong> and <strong>midnight<\/strong>, depending on the venue. <\/p>\n<p>The principle remains simple and accessible. What&#8217;s more, the Ministry coordinates the mobilization of the national network, while <strong><a href=\"https:\/\/www.parisselectbook.com\/en\/2026\/01\/27\/valentines-day-at-the-hotel-westminster-our-recommendation-for-an-exceptional-dinner-in-the-heart-of-chic-romantic-paris\/\">Paris<\/a><\/strong> and <strong>\u00cele-de-France<\/strong> are home to a dense and varied program, supported by local cultural teams. <\/p>\n<h3>What to expect in Paris and \u00cele-de-France<\/h3>\n<p>In the capital and its region, the variety of venues often surprises visitors. <strong>Nuit des Mus\u00e9es 2026<\/strong> brings together national museums, municipal spaces, art centers and <a href=\"https:\/\/www.parisselectbook.com\/en\/2026\/01\/28\/val-de-grace-the-historic-gardens-reopen-to-the-public-this-tuesday-in-the-5th-arrondissement-of-paris\/\">monuments<\/a>, with short, fun and convivial formats. <\/p>\n<blockquote><p>&#8220;A free evening opens doors and creates unexpected encounters with the works.&#8221;<\/p><\/blockquote>\n<p>Also, the evening combines free tours, mini-conferences, workshops, performances, and sometimes concerts. On the other hand, some popular sites may require visitors to count their admissions or reserve a slot. <\/p>\n<p>However, traffic flows smoothly if you think ahead. Consequently, it&#8217;s best to choose a specific area, limit the number of museums, and plan walking times between two stages. <\/p>\n<ul>\n<li>Check the precise timetable for each location.<\/li>\n<li>Identify access points and dedicated queues.<\/li>\n<li>Focus on a coherent route through each neighborhood.<\/li>\n<li>Plan B in case of overcrowding.<\/li>\n<li>Leave a margin before closing the doors.<\/li>\n<\/ul>\n<h2>Programming, audiences and formats<\/h2>\n<p>The teams often design short formats, adapted to night-time. In this way, families, the curious and regulars alike find complementary experiences that are easy to combine into a single evening. <\/p>\n<p>For children, the approach remains playful and progressive. What&#8217;s more, a number of specially adapted workshops offer a first contact with the collections, without overloading them with information. <\/p>\n<p><strong>Nuit des Mus\u00e9es 2026<\/strong> also focuses on young visitors, students and first-time visitors. In addition, a large number of oral presentations bring the content to life, making it easier for visitors to get involved. <\/p>\n<h3>Preparing your route without stress<\/h3>\n<p>It is therefore useful to estimate travel times between arrondissements. <strong>Nuit des Mus\u00e9es 2026<\/strong> works best with a tight, realistic itinerary. <\/p>\n<p>Then keep an eye out for the last entries, sometimes set before <strong>midnight<\/strong>. In short, arriving early in the evening reduces waiting times and leaves time for the unexpected. <\/p>\n<h2>Practical information, accessibility and good ideas<\/h2>\n<p>Reception conditions vary from establishment to establishment. For example, some venues require free reservations, while others have strict rules and supervised queuing. <\/p>\n<p>In terms of accessibility, special features can be provided. Depending on the site, these may include sign language tours, magnetic loops or tactile tours. <\/p>\n<p>Respecting the works of art and the instructions remains central. The <strong>Nuit des Mus\u00e9es 2026<\/strong> should be experienced calmly, with sensible use of photography, especially if restrictions are indicated on site. <\/p>\n<p>Finally, thinking in terms of comfort and sobriety really helps. So, with the right footwear, reusable water and a curious eye, you can make the most of a cultural evening in <strong>Paris<\/strong> and the <strong>Ile-de-France<\/strong>, without rushing. <\/p>\n","protected":false},"excerpt":{"rendered":"<p>Nuit des Mus\u00e9es 2026 promises to be a highlight for culture lovers. In Paris and the \u00cele-de-France region, this free evening should offer a wide&#8230;<\/p>\n","protected":false},"author":13,"featured_media":207873,"comment_status":"open","ping_status":"closed","sticky":false,"template":"","format":"standard","meta":{"_acf_changed":false,"footnotes":""},"categories":[2685],"tags":[5643],"quartier":[],"class_list":["post-208006","post","type-post","status-publish","format-standard","has-post-thumbnail","hentry","category-news-du-luxe-en","tag-museum-night-2026"],"acf":[],"yoast_head":"<!-- This site is optimized with the Yoast SEO plugin v27.5 - https:\/\/yoast.com\/product\/yoast-seo-wordpress\/ -->\n<title>Nuit des Mus\u00e9es 2026 in Paris and the \u00cele-de-France region: dates to remember<\/title>\n<meta name=\"description\" content=\"Nuit des Mus\u00e9es 2026 in Paris and the \u00cele-de-France region takes place on a Saturday in May, with free admission. Here&#039;s our advice on how to make the most of it.\" \/>\n<meta name=\"robots\" content=\"index, follow, max-snippet:-1, max-image-preview:large, max-video-preview:-1\" \/>\n<link rel=\"canonical\" href=\"https:\/\/www.parisselectbook.com\/en\/2026\/01\/29\/nuit-des-musees-2026-in-paris-and-the-ile-de-france-region-dates-to-remember\/\" \/>\n<meta property=\"og:locale\" content=\"en_US\" \/>\n<meta property=\"og:type\" content=\"article\" \/>\n<meta property=\"og:title\" content=\"Nuit des Mus\u00e9es 2026 in Paris and the \u00cele-de-France region: dates to remember\" \/>\n<meta property=\"og:description\" content=\"Nuit des Mus\u00e9es 2026 in Paris and the \u00cele-de-France region takes place on a Saturday in May, with free admission. Here&#039;s our advice on how to make the most of it.\" \/>\n<meta property=\"og:url\" content=\"https:\/\/www.parisselectbook.com\/en\/2026\/01\/29\/nuit-des-musees-2026-in-paris-and-the-ile-de-france-region-dates-to-remember\/\" \/>\n<meta property=\"og:site_name\" content=\"Paris Select\" \/>\n<meta property=\"article:publisher\" content=\"https:\/\/www.facebook.com\/parisselect\" \/>\n<meta property=\"article:published_time\" content=\"2026-01-29T08:37:00+00:00\" \/>\n<meta property=\"og:image\" content=\"https:\/\/www.parisselectbook.com\/wp-content\/uploads\/2026\/01\/207871-image.jpg\" \/>\n\t<meta property=\"og:image:width\" content=\"1200\" \/>\n\t<meta property=\"og:image:height\" content=\"680\" \/>\n\t<meta property=\"og:image:type\" content=\"image\/jpeg\" \/>\n<meta name=\"author\" content=\"zaccharie touboul\" \/>\n<meta name=\"twitter:card\" content=\"summary_large_image\" \/>\n<meta name=\"twitter:label1\" content=\"Written by\" \/>\n\t<meta name=\"twitter:data1\" content=\"zaccharie touboul\" \/>\n\t<meta name=\"twitter:label2\" content=\"Est. reading time\" \/>\n\t<meta name=\"twitter:data2\" content=\"3 minutes\" \/>\n<script type=\"application\/ld+json\" class=\"yoast-schema-graph\">{\"@context\":\"https:\\\/\\\/schema.org\",\"@graph\":[{\"@type\":\"Article\",\"@id\":\"https:\\\/\\\/www.parisselectbook.com\\\/en\\\/2026\\\/01\\\/29\\\/nuit-des-musees-2026-in-paris-and-the-ile-de-france-region-dates-to-remember\\\/#article\",\"isPartOf\":{\"@id\":\"https:\\\/\\\/www.parisselectbook.com\\\/en\\\/2026\\\/01\\\/29\\\/nuit-des-musees-2026-in-paris-and-the-ile-de-france-region-dates-to-remember\\\/\"},\"author\":{\"name\":\"zaccharie touboul\",\"@id\":\"https:\\\/\\\/www.parisselectbook.com\\\/en\\\/#\\\/schema\\\/person\\\/3675d9a80d6cbefbfde597e393c036aa\"},\"headline\":\"Nuit des Mus\u00e9es 2026 in Paris and the \u00cele-de-France region: dates to remember\",\"datePublished\":\"2026-01-29T08:37:00+00:00\",\"mainEntityOfPage\":{\"@id\":\"https:\\\/\\\/www.parisselectbook.com\\\/en\\\/2026\\\/01\\\/29\\\/nuit-des-musees-2026-in-paris-and-the-ile-de-france-region-dates-to-remember\\\/\"},\"wordCount\":542,\"commentCount\":0,\"publisher\":{\"@id\":\"https:\\\/\\\/www.parisselectbook.com\\\/en\\\/#organization\"},\"image\":{\"@id\":\"https:\\\/\\\/www.parisselectbook.com\\\/en\\\/2026\\\/01\\\/29\\\/nuit-des-musees-2026-in-paris-and-the-ile-de-france-region-dates-to-remember\\\/#primaryimage\"},\"thumbnailUrl\":\"https:\\\/\\\/www.parisselectbook.com\\\/wp-content\\\/uploads\\\/2026\\\/01\\\/207871-image.jpg\",\"keywords\":[\"Museum Night 2026\"],\"articleSection\":[\"News du Luxe\"],\"inLanguage\":\"en-US\",\"potentialAction\":[{\"@type\":\"CommentAction\",\"name\":\"Comment\",\"target\":[\"https:\\\/\\\/www.parisselectbook.com\\\/en\\\/2026\\\/01\\\/29\\\/nuit-des-musees-2026-in-paris-and-the-ile-de-france-region-dates-to-remember\\\/#respond\"]}]},{\"@type\":\"WebPage\",\"@id\":\"https:\\\/\\\/www.parisselectbook.com\\\/en\\\/2026\\\/01\\\/29\\\/nuit-des-musees-2026-in-paris-and-the-ile-de-france-region-dates-to-remember\\\/\",\"url\":\"https:\\\/\\\/www.parisselectbook.com\\\/en\\\/2026\\\/01\\\/29\\\/nuit-des-musees-2026-in-paris-and-the-ile-de-france-region-dates-to-remember\\\/\",\"name\":\"Nuit des Mus\u00e9es 2026 in Paris and the \u00cele-de-France region: dates to remember\",\"isPartOf\":{\"@id\":\"https:\\\/\\\/www.parisselectbook.com\\\/en\\\/#website\"},\"primaryImageOfPage\":{\"@id\":\"https:\\\/\\\/www.parisselectbook.com\\\/en\\\/2026\\\/01\\\/29\\\/nuit-des-musees-2026-in-paris-and-the-ile-de-france-region-dates-to-remember\\\/#primaryimage\"},\"image\":{\"@id\":\"https:\\\/\\\/www.parisselectbook.com\\\/en\\\/2026\\\/01\\\/29\\\/nuit-des-musees-2026-in-paris-and-the-ile-de-france-region-dates-to-remember\\\/#primaryimage\"},\"thumbnailUrl\":\"https:\\\/\\\/www.parisselectbook.com\\\/wp-content\\\/uploads\\\/2026\\\/01\\\/207871-image.jpg\",\"datePublished\":\"2026-01-29T08:37:00+00:00\",\"description\":\"Nuit des Mus\u00e9es 2026 in Paris and the \u00cele-de-France region takes place on a Saturday in May, with free admission. Here's our advice on how to make the most of it.\",\"breadcrumb\":{\"@id\":\"https:\\\/\\\/www.parisselectbook.com\\\/en\\\/2026\\\/01\\\/29\\\/nuit-des-musees-2026-in-paris-and-the-ile-de-france-region-dates-to-remember\\\/#breadcrumb\"},\"inLanguage\":\"en-US\",\"potentialAction\":[{\"@type\":\"ReadAction\",\"target\":[\"https:\\\/\\\/www.parisselectbook.com\\\/en\\\/2026\\\/01\\\/29\\\/nuit-des-musees-2026-in-paris-and-the-ile-de-france-region-dates-to-remember\\\/\"]}]},{\"@type\":\"ImageObject\",\"inLanguage\":\"en-US\",\"@id\":\"https:\\\/\\\/www.parisselectbook.com\\\/en\\\/2026\\\/01\\\/29\\\/nuit-des-musees-2026-in-paris-and-the-ile-de-france-region-dates-to-remember\\\/#primaryimage\",\"url\":\"https:\\\/\\\/www.parisselectbook.com\\\/wp-content\\\/uploads\\\/2026\\\/01\\\/207871-image.jpg\",\"contentUrl\":\"https:\\\/\\\/www.parisselectbook.com\\\/wp-content\\\/uploads\\\/2026\\\/01\\\/207871-image.jpg\",\"width\":1200,\"height\":680,\"caption\":\"ParisSelectBook - Nuit des Mus\u00e9es 2026 \u00e0 Paris et en \u00cele-de-France : la date \u00e0 retenir\"},{\"@type\":\"BreadcrumbList\",\"@id\":\"https:\\\/\\\/www.parisselectbook.com\\\/en\\\/2026\\\/01\\\/29\\\/nuit-des-musees-2026-in-paris-and-the-ile-de-france-region-dates-to-remember\\\/#breadcrumb\",\"itemListElement\":[{\"@type\":\"ListItem\",\"position\":1,\"name\":\"Que faire \u00e0 Paris ?\",\"item\":\"https:\\\/\\\/www.parisselectbook.com\\\/en\\\/category\\\/que-faire-a-paris-en\\\/\"},{\"@type\":\"ListItem\",\"position\":2,\"name\":\"Nuit des Mus\u00e9es 2026 in Paris and the \u00cele-de-France region: dates to remember\"}]},{\"@type\":\"WebSite\",\"@id\":\"https:\\\/\\\/www.parisselectbook.com\\\/en\\\/#website\",\"url\":\"https:\\\/\\\/www.parisselectbook.com\\\/en\\\/\",\"name\":\"Paris Select Book\",\"description\":\"Le guide chic des Tendances Parisiennes\",\"publisher\":{\"@id\":\"https:\\\/\\\/www.parisselectbook.com\\\/en\\\/#organization\"},\"potentialAction\":[{\"@type\":\"SearchAction\",\"target\":{\"@type\":\"EntryPoint\",\"urlTemplate\":\"https:\\\/\\\/www.parisselectbook.com\\\/en\\\/?s={search_term_string}\"},\"query-input\":{\"@type\":\"PropertyValueSpecification\",\"valueRequired\":true,\"valueName\":\"search_term_string\"}}],\"inLanguage\":\"en-US\"},{\"@type\":\"Organization\",\"@id\":\"https:\\\/\\\/www.parisselectbook.com\\\/en\\\/#organization\",\"name\":\"Paris Select\",\"url\":\"https:\\\/\\\/www.parisselectbook.com\\\/en\\\/\",\"logo\":{\"@type\":\"ImageObject\",\"inLanguage\":\"en-US\",\"@id\":\"https:\\\/\\\/www.parisselectbook.com\\\/en\\\/#\\\/schema\\\/logo\\\/image\\\/\",\"url\":\"https:\\\/\\\/www.parisselectbook.com\\\/wp-content\\\/uploads\\\/2024\\\/06\\\/logo-IG-TKTK-LK.png\",\"contentUrl\":\"https:\\\/\\\/www.parisselectbook.com\\\/wp-content\\\/uploads\\\/2024\\\/06\\\/logo-IG-TKTK-LK.png\",\"width\":684,\"height\":665,\"caption\":\"Paris Select\"},\"image\":{\"@id\":\"https:\\\/\\\/www.parisselectbook.com\\\/en\\\/#\\\/schema\\\/logo\\\/image\\\/\"},\"sameAs\":[\"https:\\\/\\\/www.facebook.com\\\/parisselect\",\"https:\\\/\\\/www.instagram.com\\\/parisselect\\\/\",\"https:\\\/\\\/www.tiktok.com\\\/@parisselect\"]},{\"@type\":\"Person\",\"@id\":\"https:\\\/\\\/www.parisselectbook.com\\\/en\\\/#\\\/schema\\\/person\\\/3675d9a80d6cbefbfde597e393c036aa\",\"name\":\"zaccharie touboul\",\"sameAs\":[\"https:\\\/\\\/www.parisselectbook.com\\\/\"]}]}<\/script>\n<!-- \/ Yoast SEO plugin. -->","yoast_head_json":{"title":"Nuit des Mus\u00e9es 2026 in Paris and the \u00cele-de-France region: dates to remember","description":"Nuit des Mus\u00e9es 2026 in Paris and the \u00cele-de-France region takes place on a Saturday in May, with free admission. Here's our advice on how to make the most of it.","robots":{"index":"index","follow":"follow","max-snippet":"max-snippet:-1","max-image-preview":"max-image-preview:large","max-video-preview":"max-video-preview:-1"},"canonical":"https:\/\/www.parisselectbook.com\/en\/2026\/01\/29\/nuit-des-musees-2026-in-paris-and-the-ile-de-france-region-dates-to-remember\/","og_locale":"en_US","og_type":"article","og_title":"Nuit des Mus\u00e9es 2026 in Paris and the \u00cele-de-France region: dates to remember","og_description":"Nuit des Mus\u00e9es 2026 in Paris and the \u00cele-de-France region takes place on a Saturday in May, with free admission. Here's our advice on how to make the most of it.","og_url":"https:\/\/www.parisselectbook.com\/en\/2026\/01\/29\/nuit-des-musees-2026-in-paris-and-the-ile-de-france-region-dates-to-remember\/","og_site_name":"Paris Select","article_publisher":"https:\/\/www.facebook.com\/parisselect","article_published_time":"2026-01-29T08:37:00+00:00","og_image":[{"width":1200,"height":680,"url":"https:\/\/www.parisselectbook.com\/wp-content\/uploads\/2026\/01\/207871-image.jpg","type":"image\/jpeg"}],"author":"zaccharie touboul","twitter_card":"summary_large_image","twitter_misc":{"Written by":"zaccharie touboul","Est. reading time":"3 minutes"},"schema":{"@context":"https:\/\/schema.org","@graph":[{"@type":"Article","@id":"https:\/\/www.parisselectbook.com\/en\/2026\/01\/29\/nuit-des-musees-2026-in-paris-and-the-ile-de-france-region-dates-to-remember\/#article","isPartOf":{"@id":"https:\/\/www.parisselectbook.com\/en\/2026\/01\/29\/nuit-des-musees-2026-in-paris-and-the-ile-de-france-region-dates-to-remember\/"},"author":{"name":"zaccharie touboul","@id":"https:\/\/www.parisselectbook.com\/en\/#\/schema\/person\/3675d9a80d6cbefbfde597e393c036aa"},"headline":"Nuit des Mus\u00e9es 2026 in Paris and the \u00cele-de-France region: dates to remember","datePublished":"2026-01-29T08:37:00+00:00","mainEntityOfPage":{"@id":"https:\/\/www.parisselectbook.com\/en\/2026\/01\/29\/nuit-des-musees-2026-in-paris-and-the-ile-de-france-region-dates-to-remember\/"},"wordCount":542,"commentCount":0,"publisher":{"@id":"https:\/\/www.parisselectbook.com\/en\/#organization"},"image":{"@id":"https:\/\/www.parisselectbook.com\/en\/2026\/01\/29\/nuit-des-musees-2026-in-paris-and-the-ile-de-france-region-dates-to-remember\/#primaryimage"},"thumbnailUrl":"https:\/\/www.parisselectbook.com\/wp-content\/uploads\/2026\/01\/207871-image.jpg","keywords":["Museum Night 2026"],"articleSection":["News du Luxe"],"inLanguage":"en-US","potentialAction":[{"@type":"CommentAction","name":"Comment","target":["https:\/\/www.parisselectbook.com\/en\/2026\/01\/29\/nuit-des-musees-2026-in-paris-and-the-ile-de-france-region-dates-to-remember\/#respond"]}]},{"@type":"WebPage","@id":"https:\/\/www.parisselectbook.com\/en\/2026\/01\/29\/nuit-des-musees-2026-in-paris-and-the-ile-de-france-region-dates-to-remember\/","url":"https:\/\/www.parisselectbook.com\/en\/2026\/01\/29\/nuit-des-musees-2026-in-paris-and-the-ile-de-france-region-dates-to-remember\/","name":"Nuit des Mus\u00e9es 2026 in Paris and the \u00cele-de-France region: dates to remember","isPartOf":{"@id":"https:\/\/www.parisselectbook.com\/en\/#website"},"primaryImageOfPage":{"@id":"https:\/\/www.parisselectbook.com\/en\/2026\/01\/29\/nuit-des-musees-2026-in-paris-and-the-ile-de-france-region-dates-to-remember\/#primaryimage"},"image":{"@id":"https:\/\/www.parisselectbook.com\/en\/2026\/01\/29\/nuit-des-musees-2026-in-paris-and-the-ile-de-france-region-dates-to-remember\/#primaryimage"},"thumbnailUrl":"https:\/\/www.parisselectbook.com\/wp-content\/uploads\/2026\/01\/207871-image.jpg","datePublished":"2026-01-29T08:37:00+00:00","description":"Nuit des Mus\u00e9es 2026 in Paris and the \u00cele-de-France region takes place on a Saturday in May, with free admission. Here's our advice on how to make the most of it.","breadcrumb":{"@id":"https:\/\/www.parisselectbook.com\/en\/2026\/01\/29\/nuit-des-musees-2026-in-paris-and-the-ile-de-france-region-dates-to-remember\/#breadcrumb"},"inLanguage":"en-US","potentialAction":[{"@type":"ReadAction","target":["https:\/\/www.parisselectbook.com\/en\/2026\/01\/29\/nuit-des-musees-2026-in-paris-and-the-ile-de-france-region-dates-to-remember\/"]}]},{"@type":"ImageObject","inLanguage":"en-US","@id":"https:\/\/www.parisselectbook.com\/en\/2026\/01\/29\/nuit-des-musees-2026-in-paris-and-the-ile-de-france-region-dates-to-remember\/#primaryimage","url":"https:\/\/www.parisselectbook.com\/wp-content\/uploads\/2026\/01\/207871-image.jpg","contentUrl":"https:\/\/www.parisselectbook.com\/wp-content\/uploads\/2026\/01\/207871-image.jpg","width":1200,"height":680,"caption":"ParisSelectBook - Nuit des Mus\u00e9es 2026 \u00e0 Paris et en \u00cele-de-France : la date \u00e0 retenir"},{"@type":"BreadcrumbList","@id":"https:\/\/www.parisselectbook.com\/en\/2026\/01\/29\/nuit-des-musees-2026-in-paris-and-the-ile-de-france-region-dates-to-remember\/#breadcrumb","itemListElement":[{"@type":"ListItem","position":1,"name":"Que faire \u00e0 Paris ?","item":"https:\/\/www.parisselectbook.com\/en\/category\/que-faire-a-paris-en\/"},{"@type":"ListItem","position":2,"name":"Nuit des Mus\u00e9es 2026 in Paris and the \u00cele-de-France region: dates to remember"}]},{"@type":"WebSite","@id":"https:\/\/www.parisselectbook.com\/en\/#website","url":"https:\/\/www.parisselectbook.com\/en\/","name":"Paris Select Book","description":"Le guide chic des Tendances Parisiennes","publisher":{"@id":"https:\/\/www.parisselectbook.com\/en\/#organization"},"potentialAction":[{"@type":"SearchAction","target":{"@type":"EntryPoint","urlTemplate":"https:\/\/www.parisselectbook.com\/en\/?s={search_term_string}"},"query-input":{"@type":"PropertyValueSpecification","valueRequired":true,"valueName":"search_term_string"}}],"inLanguage":"en-US"},{"@type":"Organization","@id":"https:\/\/www.parisselectbook.com\/en\/#organization","name":"Paris Select","url":"https:\/\/www.parisselectbook.com\/en\/","logo":{"@type":"ImageObject","inLanguage":"en-US","@id":"https:\/\/www.parisselectbook.com\/en\/#\/schema\/logo\/image\/","url":"https:\/\/www.parisselectbook.com\/wp-content\/uploads\/2024\/06\/logo-IG-TKTK-LK.png","contentUrl":"https:\/\/www.parisselectbook.com\/wp-content\/uploads\/2024\/06\/logo-IG-TKTK-LK.png","width":684,"height":665,"caption":"Paris Select"},"image":{"@id":"https:\/\/www.parisselectbook.com\/en\/#\/schema\/logo\/image\/"},"sameAs":["https:\/\/www.facebook.com\/parisselect","https:\/\/www.instagram.com\/parisselect\/","https:\/\/www.tiktok.com\/@parisselect"]},{"@type":"Person","@id":"https:\/\/www.parisselectbook.com\/en\/#\/schema\/person\/3675d9a80d6cbefbfde597e393c036aa","name":"zaccharie touboul","sameAs":["https:\/\/www.parisselectbook.com\/"]}]}},"_links":{"self":[{"href":"https:\/\/www.parisselectbook.com\/en\/wp-json\/wp\/v2\/posts\/208006","targetHints":{"allow":["GET"]}}],"collection":[{"href":"https:\/\/www.parisselectbook.com\/en\/wp-json\/wp\/v2\/posts"}],"about":[{"href":"https:\/\/www.parisselectbook.com\/en\/wp-json\/wp\/v2\/types\/post"}],"author":[{"embeddable":true,"href":"https:\/\/www.parisselectbook.com\/en\/wp-json\/wp\/v2\/users\/13"}],"replies":[{"embeddable":true,"href":"https:\/\/www.parisselectbook.com\/en\/wp-json\/wp\/v2\/comments?post=208006"}],"version-history":[{"count":0,"href":"https:\/\/www.parisselectbook.com\/en\/wp-json\/wp\/v2\/posts\/208006\/revisions"}],"wp:featuredmedia":[{"embeddable":true,"href":"https:\/\/www.parisselectbook.com\/en\/wp-json\/wp\/v2\/media\/207873"}],"wp:attachment":[{"href":"https:\/\/www.parisselectbook.com\/en\/wp-json\/wp\/v2\/media?parent=208006"}],"wp:term":[{"taxonomy":"category","embeddable":true,"href":"https:\/\/www.parisselectbook.com\/en\/wp-json\/wp\/v2\/categories?post=208006"},{"taxonomy":"post_tag","embeddable":true,"href":"https:\/\/www.parisselectbook.com\/en\/wp-json\/wp\/v2\/tags?post=208006"},{"taxonomy":"quartier","embeddable":true,"href":"https:\/\/www.parisselectbook.com\/en\/wp-json\/wp\/v2\/quartier?post=208006"}],"curies":[{"name":"wp","href":"https:\/\/api.w.org\/{rel}","templated":true}]}}