{"id":208188,"date":"2026-01-30T11:02:00","date_gmt":"2026-01-30T10:02:00","guid":{"rendered":"https:\/\/www.parisselectbook.com\/2026\/01\/30\/luca-magliano-why-the-designer-is-one-to-watch-after-paris-fashion-week-autumn-winter-2026-2027\/"},"modified":"2026-02-01T15:43:10","modified_gmt":"2026-02-01T14:43:10","slug":"luca-magliano-why-the-designer-is-one-to-watch-after-paris-fashion-week-autumn-winter-2026-2027","status":"publish","type":"post","link":"https:\/\/www.parisselectbook.com\/en\/2026\/01\/30\/luca-magliano-why-the-designer-is-one-to-watch-after-paris-fashion-week-autumn-winter-2026-2027\/","title":{"rendered":"Luca Magliano: why the designer is one to watch after Paris Fashion Week autumn-winter 2026-2027?"},"content":{"rendered":"<p>Paris Fashion Week now welcomes the singular visions of Luca Magliano. This Italian <strong>designer<\/strong> transforms <a href=\"https:\/\/www.parisselectbook.com\/en\/2026\/01\/27\/louis-vuitton-homme-fall-winter-2026-2027-pharrell-williams-leads-case-study-on-futuristic-clothing\/\" target=\"_blank\" rel=\"noopener\">clothing<\/a> into a vibrant, emotional social narrative. His unique approach blends the nostalgia of his roots with the audacity of urban modernity.  <\/p>\n<h2>An aesthetic of raw reality<\/h2>\n<p>The Autumn-Winter 2026-2027 <a href=\"https:\/\/www.parisselectbook.com\/en\/2026\/01\/28\/sophie-marceau-gives-a-lesson-in-french-style-at-jacquemus-le-palmier-show\/\" target=\"_blank\" rel=\"noopener\">show<\/a> marks a milestone for the Bolognese brand. The event attracts an audience curious to see how Italy is adapting to the Parisian scene. <strong>Yet<\/strong> the codes remain faithful to the house&#8217;s raw, sincere DNA. This fidelity reassures the fans of the first hour, who turn out in large numbers.  <\/p>\n<p>Luca Magliano prefers lived-in <a href=\"https:\/\/www.parisselectbook.com\/en\/2026\/01\/27\/sports-pants-the-2026-flagship-trend-inspired-by-middle-school-pe-classes\/\" target=\"_blank\" rel=\"noopener\">silhouettes<\/a> to the too-smooth cuts of haute couture. His models walk with quiet assurance in large, sometimes crumpled pieces. <strong>As a result,<\/strong> each garment seems to have a long story to tell to attentive viewers. Emotion comes through texture as much as cut.  <\/p>\n<p>The color palette remains sober but deep, with earth tones and grays. What&#8217; <strong>s more<\/strong>, the materials chosen are reminiscent of the working world and <a href=\"https:\/\/www.parisselectbook.com\/en\/2026\/01\/26\/snow-and-polar-cold-in-paris-at-the-end-of-january-the-weather-forecast-for-the-ile-de-france-region\/\" target=\"_blank\" rel=\"noopener\">everyday life<\/a>. The <strong>designer<\/strong> shows that fashion can be simple yet profound. He succeeds in ennobling fabrics that others would consider too ordinary.  <\/p>\n<h3>Intimacy at the heart of the collection<\/h3>\n<p>Models wear overlapping layers as if to protect themselves from the cold outside. Textures blend in surprising harmony between heavy wool and flowing silk. On the <strong>other hand<\/strong>, the details reveal a touching fragility behind these imposing frames. This duality defines the modern man according to the brand&#8217;s vision.  <\/p>\n<blockquote><p>&#8220;My fashion doesn&#8217;t seek perfection, it seeks the truth of bodies that suffer and love.&#8221;<\/p><\/blockquote>\n<p>Accessories play a discreet but crucial role in this Parisian presentation. Soft bags and sturdy shoes accompany the models&#8217; steps on the catwalk. As a <strong>result<\/strong>, the overall look exudes quiet strength and gentle melancholy. The public remains captivated by this almost mystical procession.  <\/p>\n<p>This season explores the memory of clothes handed down from generation to generation. The <strong>designer<\/strong> draws on his personal memories to create universal cuts. <strong>In addition,<\/strong> the work on the shoulders gives a particular stature to each silhouette. The overall impression is one of reassuring comfort and protection.  <\/p>\n<ul>\n<li>Use of high-quality recycled woollens<\/li>\n<li>Loose, unstructured cuts for greater comfort<\/li>\n<li>Colors inspired by ancient Italian industrial landscapes<\/li>\n<li>Clever layering of thick and thin knits<\/li>\n<li>Functional accessories in supple leather and raw finishes<\/li>\n<\/ul>\n<h2>A successful transition to the world stage<\/h2>\n<p>Moving from Milan to Paris represents a major challenge for a young, independent company. Despite this, Magliano keeps its soul and refuses to compromise commercially. The whole world is <strong>now<\/strong> watching his meteoric rise with growing interest. The French capital seems to offer the ideal setting for his poetic tales.  <\/p>\n<p>The collection features strong pieces such as long coats with dropped shoulders. These items become true urban armor to face the hustle and bustle of modern life. <strong>Similarly,<\/strong> the buttoning details are reminiscent of classic, familiar work uniforms. We sense a desire to pay homage to anonymous workers.  <\/p>\n<p>The show&#8217;s staging reinforces this impression of proximity to the public. The subdued lighting creates a hushed atmosphere where every gesture counts. A good <strong>designer<\/strong> knows that the setting influences the perception of fabrics and shapes. <strong>So<\/strong> the music punctuates the passages with a strong emotional intensity.  <\/p>\n<p>The success of this collection is based on a delicate balance between tradition and modernity. There are nods to the past, but with an eye to the future. <strong>In short<\/strong>, the result is seductive in its radical honesty and lack of unnecessary pretension. Audiences leave the event with powerful images in their minds.  <\/p>\n<h3>The social role of contemporary clothing<\/h3>\n<p>Magliano uses fashion to speak of identity and community without artifice. Clothes don&#8217;t hide the individual, but highlight his or her complex personality. <strong>Indeed<\/strong>, to wear these pieces is to assert one&#8217;s belonging to a certain vision of the world. Fashion becomes a powerful language for expressing difference.  <\/p>\n<p>Each couture seems to carry the weight of Northern Italy&#8217;s artisan traditions. <strong>Yet<\/strong> the spirit remains resolutely youthful, refusing to accept fixed labels. This talented <strong>designer<\/strong> succeeds in uniting eras through threads and needles. Transmission becomes the central theme of his creative work.  <\/p>\n<p>Critics are already hailing the coherence of this long-awaited artistic proposal. International buyers see real and lasting commercial potential in these silhouettes. The press <strong>also<\/strong> emphasized the poetry emanating from each silhouette presented that day. The challenge of making a name for itself in Paris seems to have been won hands down.  <\/p>\n<h2>A bright future for Italian fashion<\/h2>\n<p>Luca Magliano&#8217;s impact now goes beyond a single seasonal collection. He is influencing a new generation of designers in search of meaning and sincerity. His visit to Paris <strong>confirms<\/strong> his status as a key figure on today&#8217;s fashion scene. His singular voice brings a much-needed breath of fresh air to the sector.  <\/p>\n<p>Sales forecast for winter <strong>2026<\/strong> should confirm this craze for &#8220;messy&#8221; style. The demand for long-lasting garments steeped in history is growing everywhere. The <strong>designer<\/strong> responds perfectly to this demand with high-quality materials. <strong>And<\/strong> the work on volumes remains a strong signature appreciated by connoisseurs.  <\/p>\n<p>The parade ends on a welcome note of hope and fraternity. Guests leave the room with the feeling of having experienced a rare and precious moment. <strong>At last,<\/strong> this <strong>designer<\/strong> proves that fashion can still move us deeply today. Authenticity remains his best asset in seducing a demanding public.  <\/p>\n<p>The road to the top continues for the brand with ambitious projects. Textile innovation remains at the heart of its concerns for the seasons to come. <strong>The<\/strong> public is already eagerly awaiting the continuation of this wonderful human adventure. Each step reinforces the credibility of this extraordinary artistic vision.  <\/p>\n","protected":false},"excerpt":{"rendered":"<p>Paris Fashion Week now welcomes the singular visions of Luca Magliano. This Italian designer transforms clothing into a vibrant, emotional social narrative. His unique approach&#8230;<\/p>\n","protected":false},"author":13,"featured_media":208159,"comment_status":"open","ping_status":"closed","sticky":false,"template":"","format":"standard","meta":{"_acf_changed":false,"footnotes":""},"categories":[2685],"tags":[],"quartier":[],"class_list":["post-208188","post","type-post","status-publish","format-standard","has-post-thumbnail","hentry","category-news-du-luxe-en"],"acf":[],"yoast_head":"<!-- This site is optimized with the Yoast SEO plugin v27.5 - https:\/\/yoast.com\/product\/yoast-seo-wordpress\/ -->\n<title>Luca Magliano: why the designer is one to watch after Paris Fashion Week autumn-winter 2026-2027?<\/title>\n<meta name=\"description\" content=\"This Italian designer shakes up Paris with raw, human fashion. He transforms the working-class wardrobe into an emotional social story.\" \/>\n<meta name=\"robots\" content=\"index, follow, max-snippet:-1, max-image-preview:large, max-video-preview:-1\" \/>\n<link rel=\"canonical\" href=\"https:\/\/www.parisselectbook.com\/en\/2026\/01\/30\/luca-magliano-why-the-designer-is-one-to-watch-after-paris-fashion-week-autumn-winter-2026-2027\/\" \/>\n<meta property=\"og:locale\" content=\"en_US\" \/>\n<meta property=\"og:type\" content=\"article\" \/>\n<meta property=\"og:title\" content=\"Luca Magliano: why the designer is one to watch after Paris Fashion Week autumn-winter 2026-2027?\" \/>\n<meta property=\"og:description\" content=\"This Italian designer shakes up Paris with raw, human fashion. He transforms the working-class wardrobe into an emotional social story.\" \/>\n<meta property=\"og:url\" content=\"https:\/\/www.parisselectbook.com\/en\/2026\/01\/30\/luca-magliano-why-the-designer-is-one-to-watch-after-paris-fashion-week-autumn-winter-2026-2027\/\" \/>\n<meta property=\"og:site_name\" content=\"Paris Select\" \/>\n<meta property=\"article:publisher\" content=\"https:\/\/www.facebook.com\/parisselect\" \/>\n<meta property=\"article:published_time\" content=\"2026-01-30T10:02:00+00:00\" \/>\n<meta property=\"article:modified_time\" content=\"2026-02-01T14:43:10+00:00\" \/>\n<meta property=\"og:image\" content=\"https:\/\/www.parisselectbook.com\/wp-content\/uploads\/2026\/01\/Luca-Magliano-pourquoi-le-createur-est-a-suivre-apres-la-Fashion-Week-de-Paris-automne-hiver-2026-2027.jpg\" \/>\n\t<meta property=\"og:image:width\" content=\"1200\" \/>\n\t<meta property=\"og:image:height\" content=\"675\" \/>\n\t<meta property=\"og:image:type\" content=\"image\/jpeg\" \/>\n<meta name=\"author\" content=\"zaccharie touboul\" \/>\n<meta name=\"twitter:card\" content=\"summary_large_image\" \/>\n<meta name=\"twitter:label1\" content=\"Written by\" \/>\n\t<meta name=\"twitter:data1\" content=\"zaccharie touboul\" \/>\n\t<meta name=\"twitter:label2\" content=\"Est. reading time\" \/>\n\t<meta name=\"twitter:data2\" content=\"5 minutes\" \/>\n<script type=\"application\/ld+json\" class=\"yoast-schema-graph\">{\"@context\":\"https:\\\/\\\/schema.org\",\"@graph\":[{\"@type\":\"Article\",\"@id\":\"https:\\\/\\\/www.parisselectbook.com\\\/en\\\/2026\\\/01\\\/30\\\/luca-magliano-why-the-designer-is-one-to-watch-after-paris-fashion-week-autumn-winter-2026-2027\\\/#article\",\"isPartOf\":{\"@id\":\"https:\\\/\\\/www.parisselectbook.com\\\/en\\\/2026\\\/01\\\/30\\\/luca-magliano-why-the-designer-is-one-to-watch-after-paris-fashion-week-autumn-winter-2026-2027\\\/\"},\"author\":{\"name\":\"zaccharie touboul\",\"@id\":\"https:\\\/\\\/www.parisselectbook.com\\\/en\\\/#\\\/schema\\\/person\\\/3675d9a80d6cbefbfde597e393c036aa\"},\"headline\":\"Luca Magliano: why the designer is one to watch after Paris Fashion Week autumn-winter 2026-2027?\",\"datePublished\":\"2026-01-30T10:02:00+00:00\",\"dateModified\":\"2026-02-01T14:43:10+00:00\",\"mainEntityOfPage\":{\"@id\":\"https:\\\/\\\/www.parisselectbook.com\\\/en\\\/2026\\\/01\\\/30\\\/luca-magliano-why-the-designer-is-one-to-watch-after-paris-fashion-week-autumn-winter-2026-2027\\\/\"},\"wordCount\":964,\"commentCount\":0,\"publisher\":{\"@id\":\"https:\\\/\\\/www.parisselectbook.com\\\/en\\\/#organization\"},\"image\":{\"@id\":\"https:\\\/\\\/www.parisselectbook.com\\\/en\\\/2026\\\/01\\\/30\\\/luca-magliano-why-the-designer-is-one-to-watch-after-paris-fashion-week-autumn-winter-2026-2027\\\/#primaryimage\"},\"thumbnailUrl\":\"https:\\\/\\\/www.parisselectbook.com\\\/wp-content\\\/uploads\\\/2026\\\/01\\\/Luca-Magliano-pourquoi-le-createur-est-a-suivre-apres-la-Fashion-Week-de-Paris-automne-hiver-2026-2027.jpg\",\"articleSection\":[\"News du Luxe\"],\"inLanguage\":\"en-US\",\"potentialAction\":[{\"@type\":\"CommentAction\",\"name\":\"Comment\",\"target\":[\"https:\\\/\\\/www.parisselectbook.com\\\/en\\\/2026\\\/01\\\/30\\\/luca-magliano-why-the-designer-is-one-to-watch-after-paris-fashion-week-autumn-winter-2026-2027\\\/#respond\"]}]},{\"@type\":\"WebPage\",\"@id\":\"https:\\\/\\\/www.parisselectbook.com\\\/en\\\/2026\\\/01\\\/30\\\/luca-magliano-why-the-designer-is-one-to-watch-after-paris-fashion-week-autumn-winter-2026-2027\\\/\",\"url\":\"https:\\\/\\\/www.parisselectbook.com\\\/en\\\/2026\\\/01\\\/30\\\/luca-magliano-why-the-designer-is-one-to-watch-after-paris-fashion-week-autumn-winter-2026-2027\\\/\",\"name\":\"Luca Magliano: why the designer is one to watch after Paris Fashion Week autumn-winter 2026-2027?\",\"isPartOf\":{\"@id\":\"https:\\\/\\\/www.parisselectbook.com\\\/en\\\/#website\"},\"primaryImageOfPage\":{\"@id\":\"https:\\\/\\\/www.parisselectbook.com\\\/en\\\/2026\\\/01\\\/30\\\/luca-magliano-why-the-designer-is-one-to-watch-after-paris-fashion-week-autumn-winter-2026-2027\\\/#primaryimage\"},\"image\":{\"@id\":\"https:\\\/\\\/www.parisselectbook.com\\\/en\\\/2026\\\/01\\\/30\\\/luca-magliano-why-the-designer-is-one-to-watch-after-paris-fashion-week-autumn-winter-2026-2027\\\/#primaryimage\"},\"thumbnailUrl\":\"https:\\\/\\\/www.parisselectbook.com\\\/wp-content\\\/uploads\\\/2026\\\/01\\\/Luca-Magliano-pourquoi-le-createur-est-a-suivre-apres-la-Fashion-Week-de-Paris-automne-hiver-2026-2027.jpg\",\"datePublished\":\"2026-01-30T10:02:00+00:00\",\"dateModified\":\"2026-02-01T14:43:10+00:00\",\"description\":\"This Italian designer shakes up Paris with raw, human fashion. He transforms the working-class wardrobe into an emotional social story.\",\"breadcrumb\":{\"@id\":\"https:\\\/\\\/www.parisselectbook.com\\\/en\\\/2026\\\/01\\\/30\\\/luca-magliano-why-the-designer-is-one-to-watch-after-paris-fashion-week-autumn-winter-2026-2027\\\/#breadcrumb\"},\"inLanguage\":\"en-US\",\"potentialAction\":[{\"@type\":\"ReadAction\",\"target\":[\"https:\\\/\\\/www.parisselectbook.com\\\/en\\\/2026\\\/01\\\/30\\\/luca-magliano-why-the-designer-is-one-to-watch-after-paris-fashion-week-autumn-winter-2026-2027\\\/\"]}]},{\"@type\":\"ImageObject\",\"inLanguage\":\"en-US\",\"@id\":\"https:\\\/\\\/www.parisselectbook.com\\\/en\\\/2026\\\/01\\\/30\\\/luca-magliano-why-the-designer-is-one-to-watch-after-paris-fashion-week-autumn-winter-2026-2027\\\/#primaryimage\",\"url\":\"https:\\\/\\\/www.parisselectbook.com\\\/wp-content\\\/uploads\\\/2026\\\/01\\\/Luca-Magliano-pourquoi-le-createur-est-a-suivre-apres-la-Fashion-Week-de-Paris-automne-hiver-2026-2027.jpg\",\"contentUrl\":\"https:\\\/\\\/www.parisselectbook.com\\\/wp-content\\\/uploads\\\/2026\\\/01\\\/Luca-Magliano-pourquoi-le-createur-est-a-suivre-apres-la-Fashion-Week-de-Paris-automne-hiver-2026-2027.jpg\",\"width\":1200,\"height\":675,\"caption\":\"Luca Magliano : pourquoi le cr\u00e9ateur est \u00e0 suivre apr\u00e8s la Fashion Week de Paris automne-hiver 2026-2027 ?\"},{\"@type\":\"BreadcrumbList\",\"@id\":\"https:\\\/\\\/www.parisselectbook.com\\\/en\\\/2026\\\/01\\\/30\\\/luca-magliano-why-the-designer-is-one-to-watch-after-paris-fashion-week-autumn-winter-2026-2027\\\/#breadcrumb\",\"itemListElement\":[{\"@type\":\"ListItem\",\"position\":1,\"name\":\"News du Luxe\",\"item\":\"https:\\\/\\\/www.parisselectbook.com\\\/en\\\/category\\\/news-du-luxe-en\\\/\"},{\"@type\":\"ListItem\",\"position\":2,\"name\":\"Luca Magliano: why the designer is one to watch after Paris Fashion Week autumn-winter 2026-2027?\"}]},{\"@type\":\"WebSite\",\"@id\":\"https:\\\/\\\/www.parisselectbook.com\\\/en\\\/#website\",\"url\":\"https:\\\/\\\/www.parisselectbook.com\\\/en\\\/\",\"name\":\"Paris Select Book\",\"description\":\"Le guide chic des Tendances Parisiennes\",\"publisher\":{\"@id\":\"https:\\\/\\\/www.parisselectbook.com\\\/en\\\/#organization\"},\"potentialAction\":[{\"@type\":\"SearchAction\",\"target\":{\"@type\":\"EntryPoint\",\"urlTemplate\":\"https:\\\/\\\/www.parisselectbook.com\\\/en\\\/?s={search_term_string}\"},\"query-input\":{\"@type\":\"PropertyValueSpecification\",\"valueRequired\":true,\"valueName\":\"search_term_string\"}}],\"inLanguage\":\"en-US\"},{\"@type\":\"Organization\",\"@id\":\"https:\\\/\\\/www.parisselectbook.com\\\/en\\\/#organization\",\"name\":\"Paris Select\",\"url\":\"https:\\\/\\\/www.parisselectbook.com\\\/en\\\/\",\"logo\":{\"@type\":\"ImageObject\",\"inLanguage\":\"en-US\",\"@id\":\"https:\\\/\\\/www.parisselectbook.com\\\/en\\\/#\\\/schema\\\/logo\\\/image\\\/\",\"url\":\"https:\\\/\\\/www.parisselectbook.com\\\/wp-content\\\/uploads\\\/2024\\\/06\\\/logo-IG-TKTK-LK.png\",\"contentUrl\":\"https:\\\/\\\/www.parisselectbook.com\\\/wp-content\\\/uploads\\\/2024\\\/06\\\/logo-IG-TKTK-LK.png\",\"width\":684,\"height\":665,\"caption\":\"Paris Select\"},\"image\":{\"@id\":\"https:\\\/\\\/www.parisselectbook.com\\\/en\\\/#\\\/schema\\\/logo\\\/image\\\/\"},\"sameAs\":[\"https:\\\/\\\/www.facebook.com\\\/parisselect\",\"https:\\\/\\\/www.instagram.com\\\/parisselect\\\/\",\"https:\\\/\\\/www.tiktok.com\\\/@parisselect\"]},{\"@type\":\"Person\",\"@id\":\"https:\\\/\\\/www.parisselectbook.com\\\/en\\\/#\\\/schema\\\/person\\\/3675d9a80d6cbefbfde597e393c036aa\",\"name\":\"zaccharie touboul\",\"sameAs\":[\"https:\\\/\\\/www.parisselectbook.com\\\/\"]}]}<\/script>\n<!-- \/ Yoast SEO plugin. -->","yoast_head_json":{"title":"Luca Magliano: why the designer is one to watch after Paris Fashion Week autumn-winter 2026-2027?","description":"This Italian designer shakes up Paris with raw, human fashion. He transforms the working-class wardrobe into an emotional social story.","robots":{"index":"index","follow":"follow","max-snippet":"max-snippet:-1","max-image-preview":"max-image-preview:large","max-video-preview":"max-video-preview:-1"},"canonical":"https:\/\/www.parisselectbook.com\/en\/2026\/01\/30\/luca-magliano-why-the-designer-is-one-to-watch-after-paris-fashion-week-autumn-winter-2026-2027\/","og_locale":"en_US","og_type":"article","og_title":"Luca Magliano: why the designer is one to watch after Paris Fashion Week autumn-winter 2026-2027?","og_description":"This Italian designer shakes up Paris with raw, human fashion. He transforms the working-class wardrobe into an emotional social story.","og_url":"https:\/\/www.parisselectbook.com\/en\/2026\/01\/30\/luca-magliano-why-the-designer-is-one-to-watch-after-paris-fashion-week-autumn-winter-2026-2027\/","og_site_name":"Paris Select","article_publisher":"https:\/\/www.facebook.com\/parisselect","article_published_time":"2026-01-30T10:02:00+00:00","article_modified_time":"2026-02-01T14:43:10+00:00","og_image":[{"width":1200,"height":675,"url":"https:\/\/www.parisselectbook.com\/wp-content\/uploads\/2026\/01\/Luca-Magliano-pourquoi-le-createur-est-a-suivre-apres-la-Fashion-Week-de-Paris-automne-hiver-2026-2027.jpg","type":"image\/jpeg"}],"author":"zaccharie touboul","twitter_card":"summary_large_image","twitter_misc":{"Written by":"zaccharie touboul","Est. reading time":"5 minutes"},"schema":{"@context":"https:\/\/schema.org","@graph":[{"@type":"Article","@id":"https:\/\/www.parisselectbook.com\/en\/2026\/01\/30\/luca-magliano-why-the-designer-is-one-to-watch-after-paris-fashion-week-autumn-winter-2026-2027\/#article","isPartOf":{"@id":"https:\/\/www.parisselectbook.com\/en\/2026\/01\/30\/luca-magliano-why-the-designer-is-one-to-watch-after-paris-fashion-week-autumn-winter-2026-2027\/"},"author":{"name":"zaccharie touboul","@id":"https:\/\/www.parisselectbook.com\/en\/#\/schema\/person\/3675d9a80d6cbefbfde597e393c036aa"},"headline":"Luca Magliano: why the designer is one to watch after Paris Fashion Week autumn-winter 2026-2027?","datePublished":"2026-01-30T10:02:00+00:00","dateModified":"2026-02-01T14:43:10+00:00","mainEntityOfPage":{"@id":"https:\/\/www.parisselectbook.com\/en\/2026\/01\/30\/luca-magliano-why-the-designer-is-one-to-watch-after-paris-fashion-week-autumn-winter-2026-2027\/"},"wordCount":964,"commentCount":0,"publisher":{"@id":"https:\/\/www.parisselectbook.com\/en\/#organization"},"image":{"@id":"https:\/\/www.parisselectbook.com\/en\/2026\/01\/30\/luca-magliano-why-the-designer-is-one-to-watch-after-paris-fashion-week-autumn-winter-2026-2027\/#primaryimage"},"thumbnailUrl":"https:\/\/www.parisselectbook.com\/wp-content\/uploads\/2026\/01\/Luca-Magliano-pourquoi-le-createur-est-a-suivre-apres-la-Fashion-Week-de-Paris-automne-hiver-2026-2027.jpg","articleSection":["News du Luxe"],"inLanguage":"en-US","potentialAction":[{"@type":"CommentAction","name":"Comment","target":["https:\/\/www.parisselectbook.com\/en\/2026\/01\/30\/luca-magliano-why-the-designer-is-one-to-watch-after-paris-fashion-week-autumn-winter-2026-2027\/#respond"]}]},{"@type":"WebPage","@id":"https:\/\/www.parisselectbook.com\/en\/2026\/01\/30\/luca-magliano-why-the-designer-is-one-to-watch-after-paris-fashion-week-autumn-winter-2026-2027\/","url":"https:\/\/www.parisselectbook.com\/en\/2026\/01\/30\/luca-magliano-why-the-designer-is-one-to-watch-after-paris-fashion-week-autumn-winter-2026-2027\/","name":"Luca Magliano: why the designer is one to watch after Paris Fashion Week autumn-winter 2026-2027?","isPartOf":{"@id":"https:\/\/www.parisselectbook.com\/en\/#website"},"primaryImageOfPage":{"@id":"https:\/\/www.parisselectbook.com\/en\/2026\/01\/30\/luca-magliano-why-the-designer-is-one-to-watch-after-paris-fashion-week-autumn-winter-2026-2027\/#primaryimage"},"image":{"@id":"https:\/\/www.parisselectbook.com\/en\/2026\/01\/30\/luca-magliano-why-the-designer-is-one-to-watch-after-paris-fashion-week-autumn-winter-2026-2027\/#primaryimage"},"thumbnailUrl":"https:\/\/www.parisselectbook.com\/wp-content\/uploads\/2026\/01\/Luca-Magliano-pourquoi-le-createur-est-a-suivre-apres-la-Fashion-Week-de-Paris-automne-hiver-2026-2027.jpg","datePublished":"2026-01-30T10:02:00+00:00","dateModified":"2026-02-01T14:43:10+00:00","description":"This Italian designer shakes up Paris with raw, human fashion. He transforms the working-class wardrobe into an emotional social story.","breadcrumb":{"@id":"https:\/\/www.parisselectbook.com\/en\/2026\/01\/30\/luca-magliano-why-the-designer-is-one-to-watch-after-paris-fashion-week-autumn-winter-2026-2027\/#breadcrumb"},"inLanguage":"en-US","potentialAction":[{"@type":"ReadAction","target":["https:\/\/www.parisselectbook.com\/en\/2026\/01\/30\/luca-magliano-why-the-designer-is-one-to-watch-after-paris-fashion-week-autumn-winter-2026-2027\/"]}]},{"@type":"ImageObject","inLanguage":"en-US","@id":"https:\/\/www.parisselectbook.com\/en\/2026\/01\/30\/luca-magliano-why-the-designer-is-one-to-watch-after-paris-fashion-week-autumn-winter-2026-2027\/#primaryimage","url":"https:\/\/www.parisselectbook.com\/wp-content\/uploads\/2026\/01\/Luca-Magliano-pourquoi-le-createur-est-a-suivre-apres-la-Fashion-Week-de-Paris-automne-hiver-2026-2027.jpg","contentUrl":"https:\/\/www.parisselectbook.com\/wp-content\/uploads\/2026\/01\/Luca-Magliano-pourquoi-le-createur-est-a-suivre-apres-la-Fashion-Week-de-Paris-automne-hiver-2026-2027.jpg","width":1200,"height":675,"caption":"Luca Magliano : pourquoi le cr\u00e9ateur est \u00e0 suivre apr\u00e8s la Fashion Week de Paris automne-hiver 2026-2027 ?"},{"@type":"BreadcrumbList","@id":"https:\/\/www.parisselectbook.com\/en\/2026\/01\/30\/luca-magliano-why-the-designer-is-one-to-watch-after-paris-fashion-week-autumn-winter-2026-2027\/#breadcrumb","itemListElement":[{"@type":"ListItem","position":1,"name":"News du Luxe","item":"https:\/\/www.parisselectbook.com\/en\/category\/news-du-luxe-en\/"},{"@type":"ListItem","position":2,"name":"Luca Magliano: why the designer is one to watch after Paris Fashion Week autumn-winter 2026-2027?"}]},{"@type":"WebSite","@id":"https:\/\/www.parisselectbook.com\/en\/#website","url":"https:\/\/www.parisselectbook.com\/en\/","name":"Paris Select Book","description":"Le guide chic des Tendances Parisiennes","publisher":{"@id":"https:\/\/www.parisselectbook.com\/en\/#organization"},"potentialAction":[{"@type":"SearchAction","target":{"@type":"EntryPoint","urlTemplate":"https:\/\/www.parisselectbook.com\/en\/?s={search_term_string}"},"query-input":{"@type":"PropertyValueSpecification","valueRequired":true,"valueName":"search_term_string"}}],"inLanguage":"en-US"},{"@type":"Organization","@id":"https:\/\/www.parisselectbook.com\/en\/#organization","name":"Paris Select","url":"https:\/\/www.parisselectbook.com\/en\/","logo":{"@type":"ImageObject","inLanguage":"en-US","@id":"https:\/\/www.parisselectbook.com\/en\/#\/schema\/logo\/image\/","url":"https:\/\/www.parisselectbook.com\/wp-content\/uploads\/2024\/06\/logo-IG-TKTK-LK.png","contentUrl":"https:\/\/www.parisselectbook.com\/wp-content\/uploads\/2024\/06\/logo-IG-TKTK-LK.png","width":684,"height":665,"caption":"Paris Select"},"image":{"@id":"https:\/\/www.parisselectbook.com\/en\/#\/schema\/logo\/image\/"},"sameAs":["https:\/\/www.facebook.com\/parisselect","https:\/\/www.instagram.com\/parisselect\/","https:\/\/www.tiktok.com\/@parisselect"]},{"@type":"Person","@id":"https:\/\/www.parisselectbook.com\/en\/#\/schema\/person\/3675d9a80d6cbefbfde597e393c036aa","name":"zaccharie touboul","sameAs":["https:\/\/www.parisselectbook.com\/"]}]}},"_links":{"self":[{"href":"https:\/\/www.parisselectbook.com\/en\/wp-json\/wp\/v2\/posts\/208188","targetHints":{"allow":["GET"]}}],"collection":[{"href":"https:\/\/www.parisselectbook.com\/en\/wp-json\/wp\/v2\/posts"}],"about":[{"href":"https:\/\/www.parisselectbook.com\/en\/wp-json\/wp\/v2\/types\/post"}],"author":[{"embeddable":true,"href":"https:\/\/www.parisselectbook.com\/en\/wp-json\/wp\/v2\/users\/13"}],"replies":[{"embeddable":true,"href":"https:\/\/www.parisselectbook.com\/en\/wp-json\/wp\/v2\/comments?post=208188"}],"version-history":[{"count":1,"href":"https:\/\/www.parisselectbook.com\/en\/wp-json\/wp\/v2\/posts\/208188\/revisions"}],"predecessor-version":[{"id":208732,"href":"https:\/\/www.parisselectbook.com\/en\/wp-json\/wp\/v2\/posts\/208188\/revisions\/208732"}],"wp:featuredmedia":[{"embeddable":true,"href":"https:\/\/www.parisselectbook.com\/en\/wp-json\/wp\/v2\/media\/208159"}],"wp:attachment":[{"href":"https:\/\/www.parisselectbook.com\/en\/wp-json\/wp\/v2\/media?parent=208188"}],"wp:term":[{"taxonomy":"category","embeddable":true,"href":"https:\/\/www.parisselectbook.com\/en\/wp-json\/wp\/v2\/categories?post=208188"},{"taxonomy":"post_tag","embeddable":true,"href":"https:\/\/www.parisselectbook.com\/en\/wp-json\/wp\/v2\/tags?post=208188"},{"taxonomy":"quartier","embeddable":true,"href":"https:\/\/www.parisselectbook.com\/en\/wp-json\/wp\/v2\/quartier?post=208188"}],"curies":[{"name":"wp","href":"https:\/\/api.w.org\/{rel}","templated":true}]}}