{"id":208643,"date":"2026-02-01T07:48:24","date_gmt":"2026-02-01T06:48:24","guid":{"rendered":"https:\/\/www.parisselectbook.com\/2026\/02\/01\/printemps-des-poetes-2026-free-events-all-over-the-paris-region\/"},"modified":"2026-02-01T07:48:24","modified_gmt":"2026-02-01T06:48:24","slug":"printemps-des-poetes-2026-free-events-all-over-the-paris-region","status":"publish","type":"post","link":"https:\/\/www.parisselectbook.com\/en\/2026\/02\/01\/printemps-des-poetes-2026-free-events-all-over-the-paris-region\/","title":{"rendered":"Printemps des Po\u00e8tes 2026: free events all over the Paris Region"},"content":{"rendered":"<p>Printemps des Po\u00e8tes 2026 returns to <strong><a href=\"https:\/\/www.parisselectbook.com\/en\/2026\/01\/31\/paris-february-2026-discover-cultural-visits-and-outings-in-greater-paris\/\">\u00cele-de-France<\/a><\/strong>with accessible and convivial events. From <strong>March 9 to 31, 2026<\/strong>, poetry leaves the page to meet the city and its inhabitants. Families, students and the curious will find formats to suit their desires.  <\/p>\n<h2>Dates, theme and spirit of the festival<\/h2>\n<p>The theme of this year&#8217;s event is freedom, with <strong>&#8220;Libert\u00e9<\/strong> &#8221; in the spotlight. The event will take place in a wide range of <a href=\"https:\/\/www.parisselectbook.com\/en\/2026\/01\/31\/hidden-museum-in-the-paris-region-an-unusual-church-houses-a-little-known-museum-near-paris\/\">everyday settings<\/a>, bringing the texts closer to the public. <strong>Printemps des Po\u00e8tes 2026<\/strong> aims to combine emotion, sharing and attention to each individual.  <\/p>\n<p>The calendar runs from <strong>March 9 to March 31, 2026<\/strong>&#8211; three weeks of ideas and voices. What&#8217;s more, the programming is part of a national framework, which encourages cross-fertilization. As a result, each region offers its own nuances, varied schedules and <a href=\"https:\/\/www.parisselectbook.com\/en\/2026\/01\/31\/lunar-new-year-in-belleville-2026-lantern-festival-and-street-food-market-liven-up-the-neighborhood\/\">unique ambiences<\/a>.  <\/p>\n<p>An emblematic godmother accompanies this edition: <strong>Isabelle Adjani<\/strong>. Her support gives a special echo to the chosen theme, with attention to both intimate and public voices. A number of <strong>free<\/strong> <a href=\"https:\/\/www.parisselectbook.com\/2026\/01\/31\/les-meilleurs-restaurants-de-musees-pour-un-rdv-culture-x-food\/\">events<\/a> have been announced to open the doors wide.  <\/p>\n<blockquote><p>&#8220;Poetry brings people together, then disarms them. It opens paths to freedom.&#8221;<\/p><\/blockquote>\n<h3>Where to enjoy these free events in \u00cele-de-France<\/h3>\n<p>The events take place in <strong>libraries<\/strong>, <strong>media libraries<\/strong> and <strong>bookshops<\/strong>, as well as in local halls. You might, for example, come across poetry stalls in a square, or stages in a hall. Around <strong>Printemps des Po\u00e8tes 2026<\/strong>, these places become warm and welcoming focal points.  <\/p>\n<p>Each city adapts its schedules and formats to suit its audience and teams. But the spirit remains the same: a simple welcome, attentive listening and free movement. There are also short breaks for poetry on the way home.  <\/p>\n<ul>\n<li>Voice readings, in small or large groups<\/li>\n<li>Friendly writing workshops, sometimes intergenerational<\/li>\n<li>Poetic strolls in the open air or around a neighborhood<\/li>\n<li>Screenings and meetings around films and archives<\/li>\n<li>Dialogues with music, from piano to spoken word<\/li>\n<\/ul>\n<h2>Typical programs: readings, workshops, open stages<\/h2>\n<p>Public readings offer direct access to texts, without barriers or jargon. Actors, authors and even volunteer readers share selected pieces. We often leave with the desire to reread, and sometimes to write ourselves.  <\/p>\n<p>The writing workshops progress step by step, with clear, friendly instructions. What&#8217;s more, proposals are adapted to suit all profiles, from beginners to more seasoned writers. In the context of <strong>Printemps des Po\u00e8tes 2026<\/strong>, these moments build confidence and creativity.  <\/p>\n<p>Open stages and slam evenings welcome short texts, delivered without imposing decor. Afterwards, everyone can try their luck, read a poem, or blow a chorus. In short, these are events that encourage listening and collective momentum.  <\/p>\n<h3>Practical advice for families, teenagers and the disabled<\/h3>\n<p>Check gauges before you go, as some activities require registration. First of all, think about the time slot that suits children, with short, fun formats. As a result, arriving a little early allows you to settle in peacefully during <strong>Printemps des Po\u00e8tes 2026<\/strong>.  <\/p>\n<p>For people with reduced mobility, ask about the precise accessibility of the venue. On the other hand, if you&#8217;re coming as part of a group, let us know so we can adjust our welcome. Also, keep a plan B in case of bad weather, especially for poetic walks.  <\/p>\n<h2>Why this edition matters to readers and cities<\/h2>\n<p>The theme of <strong>&#8220;Freedom&#8221;<\/strong> resonates with our current situation and our daily lives. It reminds us of our right to speak, to listen, and to meet each other without filters. In this sense, <strong>Printemps des Po\u00e8tes 2026<\/strong> acts as a breathing space.  <\/p>\n<p>Book industry players find support here, from the <strong>bookshop<\/strong> counter to the <strong>media<\/strong> library. In this way, authors, publishers and volunteers build useful and sometimes lasting bridges. What&#8217;s more, these moments are a source of inspiration for students and associations alike.  <\/p>\n<p>Local residents rediscover the voices, landscapes and memories of their surroundings. Afterwards, a reading can extend a daily commute and brighten up an evening. In short, poetry becomes a simple gesture, shared and possible for everyone.  <\/p>\n<h3>What you can do now<\/h3>\n<p>Look out for evening slots, useful after work, and weekend workshops. But don&#8217;t forget to keep a notebook, a notepad or a few sheets of scrap paper. That way, you can capture an image, a sound, then jot down an idea on the fly.  <\/p>\n<p>Think of a text that moves you, for an open stage or a friendly reading. Also, suggest a shared route with neighbors or colleagues, to make it easier to get here. As a result, you&#8217;ll anchor your week in a regular cultural rhythm.  <\/p>\n<h2>Key facts to remember<\/h2>\n<p>The period runs from <strong>March 9 to 31, 2026<\/strong>, throughout the Paris region. The events are <strong>free of charge<\/strong>, with some subject to booking, depending on the location. The guiding principle remains clear: <strong>&#8220;Freedom&#8221;,<\/strong> shared speech and time for listening.  <\/p>\n<p>This year&#8217;s patron is <strong>Isabelle Adjani<\/strong>, a major figure on stage and screen. The event thus benefits from a strong artistic relay, sensitive to living texts. What&#8217;s more, local teams adapt formats and durations to suit all audiences.  <\/p>\n<p>Finally, the events are spread across the <strong>\u00cele-de-France<\/strong> region, from city centers to more discreet neighborhoods. There are <strong>readings<\/strong>, <strong>writing workshops<\/strong> and <strong>poetry walks<\/strong>. <strong>Printemps des Po\u00e8tes 2026<\/strong> is a simple and powerful event, to be shared without hesitation.  <\/p>\n","protected":false},"excerpt":{"rendered":"<p>Printemps des Po\u00e8tes 2026 returns to \u00cele-de-Francewith accessible and convivial events. From March 9 to 31, 2026, poetry leaves the page to meet the city&#8230;<\/p>\n","protected":false},"author":13,"featured_media":208520,"comment_status":"open","ping_status":"closed","sticky":false,"template":"","format":"standard","meta":{"_acf_changed":false,"footnotes":""},"categories":[2685],"tags":[5705],"quartier":[],"class_list":["post-208643","post","type-post","status-publish","format-standard","has-post-thumbnail","hentry","category-news-du-luxe-en","tag-printemps-des-poetes-2026"],"acf":[],"yoast_head":"<!-- This site is optimized with the Yoast SEO plugin v27.5 - https:\/\/yoast.com\/product\/yoast-seo-wordpress\/ -->\n<title>Printemps des Po\u00e8tes 2026: free events all over the Paris Region<\/title>\n<meta name=\"description\" content=\"Printemps des Po\u00e8tes 2026 in \u00cele-de-France from March 9 to 31 Free events with Adjani, theme Freedom to read, write and share\" \/>\n<meta name=\"robots\" content=\"index, follow, max-snippet:-1, max-image-preview:large, max-video-preview:-1\" \/>\n<link rel=\"canonical\" href=\"https:\/\/www.parisselectbook.com\/en\/2026\/02\/01\/printemps-des-poetes-2026-free-events-all-over-the-paris-region\/\" \/>\n<meta property=\"og:locale\" content=\"en_US\" \/>\n<meta property=\"og:type\" content=\"article\" \/>\n<meta property=\"og:title\" content=\"Printemps des Po\u00e8tes 2026: free events all over the Paris Region\" \/>\n<meta property=\"og:description\" content=\"Printemps des Po\u00e8tes 2026 in \u00cele-de-France from March 9 to 31 Free events with Adjani, theme Freedom to read, write and share\" \/>\n<meta property=\"og:url\" content=\"https:\/\/www.parisselectbook.com\/en\/2026\/02\/01\/printemps-des-poetes-2026-free-events-all-over-the-paris-region\/\" \/>\n<meta property=\"og:site_name\" content=\"Paris Select\" \/>\n<meta property=\"article:publisher\" content=\"https:\/\/www.facebook.com\/parisselect\" \/>\n<meta property=\"article:published_time\" content=\"2026-02-01T06:48:24+00:00\" \/>\n<meta property=\"og:image\" content=\"https:\/\/www.parisselectbook.com\/wp-content\/uploads\/2026\/01\/208518-image.jpg\" \/>\n\t<meta property=\"og:image:width\" content=\"1200\" \/>\n\t<meta property=\"og:image:height\" content=\"680\" \/>\n\t<meta property=\"og:image:type\" content=\"image\/jpeg\" \/>\n<meta name=\"author\" content=\"zaccharie touboul\" \/>\n<meta name=\"twitter:card\" content=\"summary_large_image\" \/>\n<meta name=\"twitter:label1\" content=\"Written by\" \/>\n\t<meta name=\"twitter:data1\" content=\"zaccharie touboul\" \/>\n\t<meta name=\"twitter:label2\" content=\"Est. reading time\" \/>\n\t<meta name=\"twitter:data2\" content=\"4 minutes\" \/>\n<script type=\"application\/ld+json\" class=\"yoast-schema-graph\">{\"@context\":\"https:\\\/\\\/schema.org\",\"@graph\":[{\"@type\":\"Article\",\"@id\":\"https:\\\/\\\/www.parisselectbook.com\\\/en\\\/2026\\\/02\\\/01\\\/printemps-des-poetes-2026-free-events-all-over-the-paris-region\\\/#article\",\"isPartOf\":{\"@id\":\"https:\\\/\\\/www.parisselectbook.com\\\/en\\\/2026\\\/02\\\/01\\\/printemps-des-poetes-2026-free-events-all-over-the-paris-region\\\/\"},\"author\":{\"name\":\"zaccharie touboul\",\"@id\":\"https:\\\/\\\/www.parisselectbook.com\\\/en\\\/#\\\/schema\\\/person\\\/3675d9a80d6cbefbfde597e393c036aa\"},\"headline\":\"Printemps des Po\u00e8tes 2026: free events all over the Paris Region\",\"datePublished\":\"2026-02-01T06:48:24+00:00\",\"mainEntityOfPage\":{\"@id\":\"https:\\\/\\\/www.parisselectbook.com\\\/en\\\/2026\\\/02\\\/01\\\/printemps-des-poetes-2026-free-events-all-over-the-paris-region\\\/\"},\"wordCount\":882,\"commentCount\":0,\"publisher\":{\"@id\":\"https:\\\/\\\/www.parisselectbook.com\\\/en\\\/#organization\"},\"image\":{\"@id\":\"https:\\\/\\\/www.parisselectbook.com\\\/en\\\/2026\\\/02\\\/01\\\/printemps-des-poetes-2026-free-events-all-over-the-paris-region\\\/#primaryimage\"},\"thumbnailUrl\":\"https:\\\/\\\/www.parisselectbook.com\\\/wp-content\\\/uploads\\\/2026\\\/01\\\/208518-image.jpg\",\"keywords\":[\"Printemps des Po\u00e8tes 2026\"],\"articleSection\":[\"News du Luxe\"],\"inLanguage\":\"en-US\",\"potentialAction\":[{\"@type\":\"CommentAction\",\"name\":\"Comment\",\"target\":[\"https:\\\/\\\/www.parisselectbook.com\\\/en\\\/2026\\\/02\\\/01\\\/printemps-des-poetes-2026-free-events-all-over-the-paris-region\\\/#respond\"]}]},{\"@type\":\"WebPage\",\"@id\":\"https:\\\/\\\/www.parisselectbook.com\\\/en\\\/2026\\\/02\\\/01\\\/printemps-des-poetes-2026-free-events-all-over-the-paris-region\\\/\",\"url\":\"https:\\\/\\\/www.parisselectbook.com\\\/en\\\/2026\\\/02\\\/01\\\/printemps-des-poetes-2026-free-events-all-over-the-paris-region\\\/\",\"name\":\"Printemps des Po\u00e8tes 2026: free events all over the Paris Region\",\"isPartOf\":{\"@id\":\"https:\\\/\\\/www.parisselectbook.com\\\/en\\\/#website\"},\"primaryImageOfPage\":{\"@id\":\"https:\\\/\\\/www.parisselectbook.com\\\/en\\\/2026\\\/02\\\/01\\\/printemps-des-poetes-2026-free-events-all-over-the-paris-region\\\/#primaryimage\"},\"image\":{\"@id\":\"https:\\\/\\\/www.parisselectbook.com\\\/en\\\/2026\\\/02\\\/01\\\/printemps-des-poetes-2026-free-events-all-over-the-paris-region\\\/#primaryimage\"},\"thumbnailUrl\":\"https:\\\/\\\/www.parisselectbook.com\\\/wp-content\\\/uploads\\\/2026\\\/01\\\/208518-image.jpg\",\"datePublished\":\"2026-02-01T06:48:24+00:00\",\"description\":\"Printemps des Po\u00e8tes 2026 in \u00cele-de-France from March 9 to 31 Free events with Adjani, theme Freedom to read, write and share\",\"breadcrumb\":{\"@id\":\"https:\\\/\\\/www.parisselectbook.com\\\/en\\\/2026\\\/02\\\/01\\\/printemps-des-poetes-2026-free-events-all-over-the-paris-region\\\/#breadcrumb\"},\"inLanguage\":\"en-US\",\"potentialAction\":[{\"@type\":\"ReadAction\",\"target\":[\"https:\\\/\\\/www.parisselectbook.com\\\/en\\\/2026\\\/02\\\/01\\\/printemps-des-poetes-2026-free-events-all-over-the-paris-region\\\/\"]}]},{\"@type\":\"ImageObject\",\"inLanguage\":\"en-US\",\"@id\":\"https:\\\/\\\/www.parisselectbook.com\\\/en\\\/2026\\\/02\\\/01\\\/printemps-des-poetes-2026-free-events-all-over-the-paris-region\\\/#primaryimage\",\"url\":\"https:\\\/\\\/www.parisselectbook.com\\\/wp-content\\\/uploads\\\/2026\\\/01\\\/208518-image.jpg\",\"contentUrl\":\"https:\\\/\\\/www.parisselectbook.com\\\/wp-content\\\/uploads\\\/2026\\\/01\\\/208518-image.jpg\",\"width\":1200,\"height\":680,\"caption\":\"ParisSelectBook - Printemps des Po\u00e8tes 2026: profitez d'animations gratuites partout en \u00cele-de-France\"},{\"@type\":\"BreadcrumbList\",\"@id\":\"https:\\\/\\\/www.parisselectbook.com\\\/en\\\/2026\\\/02\\\/01\\\/printemps-des-poetes-2026-free-events-all-over-the-paris-region\\\/#breadcrumb\",\"itemListElement\":[{\"@type\":\"ListItem\",\"position\":1,\"name\":\"Que faire \u00e0 Paris ?\",\"item\":\"https:\\\/\\\/www.parisselectbook.com\\\/en\\\/category\\\/que-faire-a-paris-en\\\/\"},{\"@type\":\"ListItem\",\"position\":2,\"name\":\"Printemps des Po\u00e8tes 2026: free events all over the Paris Region\"}]},{\"@type\":\"WebSite\",\"@id\":\"https:\\\/\\\/www.parisselectbook.com\\\/en\\\/#website\",\"url\":\"https:\\\/\\\/www.parisselectbook.com\\\/en\\\/\",\"name\":\"Paris Select Book\",\"description\":\"Le guide chic des Tendances Parisiennes\",\"publisher\":{\"@id\":\"https:\\\/\\\/www.parisselectbook.com\\\/en\\\/#organization\"},\"potentialAction\":[{\"@type\":\"SearchAction\",\"target\":{\"@type\":\"EntryPoint\",\"urlTemplate\":\"https:\\\/\\\/www.parisselectbook.com\\\/en\\\/?s={search_term_string}\"},\"query-input\":{\"@type\":\"PropertyValueSpecification\",\"valueRequired\":true,\"valueName\":\"search_term_string\"}}],\"inLanguage\":\"en-US\"},{\"@type\":\"Organization\",\"@id\":\"https:\\\/\\\/www.parisselectbook.com\\\/en\\\/#organization\",\"name\":\"Paris Select\",\"url\":\"https:\\\/\\\/www.parisselectbook.com\\\/en\\\/\",\"logo\":{\"@type\":\"ImageObject\",\"inLanguage\":\"en-US\",\"@id\":\"https:\\\/\\\/www.parisselectbook.com\\\/en\\\/#\\\/schema\\\/logo\\\/image\\\/\",\"url\":\"https:\\\/\\\/www.parisselectbook.com\\\/wp-content\\\/uploads\\\/2024\\\/06\\\/logo-IG-TKTK-LK.png\",\"contentUrl\":\"https:\\\/\\\/www.parisselectbook.com\\\/wp-content\\\/uploads\\\/2024\\\/06\\\/logo-IG-TKTK-LK.png\",\"width\":684,\"height\":665,\"caption\":\"Paris Select\"},\"image\":{\"@id\":\"https:\\\/\\\/www.parisselectbook.com\\\/en\\\/#\\\/schema\\\/logo\\\/image\\\/\"},\"sameAs\":[\"https:\\\/\\\/www.facebook.com\\\/parisselect\",\"https:\\\/\\\/www.instagram.com\\\/parisselect\\\/\",\"https:\\\/\\\/www.tiktok.com\\\/@parisselect\"]},{\"@type\":\"Person\",\"@id\":\"https:\\\/\\\/www.parisselectbook.com\\\/en\\\/#\\\/schema\\\/person\\\/3675d9a80d6cbefbfde597e393c036aa\",\"name\":\"zaccharie touboul\",\"sameAs\":[\"https:\\\/\\\/www.parisselectbook.com\\\/\"]}]}<\/script>\n<!-- \/ Yoast SEO plugin. -->","yoast_head_json":{"title":"Printemps des Po\u00e8tes 2026: free events all over the Paris Region","description":"Printemps des Po\u00e8tes 2026 in \u00cele-de-France from March 9 to 31 Free events with Adjani, theme Freedom to read, write and share","robots":{"index":"index","follow":"follow","max-snippet":"max-snippet:-1","max-image-preview":"max-image-preview:large","max-video-preview":"max-video-preview:-1"},"canonical":"https:\/\/www.parisselectbook.com\/en\/2026\/02\/01\/printemps-des-poetes-2026-free-events-all-over-the-paris-region\/","og_locale":"en_US","og_type":"article","og_title":"Printemps des Po\u00e8tes 2026: free events all over the Paris Region","og_description":"Printemps des Po\u00e8tes 2026 in \u00cele-de-France from March 9 to 31 Free events with Adjani, theme Freedom to read, write and share","og_url":"https:\/\/www.parisselectbook.com\/en\/2026\/02\/01\/printemps-des-poetes-2026-free-events-all-over-the-paris-region\/","og_site_name":"Paris Select","article_publisher":"https:\/\/www.facebook.com\/parisselect","article_published_time":"2026-02-01T06:48:24+00:00","og_image":[{"width":1200,"height":680,"url":"https:\/\/www.parisselectbook.com\/wp-content\/uploads\/2026\/01\/208518-image.jpg","type":"image\/jpeg"}],"author":"zaccharie touboul","twitter_card":"summary_large_image","twitter_misc":{"Written by":"zaccharie touboul","Est. reading time":"4 minutes"},"schema":{"@context":"https:\/\/schema.org","@graph":[{"@type":"Article","@id":"https:\/\/www.parisselectbook.com\/en\/2026\/02\/01\/printemps-des-poetes-2026-free-events-all-over-the-paris-region\/#article","isPartOf":{"@id":"https:\/\/www.parisselectbook.com\/en\/2026\/02\/01\/printemps-des-poetes-2026-free-events-all-over-the-paris-region\/"},"author":{"name":"zaccharie touboul","@id":"https:\/\/www.parisselectbook.com\/en\/#\/schema\/person\/3675d9a80d6cbefbfde597e393c036aa"},"headline":"Printemps des Po\u00e8tes 2026: free events all over the Paris Region","datePublished":"2026-02-01T06:48:24+00:00","mainEntityOfPage":{"@id":"https:\/\/www.parisselectbook.com\/en\/2026\/02\/01\/printemps-des-poetes-2026-free-events-all-over-the-paris-region\/"},"wordCount":882,"commentCount":0,"publisher":{"@id":"https:\/\/www.parisselectbook.com\/en\/#organization"},"image":{"@id":"https:\/\/www.parisselectbook.com\/en\/2026\/02\/01\/printemps-des-poetes-2026-free-events-all-over-the-paris-region\/#primaryimage"},"thumbnailUrl":"https:\/\/www.parisselectbook.com\/wp-content\/uploads\/2026\/01\/208518-image.jpg","keywords":["Printemps des Po\u00e8tes 2026"],"articleSection":["News du Luxe"],"inLanguage":"en-US","potentialAction":[{"@type":"CommentAction","name":"Comment","target":["https:\/\/www.parisselectbook.com\/en\/2026\/02\/01\/printemps-des-poetes-2026-free-events-all-over-the-paris-region\/#respond"]}]},{"@type":"WebPage","@id":"https:\/\/www.parisselectbook.com\/en\/2026\/02\/01\/printemps-des-poetes-2026-free-events-all-over-the-paris-region\/","url":"https:\/\/www.parisselectbook.com\/en\/2026\/02\/01\/printemps-des-poetes-2026-free-events-all-over-the-paris-region\/","name":"Printemps des Po\u00e8tes 2026: free events all over the Paris Region","isPartOf":{"@id":"https:\/\/www.parisselectbook.com\/en\/#website"},"primaryImageOfPage":{"@id":"https:\/\/www.parisselectbook.com\/en\/2026\/02\/01\/printemps-des-poetes-2026-free-events-all-over-the-paris-region\/#primaryimage"},"image":{"@id":"https:\/\/www.parisselectbook.com\/en\/2026\/02\/01\/printemps-des-poetes-2026-free-events-all-over-the-paris-region\/#primaryimage"},"thumbnailUrl":"https:\/\/www.parisselectbook.com\/wp-content\/uploads\/2026\/01\/208518-image.jpg","datePublished":"2026-02-01T06:48:24+00:00","description":"Printemps des Po\u00e8tes 2026 in \u00cele-de-France from March 9 to 31 Free events with Adjani, theme Freedom to read, write and share","breadcrumb":{"@id":"https:\/\/www.parisselectbook.com\/en\/2026\/02\/01\/printemps-des-poetes-2026-free-events-all-over-the-paris-region\/#breadcrumb"},"inLanguage":"en-US","potentialAction":[{"@type":"ReadAction","target":["https:\/\/www.parisselectbook.com\/en\/2026\/02\/01\/printemps-des-poetes-2026-free-events-all-over-the-paris-region\/"]}]},{"@type":"ImageObject","inLanguage":"en-US","@id":"https:\/\/www.parisselectbook.com\/en\/2026\/02\/01\/printemps-des-poetes-2026-free-events-all-over-the-paris-region\/#primaryimage","url":"https:\/\/www.parisselectbook.com\/wp-content\/uploads\/2026\/01\/208518-image.jpg","contentUrl":"https:\/\/www.parisselectbook.com\/wp-content\/uploads\/2026\/01\/208518-image.jpg","width":1200,"height":680,"caption":"ParisSelectBook - Printemps des Po\u00e8tes 2026: profitez d'animations gratuites partout en \u00cele-de-France"},{"@type":"BreadcrumbList","@id":"https:\/\/www.parisselectbook.com\/en\/2026\/02\/01\/printemps-des-poetes-2026-free-events-all-over-the-paris-region\/#breadcrumb","itemListElement":[{"@type":"ListItem","position":1,"name":"Que faire \u00e0 Paris ?","item":"https:\/\/www.parisselectbook.com\/en\/category\/que-faire-a-paris-en\/"},{"@type":"ListItem","position":2,"name":"Printemps des Po\u00e8tes 2026: free events all over the Paris Region"}]},{"@type":"WebSite","@id":"https:\/\/www.parisselectbook.com\/en\/#website","url":"https:\/\/www.parisselectbook.com\/en\/","name":"Paris Select Book","description":"Le guide chic des Tendances Parisiennes","publisher":{"@id":"https:\/\/www.parisselectbook.com\/en\/#organization"},"potentialAction":[{"@type":"SearchAction","target":{"@type":"EntryPoint","urlTemplate":"https:\/\/www.parisselectbook.com\/en\/?s={search_term_string}"},"query-input":{"@type":"PropertyValueSpecification","valueRequired":true,"valueName":"search_term_string"}}],"inLanguage":"en-US"},{"@type":"Organization","@id":"https:\/\/www.parisselectbook.com\/en\/#organization","name":"Paris Select","url":"https:\/\/www.parisselectbook.com\/en\/","logo":{"@type":"ImageObject","inLanguage":"en-US","@id":"https:\/\/www.parisselectbook.com\/en\/#\/schema\/logo\/image\/","url":"https:\/\/www.parisselectbook.com\/wp-content\/uploads\/2024\/06\/logo-IG-TKTK-LK.png","contentUrl":"https:\/\/www.parisselectbook.com\/wp-content\/uploads\/2024\/06\/logo-IG-TKTK-LK.png","width":684,"height":665,"caption":"Paris Select"},"image":{"@id":"https:\/\/www.parisselectbook.com\/en\/#\/schema\/logo\/image\/"},"sameAs":["https:\/\/www.facebook.com\/parisselect","https:\/\/www.instagram.com\/parisselect\/","https:\/\/www.tiktok.com\/@parisselect"]},{"@type":"Person","@id":"https:\/\/www.parisselectbook.com\/en\/#\/schema\/person\/3675d9a80d6cbefbfde597e393c036aa","name":"zaccharie touboul","sameAs":["https:\/\/www.parisselectbook.com\/"]}]}},"_links":{"self":[{"href":"https:\/\/www.parisselectbook.com\/en\/wp-json\/wp\/v2\/posts\/208643","targetHints":{"allow":["GET"]}}],"collection":[{"href":"https:\/\/www.parisselectbook.com\/en\/wp-json\/wp\/v2\/posts"}],"about":[{"href":"https:\/\/www.parisselectbook.com\/en\/wp-json\/wp\/v2\/types\/post"}],"author":[{"embeddable":true,"href":"https:\/\/www.parisselectbook.com\/en\/wp-json\/wp\/v2\/users\/13"}],"replies":[{"embeddable":true,"href":"https:\/\/www.parisselectbook.com\/en\/wp-json\/wp\/v2\/comments?post=208643"}],"version-history":[{"count":0,"href":"https:\/\/www.parisselectbook.com\/en\/wp-json\/wp\/v2\/posts\/208643\/revisions"}],"wp:featuredmedia":[{"embeddable":true,"href":"https:\/\/www.parisselectbook.com\/en\/wp-json\/wp\/v2\/media\/208520"}],"wp:attachment":[{"href":"https:\/\/www.parisselectbook.com\/en\/wp-json\/wp\/v2\/media?parent=208643"}],"wp:term":[{"taxonomy":"category","embeddable":true,"href":"https:\/\/www.parisselectbook.com\/en\/wp-json\/wp\/v2\/categories?post=208643"},{"taxonomy":"post_tag","embeddable":true,"href":"https:\/\/www.parisselectbook.com\/en\/wp-json\/wp\/v2\/tags?post=208643"},{"taxonomy":"quartier","embeddable":true,"href":"https:\/\/www.parisselectbook.com\/en\/wp-json\/wp\/v2\/quartier?post=208643"}],"curies":[{"name":"wp","href":"https:\/\/api.w.org\/{rel}","templated":true}]}}