{"id":213628,"date":"2026-03-09T07:44:00","date_gmt":"2026-03-09T06:44:00","guid":{"rendered":"https:\/\/www.parisselectbook.com\/2026\/03\/09\/chateau-de-versailles-a-harry-potter-exhibition-this-summer-to-celebrate-the-25th-anniversary-of-the-film-saga\/"},"modified":"2026-03-09T07:44:00","modified_gmt":"2026-03-09T06:44:00","slug":"chateau-de-versailles-a-harry-potter-exhibition-this-summer-to-celebrate-the-25th-anniversary-of-the-film-saga","status":"publish","type":"post","link":"https:\/\/www.parisselectbook.com\/en\/2026\/03\/09\/chateau-de-versailles-a-harry-potter-exhibition-this-summer-to-celebrate-the-25th-anniversary-of-the-film-saga\/","title":{"rendered":"Ch\u00e2teau de Versailles: a Harry Potter exhibition this summer to celebrate the 25th anniversary of the film saga"},"content":{"rendered":"<p>To celebrate the <strong>25th anniversary of Harry Potter in the cinema<\/strong>, a magical event is taking place in an exceptional location. The <strong>Ch\u00e2teau de Versailles<\/strong> is the setting for a unique <a href=\"https:\/\/www.parisselectbook.com\/en\/2026\/03\/08\/pokemon-at-the-musee-en-herbe-an-exhibition-for-the-whole-family-until-september-2026\/\">immersive experience<\/a> that will delight fans of the saga. This collaboration between French heritage and the world of the wizard promises unforgettable moments.  <\/p>\n<h2>A historic celebration at the Ch\u00e2teau de Versailles<\/h2>\n<p>In 2026, the Harry Potter saga celebrates a quarter-century on the big screen. To mark this anniversary, Warner Bros. has chosen a <a href=\"https:\/\/www.parisselectbook.com\/en\/2026\/03\/08\/grand-palais-a-spectacular-play-brick-model-to-discover-for-free\/\">prestigious setting<\/a>. The Ch\u00e2teau de Versailles becomes the setting for a meeting between two fascinating worlds.   <\/p>\n<p>This initiative is a perfect illustration of the desire to create a bridge between popular culture and heritage. Visitors can rediscover the site from a new angle. What&#8217;s more, this collaboration enhances the<a href=\"https:\/\/www.parisselectbook.com\/en\/2026\/03\/07\/this-secret-park-in-the-heart-of-the-bois-de-vincennes-is-home-to-10000-rare-rosebushes-and-is-free-all-year-round\/\">tourist appeal of<\/a> the royal estate.  <\/p>\n<p>The event is part of a series of festivities organized around the world. France, however, gets special treatment with this symbolic choice. As a result, lovers of magic and history are invited to the <a href=\"https:\/\/www.parisselectbook.com\/en\/2026\/03\/08\/triel-sur-seine-discover-the-renaissance-portal-of-this-thousand-year-old-church-in-the-ile-de-france-region\/\">Yvelines<\/a>.  <\/p>\n<blockquote><p>&#8220;The magic of the Ch\u00e2teau de Versailles celebrates 25 years of Harry Potter in the cinema.<\/p><\/blockquote>\n<h3>An immersive journey for fans<\/h3>\n<p>The experience immerses visitors in the world of the young wizard. Special installations have been designed to recreate the atmosphere of the films. Young and old alike can experience their own magical adventure.  <\/p>\n<p>The saga&#8217;s iconic sets come to life in the palace rooms. On the other hand, respect for heritage remains an absolute priority. The teams worked in close collaboration with the estate&#8217;s curators.  <\/p>\n<ul>\n<li>Celebrating 25 years of Harry Potter at the cinema<\/li>\n<li>Immersive experience at the heart of the royal estate<\/li>\n<li>Installations that respect historical heritage<\/li>\n<li>Event open to all<\/li>\n<li>Collaboration between Warner Bros. and the castle <\/li>\n<\/ul>\n<h2>Exclusive products for collectors<\/h2>\n<p>To celebrate this anniversary, several brands are offering unique creations. <strong>Maison Malfroy<\/strong> unveils an exclusive collection of <strong>13 silk pieces<\/strong>. These creations by the famous silk manufacturer are directly inspired by the Harry Potter universe, and will appeal to luxury enthusiasts.  <\/p>\n<p><strong>LEGO<\/strong> is also joining the party with a special 25th anniversary range. This series includes <strong>5 sets<\/strong> with a <strong>translucent blue Patronus<\/strong> for collecting. Building set enthusiasts can now enrich their collections with these commemorative pieces.  <\/p>\n<p>The Danish brand also offers <strong>Collector sets<\/strong> for the most demanding fans. These top-of-the-range building sets reproduce mythical scenes from the films. They are the perfect tribute to this cult saga.  <\/p>\n<h3>A synergy between heritage and popular culture<\/h3>\n<p>The Ch\u00e2teau de Versailles regularly hosts a wide variety of cultural events. This time, the royal palace opens its doors to British magic. In short, two seemingly distant worlds come together successfully.  <\/p>\n<p>This initiative demonstrates the ability of heritage to reinvent itself. Cultural institutions are constantly looking for new ways to attract the public. As a result, this type of partnership is becoming increasingly common.  <\/p>\n<p>The economic and media spin-offs promise to be considerable. The Ch\u00e2teau de Versailles is reinforcing its position as a must-see destination. Fans from all over the world now have another reason to visit the estate.  <\/p>\n<h2>A date not to be missed in 2026<\/h2>\n<p>This event represents a unique opportunity for fans of the saga. The meeting of French elegance and Hogwarts magic creates a memorable experience. Families can also share a privileged moment in this exceptional setting.  <\/p>\n<p>The organizers have thought of every detail to satisfy visitors. A variety of events punctuate the route throughout the day. What&#8217;s more, surprises await the most attentive fans.  <\/p>\n<p>The Ch\u00e2teau de Versailles confirms its status as a lively, accessible venue. This celebration of 25 years of Harry Potter in the cinema will be one to remember. The gates of the royal estate are open to welcome wizards and Muggles alike.  <\/p>\n<p>This unique experience testifies to the unifying power of the saga created by J.K. Rowling. After a quarter of a century, the magic still works for several generations. The event takes place in the gardens and salons of France&#8217;s most famous palace.  <\/p>\n","protected":false},"excerpt":{"rendered":"<p>To celebrate the 25th anniversary of Harry Potter in the cinema, a magical event is taking place in an exceptional location. The Ch\u00e2teau de Versailles&#8230;<\/p>\n","protected":false},"author":13,"featured_media":213565,"comment_status":"open","ping_status":"closed","sticky":false,"template":"","format":"standard","meta":{"_acf_changed":false,"footnotes":""},"categories":[2685],"tags":[2910],"quartier":[],"class_list":["post-213628","post","type-post","status-publish","format-standard","has-post-thumbnail","hentry","category-news-du-luxe-en","tag-palace-of-versailles"],"acf":[],"yoast_head":"<!-- This site is optimized with the Yoast SEO plugin v27.4 - https:\/\/yoast.com\/product\/yoast-seo-wordpress\/ -->\n<title>Ch\u00e2teau de Versailles: a Harry Potter exhibition this summer to celebrate the 25th anniversary of the film saga<\/title>\n<meta name=\"description\" content=\"The Ch\u00e2teau de Versailles is hosting an immersive Harry Potter experience to celebrate the 25th anniversary of the saga at the cinema in 2026.\" \/>\n<meta name=\"robots\" content=\"index, follow, max-snippet:-1, max-image-preview:large, max-video-preview:-1\" \/>\n<link rel=\"canonical\" href=\"https:\/\/www.parisselectbook.com\/en\/2026\/03\/09\/chateau-de-versailles-a-harry-potter-exhibition-this-summer-to-celebrate-the-25th-anniversary-of-the-film-saga\/\" \/>\n<meta property=\"og:locale\" content=\"en_US\" \/>\n<meta property=\"og:type\" content=\"article\" \/>\n<meta property=\"og:title\" content=\"Ch\u00e2teau de Versailles: a Harry Potter exhibition this summer to celebrate the 25th anniversary of the film saga\" \/>\n<meta property=\"og:description\" content=\"The Ch\u00e2teau de Versailles is hosting an immersive Harry Potter experience to celebrate the 25th anniversary of the saga at the cinema in 2026.\" \/>\n<meta property=\"og:url\" content=\"https:\/\/www.parisselectbook.com\/en\/2026\/03\/09\/chateau-de-versailles-a-harry-potter-exhibition-this-summer-to-celebrate-the-25th-anniversary-of-the-film-saga\/\" \/>\n<meta property=\"og:site_name\" content=\"Paris Select\" \/>\n<meta property=\"article:publisher\" content=\"https:\/\/www.facebook.com\/parisselect\" \/>\n<meta property=\"article:published_time\" content=\"2026-03-09T06:44:00+00:00\" \/>\n<meta property=\"og:image\" content=\"https:\/\/www.parisselectbook.com\/wp-content\/uploads\/2026\/03\/213563-image.jpg\" \/>\n\t<meta property=\"og:image:width\" content=\"1200\" \/>\n\t<meta property=\"og:image:height\" content=\"680\" \/>\n\t<meta property=\"og:image:type\" content=\"image\/jpeg\" \/>\n<meta name=\"author\" content=\"zaccharie touboul\" \/>\n<meta name=\"twitter:card\" content=\"summary_large_image\" \/>\n<meta name=\"twitter:label1\" content=\"Written by\" \/>\n\t<meta name=\"twitter:data1\" content=\"zaccharie touboul\" \/>\n\t<meta name=\"twitter:label2\" content=\"Est. reading time\" \/>\n\t<meta name=\"twitter:data2\" content=\"3 minutes\" \/>\n<script type=\"application\/ld+json\" class=\"yoast-schema-graph\">{\"@context\":\"https:\\\/\\\/schema.org\",\"@graph\":[{\"@type\":\"Article\",\"@id\":\"https:\\\/\\\/www.parisselectbook.com\\\/en\\\/2026\\\/03\\\/09\\\/chateau-de-versailles-a-harry-potter-exhibition-this-summer-to-celebrate-the-25th-anniversary-of-the-film-saga\\\/#article\",\"isPartOf\":{\"@id\":\"https:\\\/\\\/www.parisselectbook.com\\\/en\\\/2026\\\/03\\\/09\\\/chateau-de-versailles-a-harry-potter-exhibition-this-summer-to-celebrate-the-25th-anniversary-of-the-film-saga\\\/\"},\"author\":{\"name\":\"zaccharie touboul\",\"@id\":\"https:\\\/\\\/www.parisselectbook.com\\\/en\\\/#\\\/schema\\\/person\\\/3675d9a80d6cbefbfde597e393c036aa\"},\"headline\":\"Ch\u00e2teau de Versailles: a Harry Potter exhibition this summer to celebrate the 25th anniversary of the film saga\",\"datePublished\":\"2026-03-09T06:44:00+00:00\",\"mainEntityOfPage\":{\"@id\":\"https:\\\/\\\/www.parisselectbook.com\\\/en\\\/2026\\\/03\\\/09\\\/chateau-de-versailles-a-harry-potter-exhibition-this-summer-to-celebrate-the-25th-anniversary-of-the-film-saga\\\/\"},\"wordCount\":691,\"commentCount\":0,\"publisher\":{\"@id\":\"https:\\\/\\\/www.parisselectbook.com\\\/en\\\/#organization\"},\"image\":{\"@id\":\"https:\\\/\\\/www.parisselectbook.com\\\/en\\\/2026\\\/03\\\/09\\\/chateau-de-versailles-a-harry-potter-exhibition-this-summer-to-celebrate-the-25th-anniversary-of-the-film-saga\\\/#primaryimage\"},\"thumbnailUrl\":\"https:\\\/\\\/www.parisselectbook.com\\\/wp-content\\\/uploads\\\/2026\\\/03\\\/213563-image.jpg\",\"keywords\":[\"Palace of Versailles\"],\"articleSection\":[\"News du Luxe\"],\"inLanguage\":\"en-US\",\"potentialAction\":[{\"@type\":\"CommentAction\",\"name\":\"Comment\",\"target\":[\"https:\\\/\\\/www.parisselectbook.com\\\/en\\\/2026\\\/03\\\/09\\\/chateau-de-versailles-a-harry-potter-exhibition-this-summer-to-celebrate-the-25th-anniversary-of-the-film-saga\\\/#respond\"]}]},{\"@type\":\"WebPage\",\"@id\":\"https:\\\/\\\/www.parisselectbook.com\\\/en\\\/2026\\\/03\\\/09\\\/chateau-de-versailles-a-harry-potter-exhibition-this-summer-to-celebrate-the-25th-anniversary-of-the-film-saga\\\/\",\"url\":\"https:\\\/\\\/www.parisselectbook.com\\\/en\\\/2026\\\/03\\\/09\\\/chateau-de-versailles-a-harry-potter-exhibition-this-summer-to-celebrate-the-25th-anniversary-of-the-film-saga\\\/\",\"name\":\"Ch\u00e2teau de Versailles: a Harry Potter exhibition this summer to celebrate the 25th anniversary of the film saga\",\"isPartOf\":{\"@id\":\"https:\\\/\\\/www.parisselectbook.com\\\/en\\\/#website\"},\"primaryImageOfPage\":{\"@id\":\"https:\\\/\\\/www.parisselectbook.com\\\/en\\\/2026\\\/03\\\/09\\\/chateau-de-versailles-a-harry-potter-exhibition-this-summer-to-celebrate-the-25th-anniversary-of-the-film-saga\\\/#primaryimage\"},\"image\":{\"@id\":\"https:\\\/\\\/www.parisselectbook.com\\\/en\\\/2026\\\/03\\\/09\\\/chateau-de-versailles-a-harry-potter-exhibition-this-summer-to-celebrate-the-25th-anniversary-of-the-film-saga\\\/#primaryimage\"},\"thumbnailUrl\":\"https:\\\/\\\/www.parisselectbook.com\\\/wp-content\\\/uploads\\\/2026\\\/03\\\/213563-image.jpg\",\"datePublished\":\"2026-03-09T06:44:00+00:00\",\"description\":\"The Ch\u00e2teau de Versailles is hosting an immersive Harry Potter experience to celebrate the 25th anniversary of the saga at the cinema in 2026.\",\"breadcrumb\":{\"@id\":\"https:\\\/\\\/www.parisselectbook.com\\\/en\\\/2026\\\/03\\\/09\\\/chateau-de-versailles-a-harry-potter-exhibition-this-summer-to-celebrate-the-25th-anniversary-of-the-film-saga\\\/#breadcrumb\"},\"inLanguage\":\"en-US\",\"potentialAction\":[{\"@type\":\"ReadAction\",\"target\":[\"https:\\\/\\\/www.parisselectbook.com\\\/en\\\/2026\\\/03\\\/09\\\/chateau-de-versailles-a-harry-potter-exhibition-this-summer-to-celebrate-the-25th-anniversary-of-the-film-saga\\\/\"]}]},{\"@type\":\"ImageObject\",\"inLanguage\":\"en-US\",\"@id\":\"https:\\\/\\\/www.parisselectbook.com\\\/en\\\/2026\\\/03\\\/09\\\/chateau-de-versailles-a-harry-potter-exhibition-this-summer-to-celebrate-the-25th-anniversary-of-the-film-saga\\\/#primaryimage\",\"url\":\"https:\\\/\\\/www.parisselectbook.com\\\/wp-content\\\/uploads\\\/2026\\\/03\\\/213563-image.jpg\",\"contentUrl\":\"https:\\\/\\\/www.parisselectbook.com\\\/wp-content\\\/uploads\\\/2026\\\/03\\\/213563-image.jpg\",\"width\":1200,\"height\":680,\"caption\":\"ParisSelectBook - Ch\u00e2teau de Versailles : une exposition Harry Potter \u00e0 d\u00e9couvrir cet \u00e9t\u00e9 pour les 25 ans de la saga au cin\u00e9ma\"},{\"@type\":\"BreadcrumbList\",\"@id\":\"https:\\\/\\\/www.parisselectbook.com\\\/en\\\/2026\\\/03\\\/09\\\/chateau-de-versailles-a-harry-potter-exhibition-this-summer-to-celebrate-the-25th-anniversary-of-the-film-saga\\\/#breadcrumb\",\"itemListElement\":[{\"@type\":\"ListItem\",\"position\":1,\"name\":\"Que faire \u00e0 Paris ?\",\"item\":\"https:\\\/\\\/www.parisselectbook.com\\\/en\\\/category\\\/que-faire-a-paris-en\\\/\"},{\"@type\":\"ListItem\",\"position\":2,\"name\":\"Ch\u00e2teau de Versailles: a Harry Potter exhibition this summer to celebrate the 25th anniversary of the film saga\"}]},{\"@type\":\"WebSite\",\"@id\":\"https:\\\/\\\/www.parisselectbook.com\\\/en\\\/#website\",\"url\":\"https:\\\/\\\/www.parisselectbook.com\\\/en\\\/\",\"name\":\"Paris Select Book\",\"description\":\"Le guide chic des Tendances Parisiennes\",\"publisher\":{\"@id\":\"https:\\\/\\\/www.parisselectbook.com\\\/en\\\/#organization\"},\"potentialAction\":[{\"@type\":\"SearchAction\",\"target\":{\"@type\":\"EntryPoint\",\"urlTemplate\":\"https:\\\/\\\/www.parisselectbook.com\\\/en\\\/?s={search_term_string}\"},\"query-input\":{\"@type\":\"PropertyValueSpecification\",\"valueRequired\":true,\"valueName\":\"search_term_string\"}}],\"inLanguage\":\"en-US\"},{\"@type\":\"Organization\",\"@id\":\"https:\\\/\\\/www.parisselectbook.com\\\/en\\\/#organization\",\"name\":\"Paris Select\",\"url\":\"https:\\\/\\\/www.parisselectbook.com\\\/en\\\/\",\"logo\":{\"@type\":\"ImageObject\",\"inLanguage\":\"en-US\",\"@id\":\"https:\\\/\\\/www.parisselectbook.com\\\/en\\\/#\\\/schema\\\/logo\\\/image\\\/\",\"url\":\"https:\\\/\\\/www.parisselectbook.com\\\/wp-content\\\/uploads\\\/2024\\\/06\\\/logo-IG-TKTK-LK.png\",\"contentUrl\":\"https:\\\/\\\/www.parisselectbook.com\\\/wp-content\\\/uploads\\\/2024\\\/06\\\/logo-IG-TKTK-LK.png\",\"width\":684,\"height\":665,\"caption\":\"Paris Select\"},\"image\":{\"@id\":\"https:\\\/\\\/www.parisselectbook.com\\\/en\\\/#\\\/schema\\\/logo\\\/image\\\/\"},\"sameAs\":[\"https:\\\/\\\/www.facebook.com\\\/parisselect\",\"https:\\\/\\\/www.instagram.com\\\/parisselect\\\/\",\"https:\\\/\\\/www.tiktok.com\\\/@parisselect\"]},{\"@type\":\"Person\",\"@id\":\"https:\\\/\\\/www.parisselectbook.com\\\/en\\\/#\\\/schema\\\/person\\\/3675d9a80d6cbefbfde597e393c036aa\",\"name\":\"zaccharie touboul\",\"sameAs\":[\"https:\\\/\\\/www.parisselectbook.com\\\/\"]}]}<\/script>\n<!-- \/ Yoast SEO plugin. -->","yoast_head_json":{"title":"Ch\u00e2teau de Versailles: a Harry Potter exhibition this summer to celebrate the 25th anniversary of the film saga","description":"The Ch\u00e2teau de Versailles is hosting an immersive Harry Potter experience to celebrate the 25th anniversary of the saga at the cinema in 2026.","robots":{"index":"index","follow":"follow","max-snippet":"max-snippet:-1","max-image-preview":"max-image-preview:large","max-video-preview":"max-video-preview:-1"},"canonical":"https:\/\/www.parisselectbook.com\/en\/2026\/03\/09\/chateau-de-versailles-a-harry-potter-exhibition-this-summer-to-celebrate-the-25th-anniversary-of-the-film-saga\/","og_locale":"en_US","og_type":"article","og_title":"Ch\u00e2teau de Versailles: a Harry Potter exhibition this summer to celebrate the 25th anniversary of the film saga","og_description":"The Ch\u00e2teau de Versailles is hosting an immersive Harry Potter experience to celebrate the 25th anniversary of the saga at the cinema in 2026.","og_url":"https:\/\/www.parisselectbook.com\/en\/2026\/03\/09\/chateau-de-versailles-a-harry-potter-exhibition-this-summer-to-celebrate-the-25th-anniversary-of-the-film-saga\/","og_site_name":"Paris Select","article_publisher":"https:\/\/www.facebook.com\/parisselect","article_published_time":"2026-03-09T06:44:00+00:00","og_image":[{"width":1200,"height":680,"url":"https:\/\/www.parisselectbook.com\/wp-content\/uploads\/2026\/03\/213563-image.jpg","type":"image\/jpeg"}],"author":"zaccharie touboul","twitter_card":"summary_large_image","twitter_misc":{"Written by":"zaccharie touboul","Est. reading time":"3 minutes"},"schema":{"@context":"https:\/\/schema.org","@graph":[{"@type":"Article","@id":"https:\/\/www.parisselectbook.com\/en\/2026\/03\/09\/chateau-de-versailles-a-harry-potter-exhibition-this-summer-to-celebrate-the-25th-anniversary-of-the-film-saga\/#article","isPartOf":{"@id":"https:\/\/www.parisselectbook.com\/en\/2026\/03\/09\/chateau-de-versailles-a-harry-potter-exhibition-this-summer-to-celebrate-the-25th-anniversary-of-the-film-saga\/"},"author":{"name":"zaccharie touboul","@id":"https:\/\/www.parisselectbook.com\/en\/#\/schema\/person\/3675d9a80d6cbefbfde597e393c036aa"},"headline":"Ch\u00e2teau de Versailles: a Harry Potter exhibition this summer to celebrate the 25th anniversary of the film saga","datePublished":"2026-03-09T06:44:00+00:00","mainEntityOfPage":{"@id":"https:\/\/www.parisselectbook.com\/en\/2026\/03\/09\/chateau-de-versailles-a-harry-potter-exhibition-this-summer-to-celebrate-the-25th-anniversary-of-the-film-saga\/"},"wordCount":691,"commentCount":0,"publisher":{"@id":"https:\/\/www.parisselectbook.com\/en\/#organization"},"image":{"@id":"https:\/\/www.parisselectbook.com\/en\/2026\/03\/09\/chateau-de-versailles-a-harry-potter-exhibition-this-summer-to-celebrate-the-25th-anniversary-of-the-film-saga\/#primaryimage"},"thumbnailUrl":"https:\/\/www.parisselectbook.com\/wp-content\/uploads\/2026\/03\/213563-image.jpg","keywords":["Palace of Versailles"],"articleSection":["News du Luxe"],"inLanguage":"en-US","potentialAction":[{"@type":"CommentAction","name":"Comment","target":["https:\/\/www.parisselectbook.com\/en\/2026\/03\/09\/chateau-de-versailles-a-harry-potter-exhibition-this-summer-to-celebrate-the-25th-anniversary-of-the-film-saga\/#respond"]}]},{"@type":"WebPage","@id":"https:\/\/www.parisselectbook.com\/en\/2026\/03\/09\/chateau-de-versailles-a-harry-potter-exhibition-this-summer-to-celebrate-the-25th-anniversary-of-the-film-saga\/","url":"https:\/\/www.parisselectbook.com\/en\/2026\/03\/09\/chateau-de-versailles-a-harry-potter-exhibition-this-summer-to-celebrate-the-25th-anniversary-of-the-film-saga\/","name":"Ch\u00e2teau de Versailles: a Harry Potter exhibition this summer to celebrate the 25th anniversary of the film saga","isPartOf":{"@id":"https:\/\/www.parisselectbook.com\/en\/#website"},"primaryImageOfPage":{"@id":"https:\/\/www.parisselectbook.com\/en\/2026\/03\/09\/chateau-de-versailles-a-harry-potter-exhibition-this-summer-to-celebrate-the-25th-anniversary-of-the-film-saga\/#primaryimage"},"image":{"@id":"https:\/\/www.parisselectbook.com\/en\/2026\/03\/09\/chateau-de-versailles-a-harry-potter-exhibition-this-summer-to-celebrate-the-25th-anniversary-of-the-film-saga\/#primaryimage"},"thumbnailUrl":"https:\/\/www.parisselectbook.com\/wp-content\/uploads\/2026\/03\/213563-image.jpg","datePublished":"2026-03-09T06:44:00+00:00","description":"The Ch\u00e2teau de Versailles is hosting an immersive Harry Potter experience to celebrate the 25th anniversary of the saga at the cinema in 2026.","breadcrumb":{"@id":"https:\/\/www.parisselectbook.com\/en\/2026\/03\/09\/chateau-de-versailles-a-harry-potter-exhibition-this-summer-to-celebrate-the-25th-anniversary-of-the-film-saga\/#breadcrumb"},"inLanguage":"en-US","potentialAction":[{"@type":"ReadAction","target":["https:\/\/www.parisselectbook.com\/en\/2026\/03\/09\/chateau-de-versailles-a-harry-potter-exhibition-this-summer-to-celebrate-the-25th-anniversary-of-the-film-saga\/"]}]},{"@type":"ImageObject","inLanguage":"en-US","@id":"https:\/\/www.parisselectbook.com\/en\/2026\/03\/09\/chateau-de-versailles-a-harry-potter-exhibition-this-summer-to-celebrate-the-25th-anniversary-of-the-film-saga\/#primaryimage","url":"https:\/\/www.parisselectbook.com\/wp-content\/uploads\/2026\/03\/213563-image.jpg","contentUrl":"https:\/\/www.parisselectbook.com\/wp-content\/uploads\/2026\/03\/213563-image.jpg","width":1200,"height":680,"caption":"ParisSelectBook - Ch\u00e2teau de Versailles : une exposition Harry Potter \u00e0 d\u00e9couvrir cet \u00e9t\u00e9 pour les 25 ans de la saga au cin\u00e9ma"},{"@type":"BreadcrumbList","@id":"https:\/\/www.parisselectbook.com\/en\/2026\/03\/09\/chateau-de-versailles-a-harry-potter-exhibition-this-summer-to-celebrate-the-25th-anniversary-of-the-film-saga\/#breadcrumb","itemListElement":[{"@type":"ListItem","position":1,"name":"Que faire \u00e0 Paris ?","item":"https:\/\/www.parisselectbook.com\/en\/category\/que-faire-a-paris-en\/"},{"@type":"ListItem","position":2,"name":"Ch\u00e2teau de Versailles: a Harry Potter exhibition this summer to celebrate the 25th anniversary of the film saga"}]},{"@type":"WebSite","@id":"https:\/\/www.parisselectbook.com\/en\/#website","url":"https:\/\/www.parisselectbook.com\/en\/","name":"Paris Select Book","description":"Le guide chic des Tendances Parisiennes","publisher":{"@id":"https:\/\/www.parisselectbook.com\/en\/#organization"},"potentialAction":[{"@type":"SearchAction","target":{"@type":"EntryPoint","urlTemplate":"https:\/\/www.parisselectbook.com\/en\/?s={search_term_string}"},"query-input":{"@type":"PropertyValueSpecification","valueRequired":true,"valueName":"search_term_string"}}],"inLanguage":"en-US"},{"@type":"Organization","@id":"https:\/\/www.parisselectbook.com\/en\/#organization","name":"Paris Select","url":"https:\/\/www.parisselectbook.com\/en\/","logo":{"@type":"ImageObject","inLanguage":"en-US","@id":"https:\/\/www.parisselectbook.com\/en\/#\/schema\/logo\/image\/","url":"https:\/\/www.parisselectbook.com\/wp-content\/uploads\/2024\/06\/logo-IG-TKTK-LK.png","contentUrl":"https:\/\/www.parisselectbook.com\/wp-content\/uploads\/2024\/06\/logo-IG-TKTK-LK.png","width":684,"height":665,"caption":"Paris Select"},"image":{"@id":"https:\/\/www.parisselectbook.com\/en\/#\/schema\/logo\/image\/"},"sameAs":["https:\/\/www.facebook.com\/parisselect","https:\/\/www.instagram.com\/parisselect\/","https:\/\/www.tiktok.com\/@parisselect"]},{"@type":"Person","@id":"https:\/\/www.parisselectbook.com\/en\/#\/schema\/person\/3675d9a80d6cbefbfde597e393c036aa","name":"zaccharie touboul","sameAs":["https:\/\/www.parisselectbook.com\/"]}]}},"_links":{"self":[{"href":"https:\/\/www.parisselectbook.com\/en\/wp-json\/wp\/v2\/posts\/213628","targetHints":{"allow":["GET"]}}],"collection":[{"href":"https:\/\/www.parisselectbook.com\/en\/wp-json\/wp\/v2\/posts"}],"about":[{"href":"https:\/\/www.parisselectbook.com\/en\/wp-json\/wp\/v2\/types\/post"}],"author":[{"embeddable":true,"href":"https:\/\/www.parisselectbook.com\/en\/wp-json\/wp\/v2\/users\/13"}],"replies":[{"embeddable":true,"href":"https:\/\/www.parisselectbook.com\/en\/wp-json\/wp\/v2\/comments?post=213628"}],"version-history":[{"count":0,"href":"https:\/\/www.parisselectbook.com\/en\/wp-json\/wp\/v2\/posts\/213628\/revisions"}],"wp:featuredmedia":[{"embeddable":true,"href":"https:\/\/www.parisselectbook.com\/en\/wp-json\/wp\/v2\/media\/213565"}],"wp:attachment":[{"href":"https:\/\/www.parisselectbook.com\/en\/wp-json\/wp\/v2\/media?parent=213628"}],"wp:term":[{"taxonomy":"category","embeddable":true,"href":"https:\/\/www.parisselectbook.com\/en\/wp-json\/wp\/v2\/categories?post=213628"},{"taxonomy":"post_tag","embeddable":true,"href":"https:\/\/www.parisselectbook.com\/en\/wp-json\/wp\/v2\/tags?post=213628"},{"taxonomy":"quartier","embeddable":true,"href":"https:\/\/www.parisselectbook.com\/en\/wp-json\/wp\/v2\/quartier?post=213628"}],"curies":[{"name":"wp","href":"https:\/\/api.w.org\/{rel}","templated":true}]}}