{"id":213629,"date":"2026-03-09T08:05:00","date_gmt":"2026-03-09T07:05:00","guid":{"rendered":"https:\/\/www.parisselectbook.com\/2026\/03\/09\/haircuts-after-age-70-a-layered-bob-is-essential-to-lift-the-face-says-a-hairdresser\/"},"modified":"2026-03-09T08:05:00","modified_gmt":"2026-03-09T07:05:00","slug":"haircuts-after-age-70-a-layered-bob-is-essential-to-lift-the-face-says-a-hairdresser","status":"publish","type":"post","link":"https:\/\/www.parisselectbook.com\/en\/2026\/03\/09\/haircuts-after-age-70-a-layered-bob-is-essential-to-lift-the-face-says-a-hairdresser\/","title":{"rendered":"Haircuts after age 70: a layered bob is essential to lift the face, says a hairdresser"},"content":{"rendered":"<p>After a certain age, choosing a <strong><a href=\"https:\/\/www.parisselectbook.com\/en\/2026\/03\/08\/japanese-squares-the-minimalist-cut-for-chic-uncluttered-style\/\">haircut after 70<\/a><\/strong> that enhances the face becomes a real question. Between the desire for freshness and the desire for practicality, the options are numerous. However, according to an expert hairdresser, one cut stands out for its rejuvenating effect.  <\/p>\n<h2>The clavicut, the ideal cut for lifting the face after 70<\/h2>\n<p>Hairdresser Maria Baras highly recommends the <strong>clavicut<\/strong> for women over 70. This <a href=\"https:\/\/www.parisselectbook.com\/en\/2026\/03\/08\/long-dresses-5-catwalk-trends-to-adopt-this-summer\/\">mid-length<\/a> cut arrives precisely at the level of the clavicles. It creates a visual effect that naturally elongates and refines the face.  <\/p>\n<p>This <strong>haircut after age 70<\/strong> has a major advantage: it frames the face with <a href=\"https:\/\/www.parisselectbook.com\/en\/2026\/03\/07\/mid-season-jacket-this-chic-piece-is-taking-over-from-the-trench-coat-in-parisian-womens-wardrobes-this-spring\/\">elegance<\/a>. What&#8217;s more, it adds structure without weighing down the features. The clavicut offers a perfect balance between sophistication and lightness.  <\/p>\n<p>Maria Baras insists on the importance of length in the clavicle area. This strategic position draws the eye away from areas where the skin can slacken. As a result, the face immediately appears more toned and <a href=\"https:\/\/www.parisselectbook.com\/en\/2026\/03\/08\/sagging-eyelids-after-50-primer-the-no-1-product-for-lifting-eyes-according-to-a-makeup-expert\/\">youthful<\/a>.  <\/p>\n<blockquote><p>&#8220;The clavicut is the perfect cut for lifting the face naturally after age 70.&#8221;<\/p><\/blockquote>\n<h3>Why the mid-length cut works so well<\/h3>\n<p>Unlike very short cuts, the clavicut retains enough length to remain feminine. As a result, it avoids the strict effect that some women fear with tomboy cuts. This <strong>haircut after age 70<\/strong> also makes it possible to vary hairstyles.  <\/p>\n<p>The natural movement of medium-length hair adds dynamism to the face. On the other hand, cuts that are too long can pull the features down. The clavicle is therefore in the optimum zone for highlighting women of this age.  <\/p>\n<ul>\n<li>The clavicle arrives at the level of the clavicles<\/li>\n<li>It frames the face with elegance<\/li>\n<li>This cut creates a natural lifting effect<\/li>\n<li>Suitable for different hair textures<\/li>\n<li>The clavicle remains easy to style on a daily basis<\/li>\n<\/ul>\n<h2>Maria Baras&#8217; tips for enhancing this cut<\/h2>\n<p>Hairstylist Maria Baras shares her expertise on how to optimize the clavicut. She recommends working on volume at the roots. This creates height and balances the proportions of the face.  <\/p>\n<p>For a successful <strong>haircut after 70<\/strong>, regular maintenance remains essential. Maria Baras recommends frequent touch-ups to maintain the ideal length. In this way, the lifting effect remains optimal over the weeks.  <\/p>\n<p>Hair texture also plays a role in the final result. However, the clavicut can be adapted to fine or thick hair. The hairdresser simply adjusts the cutting technique according to the nature of the hair.  <\/p>\n<p>The light gradient can enhance the rejuvenating effect of this cut. It adds movement and lightness to the ends. As a result, the face gains in softness and luminosity.  <\/p>\n<h3>How to adapt the clavicut to your morphology<\/h3>\n<p>Every face has unique characteristics to take into account. Maria Baras therefore adapts the clavicut to the shape of the face. For a round face, she favors a slight gradation on the sides.  <\/p>\n<p>Women with longer faces can opt for more volume on the sides. This <strong>haircut after age 70<\/strong> then becomes a tool for rebalancing proportions. Personalization remains the key to success.  <\/p>\n<h2>Why choose the clavicut in 2026?<\/h2>\n<p>This year&#8217;s hair trends emphasize naturalness and timeless elegance. For women over 70, the clavicut is the perfect answer. It embodies authentic, unadorned beauty.  <\/p>\n<p>Many women are looking for a <strong>haircut after 70<\/strong> that is both modern and flattering. The clavicut ticks all these boxes with simplicity. It proves that you can rejuvenate your appearance without resorting to drastic solutions.  <\/p>\n<p>Maria Baras observes that her customers feel transformed after adopting this cut. Their self-confidence visibly increases. The clavicut thus becomes much more than a simple hairstyle: it&#8217;s a true beauty ally.  <\/p>\n<p>Ultimately, the <strong>haircut after 70<\/strong> recommended by this expert offers a natural lifting effect. The clavicut is a wise choice for all those who wish to enhance their face with elegance. <\/p>\n","protected":false},"excerpt":{"rendered":"<p>After a certain age, choosing a haircut after 70 that enhances the face becomes a real question. Between the desire for freshness and the desire&#8230;<\/p>\n","protected":false},"author":13,"featured_media":213569,"comment_status":"open","ping_status":"closed","sticky":false,"template":"","format":"standard","meta":{"_acf_changed":false,"footnotes":""},"categories":[2685],"tags":[6341],"quartier":[],"class_list":["post-213629","post","type-post","status-publish","format-standard","has-post-thumbnail","hentry","category-news-du-luxe-en","tag-haircut-after-age-70"],"acf":[],"yoast_head":"<!-- This site is optimized with the Yoast SEO plugin v27.4 - https:\/\/yoast.com\/product\/yoast-seo-wordpress\/ -->\n<title>Haircuts after age 70: a layered bob is essential to lift the face, says a hairdresser<\/title>\n<meta name=\"description\" content=\"A hairdresser reveals the haircut after 70 that naturally lifts the face thanks to its strategic length.\" \/>\n<meta name=\"robots\" content=\"index, follow, max-snippet:-1, max-image-preview:large, max-video-preview:-1\" \/>\n<link rel=\"canonical\" href=\"https:\/\/www.parisselectbook.com\/en\/2026\/03\/09\/haircuts-after-age-70-a-layered-bob-is-essential-to-lift-the-face-says-a-hairdresser\/\" \/>\n<meta property=\"og:locale\" content=\"en_US\" \/>\n<meta property=\"og:type\" content=\"article\" \/>\n<meta property=\"og:title\" content=\"Haircuts after age 70: a layered bob is essential to lift the face, says a hairdresser\" \/>\n<meta property=\"og:description\" content=\"A hairdresser reveals the haircut after 70 that naturally lifts the face thanks to its strategic length.\" \/>\n<meta property=\"og:url\" content=\"https:\/\/www.parisselectbook.com\/en\/2026\/03\/09\/haircuts-after-age-70-a-layered-bob-is-essential-to-lift-the-face-says-a-hairdresser\/\" \/>\n<meta property=\"og:site_name\" content=\"Paris Select\" \/>\n<meta property=\"article:publisher\" content=\"https:\/\/www.facebook.com\/parisselect\" \/>\n<meta property=\"article:published_time\" content=\"2026-03-09T07:05:00+00:00\" \/>\n<meta property=\"og:image\" content=\"https:\/\/www.parisselectbook.com\/wp-content\/uploads\/2026\/03\/213567-image.jpg\" \/>\n\t<meta property=\"og:image:width\" content=\"1200\" \/>\n\t<meta property=\"og:image:height\" content=\"680\" \/>\n\t<meta property=\"og:image:type\" content=\"image\/jpeg\" \/>\n<meta name=\"author\" content=\"zaccharie touboul\" \/>\n<meta name=\"twitter:card\" content=\"summary_large_image\" \/>\n<meta name=\"twitter:label1\" content=\"Written by\" \/>\n\t<meta name=\"twitter:data1\" content=\"zaccharie touboul\" \/>\n\t<meta name=\"twitter:label2\" content=\"Est. reading time\" \/>\n\t<meta name=\"twitter:data2\" content=\"3 minutes\" \/>\n<script type=\"application\/ld+json\" class=\"yoast-schema-graph\">{\"@context\":\"https:\\\/\\\/schema.org\",\"@graph\":[{\"@type\":\"Article\",\"@id\":\"https:\\\/\\\/www.parisselectbook.com\\\/en\\\/2026\\\/03\\\/09\\\/haircuts-after-age-70-a-layered-bob-is-essential-to-lift-the-face-says-a-hairdresser\\\/#article\",\"isPartOf\":{\"@id\":\"https:\\\/\\\/www.parisselectbook.com\\\/en\\\/2026\\\/03\\\/09\\\/haircuts-after-age-70-a-layered-bob-is-essential-to-lift-the-face-says-a-hairdresser\\\/\"},\"author\":{\"name\":\"zaccharie touboul\",\"@id\":\"https:\\\/\\\/www.parisselectbook.com\\\/en\\\/#\\\/schema\\\/person\\\/3675d9a80d6cbefbfde597e393c036aa\"},\"headline\":\"Haircuts after age 70: a layered bob is essential to lift the face, says a hairdresser\",\"datePublished\":\"2026-03-09T07:05:00+00:00\",\"mainEntityOfPage\":{\"@id\":\"https:\\\/\\\/www.parisselectbook.com\\\/en\\\/2026\\\/03\\\/09\\\/haircuts-after-age-70-a-layered-bob-is-essential-to-lift-the-face-says-a-hairdresser\\\/\"},\"wordCount\":635,\"commentCount\":0,\"publisher\":{\"@id\":\"https:\\\/\\\/www.parisselectbook.com\\\/en\\\/#organization\"},\"image\":{\"@id\":\"https:\\\/\\\/www.parisselectbook.com\\\/en\\\/2026\\\/03\\\/09\\\/haircuts-after-age-70-a-layered-bob-is-essential-to-lift-the-face-says-a-hairdresser\\\/#primaryimage\"},\"thumbnailUrl\":\"https:\\\/\\\/www.parisselectbook.com\\\/wp-content\\\/uploads\\\/2026\\\/03\\\/213567-image.jpg\",\"keywords\":[\"haircut after age 70\"],\"articleSection\":[\"News du Luxe\"],\"inLanguage\":\"en-US\",\"potentialAction\":[{\"@type\":\"CommentAction\",\"name\":\"Comment\",\"target\":[\"https:\\\/\\\/www.parisselectbook.com\\\/en\\\/2026\\\/03\\\/09\\\/haircuts-after-age-70-a-layered-bob-is-essential-to-lift-the-face-says-a-hairdresser\\\/#respond\"]}]},{\"@type\":\"WebPage\",\"@id\":\"https:\\\/\\\/www.parisselectbook.com\\\/en\\\/2026\\\/03\\\/09\\\/haircuts-after-age-70-a-layered-bob-is-essential-to-lift-the-face-says-a-hairdresser\\\/\",\"url\":\"https:\\\/\\\/www.parisselectbook.com\\\/en\\\/2026\\\/03\\\/09\\\/haircuts-after-age-70-a-layered-bob-is-essential-to-lift-the-face-says-a-hairdresser\\\/\",\"name\":\"Haircuts after age 70: a layered bob is essential to lift the face, says a hairdresser\",\"isPartOf\":{\"@id\":\"https:\\\/\\\/www.parisselectbook.com\\\/en\\\/#website\"},\"primaryImageOfPage\":{\"@id\":\"https:\\\/\\\/www.parisselectbook.com\\\/en\\\/2026\\\/03\\\/09\\\/haircuts-after-age-70-a-layered-bob-is-essential-to-lift-the-face-says-a-hairdresser\\\/#primaryimage\"},\"image\":{\"@id\":\"https:\\\/\\\/www.parisselectbook.com\\\/en\\\/2026\\\/03\\\/09\\\/haircuts-after-age-70-a-layered-bob-is-essential-to-lift-the-face-says-a-hairdresser\\\/#primaryimage\"},\"thumbnailUrl\":\"https:\\\/\\\/www.parisselectbook.com\\\/wp-content\\\/uploads\\\/2026\\\/03\\\/213567-image.jpg\",\"datePublished\":\"2026-03-09T07:05:00+00:00\",\"description\":\"A hairdresser reveals the haircut after 70 that naturally lifts the face thanks to its strategic length.\",\"breadcrumb\":{\"@id\":\"https:\\\/\\\/www.parisselectbook.com\\\/en\\\/2026\\\/03\\\/09\\\/haircuts-after-age-70-a-layered-bob-is-essential-to-lift-the-face-says-a-hairdresser\\\/#breadcrumb\"},\"inLanguage\":\"en-US\",\"potentialAction\":[{\"@type\":\"ReadAction\",\"target\":[\"https:\\\/\\\/www.parisselectbook.com\\\/en\\\/2026\\\/03\\\/09\\\/haircuts-after-age-70-a-layered-bob-is-essential-to-lift-the-face-says-a-hairdresser\\\/\"]}]},{\"@type\":\"ImageObject\",\"inLanguage\":\"en-US\",\"@id\":\"https:\\\/\\\/www.parisselectbook.com\\\/en\\\/2026\\\/03\\\/09\\\/haircuts-after-age-70-a-layered-bob-is-essential-to-lift-the-face-says-a-hairdresser\\\/#primaryimage\",\"url\":\"https:\\\/\\\/www.parisselectbook.com\\\/wp-content\\\/uploads\\\/2026\\\/03\\\/213567-image.jpg\",\"contentUrl\":\"https:\\\/\\\/www.parisselectbook.com\\\/wp-content\\\/uploads\\\/2026\\\/03\\\/213567-image.jpg\",\"width\":1200,\"height\":680,\"caption\":\"ParisSelectBook - Coupe de cheveux apr\u00e8s 70 ans : le carr\u00e9 d\u00e9grad\u00e9 s'impose pour lifter le visage selon une coiffeuse\"},{\"@type\":\"BreadcrumbList\",\"@id\":\"https:\\\/\\\/www.parisselectbook.com\\\/en\\\/2026\\\/03\\\/09\\\/haircuts-after-age-70-a-layered-bob-is-essential-to-lift-the-face-says-a-hairdresser\\\/#breadcrumb\",\"itemListElement\":[{\"@type\":\"ListItem\",\"position\":1,\"name\":\"Que faire \u00e0 Paris ?\",\"item\":\"https:\\\/\\\/www.parisselectbook.com\\\/en\\\/category\\\/que-faire-a-paris-en\\\/\"},{\"@type\":\"ListItem\",\"position\":2,\"name\":\"Haircuts after age 70: a layered bob is essential to lift the face, says a hairdresser\"}]},{\"@type\":\"WebSite\",\"@id\":\"https:\\\/\\\/www.parisselectbook.com\\\/en\\\/#website\",\"url\":\"https:\\\/\\\/www.parisselectbook.com\\\/en\\\/\",\"name\":\"Paris Select Book\",\"description\":\"Le guide chic des Tendances Parisiennes\",\"publisher\":{\"@id\":\"https:\\\/\\\/www.parisselectbook.com\\\/en\\\/#organization\"},\"potentialAction\":[{\"@type\":\"SearchAction\",\"target\":{\"@type\":\"EntryPoint\",\"urlTemplate\":\"https:\\\/\\\/www.parisselectbook.com\\\/en\\\/?s={search_term_string}\"},\"query-input\":{\"@type\":\"PropertyValueSpecification\",\"valueRequired\":true,\"valueName\":\"search_term_string\"}}],\"inLanguage\":\"en-US\"},{\"@type\":\"Organization\",\"@id\":\"https:\\\/\\\/www.parisselectbook.com\\\/en\\\/#organization\",\"name\":\"Paris Select\",\"url\":\"https:\\\/\\\/www.parisselectbook.com\\\/en\\\/\",\"logo\":{\"@type\":\"ImageObject\",\"inLanguage\":\"en-US\",\"@id\":\"https:\\\/\\\/www.parisselectbook.com\\\/en\\\/#\\\/schema\\\/logo\\\/image\\\/\",\"url\":\"https:\\\/\\\/www.parisselectbook.com\\\/wp-content\\\/uploads\\\/2024\\\/06\\\/logo-IG-TKTK-LK.png\",\"contentUrl\":\"https:\\\/\\\/www.parisselectbook.com\\\/wp-content\\\/uploads\\\/2024\\\/06\\\/logo-IG-TKTK-LK.png\",\"width\":684,\"height\":665,\"caption\":\"Paris Select\"},\"image\":{\"@id\":\"https:\\\/\\\/www.parisselectbook.com\\\/en\\\/#\\\/schema\\\/logo\\\/image\\\/\"},\"sameAs\":[\"https:\\\/\\\/www.facebook.com\\\/parisselect\",\"https:\\\/\\\/www.instagram.com\\\/parisselect\\\/\",\"https:\\\/\\\/www.tiktok.com\\\/@parisselect\"]},{\"@type\":\"Person\",\"@id\":\"https:\\\/\\\/www.parisselectbook.com\\\/en\\\/#\\\/schema\\\/person\\\/3675d9a80d6cbefbfde597e393c036aa\",\"name\":\"zaccharie touboul\",\"sameAs\":[\"https:\\\/\\\/www.parisselectbook.com\\\/\"]}]}<\/script>\n<!-- \/ Yoast SEO plugin. -->","yoast_head_json":{"title":"Haircuts after age 70: a layered bob is essential to lift the face, says a hairdresser","description":"A hairdresser reveals the haircut after 70 that naturally lifts the face thanks to its strategic length.","robots":{"index":"index","follow":"follow","max-snippet":"max-snippet:-1","max-image-preview":"max-image-preview:large","max-video-preview":"max-video-preview:-1"},"canonical":"https:\/\/www.parisselectbook.com\/en\/2026\/03\/09\/haircuts-after-age-70-a-layered-bob-is-essential-to-lift-the-face-says-a-hairdresser\/","og_locale":"en_US","og_type":"article","og_title":"Haircuts after age 70: a layered bob is essential to lift the face, says a hairdresser","og_description":"A hairdresser reveals the haircut after 70 that naturally lifts the face thanks to its strategic length.","og_url":"https:\/\/www.parisselectbook.com\/en\/2026\/03\/09\/haircuts-after-age-70-a-layered-bob-is-essential-to-lift-the-face-says-a-hairdresser\/","og_site_name":"Paris Select","article_publisher":"https:\/\/www.facebook.com\/parisselect","article_published_time":"2026-03-09T07:05:00+00:00","og_image":[{"width":1200,"height":680,"url":"https:\/\/www.parisselectbook.com\/wp-content\/uploads\/2026\/03\/213567-image.jpg","type":"image\/jpeg"}],"author":"zaccharie touboul","twitter_card":"summary_large_image","twitter_misc":{"Written by":"zaccharie touboul","Est. reading time":"3 minutes"},"schema":{"@context":"https:\/\/schema.org","@graph":[{"@type":"Article","@id":"https:\/\/www.parisselectbook.com\/en\/2026\/03\/09\/haircuts-after-age-70-a-layered-bob-is-essential-to-lift-the-face-says-a-hairdresser\/#article","isPartOf":{"@id":"https:\/\/www.parisselectbook.com\/en\/2026\/03\/09\/haircuts-after-age-70-a-layered-bob-is-essential-to-lift-the-face-says-a-hairdresser\/"},"author":{"name":"zaccharie touboul","@id":"https:\/\/www.parisselectbook.com\/en\/#\/schema\/person\/3675d9a80d6cbefbfde597e393c036aa"},"headline":"Haircuts after age 70: a layered bob is essential to lift the face, says a hairdresser","datePublished":"2026-03-09T07:05:00+00:00","mainEntityOfPage":{"@id":"https:\/\/www.parisselectbook.com\/en\/2026\/03\/09\/haircuts-after-age-70-a-layered-bob-is-essential-to-lift-the-face-says-a-hairdresser\/"},"wordCount":635,"commentCount":0,"publisher":{"@id":"https:\/\/www.parisselectbook.com\/en\/#organization"},"image":{"@id":"https:\/\/www.parisselectbook.com\/en\/2026\/03\/09\/haircuts-after-age-70-a-layered-bob-is-essential-to-lift-the-face-says-a-hairdresser\/#primaryimage"},"thumbnailUrl":"https:\/\/www.parisselectbook.com\/wp-content\/uploads\/2026\/03\/213567-image.jpg","keywords":["haircut after age 70"],"articleSection":["News du Luxe"],"inLanguage":"en-US","potentialAction":[{"@type":"CommentAction","name":"Comment","target":["https:\/\/www.parisselectbook.com\/en\/2026\/03\/09\/haircuts-after-age-70-a-layered-bob-is-essential-to-lift-the-face-says-a-hairdresser\/#respond"]}]},{"@type":"WebPage","@id":"https:\/\/www.parisselectbook.com\/en\/2026\/03\/09\/haircuts-after-age-70-a-layered-bob-is-essential-to-lift-the-face-says-a-hairdresser\/","url":"https:\/\/www.parisselectbook.com\/en\/2026\/03\/09\/haircuts-after-age-70-a-layered-bob-is-essential-to-lift-the-face-says-a-hairdresser\/","name":"Haircuts after age 70: a layered bob is essential to lift the face, says a hairdresser","isPartOf":{"@id":"https:\/\/www.parisselectbook.com\/en\/#website"},"primaryImageOfPage":{"@id":"https:\/\/www.parisselectbook.com\/en\/2026\/03\/09\/haircuts-after-age-70-a-layered-bob-is-essential-to-lift-the-face-says-a-hairdresser\/#primaryimage"},"image":{"@id":"https:\/\/www.parisselectbook.com\/en\/2026\/03\/09\/haircuts-after-age-70-a-layered-bob-is-essential-to-lift-the-face-says-a-hairdresser\/#primaryimage"},"thumbnailUrl":"https:\/\/www.parisselectbook.com\/wp-content\/uploads\/2026\/03\/213567-image.jpg","datePublished":"2026-03-09T07:05:00+00:00","description":"A hairdresser reveals the haircut after 70 that naturally lifts the face thanks to its strategic length.","breadcrumb":{"@id":"https:\/\/www.parisselectbook.com\/en\/2026\/03\/09\/haircuts-after-age-70-a-layered-bob-is-essential-to-lift-the-face-says-a-hairdresser\/#breadcrumb"},"inLanguage":"en-US","potentialAction":[{"@type":"ReadAction","target":["https:\/\/www.parisselectbook.com\/en\/2026\/03\/09\/haircuts-after-age-70-a-layered-bob-is-essential-to-lift-the-face-says-a-hairdresser\/"]}]},{"@type":"ImageObject","inLanguage":"en-US","@id":"https:\/\/www.parisselectbook.com\/en\/2026\/03\/09\/haircuts-after-age-70-a-layered-bob-is-essential-to-lift-the-face-says-a-hairdresser\/#primaryimage","url":"https:\/\/www.parisselectbook.com\/wp-content\/uploads\/2026\/03\/213567-image.jpg","contentUrl":"https:\/\/www.parisselectbook.com\/wp-content\/uploads\/2026\/03\/213567-image.jpg","width":1200,"height":680,"caption":"ParisSelectBook - Coupe de cheveux apr\u00e8s 70 ans : le carr\u00e9 d\u00e9grad\u00e9 s'impose pour lifter le visage selon une coiffeuse"},{"@type":"BreadcrumbList","@id":"https:\/\/www.parisselectbook.com\/en\/2026\/03\/09\/haircuts-after-age-70-a-layered-bob-is-essential-to-lift-the-face-says-a-hairdresser\/#breadcrumb","itemListElement":[{"@type":"ListItem","position":1,"name":"Que faire \u00e0 Paris ?","item":"https:\/\/www.parisselectbook.com\/en\/category\/que-faire-a-paris-en\/"},{"@type":"ListItem","position":2,"name":"Haircuts after age 70: a layered bob is essential to lift the face, says a hairdresser"}]},{"@type":"WebSite","@id":"https:\/\/www.parisselectbook.com\/en\/#website","url":"https:\/\/www.parisselectbook.com\/en\/","name":"Paris Select Book","description":"Le guide chic des Tendances Parisiennes","publisher":{"@id":"https:\/\/www.parisselectbook.com\/en\/#organization"},"potentialAction":[{"@type":"SearchAction","target":{"@type":"EntryPoint","urlTemplate":"https:\/\/www.parisselectbook.com\/en\/?s={search_term_string}"},"query-input":{"@type":"PropertyValueSpecification","valueRequired":true,"valueName":"search_term_string"}}],"inLanguage":"en-US"},{"@type":"Organization","@id":"https:\/\/www.parisselectbook.com\/en\/#organization","name":"Paris Select","url":"https:\/\/www.parisselectbook.com\/en\/","logo":{"@type":"ImageObject","inLanguage":"en-US","@id":"https:\/\/www.parisselectbook.com\/en\/#\/schema\/logo\/image\/","url":"https:\/\/www.parisselectbook.com\/wp-content\/uploads\/2024\/06\/logo-IG-TKTK-LK.png","contentUrl":"https:\/\/www.parisselectbook.com\/wp-content\/uploads\/2024\/06\/logo-IG-TKTK-LK.png","width":684,"height":665,"caption":"Paris Select"},"image":{"@id":"https:\/\/www.parisselectbook.com\/en\/#\/schema\/logo\/image\/"},"sameAs":["https:\/\/www.facebook.com\/parisselect","https:\/\/www.instagram.com\/parisselect\/","https:\/\/www.tiktok.com\/@parisselect"]},{"@type":"Person","@id":"https:\/\/www.parisselectbook.com\/en\/#\/schema\/person\/3675d9a80d6cbefbfde597e393c036aa","name":"zaccharie touboul","sameAs":["https:\/\/www.parisselectbook.com\/"]}]}},"_links":{"self":[{"href":"https:\/\/www.parisselectbook.com\/en\/wp-json\/wp\/v2\/posts\/213629","targetHints":{"allow":["GET"]}}],"collection":[{"href":"https:\/\/www.parisselectbook.com\/en\/wp-json\/wp\/v2\/posts"}],"about":[{"href":"https:\/\/www.parisselectbook.com\/en\/wp-json\/wp\/v2\/types\/post"}],"author":[{"embeddable":true,"href":"https:\/\/www.parisselectbook.com\/en\/wp-json\/wp\/v2\/users\/13"}],"replies":[{"embeddable":true,"href":"https:\/\/www.parisselectbook.com\/en\/wp-json\/wp\/v2\/comments?post=213629"}],"version-history":[{"count":0,"href":"https:\/\/www.parisselectbook.com\/en\/wp-json\/wp\/v2\/posts\/213629\/revisions"}],"wp:featuredmedia":[{"embeddable":true,"href":"https:\/\/www.parisselectbook.com\/en\/wp-json\/wp\/v2\/media\/213569"}],"wp:attachment":[{"href":"https:\/\/www.parisselectbook.com\/en\/wp-json\/wp\/v2\/media?parent=213629"}],"wp:term":[{"taxonomy":"category","embeddable":true,"href":"https:\/\/www.parisselectbook.com\/en\/wp-json\/wp\/v2\/categories?post=213629"},{"taxonomy":"post_tag","embeddable":true,"href":"https:\/\/www.parisselectbook.com\/en\/wp-json\/wp\/v2\/tags?post=213629"},{"taxonomy":"quartier","embeddable":true,"href":"https:\/\/www.parisselectbook.com\/en\/wp-json\/wp\/v2\/quartier?post=213629"}],"curies":[{"name":"wp","href":"https:\/\/api.w.org\/{rel}","templated":true}]}}