{"id":213754,"date":"2026-03-10T09:09:00","date_gmt":"2026-03-10T08:09:00","guid":{"rendered":"https:\/\/www.parisselectbook.com\/2026\/03\/10\/michel-cymes-escapes-to-the-var-a-wooded-village-far-from-paris-where-he-likes-to-recharge-his-batteries\/"},"modified":"2026-03-10T09:09:00","modified_gmt":"2026-03-10T08:09:00","slug":"michel-cymes-escapes-to-the-var-a-wooded-village-far-from-paris-where-he-likes-to-recharge-his-batteries","status":"publish","type":"post","link":"https:\/\/www.parisselectbook.com\/en\/2026\/03\/10\/michel-cymes-escapes-to-the-var-a-wooded-village-far-from-paris-where-he-likes-to-recharge-his-batteries\/","title":{"rendered":"Michel Cymes escapes to the Var: a wooded village far from Paris where he likes to recharge his batteries"},"content":{"rendered":"<p>When daily life in Paris becomes too tiresome, some <a href=\"https:\/\/www.parisselectbook.com\/en\/2026\/03\/05\/milan-fashion-week-this-chic-accessory-worn-by-celebrities-is-becoming-a-must-have\/\" target=\"_blank\" rel=\"noopener\">celebrities<\/a> choose to escape to a haven of peace. Michel Cymes, the famous doctor and TV host, chose a charming <strong>village in the Var<\/strong> to recharge his batteries. This getaway from the spotlight reveals a more intimate side of France&#8217;s favorite health man.  <\/p>\n<h2>Michel Cymes takes refuge in a picture-postcard village in the Var region of France<\/h2>\n<p>Far from the hustle and bustle of the capital, Michel Cymes has discovered a <a href=\"https:\/\/www.parisselectbook.com\/2023\/03\/16\/la-borde-en-sologne-lhotel-parfait-pour-se-ressourcer-pres-de-paris\/\" target=\"_blank\" rel=\"noopener\">corner of paradise<\/a> in the south of France. The <strong>Var village<\/strong> of <strong>Entrecasteaux<\/strong> offers exactly what he needs: calm, nature and authenticity. The doctor can take advantage of a wooded setting conducive to relaxation.  <\/p>\n<p>The host, known for his health programs, is particularly fond of the region&#8217;s verdant landscapes. Indeed, this Provencal territory abounds in forests and footpaths perfect for <a href=\"https:\/\/www.parisselectbook.com\/en\/2024\/08\/06\/the-best-walks-along-the-seine\/\" target=\"_blank\" rel=\"noopener\">walks<\/a>. As a result, Michel Cymes finds a valuable balance between his media life and his moments of rest.  <\/p>\n<p>For him, this destination represents much more than a simple getaway. The presenter seems to have found his corner of serenity in the <strong>Var<a href=\"https:\/\/www.parisselectbook.com\/en\/2026\/03\/07\/gerberoy-one-of-frances-most-beautiful-villages-just-an-hour-from-paris-the-ideal-chic-getaway-for-a-change-of-scenery\/\" target=\"_blank\" rel=\"noopener\">village<\/a><\/strong> of <strong>Entrecasteaux<\/strong>, preserved from mass tourism. <\/p>\n<blockquote><p>&#8220;A pretty wooded village where I can finally breathe and reconnect with nature.&#8221;<\/p><\/blockquote>\n<h3>A wooded setting ideal for recharging your batteries<\/h3>\n<p><strong>Entrecasteaux<\/strong> &#8216;s charm lies mainly in its exceptional natural environment. The surrounding forests offer endless possibilities for walks and hikes. What&#8217;s more, the pure air of the Var countryside contrasts pleasantly with urban pollution.  <\/p>\n<p>Michel Cymes, a fervent advocate of healthy living, puts his own advice into practice. The doctor favors outdoor activities during his stays in this <strong>village in the Var region of France<\/strong>. This consistency between his recommendations and his lifestyle reinforces his credibility with the public.  <\/p>\n<ul>\n<li>A wooded environment conducive to daily walks<\/li>\n<li>A peaceful atmosphere far from Parisian stress<\/li>\n<li>Authentic, unspoilt Provencal landscapes<\/li>\n<li>An ideal setting for outdoor activities<\/li>\n<li>Quality of life sought after by many city dwellers<\/li>\n<\/ul>\n<h2>Why celebrities choose the Var for their getaways<\/h2>\n<p>The Var department attracts many personalities in search of discretion. Indeed, this region offers a perfect balance between wild nature and picturesque villages. What&#8217;s more, the mild Mediterranean climate appeals to those fleeing the dreariness of the north.  <\/p>\n<p>Michel Cymes is not the only one to have succumbed to the charms of this region. Yet he remains faithful to his choice of <strong>Var village<\/strong>, proof of his sincere attachment to the place. This constancy bears witness to a true love affair with the region.  <\/p>\n<p>The Cyme bag in Pol\u00e8ne leather embodies the understated elegance of a Provencal getaway. Its refined design is the perfect accompaniment to strolls through the narrow streets of picturesque villages. <\/p>\n<p>The villages of the Var have preserved an authenticity that is rare in the south of France. As a result, they attract those seeking a simple yet refined art of living. This exceptional quality of life explains the growing popularity of the region.  <\/p>\n<h3>A perfect balance between media life and intimacy<\/h3>\n<p>For Michel Cymes, these escapades are a vital necessity. The hectic pace of television demands moments of recuperation. As a result, this <strong>village in the Var region of France<\/strong> becomes his preferred refuge for recharging his batteries.  <\/p>\n<p>The doctor thus manages to maintain a healthy balance between his professional obligations and his personal life. This wisdom enables him to remain at the top of his game despite the years. As a result, he perfectly embodies the wellness advice he lavishes on his audience.  <\/p>\n<p>The interlaced leather bag from &amp; Other Stories is the ideal companion for those relaxing moments away from the capital. Its meticulous craftsmanship reflects the Proven\u00e7al art of living that the famous presenter seeks. <\/p>\n<h2>The Var, a privileged destination for nature lovers<\/h2>\n<p>This department in south-eastern France is a delightful mix of landscapes. Between sea and mountains, it offers endless possibilities for activities. What&#8217;s more, its unspoilt villages are true architectural gems.  <\/p>\n<p>Michel Cymes found everything he was looking for in this <strong>Var village<\/strong>. The tranquility of the place allows him to reconnect with what&#8217;s essential. This quest for simplicity resonates with the aspirations of many French people in 2026.  <\/p>\n<p>The forests of the Var offer an exceptional setting for walking. The doctor, who enjoys an active lifestyle, takes full advantage of this environment. As a result, every stay becomes a veritable rejuvenation cure for him.  <\/p>\n<p>This regular getaway in this corner of Provence illustrates a strong trend of our time. More and more city dwellers are seeking to escape the big cities for greener destinations. Michel Cymes&#8217; choice of this <strong>village in the Var<\/strong> reflects this collective aspiration for a more peaceful life, connected to nature.  <\/p>\n","protected":false},"excerpt":{"rendered":"<p>When daily life in Paris becomes too tiresome, some celebrities choose to escape to a haven of peace. Michel Cymes, the famous doctor and TV&#8230;<\/p>\n","protected":false},"author":13,"featured_media":213722,"comment_status":"open","ping_status":"closed","sticky":false,"template":"","format":"standard","meta":{"_acf_changed":false,"footnotes":""},"categories":[2685],"tags":[6358],"quartier":[],"class_list":["post-213754","post","type-post","status-publish","format-standard","has-post-thumbnail","hentry","category-news-du-luxe-en","tag-var-village"],"acf":[],"yoast_head":"<!-- This site is optimized with the Yoast SEO plugin v27.4 - https:\/\/yoast.com\/product\/yoast-seo-wordpress\/ -->\n<title>Michel Cymes escapes to the Var: a wooded village far from Paris where he likes to recharge his batteries<\/title>\n<meta name=\"description\" content=\"Michel Cymes regularly leaves Paris for a wooded village in the Var, where he finds peace and nature far from the spotlight.\" \/>\n<meta name=\"robots\" content=\"index, follow, max-snippet:-1, max-image-preview:large, max-video-preview:-1\" \/>\n<link rel=\"canonical\" href=\"https:\/\/www.parisselectbook.com\/en\/2026\/03\/10\/michel-cymes-escapes-to-the-var-a-wooded-village-far-from-paris-where-he-likes-to-recharge-his-batteries\/\" \/>\n<meta property=\"og:locale\" content=\"en_US\" \/>\n<meta property=\"og:type\" content=\"article\" \/>\n<meta property=\"og:title\" content=\"Michel Cymes escapes to the Var: a wooded village far from Paris where he likes to recharge his batteries\" \/>\n<meta property=\"og:description\" content=\"Michel Cymes regularly leaves Paris for a wooded village in the Var, where he finds peace and nature far from the spotlight.\" \/>\n<meta property=\"og:url\" content=\"https:\/\/www.parisselectbook.com\/en\/2026\/03\/10\/michel-cymes-escapes-to-the-var-a-wooded-village-far-from-paris-where-he-likes-to-recharge-his-batteries\/\" \/>\n<meta property=\"og:site_name\" content=\"Paris Select\" \/>\n<meta property=\"article:publisher\" content=\"https:\/\/www.facebook.com\/parisselect\" \/>\n<meta property=\"article:published_time\" content=\"2026-03-10T08:09:00+00:00\" \/>\n<meta property=\"og:image\" content=\"https:\/\/www.parisselectbook.com\/wp-content\/uploads\/2026\/03\/Michel-Cymes-sechappe-dans-le-Var-ce-village-boise-loin-de-Paris-ou-il-aime-se-ressourcer.jpg\" \/>\n\t<meta property=\"og:image:width\" content=\"1200\" \/>\n\t<meta property=\"og:image:height\" content=\"675\" \/>\n\t<meta property=\"og:image:type\" content=\"image\/jpeg\" \/>\n<meta name=\"author\" content=\"zaccharie touboul\" \/>\n<meta name=\"twitter:card\" content=\"summary_large_image\" \/>\n<meta name=\"twitter:label1\" content=\"Written by\" \/>\n\t<meta name=\"twitter:data1\" content=\"zaccharie touboul\" \/>\n\t<meta name=\"twitter:label2\" content=\"Est. reading time\" \/>\n\t<meta name=\"twitter:data2\" content=\"4 minutes\" \/>\n<script type=\"application\/ld+json\" class=\"yoast-schema-graph\">{\"@context\":\"https:\\\/\\\/schema.org\",\"@graph\":[{\"@type\":\"Article\",\"@id\":\"https:\\\/\\\/www.parisselectbook.com\\\/en\\\/2026\\\/03\\\/10\\\/michel-cymes-escapes-to-the-var-a-wooded-village-far-from-paris-where-he-likes-to-recharge-his-batteries\\\/#article\",\"isPartOf\":{\"@id\":\"https:\\\/\\\/www.parisselectbook.com\\\/en\\\/2026\\\/03\\\/10\\\/michel-cymes-escapes-to-the-var-a-wooded-village-far-from-paris-where-he-likes-to-recharge-his-batteries\\\/\"},\"author\":{\"name\":\"zaccharie touboul\",\"@id\":\"https:\\\/\\\/www.parisselectbook.com\\\/en\\\/#\\\/schema\\\/person\\\/3675d9a80d6cbefbfde597e393c036aa\"},\"headline\":\"Michel Cymes escapes to the Var: a wooded village far from Paris where he likes to recharge his batteries\",\"datePublished\":\"2026-03-10T08:09:00+00:00\",\"mainEntityOfPage\":{\"@id\":\"https:\\\/\\\/www.parisselectbook.com\\\/en\\\/2026\\\/03\\\/10\\\/michel-cymes-escapes-to-the-var-a-wooded-village-far-from-paris-where-he-likes-to-recharge-his-batteries\\\/\"},\"wordCount\":801,\"commentCount\":0,\"publisher\":{\"@id\":\"https:\\\/\\\/www.parisselectbook.com\\\/en\\\/#organization\"},\"image\":{\"@id\":\"https:\\\/\\\/www.parisselectbook.com\\\/en\\\/2026\\\/03\\\/10\\\/michel-cymes-escapes-to-the-var-a-wooded-village-far-from-paris-where-he-likes-to-recharge-his-batteries\\\/#primaryimage\"},\"thumbnailUrl\":\"https:\\\/\\\/www.parisselectbook.com\\\/wp-content\\\/uploads\\\/2026\\\/03\\\/Michel-Cymes-sechappe-dans-le-Var-ce-village-boise-loin-de-Paris-ou-il-aime-se-ressourcer.jpg\",\"keywords\":[\"Var village\"],\"articleSection\":[\"News du Luxe\"],\"inLanguage\":\"en-US\",\"potentialAction\":[{\"@type\":\"CommentAction\",\"name\":\"Comment\",\"target\":[\"https:\\\/\\\/www.parisselectbook.com\\\/en\\\/2026\\\/03\\\/10\\\/michel-cymes-escapes-to-the-var-a-wooded-village-far-from-paris-where-he-likes-to-recharge-his-batteries\\\/#respond\"]}]},{\"@type\":\"WebPage\",\"@id\":\"https:\\\/\\\/www.parisselectbook.com\\\/en\\\/2026\\\/03\\\/10\\\/michel-cymes-escapes-to-the-var-a-wooded-village-far-from-paris-where-he-likes-to-recharge-his-batteries\\\/\",\"url\":\"https:\\\/\\\/www.parisselectbook.com\\\/en\\\/2026\\\/03\\\/10\\\/michel-cymes-escapes-to-the-var-a-wooded-village-far-from-paris-where-he-likes-to-recharge-his-batteries\\\/\",\"name\":\"Michel Cymes escapes to the Var: a wooded village far from Paris where he likes to recharge his batteries\",\"isPartOf\":{\"@id\":\"https:\\\/\\\/www.parisselectbook.com\\\/en\\\/#website\"},\"primaryImageOfPage\":{\"@id\":\"https:\\\/\\\/www.parisselectbook.com\\\/en\\\/2026\\\/03\\\/10\\\/michel-cymes-escapes-to-the-var-a-wooded-village-far-from-paris-where-he-likes-to-recharge-his-batteries\\\/#primaryimage\"},\"image\":{\"@id\":\"https:\\\/\\\/www.parisselectbook.com\\\/en\\\/2026\\\/03\\\/10\\\/michel-cymes-escapes-to-the-var-a-wooded-village-far-from-paris-where-he-likes-to-recharge-his-batteries\\\/#primaryimage\"},\"thumbnailUrl\":\"https:\\\/\\\/www.parisselectbook.com\\\/wp-content\\\/uploads\\\/2026\\\/03\\\/Michel-Cymes-sechappe-dans-le-Var-ce-village-boise-loin-de-Paris-ou-il-aime-se-ressourcer.jpg\",\"datePublished\":\"2026-03-10T08:09:00+00:00\",\"description\":\"Michel Cymes regularly leaves Paris for a wooded village in the Var, where he finds peace and nature far from the spotlight.\",\"breadcrumb\":{\"@id\":\"https:\\\/\\\/www.parisselectbook.com\\\/en\\\/2026\\\/03\\\/10\\\/michel-cymes-escapes-to-the-var-a-wooded-village-far-from-paris-where-he-likes-to-recharge-his-batteries\\\/#breadcrumb\"},\"inLanguage\":\"en-US\",\"potentialAction\":[{\"@type\":\"ReadAction\",\"target\":[\"https:\\\/\\\/www.parisselectbook.com\\\/en\\\/2026\\\/03\\\/10\\\/michel-cymes-escapes-to-the-var-a-wooded-village-far-from-paris-where-he-likes-to-recharge-his-batteries\\\/\"]}]},{\"@type\":\"ImageObject\",\"inLanguage\":\"en-US\",\"@id\":\"https:\\\/\\\/www.parisselectbook.com\\\/en\\\/2026\\\/03\\\/10\\\/michel-cymes-escapes-to-the-var-a-wooded-village-far-from-paris-where-he-likes-to-recharge-his-batteries\\\/#primaryimage\",\"url\":\"https:\\\/\\\/www.parisselectbook.com\\\/wp-content\\\/uploads\\\/2026\\\/03\\\/Michel-Cymes-sechappe-dans-le-Var-ce-village-boise-loin-de-Paris-ou-il-aime-se-ressourcer.jpg\",\"contentUrl\":\"https:\\\/\\\/www.parisselectbook.com\\\/wp-content\\\/uploads\\\/2026\\\/03\\\/Michel-Cymes-sechappe-dans-le-Var-ce-village-boise-loin-de-Paris-ou-il-aime-se-ressourcer.jpg\",\"width\":1200,\"height\":675,\"caption\":\"Michel Cymes s'\u00e9chappe dans le Var : ce village bois\u00e9 loin de Paris o\u00f9 il aime se ressourcer\"},{\"@type\":\"BreadcrumbList\",\"@id\":\"https:\\\/\\\/www.parisselectbook.com\\\/en\\\/2026\\\/03\\\/10\\\/michel-cymes-escapes-to-the-var-a-wooded-village-far-from-paris-where-he-likes-to-recharge-his-batteries\\\/#breadcrumb\",\"itemListElement\":[{\"@type\":\"ListItem\",\"position\":1,\"name\":\"Que faire \u00e0 Paris ?\",\"item\":\"https:\\\/\\\/www.parisselectbook.com\\\/en\\\/category\\\/que-faire-a-paris-en\\\/\"},{\"@type\":\"ListItem\",\"position\":2,\"name\":\"Michel Cymes escapes to the Var: a wooded village far from Paris where he likes to recharge his batteries\"}]},{\"@type\":\"WebSite\",\"@id\":\"https:\\\/\\\/www.parisselectbook.com\\\/en\\\/#website\",\"url\":\"https:\\\/\\\/www.parisselectbook.com\\\/en\\\/\",\"name\":\"Paris Select Book\",\"description\":\"Le guide chic des Tendances Parisiennes\",\"publisher\":{\"@id\":\"https:\\\/\\\/www.parisselectbook.com\\\/en\\\/#organization\"},\"potentialAction\":[{\"@type\":\"SearchAction\",\"target\":{\"@type\":\"EntryPoint\",\"urlTemplate\":\"https:\\\/\\\/www.parisselectbook.com\\\/en\\\/?s={search_term_string}\"},\"query-input\":{\"@type\":\"PropertyValueSpecification\",\"valueRequired\":true,\"valueName\":\"search_term_string\"}}],\"inLanguage\":\"en-US\"},{\"@type\":\"Organization\",\"@id\":\"https:\\\/\\\/www.parisselectbook.com\\\/en\\\/#organization\",\"name\":\"Paris Select\",\"url\":\"https:\\\/\\\/www.parisselectbook.com\\\/en\\\/\",\"logo\":{\"@type\":\"ImageObject\",\"inLanguage\":\"en-US\",\"@id\":\"https:\\\/\\\/www.parisselectbook.com\\\/en\\\/#\\\/schema\\\/logo\\\/image\\\/\",\"url\":\"https:\\\/\\\/www.parisselectbook.com\\\/wp-content\\\/uploads\\\/2024\\\/06\\\/logo-IG-TKTK-LK.png\",\"contentUrl\":\"https:\\\/\\\/www.parisselectbook.com\\\/wp-content\\\/uploads\\\/2024\\\/06\\\/logo-IG-TKTK-LK.png\",\"width\":684,\"height\":665,\"caption\":\"Paris Select\"},\"image\":{\"@id\":\"https:\\\/\\\/www.parisselectbook.com\\\/en\\\/#\\\/schema\\\/logo\\\/image\\\/\"},\"sameAs\":[\"https:\\\/\\\/www.facebook.com\\\/parisselect\",\"https:\\\/\\\/www.instagram.com\\\/parisselect\\\/\",\"https:\\\/\\\/www.tiktok.com\\\/@parisselect\"]},{\"@type\":\"Person\",\"@id\":\"https:\\\/\\\/www.parisselectbook.com\\\/en\\\/#\\\/schema\\\/person\\\/3675d9a80d6cbefbfde597e393c036aa\",\"name\":\"zaccharie touboul\",\"sameAs\":[\"https:\\\/\\\/www.parisselectbook.com\\\/\"]}]}<\/script>\n<!-- \/ Yoast SEO plugin. -->","yoast_head_json":{"title":"Michel Cymes escapes to the Var: a wooded village far from Paris where he likes to recharge his batteries","description":"Michel Cymes regularly leaves Paris for a wooded village in the Var, where he finds peace and nature far from the spotlight.","robots":{"index":"index","follow":"follow","max-snippet":"max-snippet:-1","max-image-preview":"max-image-preview:large","max-video-preview":"max-video-preview:-1"},"canonical":"https:\/\/www.parisselectbook.com\/en\/2026\/03\/10\/michel-cymes-escapes-to-the-var-a-wooded-village-far-from-paris-where-he-likes-to-recharge-his-batteries\/","og_locale":"en_US","og_type":"article","og_title":"Michel Cymes escapes to the Var: a wooded village far from Paris where he likes to recharge his batteries","og_description":"Michel Cymes regularly leaves Paris for a wooded village in the Var, where he finds peace and nature far from the spotlight.","og_url":"https:\/\/www.parisselectbook.com\/en\/2026\/03\/10\/michel-cymes-escapes-to-the-var-a-wooded-village-far-from-paris-where-he-likes-to-recharge-his-batteries\/","og_site_name":"Paris Select","article_publisher":"https:\/\/www.facebook.com\/parisselect","article_published_time":"2026-03-10T08:09:00+00:00","og_image":[{"width":1200,"height":675,"url":"https:\/\/www.parisselectbook.com\/wp-content\/uploads\/2026\/03\/Michel-Cymes-sechappe-dans-le-Var-ce-village-boise-loin-de-Paris-ou-il-aime-se-ressourcer.jpg","type":"image\/jpeg"}],"author":"zaccharie touboul","twitter_card":"summary_large_image","twitter_misc":{"Written by":"zaccharie touboul","Est. reading time":"4 minutes"},"schema":{"@context":"https:\/\/schema.org","@graph":[{"@type":"Article","@id":"https:\/\/www.parisselectbook.com\/en\/2026\/03\/10\/michel-cymes-escapes-to-the-var-a-wooded-village-far-from-paris-where-he-likes-to-recharge-his-batteries\/#article","isPartOf":{"@id":"https:\/\/www.parisselectbook.com\/en\/2026\/03\/10\/michel-cymes-escapes-to-the-var-a-wooded-village-far-from-paris-where-he-likes-to-recharge-his-batteries\/"},"author":{"name":"zaccharie touboul","@id":"https:\/\/www.parisselectbook.com\/en\/#\/schema\/person\/3675d9a80d6cbefbfde597e393c036aa"},"headline":"Michel Cymes escapes to the Var: a wooded village far from Paris where he likes to recharge his batteries","datePublished":"2026-03-10T08:09:00+00:00","mainEntityOfPage":{"@id":"https:\/\/www.parisselectbook.com\/en\/2026\/03\/10\/michel-cymes-escapes-to-the-var-a-wooded-village-far-from-paris-where-he-likes-to-recharge-his-batteries\/"},"wordCount":801,"commentCount":0,"publisher":{"@id":"https:\/\/www.parisselectbook.com\/en\/#organization"},"image":{"@id":"https:\/\/www.parisselectbook.com\/en\/2026\/03\/10\/michel-cymes-escapes-to-the-var-a-wooded-village-far-from-paris-where-he-likes-to-recharge-his-batteries\/#primaryimage"},"thumbnailUrl":"https:\/\/www.parisselectbook.com\/wp-content\/uploads\/2026\/03\/Michel-Cymes-sechappe-dans-le-Var-ce-village-boise-loin-de-Paris-ou-il-aime-se-ressourcer.jpg","keywords":["Var village"],"articleSection":["News du Luxe"],"inLanguage":"en-US","potentialAction":[{"@type":"CommentAction","name":"Comment","target":["https:\/\/www.parisselectbook.com\/en\/2026\/03\/10\/michel-cymes-escapes-to-the-var-a-wooded-village-far-from-paris-where-he-likes-to-recharge-his-batteries\/#respond"]}]},{"@type":"WebPage","@id":"https:\/\/www.parisselectbook.com\/en\/2026\/03\/10\/michel-cymes-escapes-to-the-var-a-wooded-village-far-from-paris-where-he-likes-to-recharge-his-batteries\/","url":"https:\/\/www.parisselectbook.com\/en\/2026\/03\/10\/michel-cymes-escapes-to-the-var-a-wooded-village-far-from-paris-where-he-likes-to-recharge-his-batteries\/","name":"Michel Cymes escapes to the Var: a wooded village far from Paris where he likes to recharge his batteries","isPartOf":{"@id":"https:\/\/www.parisselectbook.com\/en\/#website"},"primaryImageOfPage":{"@id":"https:\/\/www.parisselectbook.com\/en\/2026\/03\/10\/michel-cymes-escapes-to-the-var-a-wooded-village-far-from-paris-where-he-likes-to-recharge-his-batteries\/#primaryimage"},"image":{"@id":"https:\/\/www.parisselectbook.com\/en\/2026\/03\/10\/michel-cymes-escapes-to-the-var-a-wooded-village-far-from-paris-where-he-likes-to-recharge-his-batteries\/#primaryimage"},"thumbnailUrl":"https:\/\/www.parisselectbook.com\/wp-content\/uploads\/2026\/03\/Michel-Cymes-sechappe-dans-le-Var-ce-village-boise-loin-de-Paris-ou-il-aime-se-ressourcer.jpg","datePublished":"2026-03-10T08:09:00+00:00","description":"Michel Cymes regularly leaves Paris for a wooded village in the Var, where he finds peace and nature far from the spotlight.","breadcrumb":{"@id":"https:\/\/www.parisselectbook.com\/en\/2026\/03\/10\/michel-cymes-escapes-to-the-var-a-wooded-village-far-from-paris-where-he-likes-to-recharge-his-batteries\/#breadcrumb"},"inLanguage":"en-US","potentialAction":[{"@type":"ReadAction","target":["https:\/\/www.parisselectbook.com\/en\/2026\/03\/10\/michel-cymes-escapes-to-the-var-a-wooded-village-far-from-paris-where-he-likes-to-recharge-his-batteries\/"]}]},{"@type":"ImageObject","inLanguage":"en-US","@id":"https:\/\/www.parisselectbook.com\/en\/2026\/03\/10\/michel-cymes-escapes-to-the-var-a-wooded-village-far-from-paris-where-he-likes-to-recharge-his-batteries\/#primaryimage","url":"https:\/\/www.parisselectbook.com\/wp-content\/uploads\/2026\/03\/Michel-Cymes-sechappe-dans-le-Var-ce-village-boise-loin-de-Paris-ou-il-aime-se-ressourcer.jpg","contentUrl":"https:\/\/www.parisselectbook.com\/wp-content\/uploads\/2026\/03\/Michel-Cymes-sechappe-dans-le-Var-ce-village-boise-loin-de-Paris-ou-il-aime-se-ressourcer.jpg","width":1200,"height":675,"caption":"Michel Cymes s'\u00e9chappe dans le Var : ce village bois\u00e9 loin de Paris o\u00f9 il aime se ressourcer"},{"@type":"BreadcrumbList","@id":"https:\/\/www.parisselectbook.com\/en\/2026\/03\/10\/michel-cymes-escapes-to-the-var-a-wooded-village-far-from-paris-where-he-likes-to-recharge-his-batteries\/#breadcrumb","itemListElement":[{"@type":"ListItem","position":1,"name":"Que faire \u00e0 Paris ?","item":"https:\/\/www.parisselectbook.com\/en\/category\/que-faire-a-paris-en\/"},{"@type":"ListItem","position":2,"name":"Michel Cymes escapes to the Var: a wooded village far from Paris where he likes to recharge his batteries"}]},{"@type":"WebSite","@id":"https:\/\/www.parisselectbook.com\/en\/#website","url":"https:\/\/www.parisselectbook.com\/en\/","name":"Paris Select Book","description":"Le guide chic des Tendances Parisiennes","publisher":{"@id":"https:\/\/www.parisselectbook.com\/en\/#organization"},"potentialAction":[{"@type":"SearchAction","target":{"@type":"EntryPoint","urlTemplate":"https:\/\/www.parisselectbook.com\/en\/?s={search_term_string}"},"query-input":{"@type":"PropertyValueSpecification","valueRequired":true,"valueName":"search_term_string"}}],"inLanguage":"en-US"},{"@type":"Organization","@id":"https:\/\/www.parisselectbook.com\/en\/#organization","name":"Paris Select","url":"https:\/\/www.parisselectbook.com\/en\/","logo":{"@type":"ImageObject","inLanguage":"en-US","@id":"https:\/\/www.parisselectbook.com\/en\/#\/schema\/logo\/image\/","url":"https:\/\/www.parisselectbook.com\/wp-content\/uploads\/2024\/06\/logo-IG-TKTK-LK.png","contentUrl":"https:\/\/www.parisselectbook.com\/wp-content\/uploads\/2024\/06\/logo-IG-TKTK-LK.png","width":684,"height":665,"caption":"Paris Select"},"image":{"@id":"https:\/\/www.parisselectbook.com\/en\/#\/schema\/logo\/image\/"},"sameAs":["https:\/\/www.facebook.com\/parisselect","https:\/\/www.instagram.com\/parisselect\/","https:\/\/www.tiktok.com\/@parisselect"]},{"@type":"Person","@id":"https:\/\/www.parisselectbook.com\/en\/#\/schema\/person\/3675d9a80d6cbefbfde597e393c036aa","name":"zaccharie touboul","sameAs":["https:\/\/www.parisselectbook.com\/"]}]}},"_links":{"self":[{"href":"https:\/\/www.parisselectbook.com\/en\/wp-json\/wp\/v2\/posts\/213754","targetHints":{"allow":["GET"]}}],"collection":[{"href":"https:\/\/www.parisselectbook.com\/en\/wp-json\/wp\/v2\/posts"}],"about":[{"href":"https:\/\/www.parisselectbook.com\/en\/wp-json\/wp\/v2\/types\/post"}],"author":[{"embeddable":true,"href":"https:\/\/www.parisselectbook.com\/en\/wp-json\/wp\/v2\/users\/13"}],"replies":[{"embeddable":true,"href":"https:\/\/www.parisselectbook.com\/en\/wp-json\/wp\/v2\/comments?post=213754"}],"version-history":[{"count":0,"href":"https:\/\/www.parisselectbook.com\/en\/wp-json\/wp\/v2\/posts\/213754\/revisions"}],"wp:featuredmedia":[{"embeddable":true,"href":"https:\/\/www.parisselectbook.com\/en\/wp-json\/wp\/v2\/media\/213722"}],"wp:attachment":[{"href":"https:\/\/www.parisselectbook.com\/en\/wp-json\/wp\/v2\/media?parent=213754"}],"wp:term":[{"taxonomy":"category","embeddable":true,"href":"https:\/\/www.parisselectbook.com\/en\/wp-json\/wp\/v2\/categories?post=213754"},{"taxonomy":"post_tag","embeddable":true,"href":"https:\/\/www.parisselectbook.com\/en\/wp-json\/wp\/v2\/tags?post=213754"},{"taxonomy":"quartier","embeddable":true,"href":"https:\/\/www.parisselectbook.com\/en\/wp-json\/wp\/v2\/quartier?post=213754"}],"curies":[{"name":"wp","href":"https:\/\/api.w.org\/{rel}","templated":true}]}}