{"id":213881,"date":"2026-03-11T11:04:00","date_gmt":"2026-03-11T10:04:00","guid":{"rendered":"https:\/\/www.parisselectbook.com\/2026\/03\/11\/foire-du-trone-2026-dates-revealed-to-book-your-festive-getaway-in-the-bois-de-vincennes\/"},"modified":"2026-03-12T09:22:40","modified_gmt":"2026-03-12T08:22:40","slug":"foire-du-trone-2026-dates-revealed-to-book-your-festive-getaway-in-the-bois-de-vincennes","status":"publish","type":"post","link":"https:\/\/www.parisselectbook.com\/en\/2026\/03\/11\/foire-du-trone-2026-dates-revealed-to-book-your-festive-getaway-in-the-bois-de-vincennes\/","title":{"rendered":"Foire du Tr\u00f4ne 2026: dates revealed to book your festive getaway in the Bois de Vincennes"},"content":{"rendered":"<p>The <a href=\"https:\/\/www.parisselectbook.com\/en\/2026\/03\/10\/spring-2026-10-fashion-trends-from-fashion-month-to-hone-your-style\/\">warm weather<\/a> is approaching, and with it the return of France&#8217;s biggest funfair. The <strong>Foire du Tr\u00f4ne 2026<\/strong> is set to take over the Pelouse de Reuilly for several weeks of festivities. The official dates have just been announced, giving Parisians and visitors alike the opportunity to plan their visit.  <\/p>\n<h2>Official dates for Foire du Tr\u00f4ne 2026 revealed<\/h2>\n<p>The wait is over for fans of thrills and <a href=\"https:\/\/www.parisselectbook.com\/en\/2026\/03\/09\/leclat-de-lenfance-narae-kims-sculptural-pastry-art-for-easter-2026-at-park-hayatt-paris-vendome\/\">treats<\/a>. This year, the funfair will open its doors from <b>March 27 to <\/b><b>May 25, 2025 Pelouse de Reuilly &#8211; PARIS 12e<\/b>. These almost two months of festivities will enable everyone to find the perfect time to get there.  <\/p>\n<p>The Pelouse de Reuilly, in the 12th arrondissement of Paris, will welcome thousands of visitors. Every year, this emblematic site in the <a href=\"https:\/\/www.parisselectbook.com\/en\/2026\/03\/09\/this-secret-stroll-along-the-seine-is-one-of-the-greenest-in-the-region\/\">Bois de Vincennes<\/a> is transformed into a veritable festival village. As a result, young and old alike will be able to enjoy a wide variety of attractions during this long period.  <\/p>\n<p>The organizers have opted for a generous duration this year. Spring vacations and May bank holidays will be covered by the event. What&#8217;s more, this extended period offers appreciable flexibility for organizing an <a href=\"https:\/\/www.parisselectbook.com\/en\/2026\/03\/10\/bords-de-marne-the-perfect-getaway-from-the-hustle-and-bustle-of-paris-50-minutes-away\/\">outing with family or friends<\/a>.  <\/p>\n<h3 style=\"text-align: left;\"><strong>An opportunity to support the<span class=\"hover:entity-accent entity-underline inline cursor-pointer align-baseline\"><span class=\"whitespace-normal\">Princess Margot Association<\/span><\/span><\/strong><\/h3>\n<p data-start=\"0\" data-end=\"473\">For this edition, the <strong data-start=\"34\" data-end=\"75\"><span class=\"hover:entity-accent entity-underline inline cursor-pointer align-baseline\"><span class=\"whitespace-normal\">Foire du Tr\u00f4ne<\/span><\/span><\/strong> joins forces with the<strong data-start=\"100\" data-end=\"141\"><span class=\"hover:entity-accent entity-underline inline cursor-pointer align-baseline\"><span class=\"whitespace-normal\">Association Princesse Margot<\/span><\/span><\/strong>founded in 2012 by <span class=\"hover:entity-accent entity-underline inline cursor-pointer align-baseline\"><span class=\"whitespace-normal\">Muriel Hattab<\/span><\/span> in tribute to her daughter Margot, who died at the age of 18. For over ten years, the association has been helping <strong data-start=\"311\" data-end=\"341\">children with cancer<\/strong> and supporting their families throughout the course of the disease, through aid, support and solidarity initiatives. <\/p>\n<p data-start=\"475\" data-end=\"840\">To support this cause, the association can count on the commitment of its sponsors, <span class=\"hover:entity-accent entity-underline inline cursor-pointer align-baseline\"><span class=\"whitespace-normal\">Kev Adams<\/span><\/span> and <span class=\"hover:entity-accent entity-underline inline cursor-pointer align-baseline\"><span class=\"whitespace-normal\">Philippe Lacheau<\/span><\/span>as well as the presence of numerous celebrities mobilized to support its actions. They will be present at the official opening of the Foire du Tr\u00f4ne, on <strong data-start=\"819\" data-end=\"839\">Friday March 27<\/strong>. <\/p>\n<p data-start=\"842\" data-end=\"1120\">On this occasion, visitors can take part in an <strong data-start=\"900\" data-end=\"920\">evening of solidarity<\/strong> by purchasing a <strong data-start=\"936\" data-end=\"952\">special pass<\/strong>: priced at <strong data-start=\"975\" data-end=\"995\">\u20ac10 in advance<\/strong> and <strong data-start=\"999\" data-end=\"1017\">\u20ac15 on site<\/strong>, it entitles the holder to a <strong data-start=\"1049\" data-end=\"1119\">50% discount on all attractions during the evening<\/strong>.<\/p>\n<p data-start=\"1122\" data-end=\"1506\" data-is-last-node=\"\" data-is-only-node=\"\">All proceeds from the sale of these passes will be <strong data-start=\"1188\" data-end=\"1233\">donated to the Princesse Margot association<\/strong>, to help fund its work with sick children and their families. This solidarity initiative illustrates Foire du Tr\u00f4ne&#8217;s commitment to making this popular event a time for celebration, <strong data-start=\"1472\" data-end=\"1505\">mobilization and generosity<\/strong>. <\/p>\n<p data-start=\"1122\" data-end=\"1506\" data-is-last-node=\"\" data-is-only-node=\"\"><a href=\"https:\/\/www.helloasso.com\/associations\/association-princesse-margot\/evenements\/inauguration-de-la-foire-du-trone\"><b>Pre-sale link here!  <\/b><\/a><\/p>\n<h3>A not-to-be-missed spring rendezvous in Paris<\/h3>\n<p>Every spring, the <strong>Foire du Tr\u00f4ne<\/strong> marks the start of the summer season in Paris. For many Parisians, it&#8217;s much more than just a funfair. In fact, it&#8217;s a tradition handed down from generation to generation.<br \/>\n&#8220;<\/p>\n<blockquote><p>The Foire du Tr\u00f4ne is the biggest funfair in France and one of the oldest in Europe.<\/p><\/blockquote>\n<p>Once again this year, the event promises to be a time of sharing and joy. Families will be able to create memorable souvenirs on the Pelouse de Reuilly. And groups of friends will find plenty to satisfy their adrenaline cravings.  <\/p>\n<h2>What visitors can expect at Foire du Tr\u00f4ne 2026<\/h2>\n<p>Ride enthusiasts will be delighted by the diversity of attractions on offer. From the great classics to the most spectacular novelties, there&#8217;s something for everyone. The more adventurous can try out the thrill rides, while the youngest can enjoy specially adapted attractions.  <\/p>\n<p>The fair wouldn&#8217;t be complete without its sweet and savory delights. The sweet stands will be offering the must-haves of this type of event. Here&#8217;s what visitors will be able to sample on site:  <\/p>\n<ul>\n<li>Cotton candy, light and timeless<\/li>\n<li>Love apples, crunchy and colorful<\/li>\n<li>Freshly prepared cr\u00eapes<\/li>\n<li>Toasted marshmallows, meltingly soft<\/li>\n<li>Warm, crispy churros<\/li>\n<\/ul>\n<p>These sweet treats are an integral part of the fairground experience. They are the perfect accompaniment to a stroll between attractions. What&#8217;s more, their sweet fragrance adds to the festive atmosphere.  <\/p>\n<p>In addition to the rides, the <strong>Foire du Tr\u00f4ne 2026<\/strong> will offer entertainment for the whole family. Games of skill will give you the chance to win plush toys and other prizes. The sound and light ambiance will also help create a unique atmosphere.  <\/p>\n<h3>How to get to the Pelouse de Reuilly<\/h3>\n<p>The fairground is easily accessible by public transport. The Pelouse de Reuilly is close to several metro stations. As a result, visitors will be able to reach the event without difficulty from different parts of the capital.  <\/p>\n<p>The Bois de Vincennes offers a pleasant setting for this popular event. The surrounding green spaces make it possible to extend the stroll after the attractions. So a day at the <strong>Foire du Tr\u00f4ne 2026<\/strong> can be combined with a nature walk.  <\/p>\n<h2>Preparing your visit to Foire du Tr\u00f4ne 2026<\/h2>\n<p>To make the most of this event, a few practical tips are in order. It&#8217;s best to choose a weekday to avoid the weekend crowds. On the other hand, the atmosphere on Saturdays and Sundays will appeal to those who enjoy the festive crowds.  <\/p>\n<p>Families with young children will appreciate coming in the early afternoon. Daylight makes it easier to take advantage of the attractions designed for the little ones. Then, at the end of the day, the illuminations put on a magical show.  <\/p>\n<p>This 2026 edition promises to be rich in emotions and discoveries. The exceptional duration of this year&#8217;s <strong>Foire du Tr\u00f4ne<\/strong> means that there are plenty of opportunities to get out and about. From now on, all visitors can make a note of the dates in their diaries and plan their outings.  <\/p>\n<p>Regular visitors will be delighted to return to their favourite attractions. New visitors will discover why this event attracts so many people every year. The magic of the funfair works for all ages, creating moments of shared happiness.  <\/p>\n","protected":false},"excerpt":{"rendered":"<p>The warm weather is approaching, and with it the return of France&#8217;s biggest funfair. The Foire du Tr\u00f4ne 2026 is set to take over the&#8230;<\/p>\n","protected":false},"author":13,"featured_media":213784,"comment_status":"open","ping_status":"closed","sticky":false,"template":"","format":"standard","meta":{"_acf_changed":false,"footnotes":""},"categories":[2685],"tags":[6380],"quartier":[],"class_list":["post-213881","post","type-post","status-publish","format-standard","has-post-thumbnail","hentry","category-news-du-luxe-en","tag-foire-du-trone-2026"],"acf":[],"yoast_head":"<!-- This site is optimized with the Yoast SEO plugin v27.4 - https:\/\/yoast.com\/product\/yoast-seo-wordpress\/ -->\n<title>Foire du Tr\u00f4ne 2026: dates revealed to book your festive getaway in the Bois de Vincennes<\/title>\n<meta name=\"description\" content=\"The Foire du Tr\u00f4ne 2026 returns to the Pelouse de Reuilly from April 10 to June 1. Rides and treats await you in the Bois de Vincennes.\" \/>\n<meta name=\"robots\" content=\"index, follow, max-snippet:-1, max-image-preview:large, max-video-preview:-1\" \/>\n<link rel=\"canonical\" href=\"https:\/\/www.parisselectbook.com\/en\/2026\/03\/11\/foire-du-trone-2026-dates-revealed-to-book-your-festive-getaway-in-the-bois-de-vincennes\/\" \/>\n<meta property=\"og:locale\" content=\"en_US\" \/>\n<meta property=\"og:type\" content=\"article\" \/>\n<meta property=\"og:title\" content=\"Foire du Tr\u00f4ne 2026: dates revealed to book your festive getaway in the Bois de Vincennes\" \/>\n<meta property=\"og:description\" content=\"The Foire du Tr\u00f4ne 2026 returns to the Pelouse de Reuilly from April 10 to June 1. Rides and treats await you in the Bois de Vincennes.\" \/>\n<meta property=\"og:url\" content=\"https:\/\/www.parisselectbook.com\/en\/2026\/03\/11\/foire-du-trone-2026-dates-revealed-to-book-your-festive-getaway-in-the-bois-de-vincennes\/\" \/>\n<meta property=\"og:site_name\" content=\"Paris Select\" \/>\n<meta property=\"article:publisher\" content=\"https:\/\/www.facebook.com\/parisselect\" \/>\n<meta property=\"article:published_time\" content=\"2026-03-11T10:04:00+00:00\" \/>\n<meta property=\"article:modified_time\" content=\"2026-03-12T08:22:40+00:00\" \/>\n<meta property=\"og:image\" content=\"https:\/\/www.parisselectbook.com\/wp-content\/uploads\/2026\/03\/213782-image.jpg\" \/>\n\t<meta property=\"og:image:width\" content=\"1200\" \/>\n\t<meta property=\"og:image:height\" content=\"680\" \/>\n\t<meta property=\"og:image:type\" content=\"image\/jpeg\" \/>\n<meta name=\"author\" content=\"zaccharie touboul\" \/>\n<meta name=\"twitter:card\" content=\"summary_large_image\" \/>\n<meta name=\"twitter:label1\" content=\"Written by\" \/>\n\t<meta name=\"twitter:data1\" content=\"zaccharie touboul\" \/>\n\t<meta name=\"twitter:label2\" content=\"Est. reading time\" \/>\n\t<meta name=\"twitter:data2\" content=\"5 minutes\" \/>\n<script type=\"application\/ld+json\" class=\"yoast-schema-graph\">{\"@context\":\"https:\\\/\\\/schema.org\",\"@graph\":[{\"@type\":\"Article\",\"@id\":\"https:\\\/\\\/www.parisselectbook.com\\\/en\\\/2026\\\/03\\\/11\\\/foire-du-trone-2026-dates-revealed-to-book-your-festive-getaway-in-the-bois-de-vincennes\\\/#article\",\"isPartOf\":{\"@id\":\"https:\\\/\\\/www.parisselectbook.com\\\/en\\\/2026\\\/03\\\/11\\\/foire-du-trone-2026-dates-revealed-to-book-your-festive-getaway-in-the-bois-de-vincennes\\\/\"},\"author\":{\"name\":\"zaccharie touboul\",\"@id\":\"https:\\\/\\\/www.parisselectbook.com\\\/en\\\/#\\\/schema\\\/person\\\/3675d9a80d6cbefbfde597e393c036aa\"},\"headline\":\"Foire du Tr\u00f4ne 2026: dates revealed to book your festive getaway in the Bois de Vincennes\",\"datePublished\":\"2026-03-11T10:04:00+00:00\",\"dateModified\":\"2026-03-12T08:22:40+00:00\",\"mainEntityOfPage\":{\"@id\":\"https:\\\/\\\/www.parisselectbook.com\\\/en\\\/2026\\\/03\\\/11\\\/foire-du-trone-2026-dates-revealed-to-book-your-festive-getaway-in-the-bois-de-vincennes\\\/\"},\"wordCount\":977,\"commentCount\":0,\"publisher\":{\"@id\":\"https:\\\/\\\/www.parisselectbook.com\\\/en\\\/#organization\"},\"image\":{\"@id\":\"https:\\\/\\\/www.parisselectbook.com\\\/en\\\/2026\\\/03\\\/11\\\/foire-du-trone-2026-dates-revealed-to-book-your-festive-getaway-in-the-bois-de-vincennes\\\/#primaryimage\"},\"thumbnailUrl\":\"https:\\\/\\\/www.parisselectbook.com\\\/wp-content\\\/uploads\\\/2026\\\/03\\\/213782-image.jpg\",\"keywords\":[\"Foire du Tr\u00f4ne 2026\"],\"articleSection\":[\"News du Luxe\"],\"inLanguage\":\"en-US\",\"potentialAction\":[{\"@type\":\"CommentAction\",\"name\":\"Comment\",\"target\":[\"https:\\\/\\\/www.parisselectbook.com\\\/en\\\/2026\\\/03\\\/11\\\/foire-du-trone-2026-dates-revealed-to-book-your-festive-getaway-in-the-bois-de-vincennes\\\/#respond\"]}]},{\"@type\":\"WebPage\",\"@id\":\"https:\\\/\\\/www.parisselectbook.com\\\/en\\\/2026\\\/03\\\/11\\\/foire-du-trone-2026-dates-revealed-to-book-your-festive-getaway-in-the-bois-de-vincennes\\\/\",\"url\":\"https:\\\/\\\/www.parisselectbook.com\\\/en\\\/2026\\\/03\\\/11\\\/foire-du-trone-2026-dates-revealed-to-book-your-festive-getaway-in-the-bois-de-vincennes\\\/\",\"name\":\"Foire du Tr\u00f4ne 2026: dates revealed to book your festive getaway in the Bois de Vincennes\",\"isPartOf\":{\"@id\":\"https:\\\/\\\/www.parisselectbook.com\\\/en\\\/#website\"},\"primaryImageOfPage\":{\"@id\":\"https:\\\/\\\/www.parisselectbook.com\\\/en\\\/2026\\\/03\\\/11\\\/foire-du-trone-2026-dates-revealed-to-book-your-festive-getaway-in-the-bois-de-vincennes\\\/#primaryimage\"},\"image\":{\"@id\":\"https:\\\/\\\/www.parisselectbook.com\\\/en\\\/2026\\\/03\\\/11\\\/foire-du-trone-2026-dates-revealed-to-book-your-festive-getaway-in-the-bois-de-vincennes\\\/#primaryimage\"},\"thumbnailUrl\":\"https:\\\/\\\/www.parisselectbook.com\\\/wp-content\\\/uploads\\\/2026\\\/03\\\/213782-image.jpg\",\"datePublished\":\"2026-03-11T10:04:00+00:00\",\"dateModified\":\"2026-03-12T08:22:40+00:00\",\"description\":\"The Foire du Tr\u00f4ne 2026 returns to the Pelouse de Reuilly from April 10 to June 1. Rides and treats await you in the Bois de Vincennes.\",\"breadcrumb\":{\"@id\":\"https:\\\/\\\/www.parisselectbook.com\\\/en\\\/2026\\\/03\\\/11\\\/foire-du-trone-2026-dates-revealed-to-book-your-festive-getaway-in-the-bois-de-vincennes\\\/#breadcrumb\"},\"inLanguage\":\"en-US\",\"potentialAction\":[{\"@type\":\"ReadAction\",\"target\":[\"https:\\\/\\\/www.parisselectbook.com\\\/en\\\/2026\\\/03\\\/11\\\/foire-du-trone-2026-dates-revealed-to-book-your-festive-getaway-in-the-bois-de-vincennes\\\/\"]}]},{\"@type\":\"ImageObject\",\"inLanguage\":\"en-US\",\"@id\":\"https:\\\/\\\/www.parisselectbook.com\\\/en\\\/2026\\\/03\\\/11\\\/foire-du-trone-2026-dates-revealed-to-book-your-festive-getaway-in-the-bois-de-vincennes\\\/#primaryimage\",\"url\":\"https:\\\/\\\/www.parisselectbook.com\\\/wp-content\\\/uploads\\\/2026\\\/03\\\/213782-image.jpg\",\"contentUrl\":\"https:\\\/\\\/www.parisselectbook.com\\\/wp-content\\\/uploads\\\/2026\\\/03\\\/213782-image.jpg\",\"width\":1200,\"height\":680,\"caption\":\"ParisSelectBook - Foire du Tr\u00f4ne 2026 : les dates d\u00e9voil\u00e9es pour r\u00e9server votre escapade festive au bois de Vincennes\"},{\"@type\":\"BreadcrumbList\",\"@id\":\"https:\\\/\\\/www.parisselectbook.com\\\/en\\\/2026\\\/03\\\/11\\\/foire-du-trone-2026-dates-revealed-to-book-your-festive-getaway-in-the-bois-de-vincennes\\\/#breadcrumb\",\"itemListElement\":[{\"@type\":\"ListItem\",\"position\":1,\"name\":\"News du Luxe\",\"item\":\"https:\\\/\\\/www.parisselectbook.com\\\/en\\\/category\\\/news-du-luxe-en\\\/\"},{\"@type\":\"ListItem\",\"position\":2,\"name\":\"Foire du Tr\u00f4ne 2026: dates revealed to book your festive getaway in the Bois de Vincennes\"}]},{\"@type\":\"WebSite\",\"@id\":\"https:\\\/\\\/www.parisselectbook.com\\\/en\\\/#website\",\"url\":\"https:\\\/\\\/www.parisselectbook.com\\\/en\\\/\",\"name\":\"Paris Select Book\",\"description\":\"Le guide chic des Tendances Parisiennes\",\"publisher\":{\"@id\":\"https:\\\/\\\/www.parisselectbook.com\\\/en\\\/#organization\"},\"potentialAction\":[{\"@type\":\"SearchAction\",\"target\":{\"@type\":\"EntryPoint\",\"urlTemplate\":\"https:\\\/\\\/www.parisselectbook.com\\\/en\\\/?s={search_term_string}\"},\"query-input\":{\"@type\":\"PropertyValueSpecification\",\"valueRequired\":true,\"valueName\":\"search_term_string\"}}],\"inLanguage\":\"en-US\"},{\"@type\":\"Organization\",\"@id\":\"https:\\\/\\\/www.parisselectbook.com\\\/en\\\/#organization\",\"name\":\"Paris Select\",\"url\":\"https:\\\/\\\/www.parisselectbook.com\\\/en\\\/\",\"logo\":{\"@type\":\"ImageObject\",\"inLanguage\":\"en-US\",\"@id\":\"https:\\\/\\\/www.parisselectbook.com\\\/en\\\/#\\\/schema\\\/logo\\\/image\\\/\",\"url\":\"https:\\\/\\\/www.parisselectbook.com\\\/wp-content\\\/uploads\\\/2024\\\/06\\\/logo-IG-TKTK-LK.png\",\"contentUrl\":\"https:\\\/\\\/www.parisselectbook.com\\\/wp-content\\\/uploads\\\/2024\\\/06\\\/logo-IG-TKTK-LK.png\",\"width\":684,\"height\":665,\"caption\":\"Paris Select\"},\"image\":{\"@id\":\"https:\\\/\\\/www.parisselectbook.com\\\/en\\\/#\\\/schema\\\/logo\\\/image\\\/\"},\"sameAs\":[\"https:\\\/\\\/www.facebook.com\\\/parisselect\",\"https:\\\/\\\/www.instagram.com\\\/parisselect\\\/\",\"https:\\\/\\\/www.tiktok.com\\\/@parisselect\"]},{\"@type\":\"Person\",\"@id\":\"https:\\\/\\\/www.parisselectbook.com\\\/en\\\/#\\\/schema\\\/person\\\/3675d9a80d6cbefbfde597e393c036aa\",\"name\":\"zaccharie touboul\",\"sameAs\":[\"https:\\\/\\\/www.parisselectbook.com\\\/\"]}]}<\/script>\n<!-- \/ Yoast SEO plugin. -->","yoast_head_json":{"title":"Foire du Tr\u00f4ne 2026: dates revealed to book your festive getaway in the Bois de Vincennes","description":"The Foire du Tr\u00f4ne 2026 returns to the Pelouse de Reuilly from April 10 to June 1. Rides and treats await you in the Bois de Vincennes.","robots":{"index":"index","follow":"follow","max-snippet":"max-snippet:-1","max-image-preview":"max-image-preview:large","max-video-preview":"max-video-preview:-1"},"canonical":"https:\/\/www.parisselectbook.com\/en\/2026\/03\/11\/foire-du-trone-2026-dates-revealed-to-book-your-festive-getaway-in-the-bois-de-vincennes\/","og_locale":"en_US","og_type":"article","og_title":"Foire du Tr\u00f4ne 2026: dates revealed to book your festive getaway in the Bois de Vincennes","og_description":"The Foire du Tr\u00f4ne 2026 returns to the Pelouse de Reuilly from April 10 to June 1. Rides and treats await you in the Bois de Vincennes.","og_url":"https:\/\/www.parisselectbook.com\/en\/2026\/03\/11\/foire-du-trone-2026-dates-revealed-to-book-your-festive-getaway-in-the-bois-de-vincennes\/","og_site_name":"Paris Select","article_publisher":"https:\/\/www.facebook.com\/parisselect","article_published_time":"2026-03-11T10:04:00+00:00","article_modified_time":"2026-03-12T08:22:40+00:00","og_image":[{"width":1200,"height":680,"url":"https:\/\/www.parisselectbook.com\/wp-content\/uploads\/2026\/03\/213782-image.jpg","type":"image\/jpeg"}],"author":"zaccharie touboul","twitter_card":"summary_large_image","twitter_misc":{"Written by":"zaccharie touboul","Est. reading time":"5 minutes"},"schema":{"@context":"https:\/\/schema.org","@graph":[{"@type":"Article","@id":"https:\/\/www.parisselectbook.com\/en\/2026\/03\/11\/foire-du-trone-2026-dates-revealed-to-book-your-festive-getaway-in-the-bois-de-vincennes\/#article","isPartOf":{"@id":"https:\/\/www.parisselectbook.com\/en\/2026\/03\/11\/foire-du-trone-2026-dates-revealed-to-book-your-festive-getaway-in-the-bois-de-vincennes\/"},"author":{"name":"zaccharie touboul","@id":"https:\/\/www.parisselectbook.com\/en\/#\/schema\/person\/3675d9a80d6cbefbfde597e393c036aa"},"headline":"Foire du Tr\u00f4ne 2026: dates revealed to book your festive getaway in the Bois de Vincennes","datePublished":"2026-03-11T10:04:00+00:00","dateModified":"2026-03-12T08:22:40+00:00","mainEntityOfPage":{"@id":"https:\/\/www.parisselectbook.com\/en\/2026\/03\/11\/foire-du-trone-2026-dates-revealed-to-book-your-festive-getaway-in-the-bois-de-vincennes\/"},"wordCount":977,"commentCount":0,"publisher":{"@id":"https:\/\/www.parisselectbook.com\/en\/#organization"},"image":{"@id":"https:\/\/www.parisselectbook.com\/en\/2026\/03\/11\/foire-du-trone-2026-dates-revealed-to-book-your-festive-getaway-in-the-bois-de-vincennes\/#primaryimage"},"thumbnailUrl":"https:\/\/www.parisselectbook.com\/wp-content\/uploads\/2026\/03\/213782-image.jpg","keywords":["Foire du Tr\u00f4ne 2026"],"articleSection":["News du Luxe"],"inLanguage":"en-US","potentialAction":[{"@type":"CommentAction","name":"Comment","target":["https:\/\/www.parisselectbook.com\/en\/2026\/03\/11\/foire-du-trone-2026-dates-revealed-to-book-your-festive-getaway-in-the-bois-de-vincennes\/#respond"]}]},{"@type":"WebPage","@id":"https:\/\/www.parisselectbook.com\/en\/2026\/03\/11\/foire-du-trone-2026-dates-revealed-to-book-your-festive-getaway-in-the-bois-de-vincennes\/","url":"https:\/\/www.parisselectbook.com\/en\/2026\/03\/11\/foire-du-trone-2026-dates-revealed-to-book-your-festive-getaway-in-the-bois-de-vincennes\/","name":"Foire du Tr\u00f4ne 2026: dates revealed to book your festive getaway in the Bois de Vincennes","isPartOf":{"@id":"https:\/\/www.parisselectbook.com\/en\/#website"},"primaryImageOfPage":{"@id":"https:\/\/www.parisselectbook.com\/en\/2026\/03\/11\/foire-du-trone-2026-dates-revealed-to-book-your-festive-getaway-in-the-bois-de-vincennes\/#primaryimage"},"image":{"@id":"https:\/\/www.parisselectbook.com\/en\/2026\/03\/11\/foire-du-trone-2026-dates-revealed-to-book-your-festive-getaway-in-the-bois-de-vincennes\/#primaryimage"},"thumbnailUrl":"https:\/\/www.parisselectbook.com\/wp-content\/uploads\/2026\/03\/213782-image.jpg","datePublished":"2026-03-11T10:04:00+00:00","dateModified":"2026-03-12T08:22:40+00:00","description":"The Foire du Tr\u00f4ne 2026 returns to the Pelouse de Reuilly from April 10 to June 1. Rides and treats await you in the Bois de Vincennes.","breadcrumb":{"@id":"https:\/\/www.parisselectbook.com\/en\/2026\/03\/11\/foire-du-trone-2026-dates-revealed-to-book-your-festive-getaway-in-the-bois-de-vincennes\/#breadcrumb"},"inLanguage":"en-US","potentialAction":[{"@type":"ReadAction","target":["https:\/\/www.parisselectbook.com\/en\/2026\/03\/11\/foire-du-trone-2026-dates-revealed-to-book-your-festive-getaway-in-the-bois-de-vincennes\/"]}]},{"@type":"ImageObject","inLanguage":"en-US","@id":"https:\/\/www.parisselectbook.com\/en\/2026\/03\/11\/foire-du-trone-2026-dates-revealed-to-book-your-festive-getaway-in-the-bois-de-vincennes\/#primaryimage","url":"https:\/\/www.parisselectbook.com\/wp-content\/uploads\/2026\/03\/213782-image.jpg","contentUrl":"https:\/\/www.parisselectbook.com\/wp-content\/uploads\/2026\/03\/213782-image.jpg","width":1200,"height":680,"caption":"ParisSelectBook - Foire du Tr\u00f4ne 2026 : les dates d\u00e9voil\u00e9es pour r\u00e9server votre escapade festive au bois de Vincennes"},{"@type":"BreadcrumbList","@id":"https:\/\/www.parisselectbook.com\/en\/2026\/03\/11\/foire-du-trone-2026-dates-revealed-to-book-your-festive-getaway-in-the-bois-de-vincennes\/#breadcrumb","itemListElement":[{"@type":"ListItem","position":1,"name":"News du Luxe","item":"https:\/\/www.parisselectbook.com\/en\/category\/news-du-luxe-en\/"},{"@type":"ListItem","position":2,"name":"Foire du Tr\u00f4ne 2026: dates revealed to book your festive getaway in the Bois de Vincennes"}]},{"@type":"WebSite","@id":"https:\/\/www.parisselectbook.com\/en\/#website","url":"https:\/\/www.parisselectbook.com\/en\/","name":"Paris Select Book","description":"Le guide chic des Tendances Parisiennes","publisher":{"@id":"https:\/\/www.parisselectbook.com\/en\/#organization"},"potentialAction":[{"@type":"SearchAction","target":{"@type":"EntryPoint","urlTemplate":"https:\/\/www.parisselectbook.com\/en\/?s={search_term_string}"},"query-input":{"@type":"PropertyValueSpecification","valueRequired":true,"valueName":"search_term_string"}}],"inLanguage":"en-US"},{"@type":"Organization","@id":"https:\/\/www.parisselectbook.com\/en\/#organization","name":"Paris Select","url":"https:\/\/www.parisselectbook.com\/en\/","logo":{"@type":"ImageObject","inLanguage":"en-US","@id":"https:\/\/www.parisselectbook.com\/en\/#\/schema\/logo\/image\/","url":"https:\/\/www.parisselectbook.com\/wp-content\/uploads\/2024\/06\/logo-IG-TKTK-LK.png","contentUrl":"https:\/\/www.parisselectbook.com\/wp-content\/uploads\/2024\/06\/logo-IG-TKTK-LK.png","width":684,"height":665,"caption":"Paris Select"},"image":{"@id":"https:\/\/www.parisselectbook.com\/en\/#\/schema\/logo\/image\/"},"sameAs":["https:\/\/www.facebook.com\/parisselect","https:\/\/www.instagram.com\/parisselect\/","https:\/\/www.tiktok.com\/@parisselect"]},{"@type":"Person","@id":"https:\/\/www.parisselectbook.com\/en\/#\/schema\/person\/3675d9a80d6cbefbfde597e393c036aa","name":"zaccharie touboul","sameAs":["https:\/\/www.parisselectbook.com\/"]}]}},"_links":{"self":[{"href":"https:\/\/www.parisselectbook.com\/en\/wp-json\/wp\/v2\/posts\/213881","targetHints":{"allow":["GET"]}}],"collection":[{"href":"https:\/\/www.parisselectbook.com\/en\/wp-json\/wp\/v2\/posts"}],"about":[{"href":"https:\/\/www.parisselectbook.com\/en\/wp-json\/wp\/v2\/types\/post"}],"author":[{"embeddable":true,"href":"https:\/\/www.parisselectbook.com\/en\/wp-json\/wp\/v2\/users\/13"}],"replies":[{"embeddable":true,"href":"https:\/\/www.parisselectbook.com\/en\/wp-json\/wp\/v2\/comments?post=213881"}],"version-history":[{"count":1,"href":"https:\/\/www.parisselectbook.com\/en\/wp-json\/wp\/v2\/posts\/213881\/revisions"}],"predecessor-version":[{"id":214021,"href":"https:\/\/www.parisselectbook.com\/en\/wp-json\/wp\/v2\/posts\/213881\/revisions\/214021"}],"wp:featuredmedia":[{"embeddable":true,"href":"https:\/\/www.parisselectbook.com\/en\/wp-json\/wp\/v2\/media\/213784"}],"wp:attachment":[{"href":"https:\/\/www.parisselectbook.com\/en\/wp-json\/wp\/v2\/media?parent=213881"}],"wp:term":[{"taxonomy":"category","embeddable":true,"href":"https:\/\/www.parisselectbook.com\/en\/wp-json\/wp\/v2\/categories?post=213881"},{"taxonomy":"post_tag","embeddable":true,"href":"https:\/\/www.parisselectbook.com\/en\/wp-json\/wp\/v2\/tags?post=213881"},{"taxonomy":"quartier","embeddable":true,"href":"https:\/\/www.parisselectbook.com\/en\/wp-json\/wp\/v2\/quartier?post=213881"}],"curies":[{"name":"wp","href":"https:\/\/api.w.org\/{rel}","templated":true}]}}