{"id":214230,"date":"2026-03-13T07:33:00","date_gmt":"2026-03-13T06:33:00","guid":{"rendered":"https:\/\/www.parisselectbook.com\/2026\/03\/13\/white-hair-avoid-this-daily-habit-to-preserve-your-natural-color\/"},"modified":"2026-03-13T07:33:00","modified_gmt":"2026-03-13T06:33:00","slug":"white-hair-avoid-this-daily-habit-to-preserve-your-natural-color","status":"publish","type":"post","link":"https:\/\/www.parisselectbook.com\/en\/2026\/03\/13\/white-hair-avoid-this-daily-habit-to-preserve-your-natural-color\/","title":{"rendered":"White hair: avoid this daily habit to preserve your natural color"},"content":{"rendered":"<p>Have you noticed the appearance of <strong><a href=\"https:\/\/www.parisselectbook.com\/en\/2026\/03\/12\/coloring-after-60-the-3-shades-that-age-according-to-this-hairdresser-and-those-to-adopt\/\">gray hair<\/a><\/strong> earlier than expected? This situation affects many people and often raises questions. However, a daily habit could well accelerate this natural phenomenon.  <\/p>\n<h2>Stress, a determining factor in the appearance of gray hair<\/h2>\n<p>According to experts, chronic stress plays a major role in premature <a href=\"https:\/\/www.parisselectbook.com\/en\/2026\/03\/11\/hairstyling-after-60-curtain-bangs-the-stars-secret-to-a-softer-younger-face\/\">hair<\/a> whitening. Indeed, this daily strain directly affects melanocytes, the cells responsible for pigmentation. Consequently, a life under constant pressure can lead to accelerated graying.  <\/p>\n<p>Scientific research has shown that stress activates the sympathetic nervous system. This activation releases noradrenaline, which depletes melanocyte stem cells. As a result, the hair follicle gradually loses its ability to produce <a href=\"https:\/\/www.parisselectbook.com\/en\/2026\/03\/11\/biotherm-unveils-a-facial-treatment-to-test-this-summer-visible-tan-in-4-hours-and-long-lasting-hydration\/\">melanin<\/a>.  <\/p>\n<blockquote><p>&#8220;Stress can age our hair prematurely by directly affecting the pigment cells in the scalp.&#8221;<\/p><\/blockquote>\n<p>What&#8217;s more, this modern bad habit is not limited to capillary effects. It has an impact on the whole body, and accelerates overall <a href=\"https:\/\/www.parisselectbook.com\/en\/2026\/03\/11\/mothers-day-these-beauty-care-products-become-must-haves-to-revive-the-skin-with-the-return-of-fine-weather\/\">cellular aging<\/a>. Awareness of this link is the first step towards better management.  <\/p>\n<h3>How does stress affect pigmentation?<\/h3>\n<p>The mechanism is now better understood by the scientific community. When we&#8217;re under stress, our bodies produce excess cortisol. This hormone disrupts the hair renewal cycle and weakens melanocytes.  <\/p>\n<p>On the other hand, reducing stress levels can help preserve natural color for longer. Relaxation techniques such as meditation and yoga are showing encouraging results. These practices can significantly reduce cortisol production.  <\/p>\n<ul>\n<li>Regular physical activity to relieve tension<\/li>\n<li>Adopt a stable, restorative sleep routine<\/li>\n<li>Incorporate breaks into your day<\/li>\n<li>Eat a diet rich in antioxidants<\/li>\n<li>Consult a professional if stress becomes unmanageable<\/li>\n<\/ul>\n<h2>Daily care for grey hair<\/h2>\n<p>Once the first <strong>gray hairs<\/strong> appear, it&#8217;s essential to adapt your hair routine. This hair has a different texture, often drier and thicker. As a result, it requires specific care to stay shiny and supple.  <\/p>\n<p><strong>Moroccanoil &#8211; Clarifying Shampoo<\/strong> (250 ml, \u20ac24) offers deep cleansing to remove residues. This product perfectly prepares the hair to receive subsequent treatments, while respecting its nature. <\/p>\n<p>To neutralize unwanted yellow highlights, <strong>Ren\u00e9 Furterer &#8211; Okara<\/strong> (dejaunizing treatment, \u20ac8.89) is an effective option. This treatment revives the shine of <strong>white hair<\/strong> and restores its luminosity. <\/p>\n<p><strong>Mulato &#8211; Terre Bleu Repigmenting Shampoo<\/strong> (\u20ac15) is specially formulated for white hair. It enhances this natural color while leaving hair soft and shiny. <\/p>\n<h3>Solutions for those who want to camouflage graying<\/h3>\n<p>Some people prefer to tone down the appearance of <strong>gray hair<\/strong>. For gray hair, <strong>Mulato &#8211; Shampoo Repigmentant Noir d&#8217;aniline<\/strong> (\u20ac15) offers a gentle solution. This shampoo deposits pigments gradually, without damaging the hair fiber.  <\/p>\n<p><strong>Phyto &#8211; Phytoargent<\/strong> (gloss treatment, \u20ac12) provides exceptional shine. It enhances silvery highlights and gives hair a well-groomed look. <strong>Shu Uemura Art of Hair &#8211; Color Lustre<\/strong> completes the range with a color-protecting treatment.  <\/p>\n<p>Finally, <strong>Phyto &#8211; RE30<\/strong> is a patented innovation to be sprayed directly onto the scalp. This treatment acts at source to help follicles maintain their melanin production naturally. <\/p>\n<h2>Adopting a holistic approach to hair preservation<\/h2>\n<p>Managing <strong>gray hair<\/strong> also requires a balanced lifestyle. A varied diet, rich in B vitamins, copper and zinc, supports hair health. These nutrients play an active role in the body&#8217;s production of melanin.  <\/p>\n<p>In addition, limiting exposure to oxidizing factors protects pigment cells. Pollution, smoking and UV rays weaken melanocytes over the long term. Adopting protective gestures on a daily basis therefore makes a real difference.  <\/p>\n<p>Regular scalp massage is also recommended. This simple practice stimulates blood circulation and deeply nourishes the follicles. It helps maintain a favorable environment for pigment production.  <\/p>\n<p>Ultimately, understanding the link between stress and <strong>gray hair<\/strong> is the key to proactive action. Combining better emotional management with appropriate hair care offers the best results. Every gesture counts in preserving the vitality of your hair as time goes by.  <\/p>\n","protected":false},"excerpt":{"rendered":"<p>Have you noticed the appearance of gray hair earlier than expected? This situation affects many people and often raises questions. However, a daily habit could&#8230;<\/p>\n","protected":false},"author":13,"featured_media":214115,"comment_status":"open","ping_status":"closed","sticky":false,"template":"","format":"standard","meta":{"_acf_changed":false,"footnotes":""},"categories":[2685],"tags":[6406],"quartier":[],"class_list":["post-214230","post","type-post","status-publish","format-standard","has-post-thumbnail","hentry","category-news-du-luxe-en","tag-white-hair"],"acf":[],"yoast_head":"<!-- This site is optimized with the Yoast SEO plugin v27.4 - https:\/\/yoast.com\/product\/yoast-seo-wordpress\/ -->\n<title>White hair: avoid this daily habit to preserve your natural color<\/title>\n<meta name=\"description\" content=\"Chronic stress accelerates the appearance of white hair by depleting your melanocytes. Here&#039;s how to protect your natural hair color.\" \/>\n<meta name=\"robots\" content=\"index, follow, max-snippet:-1, max-image-preview:large, max-video-preview:-1\" \/>\n<link rel=\"canonical\" href=\"https:\/\/www.parisselectbook.com\/en\/2026\/03\/13\/white-hair-avoid-this-daily-habit-to-preserve-your-natural-color\/\" \/>\n<meta property=\"og:locale\" content=\"en_US\" \/>\n<meta property=\"og:type\" content=\"article\" \/>\n<meta property=\"og:title\" content=\"White hair: avoid this daily habit to preserve your natural color\" \/>\n<meta property=\"og:description\" content=\"Chronic stress accelerates the appearance of white hair by depleting your melanocytes. Here&#039;s how to protect your natural hair color.\" \/>\n<meta property=\"og:url\" content=\"https:\/\/www.parisselectbook.com\/en\/2026\/03\/13\/white-hair-avoid-this-daily-habit-to-preserve-your-natural-color\/\" \/>\n<meta property=\"og:site_name\" content=\"Paris Select\" \/>\n<meta property=\"article:publisher\" content=\"https:\/\/www.facebook.com\/parisselect\" \/>\n<meta property=\"article:published_time\" content=\"2026-03-13T06:33:00+00:00\" \/>\n<meta property=\"og:image\" content=\"https:\/\/www.parisselectbook.com\/wp-content\/uploads\/2026\/03\/Cheveux-blancs-cette-habitude-quotidienne-a-eviter-pour-preserver-votre-couleur-naturelle.jpg\" \/>\n\t<meta property=\"og:image:width\" content=\"1200\" \/>\n\t<meta property=\"og:image:height\" content=\"675\" \/>\n\t<meta property=\"og:image:type\" content=\"image\/jpeg\" \/>\n<meta name=\"author\" content=\"zaccharie touboul\" \/>\n<meta name=\"twitter:card\" content=\"summary_large_image\" \/>\n<meta name=\"twitter:label1\" content=\"Written by\" \/>\n\t<meta name=\"twitter:data1\" content=\"zaccharie touboul\" \/>\n\t<meta name=\"twitter:label2\" content=\"Est. reading time\" \/>\n\t<meta name=\"twitter:data2\" content=\"3 minutes\" \/>\n<script type=\"application\/ld+json\" class=\"yoast-schema-graph\">{\"@context\":\"https:\\\/\\\/schema.org\",\"@graph\":[{\"@type\":\"Article\",\"@id\":\"https:\\\/\\\/www.parisselectbook.com\\\/en\\\/2026\\\/03\\\/13\\\/white-hair-avoid-this-daily-habit-to-preserve-your-natural-color\\\/#article\",\"isPartOf\":{\"@id\":\"https:\\\/\\\/www.parisselectbook.com\\\/en\\\/2026\\\/03\\\/13\\\/white-hair-avoid-this-daily-habit-to-preserve-your-natural-color\\\/\"},\"author\":{\"name\":\"zaccharie touboul\",\"@id\":\"https:\\\/\\\/www.parisselectbook.com\\\/en\\\/#\\\/schema\\\/person\\\/3675d9a80d6cbefbfde597e393c036aa\"},\"headline\":\"White hair: avoid this daily habit to preserve your natural color\",\"datePublished\":\"2026-03-13T06:33:00+00:00\",\"mainEntityOfPage\":{\"@id\":\"https:\\\/\\\/www.parisselectbook.com\\\/en\\\/2026\\\/03\\\/13\\\/white-hair-avoid-this-daily-habit-to-preserve-your-natural-color\\\/\"},\"wordCount\":630,\"commentCount\":0,\"publisher\":{\"@id\":\"https:\\\/\\\/www.parisselectbook.com\\\/en\\\/#organization\"},\"image\":{\"@id\":\"https:\\\/\\\/www.parisselectbook.com\\\/en\\\/2026\\\/03\\\/13\\\/white-hair-avoid-this-daily-habit-to-preserve-your-natural-color\\\/#primaryimage\"},\"thumbnailUrl\":\"https:\\\/\\\/www.parisselectbook.com\\\/wp-content\\\/uploads\\\/2026\\\/03\\\/Cheveux-blancs-cette-habitude-quotidienne-a-eviter-pour-preserver-votre-couleur-naturelle.jpg\",\"keywords\":[\"white hair\"],\"articleSection\":[\"News du Luxe\"],\"inLanguage\":\"en-US\",\"potentialAction\":[{\"@type\":\"CommentAction\",\"name\":\"Comment\",\"target\":[\"https:\\\/\\\/www.parisselectbook.com\\\/en\\\/2026\\\/03\\\/13\\\/white-hair-avoid-this-daily-habit-to-preserve-your-natural-color\\\/#respond\"]}]},{\"@type\":\"WebPage\",\"@id\":\"https:\\\/\\\/www.parisselectbook.com\\\/en\\\/2026\\\/03\\\/13\\\/white-hair-avoid-this-daily-habit-to-preserve-your-natural-color\\\/\",\"url\":\"https:\\\/\\\/www.parisselectbook.com\\\/en\\\/2026\\\/03\\\/13\\\/white-hair-avoid-this-daily-habit-to-preserve-your-natural-color\\\/\",\"name\":\"White hair: avoid this daily habit to preserve your natural color\",\"isPartOf\":{\"@id\":\"https:\\\/\\\/www.parisselectbook.com\\\/en\\\/#website\"},\"primaryImageOfPage\":{\"@id\":\"https:\\\/\\\/www.parisselectbook.com\\\/en\\\/2026\\\/03\\\/13\\\/white-hair-avoid-this-daily-habit-to-preserve-your-natural-color\\\/#primaryimage\"},\"image\":{\"@id\":\"https:\\\/\\\/www.parisselectbook.com\\\/en\\\/2026\\\/03\\\/13\\\/white-hair-avoid-this-daily-habit-to-preserve-your-natural-color\\\/#primaryimage\"},\"thumbnailUrl\":\"https:\\\/\\\/www.parisselectbook.com\\\/wp-content\\\/uploads\\\/2026\\\/03\\\/Cheveux-blancs-cette-habitude-quotidienne-a-eviter-pour-preserver-votre-couleur-naturelle.jpg\",\"datePublished\":\"2026-03-13T06:33:00+00:00\",\"description\":\"Chronic stress accelerates the appearance of white hair by depleting your melanocytes. Here's how to protect your natural hair color.\",\"breadcrumb\":{\"@id\":\"https:\\\/\\\/www.parisselectbook.com\\\/en\\\/2026\\\/03\\\/13\\\/white-hair-avoid-this-daily-habit-to-preserve-your-natural-color\\\/#breadcrumb\"},\"inLanguage\":\"en-US\",\"potentialAction\":[{\"@type\":\"ReadAction\",\"target\":[\"https:\\\/\\\/www.parisselectbook.com\\\/en\\\/2026\\\/03\\\/13\\\/white-hair-avoid-this-daily-habit-to-preserve-your-natural-color\\\/\"]}]},{\"@type\":\"ImageObject\",\"inLanguage\":\"en-US\",\"@id\":\"https:\\\/\\\/www.parisselectbook.com\\\/en\\\/2026\\\/03\\\/13\\\/white-hair-avoid-this-daily-habit-to-preserve-your-natural-color\\\/#primaryimage\",\"url\":\"https:\\\/\\\/www.parisselectbook.com\\\/wp-content\\\/uploads\\\/2026\\\/03\\\/Cheveux-blancs-cette-habitude-quotidienne-a-eviter-pour-preserver-votre-couleur-naturelle.jpg\",\"contentUrl\":\"https:\\\/\\\/www.parisselectbook.com\\\/wp-content\\\/uploads\\\/2026\\\/03\\\/Cheveux-blancs-cette-habitude-quotidienne-a-eviter-pour-preserver-votre-couleur-naturelle.jpg\",\"width\":1200,\"height\":675,\"caption\":\"Cheveux blancs : cette habitude quotidienne \u00e0 \u00e9viter pour pr\u00e9server votre couleur naturelle\"},{\"@type\":\"BreadcrumbList\",\"@id\":\"https:\\\/\\\/www.parisselectbook.com\\\/en\\\/2026\\\/03\\\/13\\\/white-hair-avoid-this-daily-habit-to-preserve-your-natural-color\\\/#breadcrumb\",\"itemListElement\":[{\"@type\":\"ListItem\",\"position\":1,\"name\":\"Que faire \u00e0 Paris ?\",\"item\":\"https:\\\/\\\/www.parisselectbook.com\\\/en\\\/category\\\/que-faire-a-paris-en\\\/\"},{\"@type\":\"ListItem\",\"position\":2,\"name\":\"White hair: avoid this daily habit to preserve your natural color\"}]},{\"@type\":\"WebSite\",\"@id\":\"https:\\\/\\\/www.parisselectbook.com\\\/en\\\/#website\",\"url\":\"https:\\\/\\\/www.parisselectbook.com\\\/en\\\/\",\"name\":\"Paris Select Book\",\"description\":\"Le guide chic des Tendances Parisiennes\",\"publisher\":{\"@id\":\"https:\\\/\\\/www.parisselectbook.com\\\/en\\\/#organization\"},\"potentialAction\":[{\"@type\":\"SearchAction\",\"target\":{\"@type\":\"EntryPoint\",\"urlTemplate\":\"https:\\\/\\\/www.parisselectbook.com\\\/en\\\/?s={search_term_string}\"},\"query-input\":{\"@type\":\"PropertyValueSpecification\",\"valueRequired\":true,\"valueName\":\"search_term_string\"}}],\"inLanguage\":\"en-US\"},{\"@type\":\"Organization\",\"@id\":\"https:\\\/\\\/www.parisselectbook.com\\\/en\\\/#organization\",\"name\":\"Paris Select\",\"url\":\"https:\\\/\\\/www.parisselectbook.com\\\/en\\\/\",\"logo\":{\"@type\":\"ImageObject\",\"inLanguage\":\"en-US\",\"@id\":\"https:\\\/\\\/www.parisselectbook.com\\\/en\\\/#\\\/schema\\\/logo\\\/image\\\/\",\"url\":\"https:\\\/\\\/www.parisselectbook.com\\\/wp-content\\\/uploads\\\/2024\\\/06\\\/logo-IG-TKTK-LK.png\",\"contentUrl\":\"https:\\\/\\\/www.parisselectbook.com\\\/wp-content\\\/uploads\\\/2024\\\/06\\\/logo-IG-TKTK-LK.png\",\"width\":684,\"height\":665,\"caption\":\"Paris Select\"},\"image\":{\"@id\":\"https:\\\/\\\/www.parisselectbook.com\\\/en\\\/#\\\/schema\\\/logo\\\/image\\\/\"},\"sameAs\":[\"https:\\\/\\\/www.facebook.com\\\/parisselect\",\"https:\\\/\\\/www.instagram.com\\\/parisselect\\\/\",\"https:\\\/\\\/www.tiktok.com\\\/@parisselect\"]},{\"@type\":\"Person\",\"@id\":\"https:\\\/\\\/www.parisselectbook.com\\\/en\\\/#\\\/schema\\\/person\\\/3675d9a80d6cbefbfde597e393c036aa\",\"name\":\"zaccharie touboul\",\"sameAs\":[\"https:\\\/\\\/www.parisselectbook.com\\\/\"]}]}<\/script>\n<!-- \/ Yoast SEO plugin. -->","yoast_head_json":{"title":"White hair: avoid this daily habit to preserve your natural color","description":"Chronic stress accelerates the appearance of white hair by depleting your melanocytes. Here's how to protect your natural hair color.","robots":{"index":"index","follow":"follow","max-snippet":"max-snippet:-1","max-image-preview":"max-image-preview:large","max-video-preview":"max-video-preview:-1"},"canonical":"https:\/\/www.parisselectbook.com\/en\/2026\/03\/13\/white-hair-avoid-this-daily-habit-to-preserve-your-natural-color\/","og_locale":"en_US","og_type":"article","og_title":"White hair: avoid this daily habit to preserve your natural color","og_description":"Chronic stress accelerates the appearance of white hair by depleting your melanocytes. Here's how to protect your natural hair color.","og_url":"https:\/\/www.parisselectbook.com\/en\/2026\/03\/13\/white-hair-avoid-this-daily-habit-to-preserve-your-natural-color\/","og_site_name":"Paris Select","article_publisher":"https:\/\/www.facebook.com\/parisselect","article_published_time":"2026-03-13T06:33:00+00:00","og_image":[{"width":1200,"height":675,"url":"https:\/\/www.parisselectbook.com\/wp-content\/uploads\/2026\/03\/Cheveux-blancs-cette-habitude-quotidienne-a-eviter-pour-preserver-votre-couleur-naturelle.jpg","type":"image\/jpeg"}],"author":"zaccharie touboul","twitter_card":"summary_large_image","twitter_misc":{"Written by":"zaccharie touboul","Est. reading time":"3 minutes"},"schema":{"@context":"https:\/\/schema.org","@graph":[{"@type":"Article","@id":"https:\/\/www.parisselectbook.com\/en\/2026\/03\/13\/white-hair-avoid-this-daily-habit-to-preserve-your-natural-color\/#article","isPartOf":{"@id":"https:\/\/www.parisselectbook.com\/en\/2026\/03\/13\/white-hair-avoid-this-daily-habit-to-preserve-your-natural-color\/"},"author":{"name":"zaccharie touboul","@id":"https:\/\/www.parisselectbook.com\/en\/#\/schema\/person\/3675d9a80d6cbefbfde597e393c036aa"},"headline":"White hair: avoid this daily habit to preserve your natural color","datePublished":"2026-03-13T06:33:00+00:00","mainEntityOfPage":{"@id":"https:\/\/www.parisselectbook.com\/en\/2026\/03\/13\/white-hair-avoid-this-daily-habit-to-preserve-your-natural-color\/"},"wordCount":630,"commentCount":0,"publisher":{"@id":"https:\/\/www.parisselectbook.com\/en\/#organization"},"image":{"@id":"https:\/\/www.parisselectbook.com\/en\/2026\/03\/13\/white-hair-avoid-this-daily-habit-to-preserve-your-natural-color\/#primaryimage"},"thumbnailUrl":"https:\/\/www.parisselectbook.com\/wp-content\/uploads\/2026\/03\/Cheveux-blancs-cette-habitude-quotidienne-a-eviter-pour-preserver-votre-couleur-naturelle.jpg","keywords":["white hair"],"articleSection":["News du Luxe"],"inLanguage":"en-US","potentialAction":[{"@type":"CommentAction","name":"Comment","target":["https:\/\/www.parisselectbook.com\/en\/2026\/03\/13\/white-hair-avoid-this-daily-habit-to-preserve-your-natural-color\/#respond"]}]},{"@type":"WebPage","@id":"https:\/\/www.parisselectbook.com\/en\/2026\/03\/13\/white-hair-avoid-this-daily-habit-to-preserve-your-natural-color\/","url":"https:\/\/www.parisselectbook.com\/en\/2026\/03\/13\/white-hair-avoid-this-daily-habit-to-preserve-your-natural-color\/","name":"White hair: avoid this daily habit to preserve your natural color","isPartOf":{"@id":"https:\/\/www.parisselectbook.com\/en\/#website"},"primaryImageOfPage":{"@id":"https:\/\/www.parisselectbook.com\/en\/2026\/03\/13\/white-hair-avoid-this-daily-habit-to-preserve-your-natural-color\/#primaryimage"},"image":{"@id":"https:\/\/www.parisselectbook.com\/en\/2026\/03\/13\/white-hair-avoid-this-daily-habit-to-preserve-your-natural-color\/#primaryimage"},"thumbnailUrl":"https:\/\/www.parisselectbook.com\/wp-content\/uploads\/2026\/03\/Cheveux-blancs-cette-habitude-quotidienne-a-eviter-pour-preserver-votre-couleur-naturelle.jpg","datePublished":"2026-03-13T06:33:00+00:00","description":"Chronic stress accelerates the appearance of white hair by depleting your melanocytes. Here's how to protect your natural hair color.","breadcrumb":{"@id":"https:\/\/www.parisselectbook.com\/en\/2026\/03\/13\/white-hair-avoid-this-daily-habit-to-preserve-your-natural-color\/#breadcrumb"},"inLanguage":"en-US","potentialAction":[{"@type":"ReadAction","target":["https:\/\/www.parisselectbook.com\/en\/2026\/03\/13\/white-hair-avoid-this-daily-habit-to-preserve-your-natural-color\/"]}]},{"@type":"ImageObject","inLanguage":"en-US","@id":"https:\/\/www.parisselectbook.com\/en\/2026\/03\/13\/white-hair-avoid-this-daily-habit-to-preserve-your-natural-color\/#primaryimage","url":"https:\/\/www.parisselectbook.com\/wp-content\/uploads\/2026\/03\/Cheveux-blancs-cette-habitude-quotidienne-a-eviter-pour-preserver-votre-couleur-naturelle.jpg","contentUrl":"https:\/\/www.parisselectbook.com\/wp-content\/uploads\/2026\/03\/Cheveux-blancs-cette-habitude-quotidienne-a-eviter-pour-preserver-votre-couleur-naturelle.jpg","width":1200,"height":675,"caption":"Cheveux blancs : cette habitude quotidienne \u00e0 \u00e9viter pour pr\u00e9server votre couleur naturelle"},{"@type":"BreadcrumbList","@id":"https:\/\/www.parisselectbook.com\/en\/2026\/03\/13\/white-hair-avoid-this-daily-habit-to-preserve-your-natural-color\/#breadcrumb","itemListElement":[{"@type":"ListItem","position":1,"name":"Que faire \u00e0 Paris ?","item":"https:\/\/www.parisselectbook.com\/en\/category\/que-faire-a-paris-en\/"},{"@type":"ListItem","position":2,"name":"White hair: avoid this daily habit to preserve your natural color"}]},{"@type":"WebSite","@id":"https:\/\/www.parisselectbook.com\/en\/#website","url":"https:\/\/www.parisselectbook.com\/en\/","name":"Paris Select Book","description":"Le guide chic des Tendances Parisiennes","publisher":{"@id":"https:\/\/www.parisselectbook.com\/en\/#organization"},"potentialAction":[{"@type":"SearchAction","target":{"@type":"EntryPoint","urlTemplate":"https:\/\/www.parisselectbook.com\/en\/?s={search_term_string}"},"query-input":{"@type":"PropertyValueSpecification","valueRequired":true,"valueName":"search_term_string"}}],"inLanguage":"en-US"},{"@type":"Organization","@id":"https:\/\/www.parisselectbook.com\/en\/#organization","name":"Paris Select","url":"https:\/\/www.parisselectbook.com\/en\/","logo":{"@type":"ImageObject","inLanguage":"en-US","@id":"https:\/\/www.parisselectbook.com\/en\/#\/schema\/logo\/image\/","url":"https:\/\/www.parisselectbook.com\/wp-content\/uploads\/2024\/06\/logo-IG-TKTK-LK.png","contentUrl":"https:\/\/www.parisselectbook.com\/wp-content\/uploads\/2024\/06\/logo-IG-TKTK-LK.png","width":684,"height":665,"caption":"Paris Select"},"image":{"@id":"https:\/\/www.parisselectbook.com\/en\/#\/schema\/logo\/image\/"},"sameAs":["https:\/\/www.facebook.com\/parisselect","https:\/\/www.instagram.com\/parisselect\/","https:\/\/www.tiktok.com\/@parisselect"]},{"@type":"Person","@id":"https:\/\/www.parisselectbook.com\/en\/#\/schema\/person\/3675d9a80d6cbefbfde597e393c036aa","name":"zaccharie touboul","sameAs":["https:\/\/www.parisselectbook.com\/"]}]}},"_links":{"self":[{"href":"https:\/\/www.parisselectbook.com\/en\/wp-json\/wp\/v2\/posts\/214230","targetHints":{"allow":["GET"]}}],"collection":[{"href":"https:\/\/www.parisselectbook.com\/en\/wp-json\/wp\/v2\/posts"}],"about":[{"href":"https:\/\/www.parisselectbook.com\/en\/wp-json\/wp\/v2\/types\/post"}],"author":[{"embeddable":true,"href":"https:\/\/www.parisselectbook.com\/en\/wp-json\/wp\/v2\/users\/13"}],"replies":[{"embeddable":true,"href":"https:\/\/www.parisselectbook.com\/en\/wp-json\/wp\/v2\/comments?post=214230"}],"version-history":[{"count":0,"href":"https:\/\/www.parisselectbook.com\/en\/wp-json\/wp\/v2\/posts\/214230\/revisions"}],"wp:featuredmedia":[{"embeddable":true,"href":"https:\/\/www.parisselectbook.com\/en\/wp-json\/wp\/v2\/media\/214115"}],"wp:attachment":[{"href":"https:\/\/www.parisselectbook.com\/en\/wp-json\/wp\/v2\/media?parent=214230"}],"wp:term":[{"taxonomy":"category","embeddable":true,"href":"https:\/\/www.parisselectbook.com\/en\/wp-json\/wp\/v2\/categories?post=214230"},{"taxonomy":"post_tag","embeddable":true,"href":"https:\/\/www.parisselectbook.com\/en\/wp-json\/wp\/v2\/tags?post=214230"},{"taxonomy":"quartier","embeddable":true,"href":"https:\/\/www.parisselectbook.com\/en\/wp-json\/wp\/v2\/quartier?post=214230"}],"curies":[{"name":"wp","href":"https:\/\/api.w.org\/{rel}","templated":true}]}}