{"id":214236,"date":"2026-03-13T09:04:00","date_gmt":"2026-03-13T08:04:00","guid":{"rendered":"https:\/\/www.parisselectbook.com\/2026\/03\/13\/hermes-unveils-its-autumn-winter-collection-soft-leather-riding-waders-and-cycling-shorts-to-remember\/"},"modified":"2026-03-13T09:04:00","modified_gmt":"2026-03-13T08:04:00","slug":"hermes-unveils-its-autumn-winter-collection-soft-leather-riding-waders-and-cycling-shorts-to-remember","status":"publish","type":"post","link":"https:\/\/www.parisselectbook.com\/en\/2026\/03\/13\/hermes-unveils-its-autumn-winter-collection-soft-leather-riding-waders-and-cycling-shorts-to-remember\/","title":{"rendered":"Herm\u00e8s unveils its autumn winter collection: soft leather, riding waders and cycling shorts to remember"},"content":{"rendered":"<p>This Saturday, March 8, 2026, Paris Fashion Week played host to a highly anticipated show. <strong>Herm\u00e8s<\/strong> presented its <a href=\"https:\/\/www.parisselectbook.com\/en\/2026\/03\/12\/etam-x-miaou-discover-the-coquettish-lingerie-collaboration-with-our-5-favorite-pieces-to-treat-yourself-to\/\">Autumn-Winter 2026-2027 collection<\/a> in a sober, uncluttered setting. Artistic director Nad\u00e8ge Vanhee-Cybulski delivered a strong vision of women&#8217;s dressing. <\/p>\n<h2>A new silhouette for winter 2026<\/h2>\n<p>The show was held in Paris during fashion week. The creations showcased <a href=\"https:\/\/www.parisselectbook.com\/en\/2026\/03\/12\/minimalist-manicure-the-perfect-chic-trend-for-the-wedding-season\/\">clean lines<\/a> and controlled proportions. Each piece seems designed to last beyond the seasons.  <\/p>\n<p>Long coats rub shoulders with structured jackets. <a href=\"https:\/\/www.parisselectbook.com\/en\/2026\/03\/12\/guerlain-revolutionizes-luxury-perfumery-with-the-worlds-first-organic-pea-alcohol\/\">Noble materials<\/a> dominate the entire collection. Soft leathers, thick woollens and technical fabrics are featured.  <\/p>\n<p>As a result, this wardrobe meets a need for <a href=\"https:\/\/www.parisselectbook.com\/en\/2026\/03\/12\/madonna-resurrects-her-cult-like-a-virgin-look-forty-years-on-a-lesson-in-timeless-style\/\">timeless pieces<\/a>. The cuts remain fluid despite their precision. This approach reflects our world-renowned craftsmanship.  <\/p>\n<blockquote><p>&#8220;The Autumn-Winter 2026-2027 collection embodies understated, functional elegance.&#8221;<\/p><\/blockquote>\n<h3>Sober colors and rich textures<\/h3>\n<p>The color palette favors deep, neutral tones. Beiges, browns, charcoal greys and intense blacks are all used. These hues lend a certain gravity to the silhouettes.  <\/p>\n<p>Textures also play a central role in this wardrobe proposition. Material effects create relief without overloading the looks. Herm\u00e8s focuses on quality rather than exuberance.  <\/p>\n<p>On the other hand, a few touches of color punctuate certain outfits. These accents remain discreet and perfectly measured. They add a note of modernity to the ensemble.  <\/p>\n<ul>\n<li>Long coats with clean lines<\/li>\n<li>Leathers crafted with traditional know-how<\/li>\n<li>A palette of deep, neutral colors<\/li>\n<li>Accessories designed to complement every silhouette<\/li>\n<li>Elegant and functional women&#8217;s ready-to-wear<\/li>\n<\/ul>\n<h2>Nad\u00e8ge Vanhee-Cybulski asserts her creative vision<\/h2>\n<p>The artistic director continues the work she began several years ago. Her fashion is rooted in reality and everyday life. Her creations speak to women who are looking for the essential.  <\/p>\n<p>This collection also confirms an orientation towards discreet luxury. The pieces are designed to be versatile and adapted to different contexts. They can go from the office to a party effortlessly.  <\/p>\n<p>From now on, the Parisian fashion house is committed to sustainability. Clothes are designed to stand the test of time. This philosophy resonates with today&#8217;s consumer expectations.  <\/p>\n<p>The show featured accessories perfectly coordinated with the outfits. Bags, belts and shoes complemented each passage. They testify to the overall coherence of the proposal.  <\/p>\n<h3>Ready-to-wear rooted in tradition<\/h3>\n<p>The Herm\u00e8s Autumn-Winter 2026-2027 collection celebrates the house&#8217;s heritage. Every detail is a reminder of a commitment to excellence. Impeccable finishing testifies to meticulous craftsmanship.  <\/p>\n<p>Yet modernity shines through in the volumes and combinations. The proposed looks are never frozen in the past. They dialogue with contemporary dress codes.  <\/p>\n<p>The silhouettes presented at this Paris fashion show made a lasting impression. They offer a clear vision of next winter&#8217;s wardrobe. The French fashion house continues to inspire the luxury sector.  <\/p>\n<h2>A collection that meets today&#8217;s expectations<\/h2>\n<p>Faced with the upheavals in the fashion sector, this proposal seems reassuring. It relies on solid values without sacrificing creativity. Herm\u00e8s strikes a balance between tradition and innovation.  <\/p>\n<p>Indeed, the pieces on display are seductive in their apparent simplicity. Behind this sobriety lies a technically demanding work. Each seam, each assembly reveals a rare mastery.  <\/p>\n<p>Paris Fashion Week provided the ideal setting for this presentation. The public and professionals alike were able to appreciate these creations up close. Feedback from this eagerly-awaited event seems to have been positive.  <\/p>\n<p>This Autumn-Winter 2026-2027 collection represents a milestone for the company. It confirms a high-end positioning and a strong identity. Women&#8217;s ready-to-wear is gaining in visibility thanks to these carefully-crafted proposals.  <\/p>\n","protected":false},"excerpt":{"rendered":"<p>This Saturday, March 8, 2026, Paris Fashion Week played host to a highly anticipated show. Herm\u00e8s presented its Autumn-Winter 2026-2027 collection in a sober, uncluttered&#8230;<\/p>\n","protected":false},"author":13,"featured_media":214120,"comment_status":"open","ping_status":"closed","sticky":false,"template":"","format":"standard","meta":{"_acf_changed":false,"footnotes":""},"categories":[2685],"tags":[2288],"quartier":[],"class_list":["post-214236","post","type-post","status-publish","format-standard","has-post-thumbnail","hentry","category-news-du-luxe-en","tag-hermes-en"],"acf":[],"yoast_head":"<!-- This site is optimized with the Yoast SEO plugin v27.4 - https:\/\/yoast.com\/product\/yoast-seo-wordpress\/ -->\n<title>Herm\u00e8s unveils its autumn winter collection: soft leather, riding waders and cycling shorts to remember<\/title>\n<meta name=\"description\" content=\"Herm\u00e8s imposes supple leather, riding waders and cycling shorts for Fall Winter 2026. Strong pieces to remember.\" \/>\n<meta name=\"robots\" content=\"index, follow, max-snippet:-1, max-image-preview:large, max-video-preview:-1\" \/>\n<link rel=\"canonical\" href=\"https:\/\/www.parisselectbook.com\/en\/2026\/03\/13\/hermes-unveils-its-autumn-winter-collection-soft-leather-riding-waders-and-cycling-shorts-to-remember\/\" \/>\n<meta property=\"og:locale\" content=\"en_US\" \/>\n<meta property=\"og:type\" content=\"article\" \/>\n<meta property=\"og:title\" content=\"Herm\u00e8s unveils its autumn winter collection: soft leather, riding waders and cycling shorts to remember\" \/>\n<meta property=\"og:description\" content=\"Herm\u00e8s imposes supple leather, riding waders and cycling shorts for Fall Winter 2026. Strong pieces to remember.\" \/>\n<meta property=\"og:url\" content=\"https:\/\/www.parisselectbook.com\/en\/2026\/03\/13\/hermes-unveils-its-autumn-winter-collection-soft-leather-riding-waders-and-cycling-shorts-to-remember\/\" \/>\n<meta property=\"og:site_name\" content=\"Paris Select\" \/>\n<meta property=\"article:publisher\" content=\"https:\/\/www.facebook.com\/parisselect\" \/>\n<meta property=\"article:published_time\" content=\"2026-03-13T08:04:00+00:00\" \/>\n<meta property=\"og:image\" content=\"https:\/\/www.parisselectbook.com\/wp-content\/uploads\/2026\/03\/Hermes-devoile-sa-collection-automne-hiver-cuir-souple-cuissardes-cavalieres-et-shorts-cyclistes-a-retenir.jpg\" \/>\n\t<meta property=\"og:image:width\" content=\"1200\" \/>\n\t<meta property=\"og:image:height\" content=\"675\" \/>\n\t<meta property=\"og:image:type\" content=\"image\/jpeg\" \/>\n<meta name=\"author\" content=\"zaccharie touboul\" \/>\n<meta name=\"twitter:card\" content=\"summary_large_image\" \/>\n<meta name=\"twitter:label1\" content=\"Written by\" \/>\n\t<meta name=\"twitter:data1\" content=\"zaccharie touboul\" \/>\n\t<meta name=\"twitter:label2\" content=\"Est. reading time\" \/>\n\t<meta name=\"twitter:data2\" content=\"3 minutes\" \/>\n<script type=\"application\/ld+json\" class=\"yoast-schema-graph\">{\"@context\":\"https:\\\/\\\/schema.org\",\"@graph\":[{\"@type\":\"Article\",\"@id\":\"https:\\\/\\\/www.parisselectbook.com\\\/en\\\/2026\\\/03\\\/13\\\/hermes-unveils-its-autumn-winter-collection-soft-leather-riding-waders-and-cycling-shorts-to-remember\\\/#article\",\"isPartOf\":{\"@id\":\"https:\\\/\\\/www.parisselectbook.com\\\/en\\\/2026\\\/03\\\/13\\\/hermes-unveils-its-autumn-winter-collection-soft-leather-riding-waders-and-cycling-shorts-to-remember\\\/\"},\"author\":{\"name\":\"zaccharie touboul\",\"@id\":\"https:\\\/\\\/www.parisselectbook.com\\\/en\\\/#\\\/schema\\\/person\\\/3675d9a80d6cbefbfde597e393c036aa\"},\"headline\":\"Herm\u00e8s unveils its autumn winter collection: soft leather, riding waders and cycling shorts to remember\",\"datePublished\":\"2026-03-13T08:04:00+00:00\",\"mainEntityOfPage\":{\"@id\":\"https:\\\/\\\/www.parisselectbook.com\\\/en\\\/2026\\\/03\\\/13\\\/hermes-unveils-its-autumn-winter-collection-soft-leather-riding-waders-and-cycling-shorts-to-remember\\\/\"},\"wordCount\":588,\"commentCount\":0,\"publisher\":{\"@id\":\"https:\\\/\\\/www.parisselectbook.com\\\/en\\\/#organization\"},\"image\":{\"@id\":\"https:\\\/\\\/www.parisselectbook.com\\\/en\\\/2026\\\/03\\\/13\\\/hermes-unveils-its-autumn-winter-collection-soft-leather-riding-waders-and-cycling-shorts-to-remember\\\/#primaryimage\"},\"thumbnailUrl\":\"https:\\\/\\\/www.parisselectbook.com\\\/wp-content\\\/uploads\\\/2026\\\/03\\\/Hermes-devoile-sa-collection-automne-hiver-cuir-souple-cuissardes-cavalieres-et-shorts-cyclistes-a-retenir.jpg\",\"keywords\":[\"Herm\u00e8s\"],\"articleSection\":[\"News du Luxe\"],\"inLanguage\":\"en-US\",\"potentialAction\":[{\"@type\":\"CommentAction\",\"name\":\"Comment\",\"target\":[\"https:\\\/\\\/www.parisselectbook.com\\\/en\\\/2026\\\/03\\\/13\\\/hermes-unveils-its-autumn-winter-collection-soft-leather-riding-waders-and-cycling-shorts-to-remember\\\/#respond\"]}]},{\"@type\":\"WebPage\",\"@id\":\"https:\\\/\\\/www.parisselectbook.com\\\/en\\\/2026\\\/03\\\/13\\\/hermes-unveils-its-autumn-winter-collection-soft-leather-riding-waders-and-cycling-shorts-to-remember\\\/\",\"url\":\"https:\\\/\\\/www.parisselectbook.com\\\/en\\\/2026\\\/03\\\/13\\\/hermes-unveils-its-autumn-winter-collection-soft-leather-riding-waders-and-cycling-shorts-to-remember\\\/\",\"name\":\"Herm\u00e8s unveils its autumn winter collection: soft leather, riding waders and cycling shorts to remember\",\"isPartOf\":{\"@id\":\"https:\\\/\\\/www.parisselectbook.com\\\/en\\\/#website\"},\"primaryImageOfPage\":{\"@id\":\"https:\\\/\\\/www.parisselectbook.com\\\/en\\\/2026\\\/03\\\/13\\\/hermes-unveils-its-autumn-winter-collection-soft-leather-riding-waders-and-cycling-shorts-to-remember\\\/#primaryimage\"},\"image\":{\"@id\":\"https:\\\/\\\/www.parisselectbook.com\\\/en\\\/2026\\\/03\\\/13\\\/hermes-unveils-its-autumn-winter-collection-soft-leather-riding-waders-and-cycling-shorts-to-remember\\\/#primaryimage\"},\"thumbnailUrl\":\"https:\\\/\\\/www.parisselectbook.com\\\/wp-content\\\/uploads\\\/2026\\\/03\\\/Hermes-devoile-sa-collection-automne-hiver-cuir-souple-cuissardes-cavalieres-et-shorts-cyclistes-a-retenir.jpg\",\"datePublished\":\"2026-03-13T08:04:00+00:00\",\"description\":\"Herm\u00e8s imposes supple leather, riding waders and cycling shorts for Fall Winter 2026. Strong pieces to remember.\",\"breadcrumb\":{\"@id\":\"https:\\\/\\\/www.parisselectbook.com\\\/en\\\/2026\\\/03\\\/13\\\/hermes-unveils-its-autumn-winter-collection-soft-leather-riding-waders-and-cycling-shorts-to-remember\\\/#breadcrumb\"},\"inLanguage\":\"en-US\",\"potentialAction\":[{\"@type\":\"ReadAction\",\"target\":[\"https:\\\/\\\/www.parisselectbook.com\\\/en\\\/2026\\\/03\\\/13\\\/hermes-unveils-its-autumn-winter-collection-soft-leather-riding-waders-and-cycling-shorts-to-remember\\\/\"]}]},{\"@type\":\"ImageObject\",\"inLanguage\":\"en-US\",\"@id\":\"https:\\\/\\\/www.parisselectbook.com\\\/en\\\/2026\\\/03\\\/13\\\/hermes-unveils-its-autumn-winter-collection-soft-leather-riding-waders-and-cycling-shorts-to-remember\\\/#primaryimage\",\"url\":\"https:\\\/\\\/www.parisselectbook.com\\\/wp-content\\\/uploads\\\/2026\\\/03\\\/Hermes-devoile-sa-collection-automne-hiver-cuir-souple-cuissardes-cavalieres-et-shorts-cyclistes-a-retenir.jpg\",\"contentUrl\":\"https:\\\/\\\/www.parisselectbook.com\\\/wp-content\\\/uploads\\\/2026\\\/03\\\/Hermes-devoile-sa-collection-automne-hiver-cuir-souple-cuissardes-cavalieres-et-shorts-cyclistes-a-retenir.jpg\",\"width\":1200,\"height\":675,\"caption\":\"Herm\u00e8s d\u00e9voile sa collection automne hiver : cuir souple, cuissardes cavali\u00e8res et shorts cyclistes \u00e0 retenir\"},{\"@type\":\"BreadcrumbList\",\"@id\":\"https:\\\/\\\/www.parisselectbook.com\\\/en\\\/2026\\\/03\\\/13\\\/hermes-unveils-its-autumn-winter-collection-soft-leather-riding-waders-and-cycling-shorts-to-remember\\\/#breadcrumb\",\"itemListElement\":[{\"@type\":\"ListItem\",\"position\":1,\"name\":\"Que faire \u00e0 Paris ?\",\"item\":\"https:\\\/\\\/www.parisselectbook.com\\\/en\\\/category\\\/que-faire-a-paris-en\\\/\"},{\"@type\":\"ListItem\",\"position\":2,\"name\":\"Herm\u00e8s unveils its autumn winter collection: soft leather, riding waders and cycling shorts to remember\"}]},{\"@type\":\"WebSite\",\"@id\":\"https:\\\/\\\/www.parisselectbook.com\\\/en\\\/#website\",\"url\":\"https:\\\/\\\/www.parisselectbook.com\\\/en\\\/\",\"name\":\"Paris Select Book\",\"description\":\"Le guide chic des Tendances Parisiennes\",\"publisher\":{\"@id\":\"https:\\\/\\\/www.parisselectbook.com\\\/en\\\/#organization\"},\"potentialAction\":[{\"@type\":\"SearchAction\",\"target\":{\"@type\":\"EntryPoint\",\"urlTemplate\":\"https:\\\/\\\/www.parisselectbook.com\\\/en\\\/?s={search_term_string}\"},\"query-input\":{\"@type\":\"PropertyValueSpecification\",\"valueRequired\":true,\"valueName\":\"search_term_string\"}}],\"inLanguage\":\"en-US\"},{\"@type\":\"Organization\",\"@id\":\"https:\\\/\\\/www.parisselectbook.com\\\/en\\\/#organization\",\"name\":\"Paris Select\",\"url\":\"https:\\\/\\\/www.parisselectbook.com\\\/en\\\/\",\"logo\":{\"@type\":\"ImageObject\",\"inLanguage\":\"en-US\",\"@id\":\"https:\\\/\\\/www.parisselectbook.com\\\/en\\\/#\\\/schema\\\/logo\\\/image\\\/\",\"url\":\"https:\\\/\\\/www.parisselectbook.com\\\/wp-content\\\/uploads\\\/2024\\\/06\\\/logo-IG-TKTK-LK.png\",\"contentUrl\":\"https:\\\/\\\/www.parisselectbook.com\\\/wp-content\\\/uploads\\\/2024\\\/06\\\/logo-IG-TKTK-LK.png\",\"width\":684,\"height\":665,\"caption\":\"Paris Select\"},\"image\":{\"@id\":\"https:\\\/\\\/www.parisselectbook.com\\\/en\\\/#\\\/schema\\\/logo\\\/image\\\/\"},\"sameAs\":[\"https:\\\/\\\/www.facebook.com\\\/parisselect\",\"https:\\\/\\\/www.instagram.com\\\/parisselect\\\/\",\"https:\\\/\\\/www.tiktok.com\\\/@parisselect\"]},{\"@type\":\"Person\",\"@id\":\"https:\\\/\\\/www.parisselectbook.com\\\/en\\\/#\\\/schema\\\/person\\\/3675d9a80d6cbefbfde597e393c036aa\",\"name\":\"zaccharie touboul\",\"sameAs\":[\"https:\\\/\\\/www.parisselectbook.com\\\/\"]}]}<\/script>\n<!-- \/ Yoast SEO plugin. -->","yoast_head_json":{"title":"Herm\u00e8s unveils its autumn winter collection: soft leather, riding waders and cycling shorts to remember","description":"Herm\u00e8s imposes supple leather, riding waders and cycling shorts for Fall Winter 2026. Strong pieces to remember.","robots":{"index":"index","follow":"follow","max-snippet":"max-snippet:-1","max-image-preview":"max-image-preview:large","max-video-preview":"max-video-preview:-1"},"canonical":"https:\/\/www.parisselectbook.com\/en\/2026\/03\/13\/hermes-unveils-its-autumn-winter-collection-soft-leather-riding-waders-and-cycling-shorts-to-remember\/","og_locale":"en_US","og_type":"article","og_title":"Herm\u00e8s unveils its autumn winter collection: soft leather, riding waders and cycling shorts to remember","og_description":"Herm\u00e8s imposes supple leather, riding waders and cycling shorts for Fall Winter 2026. Strong pieces to remember.","og_url":"https:\/\/www.parisselectbook.com\/en\/2026\/03\/13\/hermes-unveils-its-autumn-winter-collection-soft-leather-riding-waders-and-cycling-shorts-to-remember\/","og_site_name":"Paris Select","article_publisher":"https:\/\/www.facebook.com\/parisselect","article_published_time":"2026-03-13T08:04:00+00:00","og_image":[{"width":1200,"height":675,"url":"https:\/\/www.parisselectbook.com\/wp-content\/uploads\/2026\/03\/Hermes-devoile-sa-collection-automne-hiver-cuir-souple-cuissardes-cavalieres-et-shorts-cyclistes-a-retenir.jpg","type":"image\/jpeg"}],"author":"zaccharie touboul","twitter_card":"summary_large_image","twitter_misc":{"Written by":"zaccharie touboul","Est. reading time":"3 minutes"},"schema":{"@context":"https:\/\/schema.org","@graph":[{"@type":"Article","@id":"https:\/\/www.parisselectbook.com\/en\/2026\/03\/13\/hermes-unveils-its-autumn-winter-collection-soft-leather-riding-waders-and-cycling-shorts-to-remember\/#article","isPartOf":{"@id":"https:\/\/www.parisselectbook.com\/en\/2026\/03\/13\/hermes-unveils-its-autumn-winter-collection-soft-leather-riding-waders-and-cycling-shorts-to-remember\/"},"author":{"name":"zaccharie touboul","@id":"https:\/\/www.parisselectbook.com\/en\/#\/schema\/person\/3675d9a80d6cbefbfde597e393c036aa"},"headline":"Herm\u00e8s unveils its autumn winter collection: soft leather, riding waders and cycling shorts to remember","datePublished":"2026-03-13T08:04:00+00:00","mainEntityOfPage":{"@id":"https:\/\/www.parisselectbook.com\/en\/2026\/03\/13\/hermes-unveils-its-autumn-winter-collection-soft-leather-riding-waders-and-cycling-shorts-to-remember\/"},"wordCount":588,"commentCount":0,"publisher":{"@id":"https:\/\/www.parisselectbook.com\/en\/#organization"},"image":{"@id":"https:\/\/www.parisselectbook.com\/en\/2026\/03\/13\/hermes-unveils-its-autumn-winter-collection-soft-leather-riding-waders-and-cycling-shorts-to-remember\/#primaryimage"},"thumbnailUrl":"https:\/\/www.parisselectbook.com\/wp-content\/uploads\/2026\/03\/Hermes-devoile-sa-collection-automne-hiver-cuir-souple-cuissardes-cavalieres-et-shorts-cyclistes-a-retenir.jpg","keywords":["Herm\u00e8s"],"articleSection":["News du Luxe"],"inLanguage":"en-US","potentialAction":[{"@type":"CommentAction","name":"Comment","target":["https:\/\/www.parisselectbook.com\/en\/2026\/03\/13\/hermes-unveils-its-autumn-winter-collection-soft-leather-riding-waders-and-cycling-shorts-to-remember\/#respond"]}]},{"@type":"WebPage","@id":"https:\/\/www.parisselectbook.com\/en\/2026\/03\/13\/hermes-unveils-its-autumn-winter-collection-soft-leather-riding-waders-and-cycling-shorts-to-remember\/","url":"https:\/\/www.parisselectbook.com\/en\/2026\/03\/13\/hermes-unveils-its-autumn-winter-collection-soft-leather-riding-waders-and-cycling-shorts-to-remember\/","name":"Herm\u00e8s unveils its autumn winter collection: soft leather, riding waders and cycling shorts to remember","isPartOf":{"@id":"https:\/\/www.parisselectbook.com\/en\/#website"},"primaryImageOfPage":{"@id":"https:\/\/www.parisselectbook.com\/en\/2026\/03\/13\/hermes-unveils-its-autumn-winter-collection-soft-leather-riding-waders-and-cycling-shorts-to-remember\/#primaryimage"},"image":{"@id":"https:\/\/www.parisselectbook.com\/en\/2026\/03\/13\/hermes-unveils-its-autumn-winter-collection-soft-leather-riding-waders-and-cycling-shorts-to-remember\/#primaryimage"},"thumbnailUrl":"https:\/\/www.parisselectbook.com\/wp-content\/uploads\/2026\/03\/Hermes-devoile-sa-collection-automne-hiver-cuir-souple-cuissardes-cavalieres-et-shorts-cyclistes-a-retenir.jpg","datePublished":"2026-03-13T08:04:00+00:00","description":"Herm\u00e8s imposes supple leather, riding waders and cycling shorts for Fall Winter 2026. Strong pieces to remember.","breadcrumb":{"@id":"https:\/\/www.parisselectbook.com\/en\/2026\/03\/13\/hermes-unveils-its-autumn-winter-collection-soft-leather-riding-waders-and-cycling-shorts-to-remember\/#breadcrumb"},"inLanguage":"en-US","potentialAction":[{"@type":"ReadAction","target":["https:\/\/www.parisselectbook.com\/en\/2026\/03\/13\/hermes-unveils-its-autumn-winter-collection-soft-leather-riding-waders-and-cycling-shorts-to-remember\/"]}]},{"@type":"ImageObject","inLanguage":"en-US","@id":"https:\/\/www.parisselectbook.com\/en\/2026\/03\/13\/hermes-unveils-its-autumn-winter-collection-soft-leather-riding-waders-and-cycling-shorts-to-remember\/#primaryimage","url":"https:\/\/www.parisselectbook.com\/wp-content\/uploads\/2026\/03\/Hermes-devoile-sa-collection-automne-hiver-cuir-souple-cuissardes-cavalieres-et-shorts-cyclistes-a-retenir.jpg","contentUrl":"https:\/\/www.parisselectbook.com\/wp-content\/uploads\/2026\/03\/Hermes-devoile-sa-collection-automne-hiver-cuir-souple-cuissardes-cavalieres-et-shorts-cyclistes-a-retenir.jpg","width":1200,"height":675,"caption":"Herm\u00e8s d\u00e9voile sa collection automne hiver : cuir souple, cuissardes cavali\u00e8res et shorts cyclistes \u00e0 retenir"},{"@type":"BreadcrumbList","@id":"https:\/\/www.parisselectbook.com\/en\/2026\/03\/13\/hermes-unveils-its-autumn-winter-collection-soft-leather-riding-waders-and-cycling-shorts-to-remember\/#breadcrumb","itemListElement":[{"@type":"ListItem","position":1,"name":"Que faire \u00e0 Paris ?","item":"https:\/\/www.parisselectbook.com\/en\/category\/que-faire-a-paris-en\/"},{"@type":"ListItem","position":2,"name":"Herm\u00e8s unveils its autumn winter collection: soft leather, riding waders and cycling shorts to remember"}]},{"@type":"WebSite","@id":"https:\/\/www.parisselectbook.com\/en\/#website","url":"https:\/\/www.parisselectbook.com\/en\/","name":"Paris Select Book","description":"Le guide chic des Tendances Parisiennes","publisher":{"@id":"https:\/\/www.parisselectbook.com\/en\/#organization"},"potentialAction":[{"@type":"SearchAction","target":{"@type":"EntryPoint","urlTemplate":"https:\/\/www.parisselectbook.com\/en\/?s={search_term_string}"},"query-input":{"@type":"PropertyValueSpecification","valueRequired":true,"valueName":"search_term_string"}}],"inLanguage":"en-US"},{"@type":"Organization","@id":"https:\/\/www.parisselectbook.com\/en\/#organization","name":"Paris Select","url":"https:\/\/www.parisselectbook.com\/en\/","logo":{"@type":"ImageObject","inLanguage":"en-US","@id":"https:\/\/www.parisselectbook.com\/en\/#\/schema\/logo\/image\/","url":"https:\/\/www.parisselectbook.com\/wp-content\/uploads\/2024\/06\/logo-IG-TKTK-LK.png","contentUrl":"https:\/\/www.parisselectbook.com\/wp-content\/uploads\/2024\/06\/logo-IG-TKTK-LK.png","width":684,"height":665,"caption":"Paris Select"},"image":{"@id":"https:\/\/www.parisselectbook.com\/en\/#\/schema\/logo\/image\/"},"sameAs":["https:\/\/www.facebook.com\/parisselect","https:\/\/www.instagram.com\/parisselect\/","https:\/\/www.tiktok.com\/@parisselect"]},{"@type":"Person","@id":"https:\/\/www.parisselectbook.com\/en\/#\/schema\/person\/3675d9a80d6cbefbfde597e393c036aa","name":"zaccharie touboul","sameAs":["https:\/\/www.parisselectbook.com\/"]}]}},"_links":{"self":[{"href":"https:\/\/www.parisselectbook.com\/en\/wp-json\/wp\/v2\/posts\/214236","targetHints":{"allow":["GET"]}}],"collection":[{"href":"https:\/\/www.parisselectbook.com\/en\/wp-json\/wp\/v2\/posts"}],"about":[{"href":"https:\/\/www.parisselectbook.com\/en\/wp-json\/wp\/v2\/types\/post"}],"author":[{"embeddable":true,"href":"https:\/\/www.parisselectbook.com\/en\/wp-json\/wp\/v2\/users\/13"}],"replies":[{"embeddable":true,"href":"https:\/\/www.parisselectbook.com\/en\/wp-json\/wp\/v2\/comments?post=214236"}],"version-history":[{"count":0,"href":"https:\/\/www.parisselectbook.com\/en\/wp-json\/wp\/v2\/posts\/214236\/revisions"}],"wp:featuredmedia":[{"embeddable":true,"href":"https:\/\/www.parisselectbook.com\/en\/wp-json\/wp\/v2\/media\/214120"}],"wp:attachment":[{"href":"https:\/\/www.parisselectbook.com\/en\/wp-json\/wp\/v2\/media?parent=214236"}],"wp:term":[{"taxonomy":"category","embeddable":true,"href":"https:\/\/www.parisselectbook.com\/en\/wp-json\/wp\/v2\/categories?post=214236"},{"taxonomy":"post_tag","embeddable":true,"href":"https:\/\/www.parisselectbook.com\/en\/wp-json\/wp\/v2\/tags?post=214236"},{"taxonomy":"quartier","embeddable":true,"href":"https:\/\/www.parisselectbook.com\/en\/wp-json\/wp\/v2\/quartier?post=214236"}],"curies":[{"name":"wp","href":"https:\/\/api.w.org\/{rel}","templated":true}]}}