{"id":214383,"date":"2026-03-14T08:21:00","date_gmt":"2026-03-14T07:21:00","guid":{"rendered":"https:\/\/www.parisselectbook.com\/2026\/03\/14\/atelier-des-lumieres-the-immersive-renaissance-exhibition-celebrates-da-vinci-raphael-and-michelangelo-in-february\/"},"modified":"2026-03-14T08:21:00","modified_gmt":"2026-03-14T07:21:00","slug":"atelier-des-lumieres-the-immersive-renaissance-exhibition-celebrates-da-vinci-raphael-and-michelangelo-in-february","status":"publish","type":"post","link":"https:\/\/www.parisselectbook.com\/en\/2026\/03\/14\/atelier-des-lumieres-the-immersive-renaissance-exhibition-celebrates-da-vinci-raphael-and-michelangelo-in-february\/","title":{"rendered":"Atelier des Lumi\u00e8res: the immersive Renaissance exhibition celebrates Da Vinci, Raphael and Michelangelo in February"},"content":{"rendered":"<p>In 2026, the<strong>Atelier des Lumi\u00e8res<\/strong> offers a new immersive experience dedicated to the Italian Renaissance. Visitors can rediscover the masterpieces of Leonardo da Vinci, Raphael and Michelangelo in this unique Parisian venue. The <a href=\"https:\/\/www.parisselectbook.com\/en\/2026\/03\/13\/paris-in-march-10-must-see-exhibitions-for-the-perfect-cultural-season\/\">exhibition<\/a> promises a sensory journey to the heart of a major artistic era.  <\/p>\n<h2>A plunge into Renaissance art in Paris<\/h2>\n<p>The &#8220;Renaissance&#8221; exhibition transports the public back to the Italy of the 15th and 16th centuries. Thanks to <a href=\"https:\/\/www.parisselectbook.com\/en\/2026\/03\/13\/cinemas-in-paris-all-screenings-at-e5-for-three-days-the-perfect-opportunity-to-treat-yourself-to-a-canvas\/\">monumental projections<\/a>, the works of the greatest masters come to life on the walls of this former foundry. What&#8217;s more, this immersion allows visitors to appreciate every detail of the paintings with a rare intensity.  <\/p>\n<p>Iconic canvases such as La Joconde and La Cr\u00e9ation d&#8217;Adam are spread over <strong>a surface area of more than <a href=\"https:\/\/www.parisselectbook.com\/en\/2026\/03\/13\/this-3800-m%c2%b2-secret-garden-on-the-outskirts-of-paris-offers-an-exotic-japanese-getaway\/\">3,000 m\u00b2<\/a><\/strong>. In this way, the viewer finds himself at the very center of the compositions. This approach offers an unprecedented perspective on world-famous works.  <\/p>\n<p>L&#8217;<strong>Atelier des Lumi\u00e8res<\/strong> uses technology to make art accessible to all. As a result, even neophytes can understand the richness of this artistic period. Families and history buffs alike will find a suitable <a href=\"https:\/\/www.parisselectbook.com\/en\/2026\/03\/13\/dj-set-vernissage-surprise-food-offers-theres-always-something-going-on-at-canopy-by-hilton-paris-eiffel-tower\/\">experience<\/a> here.  <\/p>\n<blockquote><p>&#8220;The Renaissance represents a turning point in the history of Western art.<\/p><\/blockquote>\n<h3>Leonardo da Vinci, Raphael and Michelangelo reunited<\/h3>\n<p>These three artists embody the genius of the Italian Renaissance. Their works have survived the centuries and continue to fascinate. On the other hand, seeing their creations projected in large format offers an emotion quite different from a traditional visit to a museum.  <\/p>\n<p>Michelangelo and his frescoes in the Sistine Chapel take center stage. Raphael, meanwhile, reveals his portraits and religious compositions. Leonardo da Vinci reveals his anatomical studies and mythical paintings.  <\/p>\n<ul>\n<li>Leonardo da Vinci&#8217;s Mona Lisa<\/li>\n<li>Michelangelo&#8217;s Creation of Adam<\/li>\n<li>Raphael&#8217;s School of Athens<\/li>\n<li>The Last Supper by Leonardo da Vinci<\/li>\n<li>Michelangelo&#8217;s Last Judgment<\/li>\n<\/ul>\n<h2>A unique sensory experience in the 11th arrondissement<\/h2>\n<p>Located in the 11th arrondissement of Paris, this digital art center attracts thousands of visitors every year. The former 19th-century foundry offers a striking industrial setting. In fact, the contrast between the raw walls and the colorful projections creates a very special atmosphere.  <\/p>\n<p>The soundtrack carefully accompanies each visual sequence. Classical and contemporary music punctuate the journey. Lighting effects highlight the colors of the original works.  <\/p>\n<p>The<strong>Atelier des Lumi\u00e8res<\/strong> offers a variety of time slots for easy access. Night-time visits allow visitors to enjoy the exhibition in a more intimate setting. Online reservations are now highly recommended to avoid waiting times.  <\/p>\n<p>This exhibition on the Renaissance is part of a rich and varied program. The venue regularly hosts exhibitions dedicated to the great names in art. Each new creation attracts a curious and enthusiastic public.  <\/p>\n<h3>Practical information for your visit<\/h3>\n<p>The &#8220;Renaissance&#8221; exhibition is open to the public at the<strong>Atelier des Lumi\u00e8res<\/strong>, <strong>38 rue Saint-Maur, Paris<\/strong>. Opening times vary according to the day of the week. Please consult the official website before visiting.  <\/p>\n<p>Prices remain affordable for a cultural outing with family or friends. Discounts are available for students, senior citizens and groups. In short, this visit is an ideal outing idea for everyone.  <\/p>\n<h2>Why this exhibition will make a lasting impression in 2026<\/h2>\n<p>The Renaissance fascinates with its boldness and modernity. The artists of the period revolutionized painting, sculpture and architecture. L&#8217;<strong>Atelier des Lumi\u00e8res<\/strong> gives an idea of the extent of this cultural legacy.  <\/p>\n<p>Digital projections offer a fresh look at works that are centuries old. The public can observe details invisible to the naked eye in a traditional museum. This educational approach appeals to children and adults alike.  <\/p>\n<p>The success of this type of exhibition confirms the public&#8217;s attraction to immersive art. Visitors are no longer content to contemplate, they want to experience art. L&#8217;<strong>Atelier des Lumi\u00e8res<\/strong> has been responding brilliantly to this expectation ever since it opened.  <\/p>\n<p>In 2026, this Renaissance exhibition will be a major cultural event in Paris. Art lovers and the simply curious will find it a source of wonder. A not-to-be-missed visit for anyone wishing to rediscover the geniuses of the Renaissance.  <\/p>\n","protected":false},"excerpt":{"rendered":"<p>In 2026, theAtelier des Lumi\u00e8res offers a new immersive experience dedicated to the Italian Renaissance. Visitors can rediscover the masterpieces of Leonardo da Vinci, Raphael&#8230;<\/p>\n","protected":false},"author":13,"featured_media":214328,"comment_status":"open","ping_status":"closed","sticky":false,"template":"","format":"standard","meta":{"_acf_changed":false,"footnotes":""},"categories":[2685],"tags":[6427],"quartier":[],"class_list":["post-214383","post","type-post","status-publish","format-standard","has-post-thumbnail","hentry","category-news-du-luxe-en","tag-atelier-des-lumieres"],"acf":[],"yoast_head":"<!-- This site is optimized with the Yoast SEO plugin v27.5 - https:\/\/yoast.com\/product\/yoast-seo-wordpress\/ -->\n<title>Atelier des Lumi\u00e8res: the immersive Renaissance exhibition celebrates Da Vinci, Raphael and Michelangelo in February<\/title>\n<meta name=\"description\" content=\"The Atelier des Lumi\u00e8res plunges visitors into the heart of masterpieces by Da Vinci, Raphael and Michelangelo, with 3,000 m\u00b2 of projections.\" \/>\n<meta name=\"robots\" content=\"index, follow, max-snippet:-1, max-image-preview:large, max-video-preview:-1\" \/>\n<link rel=\"canonical\" href=\"https:\/\/www.parisselectbook.com\/en\/2026\/03\/14\/atelier-des-lumieres-the-immersive-renaissance-exhibition-celebrates-da-vinci-raphael-and-michelangelo-in-february\/\" \/>\n<meta property=\"og:locale\" content=\"en_US\" \/>\n<meta property=\"og:type\" content=\"article\" \/>\n<meta property=\"og:title\" content=\"Atelier des Lumi\u00e8res: the immersive Renaissance exhibition celebrates Da Vinci, Raphael and Michelangelo in February\" \/>\n<meta property=\"og:description\" content=\"The Atelier des Lumi\u00e8res plunges visitors into the heart of masterpieces by Da Vinci, Raphael and Michelangelo, with 3,000 m\u00b2 of projections.\" \/>\n<meta property=\"og:url\" content=\"https:\/\/www.parisselectbook.com\/en\/2026\/03\/14\/atelier-des-lumieres-the-immersive-renaissance-exhibition-celebrates-da-vinci-raphael-and-michelangelo-in-february\/\" \/>\n<meta property=\"og:site_name\" content=\"Paris Select\" \/>\n<meta property=\"article:publisher\" content=\"https:\/\/www.facebook.com\/parisselect\" \/>\n<meta property=\"article:published_time\" content=\"2026-03-14T07:21:00+00:00\" \/>\n<meta property=\"og:image\" content=\"https:\/\/www.parisselectbook.com\/wp-content\/uploads\/2026\/03\/214326-image.jpg\" \/>\n\t<meta property=\"og:image:width\" content=\"1200\" \/>\n\t<meta property=\"og:image:height\" content=\"680\" \/>\n\t<meta property=\"og:image:type\" content=\"image\/jpeg\" \/>\n<meta name=\"author\" content=\"zaccharie touboul\" \/>\n<meta name=\"twitter:card\" content=\"summary_large_image\" \/>\n<meta name=\"twitter:label1\" content=\"Written by\" \/>\n\t<meta name=\"twitter:data1\" content=\"zaccharie touboul\" \/>\n\t<meta name=\"twitter:label2\" content=\"Est. reading time\" \/>\n\t<meta name=\"twitter:data2\" content=\"3 minutes\" \/>\n<script type=\"application\/ld+json\" class=\"yoast-schema-graph\">{\"@context\":\"https:\\\/\\\/schema.org\",\"@graph\":[{\"@type\":\"Article\",\"@id\":\"https:\\\/\\\/www.parisselectbook.com\\\/en\\\/2026\\\/03\\\/14\\\/atelier-des-lumieres-the-immersive-renaissance-exhibition-celebrates-da-vinci-raphael-and-michelangelo-in-february\\\/#article\",\"isPartOf\":{\"@id\":\"https:\\\/\\\/www.parisselectbook.com\\\/en\\\/2026\\\/03\\\/14\\\/atelier-des-lumieres-the-immersive-renaissance-exhibition-celebrates-da-vinci-raphael-and-michelangelo-in-february\\\/\"},\"author\":{\"name\":\"zaccharie touboul\",\"@id\":\"https:\\\/\\\/www.parisselectbook.com\\\/en\\\/#\\\/schema\\\/person\\\/3675d9a80d6cbefbfde597e393c036aa\"},\"headline\":\"Atelier des Lumi\u00e8res: the immersive Renaissance exhibition celebrates Da Vinci, Raphael and Michelangelo in February\",\"datePublished\":\"2026-03-14T07:21:00+00:00\",\"mainEntityOfPage\":{\"@id\":\"https:\\\/\\\/www.parisselectbook.com\\\/en\\\/2026\\\/03\\\/14\\\/atelier-des-lumieres-the-immersive-renaissance-exhibition-celebrates-da-vinci-raphael-and-michelangelo-in-february\\\/\"},\"wordCount\":694,\"commentCount\":0,\"publisher\":{\"@id\":\"https:\\\/\\\/www.parisselectbook.com\\\/en\\\/#organization\"},\"image\":{\"@id\":\"https:\\\/\\\/www.parisselectbook.com\\\/en\\\/2026\\\/03\\\/14\\\/atelier-des-lumieres-the-immersive-renaissance-exhibition-celebrates-da-vinci-raphael-and-michelangelo-in-february\\\/#primaryimage\"},\"thumbnailUrl\":\"https:\\\/\\\/www.parisselectbook.com\\\/wp-content\\\/uploads\\\/2026\\\/03\\\/214326-image.jpg\",\"keywords\":[\"atelier des lumi\u00e8res\"],\"articleSection\":[\"News du Luxe\"],\"inLanguage\":\"en-US\",\"potentialAction\":[{\"@type\":\"CommentAction\",\"name\":\"Comment\",\"target\":[\"https:\\\/\\\/www.parisselectbook.com\\\/en\\\/2026\\\/03\\\/14\\\/atelier-des-lumieres-the-immersive-renaissance-exhibition-celebrates-da-vinci-raphael-and-michelangelo-in-february\\\/#respond\"]}]},{\"@type\":\"WebPage\",\"@id\":\"https:\\\/\\\/www.parisselectbook.com\\\/en\\\/2026\\\/03\\\/14\\\/atelier-des-lumieres-the-immersive-renaissance-exhibition-celebrates-da-vinci-raphael-and-michelangelo-in-february\\\/\",\"url\":\"https:\\\/\\\/www.parisselectbook.com\\\/en\\\/2026\\\/03\\\/14\\\/atelier-des-lumieres-the-immersive-renaissance-exhibition-celebrates-da-vinci-raphael-and-michelangelo-in-february\\\/\",\"name\":\"Atelier des Lumi\u00e8res: the immersive Renaissance exhibition celebrates Da Vinci, Raphael and Michelangelo in February\",\"isPartOf\":{\"@id\":\"https:\\\/\\\/www.parisselectbook.com\\\/en\\\/#website\"},\"primaryImageOfPage\":{\"@id\":\"https:\\\/\\\/www.parisselectbook.com\\\/en\\\/2026\\\/03\\\/14\\\/atelier-des-lumieres-the-immersive-renaissance-exhibition-celebrates-da-vinci-raphael-and-michelangelo-in-february\\\/#primaryimage\"},\"image\":{\"@id\":\"https:\\\/\\\/www.parisselectbook.com\\\/en\\\/2026\\\/03\\\/14\\\/atelier-des-lumieres-the-immersive-renaissance-exhibition-celebrates-da-vinci-raphael-and-michelangelo-in-february\\\/#primaryimage\"},\"thumbnailUrl\":\"https:\\\/\\\/www.parisselectbook.com\\\/wp-content\\\/uploads\\\/2026\\\/03\\\/214326-image.jpg\",\"datePublished\":\"2026-03-14T07:21:00+00:00\",\"description\":\"The Atelier des Lumi\u00e8res plunges visitors into the heart of masterpieces by Da Vinci, Raphael and Michelangelo, with 3,000 m\u00b2 of projections.\",\"breadcrumb\":{\"@id\":\"https:\\\/\\\/www.parisselectbook.com\\\/en\\\/2026\\\/03\\\/14\\\/atelier-des-lumieres-the-immersive-renaissance-exhibition-celebrates-da-vinci-raphael-and-michelangelo-in-february\\\/#breadcrumb\"},\"inLanguage\":\"en-US\",\"potentialAction\":[{\"@type\":\"ReadAction\",\"target\":[\"https:\\\/\\\/www.parisselectbook.com\\\/en\\\/2026\\\/03\\\/14\\\/atelier-des-lumieres-the-immersive-renaissance-exhibition-celebrates-da-vinci-raphael-and-michelangelo-in-february\\\/\"]}]},{\"@type\":\"ImageObject\",\"inLanguage\":\"en-US\",\"@id\":\"https:\\\/\\\/www.parisselectbook.com\\\/en\\\/2026\\\/03\\\/14\\\/atelier-des-lumieres-the-immersive-renaissance-exhibition-celebrates-da-vinci-raphael-and-michelangelo-in-february\\\/#primaryimage\",\"url\":\"https:\\\/\\\/www.parisselectbook.com\\\/wp-content\\\/uploads\\\/2026\\\/03\\\/214326-image.jpg\",\"contentUrl\":\"https:\\\/\\\/www.parisselectbook.com\\\/wp-content\\\/uploads\\\/2026\\\/03\\\/214326-image.jpg\",\"width\":1200,\"height\":680,\"caption\":\"ParisSelectBook - Atelier des Lumi\u00e8res : l'expo immersive Renaissance c\u00e9l\u00e8bre De Vinci, Rapha\u00ebl et Michel-Ange d\u00e8s f\u00e9vrier\"},{\"@type\":\"BreadcrumbList\",\"@id\":\"https:\\\/\\\/www.parisselectbook.com\\\/en\\\/2026\\\/03\\\/14\\\/atelier-des-lumieres-the-immersive-renaissance-exhibition-celebrates-da-vinci-raphael-and-michelangelo-in-february\\\/#breadcrumb\",\"itemListElement\":[{\"@type\":\"ListItem\",\"position\":1,\"name\":\"Que faire \u00e0 Paris ?\",\"item\":\"https:\\\/\\\/www.parisselectbook.com\\\/en\\\/category\\\/que-faire-a-paris-en\\\/\"},{\"@type\":\"ListItem\",\"position\":2,\"name\":\"Atelier des Lumi\u00e8res: the immersive Renaissance exhibition celebrates Da Vinci, Raphael and Michelangelo in February\"}]},{\"@type\":\"WebSite\",\"@id\":\"https:\\\/\\\/www.parisselectbook.com\\\/en\\\/#website\",\"url\":\"https:\\\/\\\/www.parisselectbook.com\\\/en\\\/\",\"name\":\"Paris Select Book\",\"description\":\"Le guide chic des Tendances Parisiennes\",\"publisher\":{\"@id\":\"https:\\\/\\\/www.parisselectbook.com\\\/en\\\/#organization\"},\"potentialAction\":[{\"@type\":\"SearchAction\",\"target\":{\"@type\":\"EntryPoint\",\"urlTemplate\":\"https:\\\/\\\/www.parisselectbook.com\\\/en\\\/?s={search_term_string}\"},\"query-input\":{\"@type\":\"PropertyValueSpecification\",\"valueRequired\":true,\"valueName\":\"search_term_string\"}}],\"inLanguage\":\"en-US\"},{\"@type\":\"Organization\",\"@id\":\"https:\\\/\\\/www.parisselectbook.com\\\/en\\\/#organization\",\"name\":\"Paris Select\",\"url\":\"https:\\\/\\\/www.parisselectbook.com\\\/en\\\/\",\"logo\":{\"@type\":\"ImageObject\",\"inLanguage\":\"en-US\",\"@id\":\"https:\\\/\\\/www.parisselectbook.com\\\/en\\\/#\\\/schema\\\/logo\\\/image\\\/\",\"url\":\"https:\\\/\\\/www.parisselectbook.com\\\/wp-content\\\/uploads\\\/2024\\\/06\\\/logo-IG-TKTK-LK.png\",\"contentUrl\":\"https:\\\/\\\/www.parisselectbook.com\\\/wp-content\\\/uploads\\\/2024\\\/06\\\/logo-IG-TKTK-LK.png\",\"width\":684,\"height\":665,\"caption\":\"Paris Select\"},\"image\":{\"@id\":\"https:\\\/\\\/www.parisselectbook.com\\\/en\\\/#\\\/schema\\\/logo\\\/image\\\/\"},\"sameAs\":[\"https:\\\/\\\/www.facebook.com\\\/parisselect\",\"https:\\\/\\\/www.instagram.com\\\/parisselect\\\/\",\"https:\\\/\\\/www.tiktok.com\\\/@parisselect\"]},{\"@type\":\"Person\",\"@id\":\"https:\\\/\\\/www.parisselectbook.com\\\/en\\\/#\\\/schema\\\/person\\\/3675d9a80d6cbefbfde597e393c036aa\",\"name\":\"zaccharie touboul\",\"sameAs\":[\"https:\\\/\\\/www.parisselectbook.com\\\/\"]}]}<\/script>\n<!-- \/ Yoast SEO plugin. -->","yoast_head_json":{"title":"Atelier des Lumi\u00e8res: the immersive Renaissance exhibition celebrates Da Vinci, Raphael and Michelangelo in February","description":"The Atelier des Lumi\u00e8res plunges visitors into the heart of masterpieces by Da Vinci, Raphael and Michelangelo, with 3,000 m\u00b2 of projections.","robots":{"index":"index","follow":"follow","max-snippet":"max-snippet:-1","max-image-preview":"max-image-preview:large","max-video-preview":"max-video-preview:-1"},"canonical":"https:\/\/www.parisselectbook.com\/en\/2026\/03\/14\/atelier-des-lumieres-the-immersive-renaissance-exhibition-celebrates-da-vinci-raphael-and-michelangelo-in-february\/","og_locale":"en_US","og_type":"article","og_title":"Atelier des Lumi\u00e8res: the immersive Renaissance exhibition celebrates Da Vinci, Raphael and Michelangelo in February","og_description":"The Atelier des Lumi\u00e8res plunges visitors into the heart of masterpieces by Da Vinci, Raphael and Michelangelo, with 3,000 m\u00b2 of projections.","og_url":"https:\/\/www.parisselectbook.com\/en\/2026\/03\/14\/atelier-des-lumieres-the-immersive-renaissance-exhibition-celebrates-da-vinci-raphael-and-michelangelo-in-february\/","og_site_name":"Paris Select","article_publisher":"https:\/\/www.facebook.com\/parisselect","article_published_time":"2026-03-14T07:21:00+00:00","og_image":[{"width":1200,"height":680,"url":"https:\/\/www.parisselectbook.com\/wp-content\/uploads\/2026\/03\/214326-image.jpg","type":"image\/jpeg"}],"author":"zaccharie touboul","twitter_card":"summary_large_image","twitter_misc":{"Written by":"zaccharie touboul","Est. reading time":"3 minutes"},"schema":{"@context":"https:\/\/schema.org","@graph":[{"@type":"Article","@id":"https:\/\/www.parisselectbook.com\/en\/2026\/03\/14\/atelier-des-lumieres-the-immersive-renaissance-exhibition-celebrates-da-vinci-raphael-and-michelangelo-in-february\/#article","isPartOf":{"@id":"https:\/\/www.parisselectbook.com\/en\/2026\/03\/14\/atelier-des-lumieres-the-immersive-renaissance-exhibition-celebrates-da-vinci-raphael-and-michelangelo-in-february\/"},"author":{"name":"zaccharie touboul","@id":"https:\/\/www.parisselectbook.com\/en\/#\/schema\/person\/3675d9a80d6cbefbfde597e393c036aa"},"headline":"Atelier des Lumi\u00e8res: the immersive Renaissance exhibition celebrates Da Vinci, Raphael and Michelangelo in February","datePublished":"2026-03-14T07:21:00+00:00","mainEntityOfPage":{"@id":"https:\/\/www.parisselectbook.com\/en\/2026\/03\/14\/atelier-des-lumieres-the-immersive-renaissance-exhibition-celebrates-da-vinci-raphael-and-michelangelo-in-february\/"},"wordCount":694,"commentCount":0,"publisher":{"@id":"https:\/\/www.parisselectbook.com\/en\/#organization"},"image":{"@id":"https:\/\/www.parisselectbook.com\/en\/2026\/03\/14\/atelier-des-lumieres-the-immersive-renaissance-exhibition-celebrates-da-vinci-raphael-and-michelangelo-in-february\/#primaryimage"},"thumbnailUrl":"https:\/\/www.parisselectbook.com\/wp-content\/uploads\/2026\/03\/214326-image.jpg","keywords":["atelier des lumi\u00e8res"],"articleSection":["News du Luxe"],"inLanguage":"en-US","potentialAction":[{"@type":"CommentAction","name":"Comment","target":["https:\/\/www.parisselectbook.com\/en\/2026\/03\/14\/atelier-des-lumieres-the-immersive-renaissance-exhibition-celebrates-da-vinci-raphael-and-michelangelo-in-february\/#respond"]}]},{"@type":"WebPage","@id":"https:\/\/www.parisselectbook.com\/en\/2026\/03\/14\/atelier-des-lumieres-the-immersive-renaissance-exhibition-celebrates-da-vinci-raphael-and-michelangelo-in-february\/","url":"https:\/\/www.parisselectbook.com\/en\/2026\/03\/14\/atelier-des-lumieres-the-immersive-renaissance-exhibition-celebrates-da-vinci-raphael-and-michelangelo-in-february\/","name":"Atelier des Lumi\u00e8res: the immersive Renaissance exhibition celebrates Da Vinci, Raphael and Michelangelo in February","isPartOf":{"@id":"https:\/\/www.parisselectbook.com\/en\/#website"},"primaryImageOfPage":{"@id":"https:\/\/www.parisselectbook.com\/en\/2026\/03\/14\/atelier-des-lumieres-the-immersive-renaissance-exhibition-celebrates-da-vinci-raphael-and-michelangelo-in-february\/#primaryimage"},"image":{"@id":"https:\/\/www.parisselectbook.com\/en\/2026\/03\/14\/atelier-des-lumieres-the-immersive-renaissance-exhibition-celebrates-da-vinci-raphael-and-michelangelo-in-february\/#primaryimage"},"thumbnailUrl":"https:\/\/www.parisselectbook.com\/wp-content\/uploads\/2026\/03\/214326-image.jpg","datePublished":"2026-03-14T07:21:00+00:00","description":"The Atelier des Lumi\u00e8res plunges visitors into the heart of masterpieces by Da Vinci, Raphael and Michelangelo, with 3,000 m\u00b2 of projections.","breadcrumb":{"@id":"https:\/\/www.parisselectbook.com\/en\/2026\/03\/14\/atelier-des-lumieres-the-immersive-renaissance-exhibition-celebrates-da-vinci-raphael-and-michelangelo-in-february\/#breadcrumb"},"inLanguage":"en-US","potentialAction":[{"@type":"ReadAction","target":["https:\/\/www.parisselectbook.com\/en\/2026\/03\/14\/atelier-des-lumieres-the-immersive-renaissance-exhibition-celebrates-da-vinci-raphael-and-michelangelo-in-february\/"]}]},{"@type":"ImageObject","inLanguage":"en-US","@id":"https:\/\/www.parisselectbook.com\/en\/2026\/03\/14\/atelier-des-lumieres-the-immersive-renaissance-exhibition-celebrates-da-vinci-raphael-and-michelangelo-in-february\/#primaryimage","url":"https:\/\/www.parisselectbook.com\/wp-content\/uploads\/2026\/03\/214326-image.jpg","contentUrl":"https:\/\/www.parisselectbook.com\/wp-content\/uploads\/2026\/03\/214326-image.jpg","width":1200,"height":680,"caption":"ParisSelectBook - Atelier des Lumi\u00e8res : l'expo immersive Renaissance c\u00e9l\u00e8bre De Vinci, Rapha\u00ebl et Michel-Ange d\u00e8s f\u00e9vrier"},{"@type":"BreadcrumbList","@id":"https:\/\/www.parisselectbook.com\/en\/2026\/03\/14\/atelier-des-lumieres-the-immersive-renaissance-exhibition-celebrates-da-vinci-raphael-and-michelangelo-in-february\/#breadcrumb","itemListElement":[{"@type":"ListItem","position":1,"name":"Que faire \u00e0 Paris ?","item":"https:\/\/www.parisselectbook.com\/en\/category\/que-faire-a-paris-en\/"},{"@type":"ListItem","position":2,"name":"Atelier des Lumi\u00e8res: the immersive Renaissance exhibition celebrates Da Vinci, Raphael and Michelangelo in February"}]},{"@type":"WebSite","@id":"https:\/\/www.parisselectbook.com\/en\/#website","url":"https:\/\/www.parisselectbook.com\/en\/","name":"Paris Select Book","description":"Le guide chic des Tendances Parisiennes","publisher":{"@id":"https:\/\/www.parisselectbook.com\/en\/#organization"},"potentialAction":[{"@type":"SearchAction","target":{"@type":"EntryPoint","urlTemplate":"https:\/\/www.parisselectbook.com\/en\/?s={search_term_string}"},"query-input":{"@type":"PropertyValueSpecification","valueRequired":true,"valueName":"search_term_string"}}],"inLanguage":"en-US"},{"@type":"Organization","@id":"https:\/\/www.parisselectbook.com\/en\/#organization","name":"Paris Select","url":"https:\/\/www.parisselectbook.com\/en\/","logo":{"@type":"ImageObject","inLanguage":"en-US","@id":"https:\/\/www.parisselectbook.com\/en\/#\/schema\/logo\/image\/","url":"https:\/\/www.parisselectbook.com\/wp-content\/uploads\/2024\/06\/logo-IG-TKTK-LK.png","contentUrl":"https:\/\/www.parisselectbook.com\/wp-content\/uploads\/2024\/06\/logo-IG-TKTK-LK.png","width":684,"height":665,"caption":"Paris Select"},"image":{"@id":"https:\/\/www.parisselectbook.com\/en\/#\/schema\/logo\/image\/"},"sameAs":["https:\/\/www.facebook.com\/parisselect","https:\/\/www.instagram.com\/parisselect\/","https:\/\/www.tiktok.com\/@parisselect"]},{"@type":"Person","@id":"https:\/\/www.parisselectbook.com\/en\/#\/schema\/person\/3675d9a80d6cbefbfde597e393c036aa","name":"zaccharie touboul","sameAs":["https:\/\/www.parisselectbook.com\/"]}]}},"_links":{"self":[{"href":"https:\/\/www.parisselectbook.com\/en\/wp-json\/wp\/v2\/posts\/214383","targetHints":{"allow":["GET"]}}],"collection":[{"href":"https:\/\/www.parisselectbook.com\/en\/wp-json\/wp\/v2\/posts"}],"about":[{"href":"https:\/\/www.parisselectbook.com\/en\/wp-json\/wp\/v2\/types\/post"}],"author":[{"embeddable":true,"href":"https:\/\/www.parisselectbook.com\/en\/wp-json\/wp\/v2\/users\/13"}],"replies":[{"embeddable":true,"href":"https:\/\/www.parisselectbook.com\/en\/wp-json\/wp\/v2\/comments?post=214383"}],"version-history":[{"count":0,"href":"https:\/\/www.parisselectbook.com\/en\/wp-json\/wp\/v2\/posts\/214383\/revisions"}],"wp:featuredmedia":[{"embeddable":true,"href":"https:\/\/www.parisselectbook.com\/en\/wp-json\/wp\/v2\/media\/214328"}],"wp:attachment":[{"href":"https:\/\/www.parisselectbook.com\/en\/wp-json\/wp\/v2\/media?parent=214383"}],"wp:term":[{"taxonomy":"category","embeddable":true,"href":"https:\/\/www.parisselectbook.com\/en\/wp-json\/wp\/v2\/categories?post=214383"},{"taxonomy":"post_tag","embeddable":true,"href":"https:\/\/www.parisselectbook.com\/en\/wp-json\/wp\/v2\/tags?post=214383"},{"taxonomy":"quartier","embeddable":true,"href":"https:\/\/www.parisselectbook.com\/en\/wp-json\/wp\/v2\/quartier?post=214383"}],"curies":[{"name":"wp","href":"https:\/\/api.w.org\/{rel}","templated":true}]}}