{"id":214545,"date":"2026-03-13T11:03:00","date_gmt":"2026-03-13T10:03:00","guid":{"rendered":"https:\/\/www.parisselectbook.com\/2026\/03\/13\/iwc-unveils-a-e14800-watch-and-ed-sheeran-is-the-first-man-to-wear-it\/"},"modified":"2026-03-13T11:03:00","modified_gmt":"2026-03-13T10:03:00","slug":"iwc-unveils-a-e14800-watch-and-ed-sheeran-is-the-first-man-to-wear-it","status":"publish","type":"post","link":"https:\/\/www.parisselectbook.com\/en\/2026\/03\/13\/iwc-unveils-a-e14800-watch-and-ed-sheeran-is-the-first-man-to-wear-it\/","title":{"rendered":"IWC unveils a \u20ac14,800 watch and Ed Sheeran is the first man to wear it"},"content":{"rendered":"<p>British singer Ed Sheeran has just created an event in the world of luxury watchmaking. The world-famous star has become the first man to wear a new <strong>IWC<a href=\"https:\/\/www.parisselectbook.com\/en\/2026\/03\/09\/watches-and-motor-racing-five-seiko-tag-heuer-and-iwc-models-for-enthusiasts-to-discover\/\" target=\"_blank\" rel=\"noopener\">watch<\/a><\/strong> on his wrist. This exclusive timepiece is now attracting the attention of enthusiasts and collectors alike.  <\/p>\n<h2>Ed Sheeran becomes ambassador of a unique timepiece<\/h2>\n<p>The news quickly made the rounds on social networks and in the specialist media. <a href=\"https:\/\/www.parisselectbook.com\/en\/2025\/10\/21\/ed-sheerans-patek-philippe-the-watch-that-changes-his-everyday-life\/\" target=\"_blank\" rel=\"noopener\">Ed Sheeran<\/a>, known for his relaxed style and musical performances, is wearing an <strong>IWC watch valued at 14,800 euros<\/strong>. This collaboration between the artist and the Swiss company marks a turning point for the brand.  <\/p>\n<p>The choice of Ed Sheeran is not insignificant for the Schaffhausen <a href=\"https:\/\/www.parisselectbook.com\/en\/2025\/11\/16\/chanel-invests-in-kross-manufacture-and-strengthens-its-presence-in-watchmaking\/\" target=\"_blank\" rel=\"noopener\">manufacturer<\/a>. The celebrity brings considerable visibility to this newly launched timepiece. What&#8217;s more, the singer embodies a modern, accessible image that appeals to a younger audience.  <\/p>\n<p>This communication strategy enables IWC to reach new markets. As a result, the brand is strengthening its presence among <a href=\"https:\/\/www.parisselectbook.com\/en\/2026\/03\/09\/watches-and-motor-racing-five-seiko-tag-heuer-and-iwc-models-for-enthusiasts-to-discover\/\" target=\"_blank\" rel=\"noopener\">fashion and pop culture enthusiasts<\/a>. The timing of this announcement seems perfectly calculated to maximize media impact.  <\/p>\n<blockquote><p>&#8220;Ed Sheeran is the first man to wear this new \u20ac14,800 IWC watch.&#8221;<\/p><\/blockquote>\n<h3>An IWC watch that seduces showbiz celebrities<\/h3>\n<p>The world of entertainment has close ties with high-end watchmaking. Yet to see an artist like Ed Sheeran become the first male wearer of such a model remains exceptional. This exclusivity reinforces the piece&#8217;s appeal to collectors.  <\/p>\n<p>The <strong>IWC watch<\/strong> worn by the British singer is a symbol of refinement. At the same time, it retains a sober allure in keeping with the artist&#8217;s understated personality. This contrast between luxury and simplicity is what makes it so appealing.  <\/p>\n<ul>\n<li>Watch price: <strong>\u20ac14,800<\/strong><\/li>\n<li>First male wearer: Ed Sheeran<\/li>\n<li>Brand: IWC Schaffhausen<\/li>\n<li>Positioning: affordable luxury segment<\/li>\n<li>Target: watchmaking enthusiasts and fans of the artist<\/li>\n<\/ul>\n<h2>The price of 14,800 euros places this piece in the affordable luxury category.<\/h2>\n<p>With a price tag of <strong>\u20ac14,800<\/strong>, this IWC watch is in a strategic range. This positioning enables it to attract passionate buyers without reaching the price heights of certain models. The Swiss brand clearly targets an informed but not necessarily ultra-wealthy public.  <\/p>\n<p>This price segment corresponds to a strong trend in the watch market in 2026. Buyers are now looking for prestigious timepieces at reasonable prices. The Manufacture is responding to a growing demand for quality timepieces.  <\/p>\n<p>The investment in such a timepiece remains substantial for most enthusiasts. However, the value of an <strong>IWC watch<\/strong> tends to hold up over time. Collectors often see it as an interesting investment in their heritage.  <\/p>\n<p>The presence of Ed Sheeran as the first wearer could even influence the model&#8217;s future value. As a result, first-time buyers could benefit from a significant increase in value. This speculative dimension adds further appeal to the purchase.  <\/p>\n<h3>A style choice that reflects the singer&#8217;s personality<\/h3>\n<p>Ed Sheeran has cultivated an authentic, down-to-earth image since his early days. Wearing this <strong>IWC watch<\/strong> is a natural evolution of his style. The singer shows that it&#8217;s possible to combine global success with a taste for fine watchmaking.  <\/p>\n<p>This piece on the artist&#8217;s wrist sends a clear message to fans. In short, luxury can remain discreet and elegant without excessive ostentation. The watch perfectly complements the British musician&#8217;s often simple outfits.  <\/p>\n<h2>The media impact of this collaboration for the Swiss manufacturer<\/h2>\n<p>The visibility offered by Ed Sheeran goes far beyond traditional watchmaking channels. The artist&#8217;s millions of followers are now discovering this IWC watch on their networks. This massive exposure represents a considerable marketing opportunity for the brand.  <\/p>\n<p>The impact of this announcement can already be seen in the engagement of Internet users. What&#8217;s more, searches for this model have soared since the announcement. IWC&#8217;s communication strategy seems to be bearing fruit quickly.  <\/p>\n<p>The choice of such a popular artist reflects a desire to rejuvenate the brand&#8217;s image. Yet IWC retains its Swiss watchmaking DNA and recognized expertise. This balance between tradition and modernity characterizes the company&#8217;s current policy.  <\/p>\n<p>Fans of fine watchmaking will be keeping a close eye on Ed Sheeran&#8217;s next appearances. Every snapshot of the singer with his <strong>IWC watch<\/strong> on his wrist will fuel public interest. This synergy between music and watchmaking promises great prospects for both parties.  <\/p>\n","protected":false},"excerpt":{"rendered":"<p>British singer Ed Sheeran has just created an event in the world of luxury watchmaking. The world-famous star has become the first man to wear&#8230;<\/p>\n","protected":false},"author":13,"featured_media":214128,"comment_status":"open","ping_status":"closed","sticky":false,"template":"","format":"standard","meta":{"_acf_changed":false,"footnotes":""},"categories":[2685],"tags":[3780],"quartier":[],"class_list":["post-214545","post","type-post","status-publish","format-standard","has-post-thumbnail","hentry","category-news-du-luxe-en","tag-iwc-watch"],"acf":[],"yoast_head":"<!-- This site is optimized with the Yoast SEO plugin v27.5 - https:\/\/yoast.com\/product\/yoast-seo-wordpress\/ -->\n<title>IWC unveils a \u20ac14,800 watch and Ed Sheeran is the first man to wear it<\/title>\n<meta name=\"description\" content=\"Ed Sheeran becomes the first man to wear this new \u20ac14,800 IWC watch, a sensational choice.\" \/>\n<meta name=\"robots\" content=\"index, follow, max-snippet:-1, max-image-preview:large, max-video-preview:-1\" \/>\n<link rel=\"canonical\" href=\"https:\/\/www.parisselectbook.com\/en\/2026\/03\/13\/iwc-unveils-a-e14800-watch-and-ed-sheeran-is-the-first-man-to-wear-it\/\" \/>\n<meta property=\"og:locale\" content=\"en_US\" \/>\n<meta property=\"og:type\" content=\"article\" \/>\n<meta property=\"og:title\" content=\"IWC unveils a \u20ac14,800 watch and Ed Sheeran is the first man to wear it\" \/>\n<meta property=\"og:description\" content=\"Ed Sheeran becomes the first man to wear this new \u20ac14,800 IWC watch, a sensational choice.\" \/>\n<meta property=\"og:url\" content=\"https:\/\/www.parisselectbook.com\/en\/2026\/03\/13\/iwc-unveils-a-e14800-watch-and-ed-sheeran-is-the-first-man-to-wear-it\/\" \/>\n<meta property=\"og:site_name\" content=\"Paris Select\" \/>\n<meta property=\"article:publisher\" content=\"https:\/\/www.facebook.com\/parisselect\" \/>\n<meta property=\"article:published_time\" content=\"2026-03-13T10:03:00+00:00\" \/>\n<meta property=\"og:image\" content=\"https:\/\/www.parisselectbook.com\/wp-content\/uploads\/2026\/03\/IWC-devoile-une-montre-a-14-800-euros-et-Ed-Sheeran-est-le-premier-homme-a-la-porter.jpg\" \/>\n\t<meta property=\"og:image:width\" content=\"1200\" \/>\n\t<meta property=\"og:image:height\" content=\"675\" \/>\n\t<meta property=\"og:image:type\" content=\"image\/jpeg\" \/>\n<meta name=\"author\" content=\"zaccharie touboul\" \/>\n<meta name=\"twitter:card\" content=\"summary_large_image\" \/>\n<meta name=\"twitter:label1\" content=\"Written by\" \/>\n\t<meta name=\"twitter:data1\" content=\"zaccharie touboul\" \/>\n\t<meta name=\"twitter:label2\" content=\"Est. reading time\" \/>\n\t<meta name=\"twitter:data2\" content=\"3 minutes\" \/>\n<script type=\"application\/ld+json\" class=\"yoast-schema-graph\">{\"@context\":\"https:\\\/\\\/schema.org\",\"@graph\":[{\"@type\":\"Article\",\"@id\":\"https:\\\/\\\/www.parisselectbook.com\\\/en\\\/2026\\\/03\\\/13\\\/iwc-unveils-a-e14800-watch-and-ed-sheeran-is-the-first-man-to-wear-it\\\/#article\",\"isPartOf\":{\"@id\":\"https:\\\/\\\/www.parisselectbook.com\\\/en\\\/2026\\\/03\\\/13\\\/iwc-unveils-a-e14800-watch-and-ed-sheeran-is-the-first-man-to-wear-it\\\/\"},\"author\":{\"name\":\"zaccharie touboul\",\"@id\":\"https:\\\/\\\/www.parisselectbook.com\\\/en\\\/#\\\/schema\\\/person\\\/3675d9a80d6cbefbfde597e393c036aa\"},\"headline\":\"IWC unveils a \u20ac14,800 watch and Ed Sheeran is the first man to wear it\",\"datePublished\":\"2026-03-13T10:03:00+00:00\",\"mainEntityOfPage\":{\"@id\":\"https:\\\/\\\/www.parisselectbook.com\\\/en\\\/2026\\\/03\\\/13\\\/iwc-unveils-a-e14800-watch-and-ed-sheeran-is-the-first-man-to-wear-it\\\/\"},\"wordCount\":721,\"commentCount\":0,\"publisher\":{\"@id\":\"https:\\\/\\\/www.parisselectbook.com\\\/en\\\/#organization\"},\"image\":{\"@id\":\"https:\\\/\\\/www.parisselectbook.com\\\/en\\\/2026\\\/03\\\/13\\\/iwc-unveils-a-e14800-watch-and-ed-sheeran-is-the-first-man-to-wear-it\\\/#primaryimage\"},\"thumbnailUrl\":\"https:\\\/\\\/www.parisselectbook.com\\\/wp-content\\\/uploads\\\/2026\\\/03\\\/IWC-devoile-une-montre-a-14-800-euros-et-Ed-Sheeran-est-le-premier-homme-a-la-porter.jpg\",\"keywords\":[\"IWC watch\"],\"articleSection\":[\"News du Luxe\"],\"inLanguage\":\"en-US\",\"potentialAction\":[{\"@type\":\"CommentAction\",\"name\":\"Comment\",\"target\":[\"https:\\\/\\\/www.parisselectbook.com\\\/en\\\/2026\\\/03\\\/13\\\/iwc-unveils-a-e14800-watch-and-ed-sheeran-is-the-first-man-to-wear-it\\\/#respond\"]}]},{\"@type\":\"WebPage\",\"@id\":\"https:\\\/\\\/www.parisselectbook.com\\\/en\\\/2026\\\/03\\\/13\\\/iwc-unveils-a-e14800-watch-and-ed-sheeran-is-the-first-man-to-wear-it\\\/\",\"url\":\"https:\\\/\\\/www.parisselectbook.com\\\/en\\\/2026\\\/03\\\/13\\\/iwc-unveils-a-e14800-watch-and-ed-sheeran-is-the-first-man-to-wear-it\\\/\",\"name\":\"IWC unveils a \u20ac14,800 watch and Ed Sheeran is the first man to wear it\",\"isPartOf\":{\"@id\":\"https:\\\/\\\/www.parisselectbook.com\\\/en\\\/#website\"},\"primaryImageOfPage\":{\"@id\":\"https:\\\/\\\/www.parisselectbook.com\\\/en\\\/2026\\\/03\\\/13\\\/iwc-unveils-a-e14800-watch-and-ed-sheeran-is-the-first-man-to-wear-it\\\/#primaryimage\"},\"image\":{\"@id\":\"https:\\\/\\\/www.parisselectbook.com\\\/en\\\/2026\\\/03\\\/13\\\/iwc-unveils-a-e14800-watch-and-ed-sheeran-is-the-first-man-to-wear-it\\\/#primaryimage\"},\"thumbnailUrl\":\"https:\\\/\\\/www.parisselectbook.com\\\/wp-content\\\/uploads\\\/2026\\\/03\\\/IWC-devoile-une-montre-a-14-800-euros-et-Ed-Sheeran-est-le-premier-homme-a-la-porter.jpg\",\"datePublished\":\"2026-03-13T10:03:00+00:00\",\"description\":\"Ed Sheeran becomes the first man to wear this new \u20ac14,800 IWC watch, a sensational choice.\",\"breadcrumb\":{\"@id\":\"https:\\\/\\\/www.parisselectbook.com\\\/en\\\/2026\\\/03\\\/13\\\/iwc-unveils-a-e14800-watch-and-ed-sheeran-is-the-first-man-to-wear-it\\\/#breadcrumb\"},\"inLanguage\":\"en-US\",\"potentialAction\":[{\"@type\":\"ReadAction\",\"target\":[\"https:\\\/\\\/www.parisselectbook.com\\\/en\\\/2026\\\/03\\\/13\\\/iwc-unveils-a-e14800-watch-and-ed-sheeran-is-the-first-man-to-wear-it\\\/\"]}]},{\"@type\":\"ImageObject\",\"inLanguage\":\"en-US\",\"@id\":\"https:\\\/\\\/www.parisselectbook.com\\\/en\\\/2026\\\/03\\\/13\\\/iwc-unveils-a-e14800-watch-and-ed-sheeran-is-the-first-man-to-wear-it\\\/#primaryimage\",\"url\":\"https:\\\/\\\/www.parisselectbook.com\\\/wp-content\\\/uploads\\\/2026\\\/03\\\/IWC-devoile-une-montre-a-14-800-euros-et-Ed-Sheeran-est-le-premier-homme-a-la-porter.jpg\",\"contentUrl\":\"https:\\\/\\\/www.parisselectbook.com\\\/wp-content\\\/uploads\\\/2026\\\/03\\\/IWC-devoile-une-montre-a-14-800-euros-et-Ed-Sheeran-est-le-premier-homme-a-la-porter.jpg\",\"width\":1200,\"height\":675,\"caption\":\"IWC d\u00e9voile une montre \u00e0 14 800 euros et Ed Sheeran est le premier homme \u00e0 la porter\"},{\"@type\":\"BreadcrumbList\",\"@id\":\"https:\\\/\\\/www.parisselectbook.com\\\/en\\\/2026\\\/03\\\/13\\\/iwc-unveils-a-e14800-watch-and-ed-sheeran-is-the-first-man-to-wear-it\\\/#breadcrumb\",\"itemListElement\":[{\"@type\":\"ListItem\",\"position\":1,\"name\":\"Que faire \u00e0 Paris ?\",\"item\":\"https:\\\/\\\/www.parisselectbook.com\\\/en\\\/category\\\/que-faire-a-paris-en\\\/\"},{\"@type\":\"ListItem\",\"position\":2,\"name\":\"IWC unveils a \u20ac14,800 watch and Ed Sheeran is the first man to wear it\"}]},{\"@type\":\"WebSite\",\"@id\":\"https:\\\/\\\/www.parisselectbook.com\\\/en\\\/#website\",\"url\":\"https:\\\/\\\/www.parisselectbook.com\\\/en\\\/\",\"name\":\"Paris Select Book\",\"description\":\"Le guide chic des Tendances Parisiennes\",\"publisher\":{\"@id\":\"https:\\\/\\\/www.parisselectbook.com\\\/en\\\/#organization\"},\"potentialAction\":[{\"@type\":\"SearchAction\",\"target\":{\"@type\":\"EntryPoint\",\"urlTemplate\":\"https:\\\/\\\/www.parisselectbook.com\\\/en\\\/?s={search_term_string}\"},\"query-input\":{\"@type\":\"PropertyValueSpecification\",\"valueRequired\":true,\"valueName\":\"search_term_string\"}}],\"inLanguage\":\"en-US\"},{\"@type\":\"Organization\",\"@id\":\"https:\\\/\\\/www.parisselectbook.com\\\/en\\\/#organization\",\"name\":\"Paris Select\",\"url\":\"https:\\\/\\\/www.parisselectbook.com\\\/en\\\/\",\"logo\":{\"@type\":\"ImageObject\",\"inLanguage\":\"en-US\",\"@id\":\"https:\\\/\\\/www.parisselectbook.com\\\/en\\\/#\\\/schema\\\/logo\\\/image\\\/\",\"url\":\"https:\\\/\\\/www.parisselectbook.com\\\/wp-content\\\/uploads\\\/2024\\\/06\\\/logo-IG-TKTK-LK.png\",\"contentUrl\":\"https:\\\/\\\/www.parisselectbook.com\\\/wp-content\\\/uploads\\\/2024\\\/06\\\/logo-IG-TKTK-LK.png\",\"width\":684,\"height\":665,\"caption\":\"Paris Select\"},\"image\":{\"@id\":\"https:\\\/\\\/www.parisselectbook.com\\\/en\\\/#\\\/schema\\\/logo\\\/image\\\/\"},\"sameAs\":[\"https:\\\/\\\/www.facebook.com\\\/parisselect\",\"https:\\\/\\\/www.instagram.com\\\/parisselect\\\/\",\"https:\\\/\\\/www.tiktok.com\\\/@parisselect\"]},{\"@type\":\"Person\",\"@id\":\"https:\\\/\\\/www.parisselectbook.com\\\/en\\\/#\\\/schema\\\/person\\\/3675d9a80d6cbefbfde597e393c036aa\",\"name\":\"zaccharie touboul\",\"sameAs\":[\"https:\\\/\\\/www.parisselectbook.com\\\/\"]}]}<\/script>\n<!-- \/ Yoast SEO plugin. -->","yoast_head_json":{"title":"IWC unveils a \u20ac14,800 watch and Ed Sheeran is the first man to wear it","description":"Ed Sheeran becomes the first man to wear this new \u20ac14,800 IWC watch, a sensational choice.","robots":{"index":"index","follow":"follow","max-snippet":"max-snippet:-1","max-image-preview":"max-image-preview:large","max-video-preview":"max-video-preview:-1"},"canonical":"https:\/\/www.parisselectbook.com\/en\/2026\/03\/13\/iwc-unveils-a-e14800-watch-and-ed-sheeran-is-the-first-man-to-wear-it\/","og_locale":"en_US","og_type":"article","og_title":"IWC unveils a \u20ac14,800 watch and Ed Sheeran is the first man to wear it","og_description":"Ed Sheeran becomes the first man to wear this new \u20ac14,800 IWC watch, a sensational choice.","og_url":"https:\/\/www.parisselectbook.com\/en\/2026\/03\/13\/iwc-unveils-a-e14800-watch-and-ed-sheeran-is-the-first-man-to-wear-it\/","og_site_name":"Paris Select","article_publisher":"https:\/\/www.facebook.com\/parisselect","article_published_time":"2026-03-13T10:03:00+00:00","og_image":[{"width":1200,"height":675,"url":"https:\/\/www.parisselectbook.com\/wp-content\/uploads\/2026\/03\/IWC-devoile-une-montre-a-14-800-euros-et-Ed-Sheeran-est-le-premier-homme-a-la-porter.jpg","type":"image\/jpeg"}],"author":"zaccharie touboul","twitter_card":"summary_large_image","twitter_misc":{"Written by":"zaccharie touboul","Est. reading time":"3 minutes"},"schema":{"@context":"https:\/\/schema.org","@graph":[{"@type":"Article","@id":"https:\/\/www.parisselectbook.com\/en\/2026\/03\/13\/iwc-unveils-a-e14800-watch-and-ed-sheeran-is-the-first-man-to-wear-it\/#article","isPartOf":{"@id":"https:\/\/www.parisselectbook.com\/en\/2026\/03\/13\/iwc-unveils-a-e14800-watch-and-ed-sheeran-is-the-first-man-to-wear-it\/"},"author":{"name":"zaccharie touboul","@id":"https:\/\/www.parisselectbook.com\/en\/#\/schema\/person\/3675d9a80d6cbefbfde597e393c036aa"},"headline":"IWC unveils a \u20ac14,800 watch and Ed Sheeran is the first man to wear it","datePublished":"2026-03-13T10:03:00+00:00","mainEntityOfPage":{"@id":"https:\/\/www.parisselectbook.com\/en\/2026\/03\/13\/iwc-unveils-a-e14800-watch-and-ed-sheeran-is-the-first-man-to-wear-it\/"},"wordCount":721,"commentCount":0,"publisher":{"@id":"https:\/\/www.parisselectbook.com\/en\/#organization"},"image":{"@id":"https:\/\/www.parisselectbook.com\/en\/2026\/03\/13\/iwc-unveils-a-e14800-watch-and-ed-sheeran-is-the-first-man-to-wear-it\/#primaryimage"},"thumbnailUrl":"https:\/\/www.parisselectbook.com\/wp-content\/uploads\/2026\/03\/IWC-devoile-une-montre-a-14-800-euros-et-Ed-Sheeran-est-le-premier-homme-a-la-porter.jpg","keywords":["IWC watch"],"articleSection":["News du Luxe"],"inLanguage":"en-US","potentialAction":[{"@type":"CommentAction","name":"Comment","target":["https:\/\/www.parisselectbook.com\/en\/2026\/03\/13\/iwc-unveils-a-e14800-watch-and-ed-sheeran-is-the-first-man-to-wear-it\/#respond"]}]},{"@type":"WebPage","@id":"https:\/\/www.parisselectbook.com\/en\/2026\/03\/13\/iwc-unveils-a-e14800-watch-and-ed-sheeran-is-the-first-man-to-wear-it\/","url":"https:\/\/www.parisselectbook.com\/en\/2026\/03\/13\/iwc-unveils-a-e14800-watch-and-ed-sheeran-is-the-first-man-to-wear-it\/","name":"IWC unveils a \u20ac14,800 watch and Ed Sheeran is the first man to wear it","isPartOf":{"@id":"https:\/\/www.parisselectbook.com\/en\/#website"},"primaryImageOfPage":{"@id":"https:\/\/www.parisselectbook.com\/en\/2026\/03\/13\/iwc-unveils-a-e14800-watch-and-ed-sheeran-is-the-first-man-to-wear-it\/#primaryimage"},"image":{"@id":"https:\/\/www.parisselectbook.com\/en\/2026\/03\/13\/iwc-unveils-a-e14800-watch-and-ed-sheeran-is-the-first-man-to-wear-it\/#primaryimage"},"thumbnailUrl":"https:\/\/www.parisselectbook.com\/wp-content\/uploads\/2026\/03\/IWC-devoile-une-montre-a-14-800-euros-et-Ed-Sheeran-est-le-premier-homme-a-la-porter.jpg","datePublished":"2026-03-13T10:03:00+00:00","description":"Ed Sheeran becomes the first man to wear this new \u20ac14,800 IWC watch, a sensational choice.","breadcrumb":{"@id":"https:\/\/www.parisselectbook.com\/en\/2026\/03\/13\/iwc-unveils-a-e14800-watch-and-ed-sheeran-is-the-first-man-to-wear-it\/#breadcrumb"},"inLanguage":"en-US","potentialAction":[{"@type":"ReadAction","target":["https:\/\/www.parisselectbook.com\/en\/2026\/03\/13\/iwc-unveils-a-e14800-watch-and-ed-sheeran-is-the-first-man-to-wear-it\/"]}]},{"@type":"ImageObject","inLanguage":"en-US","@id":"https:\/\/www.parisselectbook.com\/en\/2026\/03\/13\/iwc-unveils-a-e14800-watch-and-ed-sheeran-is-the-first-man-to-wear-it\/#primaryimage","url":"https:\/\/www.parisselectbook.com\/wp-content\/uploads\/2026\/03\/IWC-devoile-une-montre-a-14-800-euros-et-Ed-Sheeran-est-le-premier-homme-a-la-porter.jpg","contentUrl":"https:\/\/www.parisselectbook.com\/wp-content\/uploads\/2026\/03\/IWC-devoile-une-montre-a-14-800-euros-et-Ed-Sheeran-est-le-premier-homme-a-la-porter.jpg","width":1200,"height":675,"caption":"IWC d\u00e9voile une montre \u00e0 14 800 euros et Ed Sheeran est le premier homme \u00e0 la porter"},{"@type":"BreadcrumbList","@id":"https:\/\/www.parisselectbook.com\/en\/2026\/03\/13\/iwc-unveils-a-e14800-watch-and-ed-sheeran-is-the-first-man-to-wear-it\/#breadcrumb","itemListElement":[{"@type":"ListItem","position":1,"name":"Que faire \u00e0 Paris ?","item":"https:\/\/www.parisselectbook.com\/en\/category\/que-faire-a-paris-en\/"},{"@type":"ListItem","position":2,"name":"IWC unveils a \u20ac14,800 watch and Ed Sheeran is the first man to wear it"}]},{"@type":"WebSite","@id":"https:\/\/www.parisselectbook.com\/en\/#website","url":"https:\/\/www.parisselectbook.com\/en\/","name":"Paris Select Book","description":"Le guide chic des Tendances Parisiennes","publisher":{"@id":"https:\/\/www.parisselectbook.com\/en\/#organization"},"potentialAction":[{"@type":"SearchAction","target":{"@type":"EntryPoint","urlTemplate":"https:\/\/www.parisselectbook.com\/en\/?s={search_term_string}"},"query-input":{"@type":"PropertyValueSpecification","valueRequired":true,"valueName":"search_term_string"}}],"inLanguage":"en-US"},{"@type":"Organization","@id":"https:\/\/www.parisselectbook.com\/en\/#organization","name":"Paris Select","url":"https:\/\/www.parisselectbook.com\/en\/","logo":{"@type":"ImageObject","inLanguage":"en-US","@id":"https:\/\/www.parisselectbook.com\/en\/#\/schema\/logo\/image\/","url":"https:\/\/www.parisselectbook.com\/wp-content\/uploads\/2024\/06\/logo-IG-TKTK-LK.png","contentUrl":"https:\/\/www.parisselectbook.com\/wp-content\/uploads\/2024\/06\/logo-IG-TKTK-LK.png","width":684,"height":665,"caption":"Paris Select"},"image":{"@id":"https:\/\/www.parisselectbook.com\/en\/#\/schema\/logo\/image\/"},"sameAs":["https:\/\/www.facebook.com\/parisselect","https:\/\/www.instagram.com\/parisselect\/","https:\/\/www.tiktok.com\/@parisselect"]},{"@type":"Person","@id":"https:\/\/www.parisselectbook.com\/en\/#\/schema\/person\/3675d9a80d6cbefbfde597e393c036aa","name":"zaccharie touboul","sameAs":["https:\/\/www.parisselectbook.com\/"]}]}},"_links":{"self":[{"href":"https:\/\/www.parisselectbook.com\/en\/wp-json\/wp\/v2\/posts\/214545","targetHints":{"allow":["GET"]}}],"collection":[{"href":"https:\/\/www.parisselectbook.com\/en\/wp-json\/wp\/v2\/posts"}],"about":[{"href":"https:\/\/www.parisselectbook.com\/en\/wp-json\/wp\/v2\/types\/post"}],"author":[{"embeddable":true,"href":"https:\/\/www.parisselectbook.com\/en\/wp-json\/wp\/v2\/users\/13"}],"replies":[{"embeddable":true,"href":"https:\/\/www.parisselectbook.com\/en\/wp-json\/wp\/v2\/comments?post=214545"}],"version-history":[{"count":0,"href":"https:\/\/www.parisselectbook.com\/en\/wp-json\/wp\/v2\/posts\/214545\/revisions"}],"wp:featuredmedia":[{"embeddable":true,"href":"https:\/\/www.parisselectbook.com\/en\/wp-json\/wp\/v2\/media\/214128"}],"wp:attachment":[{"href":"https:\/\/www.parisselectbook.com\/en\/wp-json\/wp\/v2\/media?parent=214545"}],"wp:term":[{"taxonomy":"category","embeddable":true,"href":"https:\/\/www.parisselectbook.com\/en\/wp-json\/wp\/v2\/categories?post=214545"},{"taxonomy":"post_tag","embeddable":true,"href":"https:\/\/www.parisselectbook.com\/en\/wp-json\/wp\/v2\/tags?post=214545"},{"taxonomy":"quartier","embeddable":true,"href":"https:\/\/www.parisselectbook.com\/en\/wp-json\/wp\/v2\/quartier?post=214545"}],"curies":[{"name":"wp","href":"https:\/\/api.w.org\/{rel}","templated":true}]}}