{"id":214681,"date":"2026-03-16T10:34:00","date_gmt":"2026-03-16T09:34:00","guid":{"rendered":"https:\/\/www.parisselectbook.com\/2026\/03\/16\/place-de-la-republique-a-new-safer-greener-look-soon-to-be-unveiled\/"},"modified":"2026-03-16T10:34:00","modified_gmt":"2026-03-16T09:34:00","slug":"place-de-la-republique-a-new-safer-greener-look-soon-to-be-unveiled","status":"publish","type":"post","link":"https:\/\/www.parisselectbook.com\/en\/2026\/03\/16\/place-de-la-republique-a-new-safer-greener-look-soon-to-be-unveiled\/","title":{"rendered":"Place de la R\u00e9publique: a new, safer, greener look soon to be unveiled"},"content":{"rendered":"<p>The Place de la R\u00e9publique, one of Paris&#8217;s most important gathering places, could soon be transformed. The City of <a href=\"https:\/\/www.parisselectbook.com\/en\/2026\/03\/14\/photo-exhibitions-in-paris-five-must-see-visual-journeys-to-discover-right-now\/\">Paris<\/a> is planning to install fencing and vegetation around the <strong>statue of the Republic<\/strong>. The project is designed to protect this emblematic monument from the repeated damage it has suffered over the years.  <\/p>\n<h2>A project to protect the Statue of the Republic from damage<\/h2>\n<p>For years, the base of the <strong>Statue de la R\u00e9publique<\/strong> has been regularly covered in graffiti. These tags often appear after demonstrations that take place on this mythical square. The Mairie de Paris is therefore looking for a lasting solution to preserve this <a href=\"https:\/\/www.parisselectbook.com\/en\/2026\/03\/14\/atelier-des-lumieres-the-immersive-renaissance-exhibition-celebrates-da-vinci-raphael-and-michelangelo-in-february\/\">historic heritage<\/a>.  <\/p>\n<p>The project envisages surrounding the monument with a vegetated structure. Grilles would be installed all around the base, accompanied by <a href=\"https:\/\/www.parisselectbook.com\/en\/2026\/03\/15\/chedigny-the-village-of-a-thousand-rosebushes-1h30-from-paris-a-secret-getaway-among-the-most-beautiful-in-france\/\">planting<\/a>. This approach would create a natural barrier against acts of vandalism.  <\/p>\n<p>As a result, <a href=\"https:\/\/www.parisselectbook.com\/en\/2026\/03\/15\/faubourg-saint-denis-this-parisian-institution-offers-tasty-dishes-for-under-e10\/\">Parisians<\/a> could discover a transformed square in the coming months. The aim is twofold: to protect the monument and beautify this busy public space. What&#8217;s more, the greening of the square is in line with the city&#8217;s greening policy.  <\/p>\n<blockquote><p>&#8220;The statue of the Republic has been listed as a historical monument since 2021, which reinforces the need to protect it.&#8221;<\/p><\/blockquote>\n<h3>A listed monument since 2021<\/h3>\n<p>The <strong>statue of the Republic<\/strong> was created by sculptor L\u00e9opold Morice. It has stood proudly in the center of the square since the late 19th century. In 2021, it was classified as a historical monument, in recognition of its exceptional heritage value.  <\/p>\n<p>This official protection implies strict conservation obligations. Yet damage to the monument&#8217;s base continues to multiply. City services have to intervene regularly to clean up the graffiti that disfigures the base of the work.  <\/p>\n<ul>\n<li>Sculptor: L\u00e9opold Morice<\/li>\n<li>Classification: historical monument since 2021<\/li>\n<li>Main problem: recurring graffiti on the base<\/li>\n<li>Proposed solution: railings and vegetation around the monument<\/li>\n<li>Technical constraints: RATP station under the square<\/li>\n<\/ul>\n<h2>Technical constraints related to the metro station<\/h2>\n<p>The project must take into account a major constraint: the presence of the RATP station beneath the square. The underground network of the Paris metro runs directly beneath the square. Consequently, the development work will have to respect this existing infrastructure.  <\/p>\n<p>The technical teams must therefore adapt their project to this reality. The foundations of new facilities cannot be too deep. The planting of vegetation must also take into account the limited possibilities for rooting.  <\/p>\n<p>Despite these challenges, the City of Paris remains determined to bring this project to fruition. Preliminary studies will enable us to define the most appropriate solutions. City services are now working on the technical aspects of the development.  <\/p>\n<p>This transformation of the square is part of a wider reflection on the protection of Parisian monuments. Other emblematic sites in the capital have already been similarly protected. The <strong>Statue de la R\u00e9publique<\/strong>, for example, would benefit from similar treatment.  <\/p>\n<h3>A place at the heart of citizen mobilization<\/h3>\n<p>The Place de la R\u00e9publique remains a symbolic place for Parisian gatherings. Every year, numerous demonstrations take place there. This civic vocation makes protecting the monument all the more complex.  <\/p>\n<p>Grilles and vegetation will have to reconcile protection and accessibility. The space must remain open to Parisians who wish to gather in this historic square. At the same time, the aesthetics of the site must be preserved despite these changes.  <\/p>\n<h2>Towards a new look for Place de la R\u00e9publique in 2026<\/h2>\n<p>If the project comes to fruition, the <strong>Statue de la R\u00e9publique<\/strong> will be surrounded by greenery. This transformation will mark a new stage in the history of this emblematic monument. Parisians will discover a redesigned, greener space.  <\/p>\n<p>The square had already undergone a major renovation in the past. Today, this new project aims to complete this work by adding a protective dimension. In this way, the monument can be protected from future damage.  <\/p>\n<p>Local residents and visitors are now awaiting details of the work schedule. The <strong>Statue de la R\u00e9publique<\/strong> will retain its central role in this site steeped in history. This development reflects the City of Paris&#8217; determination to protect its heritage while integrating it into a greener setting.  <\/p>\n<p>The project illustrates the challenges faced by major cities in preserving their monuments. There is a delicate balance to be struck between protecting our heritage and respecting public uses. The transformation of Place de la R\u00e9publique will be closely watched by Parisians.  <\/p>\n","protected":false},"excerpt":{"rendered":"<p>The Place de la R\u00e9publique, one of Paris&#8217;s most important gathering places, could soon be transformed. The City of Paris is planning to install fencing&#8230;<\/p>\n","protected":false},"author":13,"featured_media":214486,"comment_status":"open","ping_status":"closed","sticky":false,"template":"","format":"standard","meta":{"_acf_changed":false,"footnotes":""},"categories":[2685],"tags":[],"quartier":[],"class_list":["post-214681","post","type-post","status-publish","format-standard","has-post-thumbnail","hentry","category-news-du-luxe-en"],"acf":[],"yoast_head":"<!-- This site is optimized with the Yoast SEO plugin v27.5 - https:\/\/yoast.com\/product\/yoast-seo-wordpress\/ -->\n<title>Place de la R\u00e9publique: a new, safer, greener look soon to be unveiled<\/title>\n<meta name=\"description\" content=\"The Statue de la R\u00e9publique will soon be protected by railings and vegetation. Paris transforms this emblematic site.\" \/>\n<meta name=\"robots\" content=\"index, follow, max-snippet:-1, max-image-preview:large, max-video-preview:-1\" \/>\n<link rel=\"canonical\" href=\"https:\/\/www.parisselectbook.com\/en\/2026\/03\/16\/place-de-la-republique-a-new-safer-greener-look-soon-to-be-unveiled\/\" \/>\n<meta property=\"og:locale\" content=\"en_US\" \/>\n<meta property=\"og:type\" content=\"article\" \/>\n<meta property=\"og:title\" content=\"Place de la R\u00e9publique: a new, safer, greener look soon to be unveiled\" \/>\n<meta property=\"og:description\" content=\"The Statue de la R\u00e9publique will soon be protected by railings and vegetation. Paris transforms this emblematic site.\" \/>\n<meta property=\"og:url\" content=\"https:\/\/www.parisselectbook.com\/en\/2026\/03\/16\/place-de-la-republique-a-new-safer-greener-look-soon-to-be-unveiled\/\" \/>\n<meta property=\"og:site_name\" content=\"Paris Select\" \/>\n<meta property=\"article:publisher\" content=\"https:\/\/www.facebook.com\/parisselect\" \/>\n<meta property=\"article:published_time\" content=\"2026-03-16T09:34:00+00:00\" \/>\n<meta property=\"og:image\" content=\"https:\/\/www.parisselectbook.com\/wp-content\/uploads\/2026\/03\/214484-image.jpg\" \/>\n\t<meta property=\"og:image:width\" content=\"1200\" \/>\n\t<meta property=\"og:image:height\" content=\"680\" \/>\n\t<meta property=\"og:image:type\" content=\"image\/jpeg\" \/>\n<meta name=\"author\" content=\"zaccharie touboul\" \/>\n<meta name=\"twitter:card\" content=\"summary_large_image\" \/>\n<meta name=\"twitter:label1\" content=\"Written by\" \/>\n\t<meta name=\"twitter:data1\" content=\"zaccharie touboul\" \/>\n\t<meta name=\"twitter:label2\" content=\"Est. reading time\" \/>\n\t<meta name=\"twitter:data2\" content=\"4 minutes\" \/>\n<script type=\"application\/ld+json\" class=\"yoast-schema-graph\">{\"@context\":\"https:\\\/\\\/schema.org\",\"@graph\":[{\"@type\":\"Article\",\"@id\":\"https:\\\/\\\/www.parisselectbook.com\\\/en\\\/2026\\\/03\\\/16\\\/place-de-la-republique-a-new-safer-greener-look-soon-to-be-unveiled\\\/#article\",\"isPartOf\":{\"@id\":\"https:\\\/\\\/www.parisselectbook.com\\\/en\\\/2026\\\/03\\\/16\\\/place-de-la-republique-a-new-safer-greener-look-soon-to-be-unveiled\\\/\"},\"author\":{\"name\":\"zaccharie touboul\",\"@id\":\"https:\\\/\\\/www.parisselectbook.com\\\/en\\\/#\\\/schema\\\/person\\\/3675d9a80d6cbefbfde597e393c036aa\"},\"headline\":\"Place de la R\u00e9publique: a new, safer, greener look soon to be unveiled\",\"datePublished\":\"2026-03-16T09:34:00+00:00\",\"mainEntityOfPage\":{\"@id\":\"https:\\\/\\\/www.parisselectbook.com\\\/en\\\/2026\\\/03\\\/16\\\/place-de-la-republique-a-new-safer-greener-look-soon-to-be-unveiled\\\/\"},\"wordCount\":748,\"commentCount\":0,\"publisher\":{\"@id\":\"https:\\\/\\\/www.parisselectbook.com\\\/en\\\/#organization\"},\"image\":{\"@id\":\"https:\\\/\\\/www.parisselectbook.com\\\/en\\\/2026\\\/03\\\/16\\\/place-de-la-republique-a-new-safer-greener-look-soon-to-be-unveiled\\\/#primaryimage\"},\"thumbnailUrl\":\"https:\\\/\\\/www.parisselectbook.com\\\/wp-content\\\/uploads\\\/2026\\\/03\\\/214484-image.jpg\",\"articleSection\":[\"News du Luxe\"],\"inLanguage\":\"en-US\",\"potentialAction\":[{\"@type\":\"CommentAction\",\"name\":\"Comment\",\"target\":[\"https:\\\/\\\/www.parisselectbook.com\\\/en\\\/2026\\\/03\\\/16\\\/place-de-la-republique-a-new-safer-greener-look-soon-to-be-unveiled\\\/#respond\"]}]},{\"@type\":\"WebPage\",\"@id\":\"https:\\\/\\\/www.parisselectbook.com\\\/en\\\/2026\\\/03\\\/16\\\/place-de-la-republique-a-new-safer-greener-look-soon-to-be-unveiled\\\/\",\"url\":\"https:\\\/\\\/www.parisselectbook.com\\\/en\\\/2026\\\/03\\\/16\\\/place-de-la-republique-a-new-safer-greener-look-soon-to-be-unveiled\\\/\",\"name\":\"Place de la R\u00e9publique: a new, safer, greener look soon to be unveiled\",\"isPartOf\":{\"@id\":\"https:\\\/\\\/www.parisselectbook.com\\\/en\\\/#website\"},\"primaryImageOfPage\":{\"@id\":\"https:\\\/\\\/www.parisselectbook.com\\\/en\\\/2026\\\/03\\\/16\\\/place-de-la-republique-a-new-safer-greener-look-soon-to-be-unveiled\\\/#primaryimage\"},\"image\":{\"@id\":\"https:\\\/\\\/www.parisselectbook.com\\\/en\\\/2026\\\/03\\\/16\\\/place-de-la-republique-a-new-safer-greener-look-soon-to-be-unveiled\\\/#primaryimage\"},\"thumbnailUrl\":\"https:\\\/\\\/www.parisselectbook.com\\\/wp-content\\\/uploads\\\/2026\\\/03\\\/214484-image.jpg\",\"datePublished\":\"2026-03-16T09:34:00+00:00\",\"description\":\"The Statue de la R\u00e9publique will soon be protected by railings and vegetation. Paris transforms this emblematic site.\",\"breadcrumb\":{\"@id\":\"https:\\\/\\\/www.parisselectbook.com\\\/en\\\/2026\\\/03\\\/16\\\/place-de-la-republique-a-new-safer-greener-look-soon-to-be-unveiled\\\/#breadcrumb\"},\"inLanguage\":\"en-US\",\"potentialAction\":[{\"@type\":\"ReadAction\",\"target\":[\"https:\\\/\\\/www.parisselectbook.com\\\/en\\\/2026\\\/03\\\/16\\\/place-de-la-republique-a-new-safer-greener-look-soon-to-be-unveiled\\\/\"]}]},{\"@type\":\"ImageObject\",\"inLanguage\":\"en-US\",\"@id\":\"https:\\\/\\\/www.parisselectbook.com\\\/en\\\/2026\\\/03\\\/16\\\/place-de-la-republique-a-new-safer-greener-look-soon-to-be-unveiled\\\/#primaryimage\",\"url\":\"https:\\\/\\\/www.parisselectbook.com\\\/wp-content\\\/uploads\\\/2026\\\/03\\\/214484-image.jpg\",\"contentUrl\":\"https:\\\/\\\/www.parisselectbook.com\\\/wp-content\\\/uploads\\\/2026\\\/03\\\/214484-image.jpg\",\"width\":1200,\"height\":680,\"caption\":\"ParisSelectBook - Place de la R\u00e9publique : un nouveau visage v\u00e9g\u00e9talis\u00e9 et s\u00e9curis\u00e9 \u00e0 d\u00e9couvrir bient\u00f4t\"},{\"@type\":\"BreadcrumbList\",\"@id\":\"https:\\\/\\\/www.parisselectbook.com\\\/en\\\/2026\\\/03\\\/16\\\/place-de-la-republique-a-new-safer-greener-look-soon-to-be-unveiled\\\/#breadcrumb\",\"itemListElement\":[{\"@type\":\"ListItem\",\"position\":1,\"name\":\"Que faire \u00e0 Paris ?\",\"item\":\"https:\\\/\\\/www.parisselectbook.com\\\/en\\\/category\\\/que-faire-a-paris-en\\\/\"},{\"@type\":\"ListItem\",\"position\":2,\"name\":\"Place de la R\u00e9publique: a new, safer, greener look soon to be unveiled\"}]},{\"@type\":\"WebSite\",\"@id\":\"https:\\\/\\\/www.parisselectbook.com\\\/en\\\/#website\",\"url\":\"https:\\\/\\\/www.parisselectbook.com\\\/en\\\/\",\"name\":\"Paris Select Book\",\"description\":\"Le guide chic des Tendances Parisiennes\",\"publisher\":{\"@id\":\"https:\\\/\\\/www.parisselectbook.com\\\/en\\\/#organization\"},\"potentialAction\":[{\"@type\":\"SearchAction\",\"target\":{\"@type\":\"EntryPoint\",\"urlTemplate\":\"https:\\\/\\\/www.parisselectbook.com\\\/en\\\/?s={search_term_string}\"},\"query-input\":{\"@type\":\"PropertyValueSpecification\",\"valueRequired\":true,\"valueName\":\"search_term_string\"}}],\"inLanguage\":\"en-US\"},{\"@type\":\"Organization\",\"@id\":\"https:\\\/\\\/www.parisselectbook.com\\\/en\\\/#organization\",\"name\":\"Paris Select\",\"url\":\"https:\\\/\\\/www.parisselectbook.com\\\/en\\\/\",\"logo\":{\"@type\":\"ImageObject\",\"inLanguage\":\"en-US\",\"@id\":\"https:\\\/\\\/www.parisselectbook.com\\\/en\\\/#\\\/schema\\\/logo\\\/image\\\/\",\"url\":\"https:\\\/\\\/www.parisselectbook.com\\\/wp-content\\\/uploads\\\/2024\\\/06\\\/logo-IG-TKTK-LK.png\",\"contentUrl\":\"https:\\\/\\\/www.parisselectbook.com\\\/wp-content\\\/uploads\\\/2024\\\/06\\\/logo-IG-TKTK-LK.png\",\"width\":684,\"height\":665,\"caption\":\"Paris Select\"},\"image\":{\"@id\":\"https:\\\/\\\/www.parisselectbook.com\\\/en\\\/#\\\/schema\\\/logo\\\/image\\\/\"},\"sameAs\":[\"https:\\\/\\\/www.facebook.com\\\/parisselect\",\"https:\\\/\\\/www.instagram.com\\\/parisselect\\\/\",\"https:\\\/\\\/www.tiktok.com\\\/@parisselect\"]},{\"@type\":\"Person\",\"@id\":\"https:\\\/\\\/www.parisselectbook.com\\\/en\\\/#\\\/schema\\\/person\\\/3675d9a80d6cbefbfde597e393c036aa\",\"name\":\"zaccharie touboul\",\"sameAs\":[\"https:\\\/\\\/www.parisselectbook.com\\\/\"]}]}<\/script>\n<!-- \/ Yoast SEO plugin. -->","yoast_head_json":{"title":"Place de la R\u00e9publique: a new, safer, greener look soon to be unveiled","description":"The Statue de la R\u00e9publique will soon be protected by railings and vegetation. Paris transforms this emblematic site.","robots":{"index":"index","follow":"follow","max-snippet":"max-snippet:-1","max-image-preview":"max-image-preview:large","max-video-preview":"max-video-preview:-1"},"canonical":"https:\/\/www.parisselectbook.com\/en\/2026\/03\/16\/place-de-la-republique-a-new-safer-greener-look-soon-to-be-unveiled\/","og_locale":"en_US","og_type":"article","og_title":"Place de la R\u00e9publique: a new, safer, greener look soon to be unveiled","og_description":"The Statue de la R\u00e9publique will soon be protected by railings and vegetation. Paris transforms this emblematic site.","og_url":"https:\/\/www.parisselectbook.com\/en\/2026\/03\/16\/place-de-la-republique-a-new-safer-greener-look-soon-to-be-unveiled\/","og_site_name":"Paris Select","article_publisher":"https:\/\/www.facebook.com\/parisselect","article_published_time":"2026-03-16T09:34:00+00:00","og_image":[{"width":1200,"height":680,"url":"https:\/\/www.parisselectbook.com\/wp-content\/uploads\/2026\/03\/214484-image.jpg","type":"image\/jpeg"}],"author":"zaccharie touboul","twitter_card":"summary_large_image","twitter_misc":{"Written by":"zaccharie touboul","Est. reading time":"4 minutes"},"schema":{"@context":"https:\/\/schema.org","@graph":[{"@type":"Article","@id":"https:\/\/www.parisselectbook.com\/en\/2026\/03\/16\/place-de-la-republique-a-new-safer-greener-look-soon-to-be-unveiled\/#article","isPartOf":{"@id":"https:\/\/www.parisselectbook.com\/en\/2026\/03\/16\/place-de-la-republique-a-new-safer-greener-look-soon-to-be-unveiled\/"},"author":{"name":"zaccharie touboul","@id":"https:\/\/www.parisselectbook.com\/en\/#\/schema\/person\/3675d9a80d6cbefbfde597e393c036aa"},"headline":"Place de la R\u00e9publique: a new, safer, greener look soon to be unveiled","datePublished":"2026-03-16T09:34:00+00:00","mainEntityOfPage":{"@id":"https:\/\/www.parisselectbook.com\/en\/2026\/03\/16\/place-de-la-republique-a-new-safer-greener-look-soon-to-be-unveiled\/"},"wordCount":748,"commentCount":0,"publisher":{"@id":"https:\/\/www.parisselectbook.com\/en\/#organization"},"image":{"@id":"https:\/\/www.parisselectbook.com\/en\/2026\/03\/16\/place-de-la-republique-a-new-safer-greener-look-soon-to-be-unveiled\/#primaryimage"},"thumbnailUrl":"https:\/\/www.parisselectbook.com\/wp-content\/uploads\/2026\/03\/214484-image.jpg","articleSection":["News du Luxe"],"inLanguage":"en-US","potentialAction":[{"@type":"CommentAction","name":"Comment","target":["https:\/\/www.parisselectbook.com\/en\/2026\/03\/16\/place-de-la-republique-a-new-safer-greener-look-soon-to-be-unveiled\/#respond"]}]},{"@type":"WebPage","@id":"https:\/\/www.parisselectbook.com\/en\/2026\/03\/16\/place-de-la-republique-a-new-safer-greener-look-soon-to-be-unveiled\/","url":"https:\/\/www.parisselectbook.com\/en\/2026\/03\/16\/place-de-la-republique-a-new-safer-greener-look-soon-to-be-unveiled\/","name":"Place de la R\u00e9publique: a new, safer, greener look soon to be unveiled","isPartOf":{"@id":"https:\/\/www.parisselectbook.com\/en\/#website"},"primaryImageOfPage":{"@id":"https:\/\/www.parisselectbook.com\/en\/2026\/03\/16\/place-de-la-republique-a-new-safer-greener-look-soon-to-be-unveiled\/#primaryimage"},"image":{"@id":"https:\/\/www.parisselectbook.com\/en\/2026\/03\/16\/place-de-la-republique-a-new-safer-greener-look-soon-to-be-unveiled\/#primaryimage"},"thumbnailUrl":"https:\/\/www.parisselectbook.com\/wp-content\/uploads\/2026\/03\/214484-image.jpg","datePublished":"2026-03-16T09:34:00+00:00","description":"The Statue de la R\u00e9publique will soon be protected by railings and vegetation. Paris transforms this emblematic site.","breadcrumb":{"@id":"https:\/\/www.parisselectbook.com\/en\/2026\/03\/16\/place-de-la-republique-a-new-safer-greener-look-soon-to-be-unveiled\/#breadcrumb"},"inLanguage":"en-US","potentialAction":[{"@type":"ReadAction","target":["https:\/\/www.parisselectbook.com\/en\/2026\/03\/16\/place-de-la-republique-a-new-safer-greener-look-soon-to-be-unveiled\/"]}]},{"@type":"ImageObject","inLanguage":"en-US","@id":"https:\/\/www.parisselectbook.com\/en\/2026\/03\/16\/place-de-la-republique-a-new-safer-greener-look-soon-to-be-unveiled\/#primaryimage","url":"https:\/\/www.parisselectbook.com\/wp-content\/uploads\/2026\/03\/214484-image.jpg","contentUrl":"https:\/\/www.parisselectbook.com\/wp-content\/uploads\/2026\/03\/214484-image.jpg","width":1200,"height":680,"caption":"ParisSelectBook - Place de la R\u00e9publique : un nouveau visage v\u00e9g\u00e9talis\u00e9 et s\u00e9curis\u00e9 \u00e0 d\u00e9couvrir bient\u00f4t"},{"@type":"BreadcrumbList","@id":"https:\/\/www.parisselectbook.com\/en\/2026\/03\/16\/place-de-la-republique-a-new-safer-greener-look-soon-to-be-unveiled\/#breadcrumb","itemListElement":[{"@type":"ListItem","position":1,"name":"Que faire \u00e0 Paris ?","item":"https:\/\/www.parisselectbook.com\/en\/category\/que-faire-a-paris-en\/"},{"@type":"ListItem","position":2,"name":"Place de la R\u00e9publique: a new, safer, greener look soon to be unveiled"}]},{"@type":"WebSite","@id":"https:\/\/www.parisselectbook.com\/en\/#website","url":"https:\/\/www.parisselectbook.com\/en\/","name":"Paris Select Book","description":"Le guide chic des Tendances Parisiennes","publisher":{"@id":"https:\/\/www.parisselectbook.com\/en\/#organization"},"potentialAction":[{"@type":"SearchAction","target":{"@type":"EntryPoint","urlTemplate":"https:\/\/www.parisselectbook.com\/en\/?s={search_term_string}"},"query-input":{"@type":"PropertyValueSpecification","valueRequired":true,"valueName":"search_term_string"}}],"inLanguage":"en-US"},{"@type":"Organization","@id":"https:\/\/www.parisselectbook.com\/en\/#organization","name":"Paris Select","url":"https:\/\/www.parisselectbook.com\/en\/","logo":{"@type":"ImageObject","inLanguage":"en-US","@id":"https:\/\/www.parisselectbook.com\/en\/#\/schema\/logo\/image\/","url":"https:\/\/www.parisselectbook.com\/wp-content\/uploads\/2024\/06\/logo-IG-TKTK-LK.png","contentUrl":"https:\/\/www.parisselectbook.com\/wp-content\/uploads\/2024\/06\/logo-IG-TKTK-LK.png","width":684,"height":665,"caption":"Paris Select"},"image":{"@id":"https:\/\/www.parisselectbook.com\/en\/#\/schema\/logo\/image\/"},"sameAs":["https:\/\/www.facebook.com\/parisselect","https:\/\/www.instagram.com\/parisselect\/","https:\/\/www.tiktok.com\/@parisselect"]},{"@type":"Person","@id":"https:\/\/www.parisselectbook.com\/en\/#\/schema\/person\/3675d9a80d6cbefbfde597e393c036aa","name":"zaccharie touboul","sameAs":["https:\/\/www.parisselectbook.com\/"]}]}},"_links":{"self":[{"href":"https:\/\/www.parisselectbook.com\/en\/wp-json\/wp\/v2\/posts\/214681","targetHints":{"allow":["GET"]}}],"collection":[{"href":"https:\/\/www.parisselectbook.com\/en\/wp-json\/wp\/v2\/posts"}],"about":[{"href":"https:\/\/www.parisselectbook.com\/en\/wp-json\/wp\/v2\/types\/post"}],"author":[{"embeddable":true,"href":"https:\/\/www.parisselectbook.com\/en\/wp-json\/wp\/v2\/users\/13"}],"replies":[{"embeddable":true,"href":"https:\/\/www.parisselectbook.com\/en\/wp-json\/wp\/v2\/comments?post=214681"}],"version-history":[{"count":0,"href":"https:\/\/www.parisselectbook.com\/en\/wp-json\/wp\/v2\/posts\/214681\/revisions"}],"wp:featuredmedia":[{"embeddable":true,"href":"https:\/\/www.parisselectbook.com\/en\/wp-json\/wp\/v2\/media\/214486"}],"wp:attachment":[{"href":"https:\/\/www.parisselectbook.com\/en\/wp-json\/wp\/v2\/media?parent=214681"}],"wp:term":[{"taxonomy":"category","embeddable":true,"href":"https:\/\/www.parisselectbook.com\/en\/wp-json\/wp\/v2\/categories?post=214681"},{"taxonomy":"post_tag","embeddable":true,"href":"https:\/\/www.parisselectbook.com\/en\/wp-json\/wp\/v2\/tags?post=214681"},{"taxonomy":"quartier","embeddable":true,"href":"https:\/\/www.parisselectbook.com\/en\/wp-json\/wp\/v2\/quartier?post=214681"}],"curies":[{"name":"wp","href":"https:\/\/api.w.org\/{rel}","templated":true}]}}