{"id":214706,"date":"2026-03-16T11:34:00","date_gmt":"2026-03-16T10:34:00","guid":{"rendered":"https:\/\/www.parisselectbook.com\/2026\/03\/16\/sezane-the-denim-jacket-spotted-on-elodie-bouchez-becomes-this-springs-must-have-piece\/"},"modified":"2026-03-16T11:34:00","modified_gmt":"2026-03-16T10:34:00","slug":"sezane-the-denim-jacket-spotted-on-elodie-bouchez-becomes-this-springs-must-have-piece","status":"publish","type":"post","link":"https:\/\/www.parisselectbook.com\/en\/2026\/03\/16\/sezane-the-denim-jacket-spotted-on-elodie-bouchez-becomes-this-springs-must-have-piece\/","title":{"rendered":"S\u00e9zane: the denim jacket spotted on \u00c9lodie Bouchez becomes this spring&#8217;s must-have piece"},"content":{"rendered":"<p>On the red carpet of the Cannes Film Festival 2026, a French actress caught everyone&#8217;s eye with an unexpected denim piece. \u00c9lodie Bouchez, an emblematic figure of auteur cinema, chose to wear a <strong>S\u00e9zane<\/strong> jacket on her way up the steps. This daring choice confirms a strong trend for <a href=\"https:\/\/www.parisselectbook.com\/en\/2026\/03\/15\/watercolor-blush-and-ballerina-lips-spring-summer-makeup-trends-to-adopt-now\/\">spring<\/a>: chic denim is inviting itself to the most important occasions.  <\/p>\n<h2>A denim jacket on the Cannes red carpet<\/h2>\n<p>The Cannes Film Festival remains a fashion playground where celebrities sometimes dare to think outside the box. This year, \u00c9lodie Bouchez caused a sensation by pairing a <a href=\"https:\/\/www.parisselectbook.com\/en\/2026\/03\/15\/moccasins-dethroned-scandinavians-adopt-these-ultra-comfortable-shoes-to-wear-with-all-your-jeans\/\">denim<\/a> jacket with an evening outfit. This stylistic departure proves that denim can rival the most sophisticated pieces.  <\/p>\n<p>S\u00e9zane&#8217;s Edgard jacket is distinguished by its <strong>leather shirt collar<\/strong>, a detail that lends it a refined allure. This combination of noble materials instantly elevates the basic into a <a href=\"https:\/\/www.parisselectbook.com\/en\/2026\/03\/14\/chanel-bag-the-new-model-that-has-fashionistas-in-a-frenzy-outside-parisian-boutiques\/\">statement piece<\/a>. Everyday wardrobe meets glamour for special occasions.  <\/p>\n<p>What&#8217;s more, this model meets a growing demand for versatile clothing. Women are looking for pieces that can get them through <a href=\"https:\/\/www.parisselectbook.com\/en\/2026\/03\/15\/sephora-this-ultra-concentrated-fragrance-with-exceptional-staying-power-becomes-the-new-obsession-to-discover\/\">different parts of their day<\/a>. Therefore, investing in a quality jacket becomes a pertinent choice for 2026.  <\/p>\n<blockquote><p>&#8220;The denim jacket is the piece we&#8217;ll be seeing everywhere this spring.&#8221;<\/p><\/blockquote>\n<h3>Accessible style from a movie icon<\/h3>\n<p>For years, \u00c9lodie Bouchez has been the embodiment of natural, unpretentious elegance. Her choice to wear an affordable French brand on the red carpet sends a strong message. After all, style doesn&#8217;t depend on price, but on the right combinations.  <\/p>\n<p>The S\u00e9zane denim jacket worn by the actress perfectly illustrates this fashion philosophy. It proves that an affordable piece can rub shoulders with the greatest designers. Denim is no longer reserved for casual weekend looks.  <\/p>\n<ul>\n<li>The Edgard jacket features a distinctive leather shirt collar<\/li>\n<li>Denim becomes acceptable on the red carpet<\/li>\n<li>French celebrities prefer affordable local brands<\/li>\n<li>\u00c9lodie Bouchez&#8217;s style inspires with its assumed simplicity<\/li>\n<li>Spring 2026 sees the return of chic denim<\/li>\n<\/ul>\n<h2>How to adopt this chic denim trend in everyday life<\/h2>\n<p>Wearing a denim jacket to formal events requires a few stylistic adjustments. The key lies in the choice of other pieces to go with it. For example, a flowing dress or tailored pants create an interesting contrast with denim.  <\/p>\n<p>Accessories play a decisive role in this fashion equation. S\u00e9zane&#8217;s Gabin tote bag, with its <strong>ideal everyday size<\/strong>, perfectly complements this type of outfit. It adds a practical touch without sacrificing elegance.  <\/p>\n<p>On the other hand, avoid the total denim look, which risks weighing down the silhouette. Instead, mix textures and materials for a more sophisticated look. Neutral tones such as beige or black naturally enhance the blue of denim.  <\/p>\n<p>For cooler days, layering with a sweater remains a sensible option. The Mauro sweater from Octobre Editions, with its <strong>high zip collar<\/strong>, pairs harmoniously with a denim jacket. This combination guarantees comfort and style for mid-season.  <\/p>\n<h3>Details that make all the difference on a denim jacket<\/h3>\n<p>Not all denim jackets are created equal in terms of finish. The model spotted on \u00c9lodie Bouchez stands out thanks to its elaborate details. The leather collar in particular transforms a basic piece into a veritable fashion object.  <\/p>\n<p>Fit also plays an essential role in the final result. A slightly fitted jacket will flatter the figure more than an ill-fitting oversized model. That&#8217;s why it&#8217;s essential to take the time to try on several cuts before making a purchase.  <\/p>\n<h2>French denim a sure bet for 2026<\/h2>\n<p>French brands like S\u00e9zane are successfully riding this wave of denim revisited. They offer long-lasting pieces that can withstand the seasons and short-lived trends. This responsible approach appeals to a clientele keen to consume better.  <\/p>\n<p>French denim expertise is increasingly recognized worldwide. Our workshops focus on quality fabrics and meticulous finishing. As a result, every jacket becomes a fashion investment rather than an impulse purchase.  <\/p>\n<p>The trend seen in Cannes should quickly spread to the streets this spring. Fashionistas will no longer hesitate to pull out their denim jackets for a variety of occasions. This shift from casual to chic marks a lasting evolution in dress codes.  <\/p>\n<p>The message conveyed by \u00c9lodie Bouchez resonates with today&#8217;s fashion aspirations. Simplicity, quality and accessibility form a winning trio for 2026. This democratic vision of style is inspiring far beyond the borders of French cinema.  <\/p>\n","protected":false},"excerpt":{"rendered":"<p>On the red carpet of the Cannes Film Festival 2026, a French actress caught everyone&#8217;s eye with an unexpected denim piece. \u00c9lodie Bouchez, an emblematic&#8230;<\/p>\n","protected":false},"author":13,"featured_media":214498,"comment_status":"open","ping_status":"closed","sticky":false,"template":"","format":"standard","meta":{"_acf_changed":false,"footnotes":""},"categories":[2685],"tags":[3467],"quartier":[],"class_list":["post-214706","post","type-post","status-publish","format-standard","has-post-thumbnail","hentry","category-news-du-luxe-en","tag-sezane-en"],"acf":[],"yoast_head":"<!-- This site is optimized with the Yoast SEO plugin v27.5 - https:\/\/yoast.com\/product\/yoast-seo-wordpress\/ -->\n<title>S\u00e9zane: the denim jacket spotted on \u00c9lodie Bouchez becomes this spring&#039;s must-have piece<\/title>\n<meta name=\"description\" content=\"\u00c9lodie Bouchez adopts the S\u00e9zane denim jacket with leather collar. The trendy piece for spring 2026, to be worn everywhere.\" \/>\n<meta name=\"robots\" content=\"index, follow, max-snippet:-1, max-image-preview:large, max-video-preview:-1\" \/>\n<link rel=\"canonical\" href=\"https:\/\/www.parisselectbook.com\/en\/2026\/03\/16\/sezane-the-denim-jacket-spotted-on-elodie-bouchez-becomes-this-springs-must-have-piece\/\" \/>\n<meta property=\"og:locale\" content=\"en_US\" \/>\n<meta property=\"og:type\" content=\"article\" \/>\n<meta property=\"og:title\" content=\"S\u00e9zane: the denim jacket spotted on \u00c9lodie Bouchez becomes this spring&#039;s must-have piece\" \/>\n<meta property=\"og:description\" content=\"\u00c9lodie Bouchez adopts the S\u00e9zane denim jacket with leather collar. The trendy piece for spring 2026, to be worn everywhere.\" \/>\n<meta property=\"og:url\" content=\"https:\/\/www.parisselectbook.com\/en\/2026\/03\/16\/sezane-the-denim-jacket-spotted-on-elodie-bouchez-becomes-this-springs-must-have-piece\/\" \/>\n<meta property=\"og:site_name\" content=\"Paris Select\" \/>\n<meta property=\"article:publisher\" content=\"https:\/\/www.facebook.com\/parisselect\" \/>\n<meta property=\"article:published_time\" content=\"2026-03-16T10:34:00+00:00\" \/>\n<meta property=\"og:image\" content=\"https:\/\/www.parisselectbook.com\/wp-content\/uploads\/2026\/03\/214496-image.jpg\" \/>\n\t<meta property=\"og:image:width\" content=\"1200\" \/>\n\t<meta property=\"og:image:height\" content=\"680\" \/>\n\t<meta property=\"og:image:type\" content=\"image\/jpeg\" \/>\n<meta name=\"author\" content=\"zaccharie touboul\" \/>\n<meta name=\"twitter:card\" content=\"summary_large_image\" \/>\n<meta name=\"twitter:label1\" content=\"Written by\" \/>\n\t<meta name=\"twitter:data1\" content=\"zaccharie touboul\" \/>\n\t<meta name=\"twitter:label2\" content=\"Est. reading time\" \/>\n\t<meta name=\"twitter:data2\" content=\"4 minutes\" \/>\n<script type=\"application\/ld+json\" class=\"yoast-schema-graph\">{\"@context\":\"https:\\\/\\\/schema.org\",\"@graph\":[{\"@type\":\"Article\",\"@id\":\"https:\\\/\\\/www.parisselectbook.com\\\/en\\\/2026\\\/03\\\/16\\\/sezane-the-denim-jacket-spotted-on-elodie-bouchez-becomes-this-springs-must-have-piece\\\/#article\",\"isPartOf\":{\"@id\":\"https:\\\/\\\/www.parisselectbook.com\\\/en\\\/2026\\\/03\\\/16\\\/sezane-the-denim-jacket-spotted-on-elodie-bouchez-becomes-this-springs-must-have-piece\\\/\"},\"author\":{\"name\":\"zaccharie touboul\",\"@id\":\"https:\\\/\\\/www.parisselectbook.com\\\/en\\\/#\\\/schema\\\/person\\\/3675d9a80d6cbefbfde597e393c036aa\"},\"headline\":\"S\u00e9zane: the denim jacket spotted on \u00c9lodie Bouchez becomes this spring&#8217;s must-have piece\",\"datePublished\":\"2026-03-16T10:34:00+00:00\",\"mainEntityOfPage\":{\"@id\":\"https:\\\/\\\/www.parisselectbook.com\\\/en\\\/2026\\\/03\\\/16\\\/sezane-the-denim-jacket-spotted-on-elodie-bouchez-becomes-this-springs-must-have-piece\\\/\"},\"wordCount\":738,\"commentCount\":0,\"publisher\":{\"@id\":\"https:\\\/\\\/www.parisselectbook.com\\\/en\\\/#organization\"},\"image\":{\"@id\":\"https:\\\/\\\/www.parisselectbook.com\\\/en\\\/2026\\\/03\\\/16\\\/sezane-the-denim-jacket-spotted-on-elodie-bouchez-becomes-this-springs-must-have-piece\\\/#primaryimage\"},\"thumbnailUrl\":\"https:\\\/\\\/www.parisselectbook.com\\\/wp-content\\\/uploads\\\/2026\\\/03\\\/214496-image.jpg\",\"keywords\":[\"S\u00e9zane\"],\"articleSection\":[\"News du Luxe\"],\"inLanguage\":\"en-US\",\"potentialAction\":[{\"@type\":\"CommentAction\",\"name\":\"Comment\",\"target\":[\"https:\\\/\\\/www.parisselectbook.com\\\/en\\\/2026\\\/03\\\/16\\\/sezane-the-denim-jacket-spotted-on-elodie-bouchez-becomes-this-springs-must-have-piece\\\/#respond\"]}]},{\"@type\":\"WebPage\",\"@id\":\"https:\\\/\\\/www.parisselectbook.com\\\/en\\\/2026\\\/03\\\/16\\\/sezane-the-denim-jacket-spotted-on-elodie-bouchez-becomes-this-springs-must-have-piece\\\/\",\"url\":\"https:\\\/\\\/www.parisselectbook.com\\\/en\\\/2026\\\/03\\\/16\\\/sezane-the-denim-jacket-spotted-on-elodie-bouchez-becomes-this-springs-must-have-piece\\\/\",\"name\":\"S\u00e9zane: the denim jacket spotted on \u00c9lodie Bouchez becomes this spring's must-have piece\",\"isPartOf\":{\"@id\":\"https:\\\/\\\/www.parisselectbook.com\\\/en\\\/#website\"},\"primaryImageOfPage\":{\"@id\":\"https:\\\/\\\/www.parisselectbook.com\\\/en\\\/2026\\\/03\\\/16\\\/sezane-the-denim-jacket-spotted-on-elodie-bouchez-becomes-this-springs-must-have-piece\\\/#primaryimage\"},\"image\":{\"@id\":\"https:\\\/\\\/www.parisselectbook.com\\\/en\\\/2026\\\/03\\\/16\\\/sezane-the-denim-jacket-spotted-on-elodie-bouchez-becomes-this-springs-must-have-piece\\\/#primaryimage\"},\"thumbnailUrl\":\"https:\\\/\\\/www.parisselectbook.com\\\/wp-content\\\/uploads\\\/2026\\\/03\\\/214496-image.jpg\",\"datePublished\":\"2026-03-16T10:34:00+00:00\",\"description\":\"\u00c9lodie Bouchez adopts the S\u00e9zane denim jacket with leather collar. The trendy piece for spring 2026, to be worn everywhere.\",\"breadcrumb\":{\"@id\":\"https:\\\/\\\/www.parisselectbook.com\\\/en\\\/2026\\\/03\\\/16\\\/sezane-the-denim-jacket-spotted-on-elodie-bouchez-becomes-this-springs-must-have-piece\\\/#breadcrumb\"},\"inLanguage\":\"en-US\",\"potentialAction\":[{\"@type\":\"ReadAction\",\"target\":[\"https:\\\/\\\/www.parisselectbook.com\\\/en\\\/2026\\\/03\\\/16\\\/sezane-the-denim-jacket-spotted-on-elodie-bouchez-becomes-this-springs-must-have-piece\\\/\"]}]},{\"@type\":\"ImageObject\",\"inLanguage\":\"en-US\",\"@id\":\"https:\\\/\\\/www.parisselectbook.com\\\/en\\\/2026\\\/03\\\/16\\\/sezane-the-denim-jacket-spotted-on-elodie-bouchez-becomes-this-springs-must-have-piece\\\/#primaryimage\",\"url\":\"https:\\\/\\\/www.parisselectbook.com\\\/wp-content\\\/uploads\\\/2026\\\/03\\\/214496-image.jpg\",\"contentUrl\":\"https:\\\/\\\/www.parisselectbook.com\\\/wp-content\\\/uploads\\\/2026\\\/03\\\/214496-image.jpg\",\"width\":1200,\"height\":680,\"caption\":\"ParisSelectBook - S\u00e9zane : la veste en denim rep\u00e9r\u00e9e sur \u00c9lodie Bouchez devient la pi\u00e8ce incontournable de ce printemps\"},{\"@type\":\"BreadcrumbList\",\"@id\":\"https:\\\/\\\/www.parisselectbook.com\\\/en\\\/2026\\\/03\\\/16\\\/sezane-the-denim-jacket-spotted-on-elodie-bouchez-becomes-this-springs-must-have-piece\\\/#breadcrumb\",\"itemListElement\":[{\"@type\":\"ListItem\",\"position\":1,\"name\":\"Que faire \u00e0 Paris ?\",\"item\":\"https:\\\/\\\/www.parisselectbook.com\\\/en\\\/category\\\/que-faire-a-paris-en\\\/\"},{\"@type\":\"ListItem\",\"position\":2,\"name\":\"S\u00e9zane: the denim jacket spotted on \u00c9lodie Bouchez becomes this spring&#8217;s must-have piece\"}]},{\"@type\":\"WebSite\",\"@id\":\"https:\\\/\\\/www.parisselectbook.com\\\/en\\\/#website\",\"url\":\"https:\\\/\\\/www.parisselectbook.com\\\/en\\\/\",\"name\":\"Paris Select Book\",\"description\":\"Le guide chic des Tendances Parisiennes\",\"publisher\":{\"@id\":\"https:\\\/\\\/www.parisselectbook.com\\\/en\\\/#organization\"},\"potentialAction\":[{\"@type\":\"SearchAction\",\"target\":{\"@type\":\"EntryPoint\",\"urlTemplate\":\"https:\\\/\\\/www.parisselectbook.com\\\/en\\\/?s={search_term_string}\"},\"query-input\":{\"@type\":\"PropertyValueSpecification\",\"valueRequired\":true,\"valueName\":\"search_term_string\"}}],\"inLanguage\":\"en-US\"},{\"@type\":\"Organization\",\"@id\":\"https:\\\/\\\/www.parisselectbook.com\\\/en\\\/#organization\",\"name\":\"Paris Select\",\"url\":\"https:\\\/\\\/www.parisselectbook.com\\\/en\\\/\",\"logo\":{\"@type\":\"ImageObject\",\"inLanguage\":\"en-US\",\"@id\":\"https:\\\/\\\/www.parisselectbook.com\\\/en\\\/#\\\/schema\\\/logo\\\/image\\\/\",\"url\":\"https:\\\/\\\/www.parisselectbook.com\\\/wp-content\\\/uploads\\\/2024\\\/06\\\/logo-IG-TKTK-LK.png\",\"contentUrl\":\"https:\\\/\\\/www.parisselectbook.com\\\/wp-content\\\/uploads\\\/2024\\\/06\\\/logo-IG-TKTK-LK.png\",\"width\":684,\"height\":665,\"caption\":\"Paris Select\"},\"image\":{\"@id\":\"https:\\\/\\\/www.parisselectbook.com\\\/en\\\/#\\\/schema\\\/logo\\\/image\\\/\"},\"sameAs\":[\"https:\\\/\\\/www.facebook.com\\\/parisselect\",\"https:\\\/\\\/www.instagram.com\\\/parisselect\\\/\",\"https:\\\/\\\/www.tiktok.com\\\/@parisselect\"]},{\"@type\":\"Person\",\"@id\":\"https:\\\/\\\/www.parisselectbook.com\\\/en\\\/#\\\/schema\\\/person\\\/3675d9a80d6cbefbfde597e393c036aa\",\"name\":\"zaccharie touboul\",\"sameAs\":[\"https:\\\/\\\/www.parisselectbook.com\\\/\"]}]}<\/script>\n<!-- \/ Yoast SEO plugin. -->","yoast_head_json":{"title":"S\u00e9zane: the denim jacket spotted on \u00c9lodie Bouchez becomes this spring's must-have piece","description":"\u00c9lodie Bouchez adopts the S\u00e9zane denim jacket with leather collar. The trendy piece for spring 2026, to be worn everywhere.","robots":{"index":"index","follow":"follow","max-snippet":"max-snippet:-1","max-image-preview":"max-image-preview:large","max-video-preview":"max-video-preview:-1"},"canonical":"https:\/\/www.parisselectbook.com\/en\/2026\/03\/16\/sezane-the-denim-jacket-spotted-on-elodie-bouchez-becomes-this-springs-must-have-piece\/","og_locale":"en_US","og_type":"article","og_title":"S\u00e9zane: the denim jacket spotted on \u00c9lodie Bouchez becomes this spring's must-have piece","og_description":"\u00c9lodie Bouchez adopts the S\u00e9zane denim jacket with leather collar. The trendy piece for spring 2026, to be worn everywhere.","og_url":"https:\/\/www.parisselectbook.com\/en\/2026\/03\/16\/sezane-the-denim-jacket-spotted-on-elodie-bouchez-becomes-this-springs-must-have-piece\/","og_site_name":"Paris Select","article_publisher":"https:\/\/www.facebook.com\/parisselect","article_published_time":"2026-03-16T10:34:00+00:00","og_image":[{"width":1200,"height":680,"url":"https:\/\/www.parisselectbook.com\/wp-content\/uploads\/2026\/03\/214496-image.jpg","type":"image\/jpeg"}],"author":"zaccharie touboul","twitter_card":"summary_large_image","twitter_misc":{"Written by":"zaccharie touboul","Est. reading time":"4 minutes"},"schema":{"@context":"https:\/\/schema.org","@graph":[{"@type":"Article","@id":"https:\/\/www.parisselectbook.com\/en\/2026\/03\/16\/sezane-the-denim-jacket-spotted-on-elodie-bouchez-becomes-this-springs-must-have-piece\/#article","isPartOf":{"@id":"https:\/\/www.parisselectbook.com\/en\/2026\/03\/16\/sezane-the-denim-jacket-spotted-on-elodie-bouchez-becomes-this-springs-must-have-piece\/"},"author":{"name":"zaccharie touboul","@id":"https:\/\/www.parisselectbook.com\/en\/#\/schema\/person\/3675d9a80d6cbefbfde597e393c036aa"},"headline":"S\u00e9zane: the denim jacket spotted on \u00c9lodie Bouchez becomes this spring&#8217;s must-have piece","datePublished":"2026-03-16T10:34:00+00:00","mainEntityOfPage":{"@id":"https:\/\/www.parisselectbook.com\/en\/2026\/03\/16\/sezane-the-denim-jacket-spotted-on-elodie-bouchez-becomes-this-springs-must-have-piece\/"},"wordCount":738,"commentCount":0,"publisher":{"@id":"https:\/\/www.parisselectbook.com\/en\/#organization"},"image":{"@id":"https:\/\/www.parisselectbook.com\/en\/2026\/03\/16\/sezane-the-denim-jacket-spotted-on-elodie-bouchez-becomes-this-springs-must-have-piece\/#primaryimage"},"thumbnailUrl":"https:\/\/www.parisselectbook.com\/wp-content\/uploads\/2026\/03\/214496-image.jpg","keywords":["S\u00e9zane"],"articleSection":["News du Luxe"],"inLanguage":"en-US","potentialAction":[{"@type":"CommentAction","name":"Comment","target":["https:\/\/www.parisselectbook.com\/en\/2026\/03\/16\/sezane-the-denim-jacket-spotted-on-elodie-bouchez-becomes-this-springs-must-have-piece\/#respond"]}]},{"@type":"WebPage","@id":"https:\/\/www.parisselectbook.com\/en\/2026\/03\/16\/sezane-the-denim-jacket-spotted-on-elodie-bouchez-becomes-this-springs-must-have-piece\/","url":"https:\/\/www.parisselectbook.com\/en\/2026\/03\/16\/sezane-the-denim-jacket-spotted-on-elodie-bouchez-becomes-this-springs-must-have-piece\/","name":"S\u00e9zane: the denim jacket spotted on \u00c9lodie Bouchez becomes this spring's must-have piece","isPartOf":{"@id":"https:\/\/www.parisselectbook.com\/en\/#website"},"primaryImageOfPage":{"@id":"https:\/\/www.parisselectbook.com\/en\/2026\/03\/16\/sezane-the-denim-jacket-spotted-on-elodie-bouchez-becomes-this-springs-must-have-piece\/#primaryimage"},"image":{"@id":"https:\/\/www.parisselectbook.com\/en\/2026\/03\/16\/sezane-the-denim-jacket-spotted-on-elodie-bouchez-becomes-this-springs-must-have-piece\/#primaryimage"},"thumbnailUrl":"https:\/\/www.parisselectbook.com\/wp-content\/uploads\/2026\/03\/214496-image.jpg","datePublished":"2026-03-16T10:34:00+00:00","description":"\u00c9lodie Bouchez adopts the S\u00e9zane denim jacket with leather collar. The trendy piece for spring 2026, to be worn everywhere.","breadcrumb":{"@id":"https:\/\/www.parisselectbook.com\/en\/2026\/03\/16\/sezane-the-denim-jacket-spotted-on-elodie-bouchez-becomes-this-springs-must-have-piece\/#breadcrumb"},"inLanguage":"en-US","potentialAction":[{"@type":"ReadAction","target":["https:\/\/www.parisselectbook.com\/en\/2026\/03\/16\/sezane-the-denim-jacket-spotted-on-elodie-bouchez-becomes-this-springs-must-have-piece\/"]}]},{"@type":"ImageObject","inLanguage":"en-US","@id":"https:\/\/www.parisselectbook.com\/en\/2026\/03\/16\/sezane-the-denim-jacket-spotted-on-elodie-bouchez-becomes-this-springs-must-have-piece\/#primaryimage","url":"https:\/\/www.parisselectbook.com\/wp-content\/uploads\/2026\/03\/214496-image.jpg","contentUrl":"https:\/\/www.parisselectbook.com\/wp-content\/uploads\/2026\/03\/214496-image.jpg","width":1200,"height":680,"caption":"ParisSelectBook - S\u00e9zane : la veste en denim rep\u00e9r\u00e9e sur \u00c9lodie Bouchez devient la pi\u00e8ce incontournable de ce printemps"},{"@type":"BreadcrumbList","@id":"https:\/\/www.parisselectbook.com\/en\/2026\/03\/16\/sezane-the-denim-jacket-spotted-on-elodie-bouchez-becomes-this-springs-must-have-piece\/#breadcrumb","itemListElement":[{"@type":"ListItem","position":1,"name":"Que faire \u00e0 Paris ?","item":"https:\/\/www.parisselectbook.com\/en\/category\/que-faire-a-paris-en\/"},{"@type":"ListItem","position":2,"name":"S\u00e9zane: the denim jacket spotted on \u00c9lodie Bouchez becomes this spring&#8217;s must-have piece"}]},{"@type":"WebSite","@id":"https:\/\/www.parisselectbook.com\/en\/#website","url":"https:\/\/www.parisselectbook.com\/en\/","name":"Paris Select Book","description":"Le guide chic des Tendances Parisiennes","publisher":{"@id":"https:\/\/www.parisselectbook.com\/en\/#organization"},"potentialAction":[{"@type":"SearchAction","target":{"@type":"EntryPoint","urlTemplate":"https:\/\/www.parisselectbook.com\/en\/?s={search_term_string}"},"query-input":{"@type":"PropertyValueSpecification","valueRequired":true,"valueName":"search_term_string"}}],"inLanguage":"en-US"},{"@type":"Organization","@id":"https:\/\/www.parisselectbook.com\/en\/#organization","name":"Paris Select","url":"https:\/\/www.parisselectbook.com\/en\/","logo":{"@type":"ImageObject","inLanguage":"en-US","@id":"https:\/\/www.parisselectbook.com\/en\/#\/schema\/logo\/image\/","url":"https:\/\/www.parisselectbook.com\/wp-content\/uploads\/2024\/06\/logo-IG-TKTK-LK.png","contentUrl":"https:\/\/www.parisselectbook.com\/wp-content\/uploads\/2024\/06\/logo-IG-TKTK-LK.png","width":684,"height":665,"caption":"Paris Select"},"image":{"@id":"https:\/\/www.parisselectbook.com\/en\/#\/schema\/logo\/image\/"},"sameAs":["https:\/\/www.facebook.com\/parisselect","https:\/\/www.instagram.com\/parisselect\/","https:\/\/www.tiktok.com\/@parisselect"]},{"@type":"Person","@id":"https:\/\/www.parisselectbook.com\/en\/#\/schema\/person\/3675d9a80d6cbefbfde597e393c036aa","name":"zaccharie touboul","sameAs":["https:\/\/www.parisselectbook.com\/"]}]}},"_links":{"self":[{"href":"https:\/\/www.parisselectbook.com\/en\/wp-json\/wp\/v2\/posts\/214706","targetHints":{"allow":["GET"]}}],"collection":[{"href":"https:\/\/www.parisselectbook.com\/en\/wp-json\/wp\/v2\/posts"}],"about":[{"href":"https:\/\/www.parisselectbook.com\/en\/wp-json\/wp\/v2\/types\/post"}],"author":[{"embeddable":true,"href":"https:\/\/www.parisselectbook.com\/en\/wp-json\/wp\/v2\/users\/13"}],"replies":[{"embeddable":true,"href":"https:\/\/www.parisselectbook.com\/en\/wp-json\/wp\/v2\/comments?post=214706"}],"version-history":[{"count":0,"href":"https:\/\/www.parisselectbook.com\/en\/wp-json\/wp\/v2\/posts\/214706\/revisions"}],"wp:featuredmedia":[{"embeddable":true,"href":"https:\/\/www.parisselectbook.com\/en\/wp-json\/wp\/v2\/media\/214498"}],"wp:attachment":[{"href":"https:\/\/www.parisselectbook.com\/en\/wp-json\/wp\/v2\/media?parent=214706"}],"wp:term":[{"taxonomy":"category","embeddable":true,"href":"https:\/\/www.parisselectbook.com\/en\/wp-json\/wp\/v2\/categories?post=214706"},{"taxonomy":"post_tag","embeddable":true,"href":"https:\/\/www.parisselectbook.com\/en\/wp-json\/wp\/v2\/tags?post=214706"},{"taxonomy":"quartier","embeddable":true,"href":"https:\/\/www.parisselectbook.com\/en\/wp-json\/wp\/v2\/quartier?post=214706"}],"curies":[{"name":"wp","href":"https:\/\/api.w.org\/{rel}","templated":true}]}}