{"id":214725,"date":"2026-03-16T12:57:40","date_gmt":"2026-03-16T11:57:40","guid":{"rendered":"https:\/\/www.parisselectbook.com\/2026\/03\/16\/maison-destournel-reopens-with-jerome-banctel-at-the-helm\/"},"modified":"2026-03-16T12:57:40","modified_gmt":"2026-03-16T11:57:40","slug":"maison-destournel-reopens-with-jerome-banctel-at-the-helm","status":"publish","type":"post","link":"https:\/\/www.parisselectbook.com\/en\/2026\/03\/16\/maison-destournel-reopens-with-jerome-banctel-at-the-helm\/","title":{"rendered":"Maison d&#8217;Estournel reopens with J\u00e9r\u00f4me Banctel at the helm"},"content":{"rendered":"<p>On <strong>April 4, 2026<\/strong>, La Maison d&#8217;Estournel reopens its doors for a new season dedicated to the M\u00e9doc<a href=\"https:\/\/www.parisselectbook.com\/en\/2025\/11\/19\/hotel-napoleon-elegance-and-french-art-de-vivre-a-stones-throw-from-the-champs-elysees\/\" target=\"_blank\" rel=\"noopener\">art of living<\/a>. Nestled in the heart of the Saint-Est\u00e8phe vineyards, this intimate Michel Reybier Hospitality address welcomes visitors in search of calm and refinement. A renowned chef now joins the team to enhance the culinary offering of this exceptional residence.  <\/p>\n<h2>An intimate residence in the heart of the M\u00e9doc<\/h2>\n<p>Located an hour from <a href=\"https:\/\/www.parisselectbook.com\/en\/2026\/01\/28\/sncf-ouigo-launches-new-low-cost-tgvs-between-paris-bordeaux-marseille-and-strasbourg\/\" target=\"_blank\" rel=\"noopener\">Bordeaux<\/a>, La Maison d&#8217;Estournel offers <strong>14 rooms and suites<\/strong> overlooking the vineyards. The decor, by English designer Alex Michaelis, combines authenticity and modern comfort. Every detail lets in the light and reflects the unique spirit of the place.  <\/p>\n<p>This former residence of the owner of Ch\u00e2teau de Cos d&#8217;Estournel has been transformed into a country retreat. The atmosphere is warm and welcoming, far removed from the codes of the classic<a href=\"https:\/\/www.parisselectbook.com\/en\/2025\/04\/25\/westin-paris-vendome-closure-of-a-hotel-giant\/\" target=\"_blank\" rel=\"noopener\">hotel business<\/a>. Visitors will find a timeless interlude where they can recharge their batteries.  <\/p>\n<p>For a weekend or a few days&#8217; <a href=\"https:\/\/www.parisselectbook.com\/en\/2026\/03\/16\/aigues-mortes-this-medieval-city-surrounded-by-pink-salt-flats-is-a-spectacular-getaway-to-discover\/\" target=\"_blank\" rel=\"noopener\">getaway<\/a>, city dwellers can enjoy a peaceful setting. Attentive service accompanies each stay with discretion. The property invites you to reconnect with a healthy, authentic way of life.  <\/p>\n<h3>A dialogue between heritage and modernity<\/h3>\n<p>The architecture preserves its historic charm while incorporating contemporary touches. Noble materials are combined with meticulous decorative elements. The result is a subtle balance between past and present.<br \/>\n&#8220;<\/p>\n<blockquote><p>Each plate tells the story of a landscape, a savoir-faire, an encounter&#8221;<\/p><\/blockquote>\n<p>Michel Reybier, owner of the restaurant, has a singular vision of luxury and hospitality. His addresses share common values: excellence, authenticity and simplicity. La Maison d&#8217;Estournel perfectly embodies this philosophy.  <\/p>\n<h2>J\u00e9r\u00f4me Banctel takes charge of the restaurant<\/h2>\n<p>This 2026 season marks the arrival of <strong>J\u00e9r\u00f4me Banctel<\/strong> as the restaurant&#8217;s chef. This three-star chef already officiates at the palace La R\u00e9serve Paris. His appointment is part of a relationship of trust built up over more than ten years with Michel Reybier.  <\/p>\n<ul>\n<li>Three Michelin-starred chef<\/li>\n<li>Ambassador of Cos d&#8217;Estournel<\/li>\n<li>More than ten years of collaboration with Michel Reybier<\/li>\n<li>Cuisine rooted in the M\u00e9doc terroir<\/li>\n<li>Commitment to short distribution channels and seasonal produce<\/li>\n<\/ul>\n<p>J\u00e9r\u00f4me Banctel is fully inspired by the region and its local producers. His aim is to celebrate the richness of the region by working with seasonal produce. His approach values short circuits and respect for raw materials.  <\/p>\n<p>The restaurant menu at La Maison d&#8217;Estournel is generous and convivial. Each dish is naturally paired with the Ch\u00e2teau&#8217;s great wines. It&#8217;s a sharing experience that meets the expectations of lovers of authentic gastronomy.  <\/p>\n<h3>Sensitive, committed cuisine<\/h3>\n<p>The chef&#8217;s cuisine is pure and accessible, deeply rooted in its environment. The dishes tell stories of landscapes, know-how and human encounters. This approach respects the identity of the great M\u00e9doc terroir.  <\/p>\n<p>The partnership between Michel Reybier and J\u00e9r\u00f4me Banctel has a clear ambition. Their aim is to offer an immersive experience where hospitality meets terroir. This shared vision reinforces the mansion&#8217;s appeal to discerning gourmets.  <\/p>\n<h2>The art of living according to Michel Reybier Hospitality<\/h2>\n<p>For over <strong>20 years<\/strong>, Michel Reybier has been developing a contemporary vision of luxury. His addresses, whether hotels, villas or private apartments, share strong values. Excellence and simplicity guide each project.  <\/p>\n<p>This holistic approach is based on experiences where sport, diet, wellness and passion form a whole. Nescens&#8217; medical expertise completes this approach. The aim is to live a better, healthier life for as long as possible.  <\/p>\n<p>At La Maison d&#8217;Estournel, guests enjoy a setting designed like a private home. The cosy retreat offers the chance to recharge your batteries in the heart of nature, close to the Gironde Estuary. Every moment takes on meaning in this unspoilt setting.  <\/p>\n<p>The promise of Michel Reybier Hospitality is perfectly fulfilled here. Visitors leave with the memory of a rare interlude between vineyards and gastronomy. This address confirms its status as a prized destination for lovers of the refined art of living.  <\/p>\n","protected":false},"excerpt":{"rendered":"<p>On April 4, 2026, La Maison d&#8217;Estournel reopens its doors for a new season dedicated to the M\u00e9docart of living. Nestled in the heart of&#8230;<\/p>\n","protected":false},"author":13,"featured_media":214719,"comment_status":"open","ping_status":"closed","sticky":false,"template":"","format":"standard","meta":{"_acf_changed":false,"footnotes":""},"categories":[2685],"tags":[6475],"quartier":[],"class_list":["post-214725","post","type-post","status-publish","format-standard","has-post-thumbnail","hentry","category-news-du-luxe-en","tag-maison-destournel"],"acf":[],"yoast_head":"<!-- This site is optimized with the Yoast SEO plugin v27.5 - https:\/\/yoast.com\/product\/yoast-seo-wordpress\/ -->\n<title>Maison d&#039;Estournel reopens with J\u00e9r\u00f4me Banctel at the helm<\/title>\n<meta name=\"description\" content=\"La Maison d&#039;Estournel reopens in April 2026 with three-starred chef J\u00e9r\u00f4me Banctel to sublimate the art of living in the M\u00e9doc.\" \/>\n<meta name=\"robots\" content=\"index, follow, max-snippet:-1, max-image-preview:large, max-video-preview:-1\" \/>\n<link rel=\"canonical\" href=\"https:\/\/www.parisselectbook.com\/en\/2026\/03\/16\/maison-destournel-reopens-with-jerome-banctel-at-the-helm\/\" \/>\n<meta property=\"og:locale\" content=\"en_US\" \/>\n<meta property=\"og:type\" content=\"article\" \/>\n<meta property=\"og:title\" content=\"Maison d&#039;Estournel reopens with J\u00e9r\u00f4me Banctel at the helm\" \/>\n<meta property=\"og:description\" content=\"La Maison d&#039;Estournel reopens in April 2026 with three-starred chef J\u00e9r\u00f4me Banctel to sublimate the art of living in the M\u00e9doc.\" \/>\n<meta property=\"og:url\" content=\"https:\/\/www.parisselectbook.com\/en\/2026\/03\/16\/maison-destournel-reopens-with-jerome-banctel-at-the-helm\/\" \/>\n<meta property=\"og:site_name\" content=\"Paris Select\" \/>\n<meta property=\"article:publisher\" content=\"https:\/\/www.facebook.com\/parisselect\" \/>\n<meta property=\"article:published_time\" content=\"2026-03-16T11:57:40+00:00\" \/>\n<meta property=\"og:image\" content=\"https:\/\/www.parisselectbook.com\/wp-content\/uploads\/2026\/03\/La-Maison-dEstournel-rouvre-ses-portes-avec-Jerome-Banctel-aux-fourneaux.jpg\" \/>\n\t<meta property=\"og:image:width\" content=\"1200\" \/>\n\t<meta property=\"og:image:height\" content=\"675\" \/>\n\t<meta property=\"og:image:type\" content=\"image\/jpeg\" \/>\n<meta name=\"author\" content=\"zaccharie touboul\" \/>\n<meta name=\"twitter:card\" content=\"summary_large_image\" \/>\n<meta name=\"twitter:label1\" content=\"Written by\" \/>\n\t<meta name=\"twitter:data1\" content=\"zaccharie touboul\" \/>\n\t<meta name=\"twitter:label2\" content=\"Est. reading time\" \/>\n\t<meta name=\"twitter:data2\" content=\"3 minutes\" \/>\n<script type=\"application\/ld+json\" class=\"yoast-schema-graph\">{\"@context\":\"https:\\\/\\\/schema.org\",\"@graph\":[{\"@type\":\"Article\",\"@id\":\"https:\\\/\\\/www.parisselectbook.com\\\/en\\\/2026\\\/03\\\/16\\\/maison-destournel-reopens-with-jerome-banctel-at-the-helm\\\/#article\",\"isPartOf\":{\"@id\":\"https:\\\/\\\/www.parisselectbook.com\\\/en\\\/2026\\\/03\\\/16\\\/maison-destournel-reopens-with-jerome-banctel-at-the-helm\\\/\"},\"author\":{\"name\":\"zaccharie touboul\",\"@id\":\"https:\\\/\\\/www.parisselectbook.com\\\/en\\\/#\\\/schema\\\/person\\\/3675d9a80d6cbefbfde597e393c036aa\"},\"headline\":\"Maison d&#8217;Estournel reopens with J\u00e9r\u00f4me Banctel at the helm\",\"datePublished\":\"2026-03-16T11:57:40+00:00\",\"mainEntityOfPage\":{\"@id\":\"https:\\\/\\\/www.parisselectbook.com\\\/en\\\/2026\\\/03\\\/16\\\/maison-destournel-reopens-with-jerome-banctel-at-the-helm\\\/\"},\"wordCount\":678,\"commentCount\":0,\"publisher\":{\"@id\":\"https:\\\/\\\/www.parisselectbook.com\\\/en\\\/#organization\"},\"image\":{\"@id\":\"https:\\\/\\\/www.parisselectbook.com\\\/en\\\/2026\\\/03\\\/16\\\/maison-destournel-reopens-with-jerome-banctel-at-the-helm\\\/#primaryimage\"},\"thumbnailUrl\":\"https:\\\/\\\/www.parisselectbook.com\\\/wp-content\\\/uploads\\\/2026\\\/03\\\/La-Maison-dEstournel-rouvre-ses-portes-avec-Jerome-Banctel-aux-fourneaux.jpg\",\"keywords\":[\"Maison d'Estournel\"],\"articleSection\":[\"News du Luxe\"],\"inLanguage\":\"en-US\",\"potentialAction\":[{\"@type\":\"CommentAction\",\"name\":\"Comment\",\"target\":[\"https:\\\/\\\/www.parisselectbook.com\\\/en\\\/2026\\\/03\\\/16\\\/maison-destournel-reopens-with-jerome-banctel-at-the-helm\\\/#respond\"]}]},{\"@type\":\"WebPage\",\"@id\":\"https:\\\/\\\/www.parisselectbook.com\\\/en\\\/2026\\\/03\\\/16\\\/maison-destournel-reopens-with-jerome-banctel-at-the-helm\\\/\",\"url\":\"https:\\\/\\\/www.parisselectbook.com\\\/en\\\/2026\\\/03\\\/16\\\/maison-destournel-reopens-with-jerome-banctel-at-the-helm\\\/\",\"name\":\"Maison d'Estournel reopens with J\u00e9r\u00f4me Banctel at the helm\",\"isPartOf\":{\"@id\":\"https:\\\/\\\/www.parisselectbook.com\\\/en\\\/#website\"},\"primaryImageOfPage\":{\"@id\":\"https:\\\/\\\/www.parisselectbook.com\\\/en\\\/2026\\\/03\\\/16\\\/maison-destournel-reopens-with-jerome-banctel-at-the-helm\\\/#primaryimage\"},\"image\":{\"@id\":\"https:\\\/\\\/www.parisselectbook.com\\\/en\\\/2026\\\/03\\\/16\\\/maison-destournel-reopens-with-jerome-banctel-at-the-helm\\\/#primaryimage\"},\"thumbnailUrl\":\"https:\\\/\\\/www.parisselectbook.com\\\/wp-content\\\/uploads\\\/2026\\\/03\\\/La-Maison-dEstournel-rouvre-ses-portes-avec-Jerome-Banctel-aux-fourneaux.jpg\",\"datePublished\":\"2026-03-16T11:57:40+00:00\",\"description\":\"La Maison d'Estournel reopens in April 2026 with three-starred chef J\u00e9r\u00f4me Banctel to sublimate the art of living in the M\u00e9doc.\",\"breadcrumb\":{\"@id\":\"https:\\\/\\\/www.parisselectbook.com\\\/en\\\/2026\\\/03\\\/16\\\/maison-destournel-reopens-with-jerome-banctel-at-the-helm\\\/#breadcrumb\"},\"inLanguage\":\"en-US\",\"potentialAction\":[{\"@type\":\"ReadAction\",\"target\":[\"https:\\\/\\\/www.parisselectbook.com\\\/en\\\/2026\\\/03\\\/16\\\/maison-destournel-reopens-with-jerome-banctel-at-the-helm\\\/\"]}]},{\"@type\":\"ImageObject\",\"inLanguage\":\"en-US\",\"@id\":\"https:\\\/\\\/www.parisselectbook.com\\\/en\\\/2026\\\/03\\\/16\\\/maison-destournel-reopens-with-jerome-banctel-at-the-helm\\\/#primaryimage\",\"url\":\"https:\\\/\\\/www.parisselectbook.com\\\/wp-content\\\/uploads\\\/2026\\\/03\\\/La-Maison-dEstournel-rouvre-ses-portes-avec-Jerome-Banctel-aux-fourneaux.jpg\",\"contentUrl\":\"https:\\\/\\\/www.parisselectbook.com\\\/wp-content\\\/uploads\\\/2026\\\/03\\\/La-Maison-dEstournel-rouvre-ses-portes-avec-Jerome-Banctel-aux-fourneaux.jpg\",\"width\":1200,\"height\":675,\"caption\":\"La Maison d'Estournel rouvre ses portes avec J\u00e9r\u00f4me Banctel aux fourneaux\"},{\"@type\":\"BreadcrumbList\",\"@id\":\"https:\\\/\\\/www.parisselectbook.com\\\/en\\\/2026\\\/03\\\/16\\\/maison-destournel-reopens-with-jerome-banctel-at-the-helm\\\/#breadcrumb\",\"itemListElement\":[{\"@type\":\"ListItem\",\"position\":1,\"name\":\"Que faire \u00e0 Paris ?\",\"item\":\"https:\\\/\\\/www.parisselectbook.com\\\/en\\\/category\\\/que-faire-a-paris-en\\\/\"},{\"@type\":\"ListItem\",\"position\":2,\"name\":\"Maison d&#8217;Estournel reopens with J\u00e9r\u00f4me Banctel at the helm\"}]},{\"@type\":\"WebSite\",\"@id\":\"https:\\\/\\\/www.parisselectbook.com\\\/en\\\/#website\",\"url\":\"https:\\\/\\\/www.parisselectbook.com\\\/en\\\/\",\"name\":\"Paris Select Book\",\"description\":\"Le guide chic des Tendances Parisiennes\",\"publisher\":{\"@id\":\"https:\\\/\\\/www.parisselectbook.com\\\/en\\\/#organization\"},\"potentialAction\":[{\"@type\":\"SearchAction\",\"target\":{\"@type\":\"EntryPoint\",\"urlTemplate\":\"https:\\\/\\\/www.parisselectbook.com\\\/en\\\/?s={search_term_string}\"},\"query-input\":{\"@type\":\"PropertyValueSpecification\",\"valueRequired\":true,\"valueName\":\"search_term_string\"}}],\"inLanguage\":\"en-US\"},{\"@type\":\"Organization\",\"@id\":\"https:\\\/\\\/www.parisselectbook.com\\\/en\\\/#organization\",\"name\":\"Paris Select\",\"url\":\"https:\\\/\\\/www.parisselectbook.com\\\/en\\\/\",\"logo\":{\"@type\":\"ImageObject\",\"inLanguage\":\"en-US\",\"@id\":\"https:\\\/\\\/www.parisselectbook.com\\\/en\\\/#\\\/schema\\\/logo\\\/image\\\/\",\"url\":\"https:\\\/\\\/www.parisselectbook.com\\\/wp-content\\\/uploads\\\/2024\\\/06\\\/logo-IG-TKTK-LK.png\",\"contentUrl\":\"https:\\\/\\\/www.parisselectbook.com\\\/wp-content\\\/uploads\\\/2024\\\/06\\\/logo-IG-TKTK-LK.png\",\"width\":684,\"height\":665,\"caption\":\"Paris Select\"},\"image\":{\"@id\":\"https:\\\/\\\/www.parisselectbook.com\\\/en\\\/#\\\/schema\\\/logo\\\/image\\\/\"},\"sameAs\":[\"https:\\\/\\\/www.facebook.com\\\/parisselect\",\"https:\\\/\\\/www.instagram.com\\\/parisselect\\\/\",\"https:\\\/\\\/www.tiktok.com\\\/@parisselect\"]},{\"@type\":\"Person\",\"@id\":\"https:\\\/\\\/www.parisselectbook.com\\\/en\\\/#\\\/schema\\\/person\\\/3675d9a80d6cbefbfde597e393c036aa\",\"name\":\"zaccharie touboul\",\"sameAs\":[\"https:\\\/\\\/www.parisselectbook.com\\\/\"]}]}<\/script>\n<!-- \/ Yoast SEO plugin. -->","yoast_head_json":{"title":"Maison d'Estournel reopens with J\u00e9r\u00f4me Banctel at the helm","description":"La Maison d'Estournel reopens in April 2026 with three-starred chef J\u00e9r\u00f4me Banctel to sublimate the art of living in the M\u00e9doc.","robots":{"index":"index","follow":"follow","max-snippet":"max-snippet:-1","max-image-preview":"max-image-preview:large","max-video-preview":"max-video-preview:-1"},"canonical":"https:\/\/www.parisselectbook.com\/en\/2026\/03\/16\/maison-destournel-reopens-with-jerome-banctel-at-the-helm\/","og_locale":"en_US","og_type":"article","og_title":"Maison d'Estournel reopens with J\u00e9r\u00f4me Banctel at the helm","og_description":"La Maison d'Estournel reopens in April 2026 with three-starred chef J\u00e9r\u00f4me Banctel to sublimate the art of living in the M\u00e9doc.","og_url":"https:\/\/www.parisselectbook.com\/en\/2026\/03\/16\/maison-destournel-reopens-with-jerome-banctel-at-the-helm\/","og_site_name":"Paris Select","article_publisher":"https:\/\/www.facebook.com\/parisselect","article_published_time":"2026-03-16T11:57:40+00:00","og_image":[{"width":1200,"height":675,"url":"https:\/\/www.parisselectbook.com\/wp-content\/uploads\/2026\/03\/La-Maison-dEstournel-rouvre-ses-portes-avec-Jerome-Banctel-aux-fourneaux.jpg","type":"image\/jpeg"}],"author":"zaccharie touboul","twitter_card":"summary_large_image","twitter_misc":{"Written by":"zaccharie touboul","Est. reading time":"3 minutes"},"schema":{"@context":"https:\/\/schema.org","@graph":[{"@type":"Article","@id":"https:\/\/www.parisselectbook.com\/en\/2026\/03\/16\/maison-destournel-reopens-with-jerome-banctel-at-the-helm\/#article","isPartOf":{"@id":"https:\/\/www.parisselectbook.com\/en\/2026\/03\/16\/maison-destournel-reopens-with-jerome-banctel-at-the-helm\/"},"author":{"name":"zaccharie touboul","@id":"https:\/\/www.parisselectbook.com\/en\/#\/schema\/person\/3675d9a80d6cbefbfde597e393c036aa"},"headline":"Maison d&#8217;Estournel reopens with J\u00e9r\u00f4me Banctel at the helm","datePublished":"2026-03-16T11:57:40+00:00","mainEntityOfPage":{"@id":"https:\/\/www.parisselectbook.com\/en\/2026\/03\/16\/maison-destournel-reopens-with-jerome-banctel-at-the-helm\/"},"wordCount":678,"commentCount":0,"publisher":{"@id":"https:\/\/www.parisselectbook.com\/en\/#organization"},"image":{"@id":"https:\/\/www.parisselectbook.com\/en\/2026\/03\/16\/maison-destournel-reopens-with-jerome-banctel-at-the-helm\/#primaryimage"},"thumbnailUrl":"https:\/\/www.parisselectbook.com\/wp-content\/uploads\/2026\/03\/La-Maison-dEstournel-rouvre-ses-portes-avec-Jerome-Banctel-aux-fourneaux.jpg","keywords":["Maison d'Estournel"],"articleSection":["News du Luxe"],"inLanguage":"en-US","potentialAction":[{"@type":"CommentAction","name":"Comment","target":["https:\/\/www.parisselectbook.com\/en\/2026\/03\/16\/maison-destournel-reopens-with-jerome-banctel-at-the-helm\/#respond"]}]},{"@type":"WebPage","@id":"https:\/\/www.parisselectbook.com\/en\/2026\/03\/16\/maison-destournel-reopens-with-jerome-banctel-at-the-helm\/","url":"https:\/\/www.parisselectbook.com\/en\/2026\/03\/16\/maison-destournel-reopens-with-jerome-banctel-at-the-helm\/","name":"Maison d'Estournel reopens with J\u00e9r\u00f4me Banctel at the helm","isPartOf":{"@id":"https:\/\/www.parisselectbook.com\/en\/#website"},"primaryImageOfPage":{"@id":"https:\/\/www.parisselectbook.com\/en\/2026\/03\/16\/maison-destournel-reopens-with-jerome-banctel-at-the-helm\/#primaryimage"},"image":{"@id":"https:\/\/www.parisselectbook.com\/en\/2026\/03\/16\/maison-destournel-reopens-with-jerome-banctel-at-the-helm\/#primaryimage"},"thumbnailUrl":"https:\/\/www.parisselectbook.com\/wp-content\/uploads\/2026\/03\/La-Maison-dEstournel-rouvre-ses-portes-avec-Jerome-Banctel-aux-fourneaux.jpg","datePublished":"2026-03-16T11:57:40+00:00","description":"La Maison d'Estournel reopens in April 2026 with three-starred chef J\u00e9r\u00f4me Banctel to sublimate the art of living in the M\u00e9doc.","breadcrumb":{"@id":"https:\/\/www.parisselectbook.com\/en\/2026\/03\/16\/maison-destournel-reopens-with-jerome-banctel-at-the-helm\/#breadcrumb"},"inLanguage":"en-US","potentialAction":[{"@type":"ReadAction","target":["https:\/\/www.parisselectbook.com\/en\/2026\/03\/16\/maison-destournel-reopens-with-jerome-banctel-at-the-helm\/"]}]},{"@type":"ImageObject","inLanguage":"en-US","@id":"https:\/\/www.parisselectbook.com\/en\/2026\/03\/16\/maison-destournel-reopens-with-jerome-banctel-at-the-helm\/#primaryimage","url":"https:\/\/www.parisselectbook.com\/wp-content\/uploads\/2026\/03\/La-Maison-dEstournel-rouvre-ses-portes-avec-Jerome-Banctel-aux-fourneaux.jpg","contentUrl":"https:\/\/www.parisselectbook.com\/wp-content\/uploads\/2026\/03\/La-Maison-dEstournel-rouvre-ses-portes-avec-Jerome-Banctel-aux-fourneaux.jpg","width":1200,"height":675,"caption":"La Maison d'Estournel rouvre ses portes avec J\u00e9r\u00f4me Banctel aux fourneaux"},{"@type":"BreadcrumbList","@id":"https:\/\/www.parisselectbook.com\/en\/2026\/03\/16\/maison-destournel-reopens-with-jerome-banctel-at-the-helm\/#breadcrumb","itemListElement":[{"@type":"ListItem","position":1,"name":"Que faire \u00e0 Paris ?","item":"https:\/\/www.parisselectbook.com\/en\/category\/que-faire-a-paris-en\/"},{"@type":"ListItem","position":2,"name":"Maison d&#8217;Estournel reopens with J\u00e9r\u00f4me Banctel at the helm"}]},{"@type":"WebSite","@id":"https:\/\/www.parisselectbook.com\/en\/#website","url":"https:\/\/www.parisselectbook.com\/en\/","name":"Paris Select Book","description":"Le guide chic des Tendances Parisiennes","publisher":{"@id":"https:\/\/www.parisselectbook.com\/en\/#organization"},"potentialAction":[{"@type":"SearchAction","target":{"@type":"EntryPoint","urlTemplate":"https:\/\/www.parisselectbook.com\/en\/?s={search_term_string}"},"query-input":{"@type":"PropertyValueSpecification","valueRequired":true,"valueName":"search_term_string"}}],"inLanguage":"en-US"},{"@type":"Organization","@id":"https:\/\/www.parisselectbook.com\/en\/#organization","name":"Paris Select","url":"https:\/\/www.parisselectbook.com\/en\/","logo":{"@type":"ImageObject","inLanguage":"en-US","@id":"https:\/\/www.parisselectbook.com\/en\/#\/schema\/logo\/image\/","url":"https:\/\/www.parisselectbook.com\/wp-content\/uploads\/2024\/06\/logo-IG-TKTK-LK.png","contentUrl":"https:\/\/www.parisselectbook.com\/wp-content\/uploads\/2024\/06\/logo-IG-TKTK-LK.png","width":684,"height":665,"caption":"Paris Select"},"image":{"@id":"https:\/\/www.parisselectbook.com\/en\/#\/schema\/logo\/image\/"},"sameAs":["https:\/\/www.facebook.com\/parisselect","https:\/\/www.instagram.com\/parisselect\/","https:\/\/www.tiktok.com\/@parisselect"]},{"@type":"Person","@id":"https:\/\/www.parisselectbook.com\/en\/#\/schema\/person\/3675d9a80d6cbefbfde597e393c036aa","name":"zaccharie touboul","sameAs":["https:\/\/www.parisselectbook.com\/"]}]}},"_links":{"self":[{"href":"https:\/\/www.parisselectbook.com\/en\/wp-json\/wp\/v2\/posts\/214725","targetHints":{"allow":["GET"]}}],"collection":[{"href":"https:\/\/www.parisselectbook.com\/en\/wp-json\/wp\/v2\/posts"}],"about":[{"href":"https:\/\/www.parisselectbook.com\/en\/wp-json\/wp\/v2\/types\/post"}],"author":[{"embeddable":true,"href":"https:\/\/www.parisselectbook.com\/en\/wp-json\/wp\/v2\/users\/13"}],"replies":[{"embeddable":true,"href":"https:\/\/www.parisselectbook.com\/en\/wp-json\/wp\/v2\/comments?post=214725"}],"version-history":[{"count":0,"href":"https:\/\/www.parisselectbook.com\/en\/wp-json\/wp\/v2\/posts\/214725\/revisions"}],"wp:featuredmedia":[{"embeddable":true,"href":"https:\/\/www.parisselectbook.com\/en\/wp-json\/wp\/v2\/media\/214719"}],"wp:attachment":[{"href":"https:\/\/www.parisselectbook.com\/en\/wp-json\/wp\/v2\/media?parent=214725"}],"wp:term":[{"taxonomy":"category","embeddable":true,"href":"https:\/\/www.parisselectbook.com\/en\/wp-json\/wp\/v2\/categories?post=214725"},{"taxonomy":"post_tag","embeddable":true,"href":"https:\/\/www.parisselectbook.com\/en\/wp-json\/wp\/v2\/tags?post=214725"},{"taxonomy":"quartier","embeddable":true,"href":"https:\/\/www.parisselectbook.com\/en\/wp-json\/wp\/v2\/quartier?post=214725"}],"curies":[{"name":"wp","href":"https:\/\/api.w.org\/{rel}","templated":true}]}}