{"id":214923,"date":"2026-03-17T10:48:00","date_gmt":"2026-03-17T09:48:00","guid":{"rendered":"https:\/\/www.parisselectbook.com\/2026\/03\/17\/this-free-photo-exhibition-celebrates-the-poetry-of-parisian-terraces-dont-miss-it\/"},"modified":"2026-03-17T10:48:00","modified_gmt":"2026-03-17T09:48:00","slug":"this-free-photo-exhibition-celebrates-the-poetry-of-parisian-terraces-dont-miss-it","status":"publish","type":"post","link":"https:\/\/www.parisselectbook.com\/en\/2026\/03\/17\/this-free-photo-exhibition-celebrates-the-poetry-of-parisian-terraces-dont-miss-it\/","title":{"rendered":"This free photo exhibition celebrates the poetry of Parisian terraces. Don&#8217;t miss it!"},"content":{"rendered":"<p>The warm weather is here, and with it the desire to stroll the streets of the capital. A <strong>free photo exhibition<\/strong> is currently on show in Paris, celebrating a <a href=\"https:\/\/www.parisselectbook.com\/en\/2026\/03\/16\/the-10-best-pastry-chefs-in-parisian-luxury-hotels-for-an-unforgettable-gourmet-experience\/\">very French art de vivre<\/a>. This artistic proposal pays tribute to Parisian terraces through a poetic and intimate perspective.  <\/p>\n<h2>A free photo exhibition on the terraces of Paris<\/h2>\n<p>Paris is full of hidden treasures for art and culture lovers. This new photographic exhibition immerses visitors in the unique atmosphere of <a href=\"https:\/\/www.parisselectbook.com\/en\/2026\/03\/15\/faubourg-saint-denis-this-parisian-institution-offers-tasty-dishes-for-under-e10\/\">Parisian caf\u00e9s<\/a>. The shots capture moments of life, suspended moments where time seems to stand still.  <\/p>\n<p>The photographer has captured the magic that happens on these emblematic terraces. Each image tells a story, that of both regulars and passers-by. As a result, visitors find themselves transported to an authentic, poetic <a href=\"https:\/\/www.parisselectbook.com\/en\/2026\/03\/16\/place-de-la-republique-a-new-safer-greener-look-soon-to-be-unveiled\/\">Paris<\/a>.  <\/p>\n<p>This free photo exhibition offers a visual journey into the heart of <a href=\"https:\/\/www.parisselectbook.com\/en\/2026\/03\/16\/eighteenth-century-fashion-at-the-palais-galliera\/\">Parisian life<\/a>. Contrasting light and carefully crafted compositions reveal the beauty of these meeting places. What&#8217;s more, free access allows everyone to enjoy this artistic experience.  <\/p>\n<blockquote><p>&#8220;The Parisian terrace is an open-air theater where the spectacle of life is played out every day.&#8221;<\/p><\/blockquote>\n<h3>A tribute to French art de vivre<\/h3>\n<p>Caf\u00e9 terraces embody a tradition deeply rooted in French culture. They represent a place of freedom, where conversations come alive over a drink. This exhibition pays tribute to this precious intangible heritage.  <\/p>\n<p>The photographs on display reveal a wide range of moods. Some images show lively terraces in the early morning, others capture the quiet of twilight. But all share the same poetry of everyday life.  <\/p>\n<ul>\n<li>Black and white shots for a timeless atmosphere<\/li>\n<li>Scenes of life captured on film<\/li>\n<li>An artistic look at Parisian heritage<\/li>\n<li>Free admission for all visitors<\/li>\n<li>A unique opportunity to rediscover Paris in a different way<\/li>\n<\/ul>\n<h2>Why Parisians love this free photo exhibition<\/h2>\n<p>In a city where culture can be expensive, this initiative stands out for its accessibility. Residents and tourists alike can enjoy an artistic moment without paying a cent. This approach democratizes access to art photography.  <\/p>\n<p>The choice of subject particularly resonates with the Parisian public. Terraces are an integral part of their daily lives and habits. So to see these familiar places sublimated by a photographer&#8217;s lens creates a strong emotional connection.  <\/p>\n<p>This free photo exhibition comes at just the right time, as the fine weather invites us to get out and about. It encourages visitors to take a fresh look at the spaces they encounter every day. As a result, the stroll becomes a veritable artistic journey.  <\/p>\n<p>The exhibition has been attracting growing interest since it opened. Social networks are relaying numerous photos taken by enthusiastic visitors. This visibility is helping to spread the word about the event.  <\/p>\n<h3>An immersive and accessible experience<\/h3>\n<p>The tour route has been designed to offer a fluid and pleasant experience. The works are arranged in such a way as to guide the viewer&#8217;s gaze naturally. Each photograph is given sufficient space to be fully appreciated.  <\/p>\n<p>The absence of a price barrier means spontaneous, repeat visits. Some come back several times to rediscover the images from a different angle. Photographic art is now accessible to all budgets.  <\/p>\n<h2>Practical information for visiting this free photo exhibition<\/h2>\n<p>To take advantage of this exhibition, all you have to do is visit the site during opening hours. Reservations are not required, making it easy to organize your visit. Families and solo visitors alike are welcome.  <\/p>\n<p>The exhibition venue has been carefully chosen for its accessibility. It is located in an area well served by Parisian public transport. So visitors can easily fit this outing into their schedule.  <\/p>\n<p>This free photo exhibition is a great opportunity for cultural discovery in 2026. It&#8217;s a reminder that art can be shared without financial constraints. There&#8217;s something for everyone, from photography enthusiasts to the simply curious.  <\/p>\n<p>The poetry of Parisian terraces deserved such a photographic tribute. This exhibition is a fitting celebration of the capital&#8217;s characteristic living spaces. An invitation to slow down and savor the beauty of everyday life in Paris.  <\/p>\n","protected":false},"excerpt":{"rendered":"<p>The warm weather is here, and with it the desire to stroll the streets of the capital. A free photo exhibition is currently on show&#8230;<\/p>\n","protected":false},"author":13,"featured_media":214699,"comment_status":"open","ping_status":"closed","sticky":false,"template":"","format":"standard","meta":{"_acf_changed":false,"footnotes":""},"categories":[2685],"tags":[6496],"quartier":[],"class_list":["post-214923","post","type-post","status-publish","format-standard","has-post-thumbnail","hentry","category-news-du-luxe-en","tag-free-photo-exhibition-2"],"acf":[],"yoast_head":"<!-- This site is optimized with the Yoast SEO plugin v27.5 - https:\/\/yoast.com\/product\/yoast-seo-wordpress\/ -->\n<title>This free photo exhibition celebrates the poetry of Parisian terraces. Don&#039;t miss it!<\/title>\n<meta name=\"description\" content=\"A free photo exhibition celebrates the poetry of Parisian terraces. A tribute to the French art of living.\" \/>\n<meta name=\"robots\" content=\"index, follow, max-snippet:-1, max-image-preview:large, max-video-preview:-1\" \/>\n<link rel=\"canonical\" href=\"https:\/\/www.parisselectbook.com\/en\/2026\/03\/17\/this-free-photo-exhibition-celebrates-the-poetry-of-parisian-terraces-dont-miss-it\/\" \/>\n<meta property=\"og:locale\" content=\"en_US\" \/>\n<meta property=\"og:type\" content=\"article\" \/>\n<meta property=\"og:title\" content=\"This free photo exhibition celebrates the poetry of Parisian terraces. Don&#039;t miss it!\" \/>\n<meta property=\"og:description\" content=\"A free photo exhibition celebrates the poetry of Parisian terraces. A tribute to the French art of living.\" \/>\n<meta property=\"og:url\" content=\"https:\/\/www.parisselectbook.com\/en\/2026\/03\/17\/this-free-photo-exhibition-celebrates-the-poetry-of-parisian-terraces-dont-miss-it\/\" \/>\n<meta property=\"og:site_name\" content=\"Paris Select\" \/>\n<meta property=\"article:publisher\" content=\"https:\/\/www.facebook.com\/parisselect\" \/>\n<meta property=\"article:published_time\" content=\"2026-03-17T09:48:00+00:00\" \/>\n<meta property=\"og:image\" content=\"https:\/\/www.parisselectbook.com\/wp-content\/uploads\/2026\/03\/214697-image.jpg\" \/>\n\t<meta property=\"og:image:width\" content=\"1200\" \/>\n\t<meta property=\"og:image:height\" content=\"680\" \/>\n\t<meta property=\"og:image:type\" content=\"image\/jpeg\" \/>\n<meta name=\"author\" content=\"zaccharie touboul\" \/>\n<meta name=\"twitter:card\" content=\"summary_large_image\" \/>\n<meta name=\"twitter:label1\" content=\"Written by\" \/>\n\t<meta name=\"twitter:data1\" content=\"zaccharie touboul\" \/>\n\t<meta name=\"twitter:label2\" content=\"Est. reading time\" \/>\n\t<meta name=\"twitter:data2\" content=\"3 minutes\" \/>\n<script type=\"application\/ld+json\" class=\"yoast-schema-graph\">{\"@context\":\"https:\\\/\\\/schema.org\",\"@graph\":[{\"@type\":\"Article\",\"@id\":\"https:\\\/\\\/www.parisselectbook.com\\\/en\\\/2026\\\/03\\\/17\\\/this-free-photo-exhibition-celebrates-the-poetry-of-parisian-terraces-dont-miss-it\\\/#article\",\"isPartOf\":{\"@id\":\"https:\\\/\\\/www.parisselectbook.com\\\/en\\\/2026\\\/03\\\/17\\\/this-free-photo-exhibition-celebrates-the-poetry-of-parisian-terraces-dont-miss-it\\\/\"},\"author\":{\"name\":\"zaccharie touboul\",\"@id\":\"https:\\\/\\\/www.parisselectbook.com\\\/en\\\/#\\\/schema\\\/person\\\/3675d9a80d6cbefbfde597e393c036aa\"},\"headline\":\"This free photo exhibition celebrates the poetry of Parisian terraces. Don&#8217;t miss it!\",\"datePublished\":\"2026-03-17T09:48:00+00:00\",\"mainEntityOfPage\":{\"@id\":\"https:\\\/\\\/www.parisselectbook.com\\\/en\\\/2026\\\/03\\\/17\\\/this-free-photo-exhibition-celebrates-the-poetry-of-parisian-terraces-dont-miss-it\\\/\"},\"wordCount\":690,\"commentCount\":0,\"publisher\":{\"@id\":\"https:\\\/\\\/www.parisselectbook.com\\\/en\\\/#organization\"},\"image\":{\"@id\":\"https:\\\/\\\/www.parisselectbook.com\\\/en\\\/2026\\\/03\\\/17\\\/this-free-photo-exhibition-celebrates-the-poetry-of-parisian-terraces-dont-miss-it\\\/#primaryimage\"},\"thumbnailUrl\":\"https:\\\/\\\/www.parisselectbook.com\\\/wp-content\\\/uploads\\\/2026\\\/03\\\/214697-image.jpg\",\"keywords\":[\"free photo exhibition\"],\"articleSection\":[\"News du Luxe\"],\"inLanguage\":\"en-US\",\"potentialAction\":[{\"@type\":\"CommentAction\",\"name\":\"Comment\",\"target\":[\"https:\\\/\\\/www.parisselectbook.com\\\/en\\\/2026\\\/03\\\/17\\\/this-free-photo-exhibition-celebrates-the-poetry-of-parisian-terraces-dont-miss-it\\\/#respond\"]}]},{\"@type\":\"WebPage\",\"@id\":\"https:\\\/\\\/www.parisselectbook.com\\\/en\\\/2026\\\/03\\\/17\\\/this-free-photo-exhibition-celebrates-the-poetry-of-parisian-terraces-dont-miss-it\\\/\",\"url\":\"https:\\\/\\\/www.parisselectbook.com\\\/en\\\/2026\\\/03\\\/17\\\/this-free-photo-exhibition-celebrates-the-poetry-of-parisian-terraces-dont-miss-it\\\/\",\"name\":\"This free photo exhibition celebrates the poetry of Parisian terraces. Don't miss it!\",\"isPartOf\":{\"@id\":\"https:\\\/\\\/www.parisselectbook.com\\\/en\\\/#website\"},\"primaryImageOfPage\":{\"@id\":\"https:\\\/\\\/www.parisselectbook.com\\\/en\\\/2026\\\/03\\\/17\\\/this-free-photo-exhibition-celebrates-the-poetry-of-parisian-terraces-dont-miss-it\\\/#primaryimage\"},\"image\":{\"@id\":\"https:\\\/\\\/www.parisselectbook.com\\\/en\\\/2026\\\/03\\\/17\\\/this-free-photo-exhibition-celebrates-the-poetry-of-parisian-terraces-dont-miss-it\\\/#primaryimage\"},\"thumbnailUrl\":\"https:\\\/\\\/www.parisselectbook.com\\\/wp-content\\\/uploads\\\/2026\\\/03\\\/214697-image.jpg\",\"datePublished\":\"2026-03-17T09:48:00+00:00\",\"description\":\"A free photo exhibition celebrates the poetry of Parisian terraces. A tribute to the French art of living.\",\"breadcrumb\":{\"@id\":\"https:\\\/\\\/www.parisselectbook.com\\\/en\\\/2026\\\/03\\\/17\\\/this-free-photo-exhibition-celebrates-the-poetry-of-parisian-terraces-dont-miss-it\\\/#breadcrumb\"},\"inLanguage\":\"en-US\",\"potentialAction\":[{\"@type\":\"ReadAction\",\"target\":[\"https:\\\/\\\/www.parisselectbook.com\\\/en\\\/2026\\\/03\\\/17\\\/this-free-photo-exhibition-celebrates-the-poetry-of-parisian-terraces-dont-miss-it\\\/\"]}]},{\"@type\":\"ImageObject\",\"inLanguage\":\"en-US\",\"@id\":\"https:\\\/\\\/www.parisselectbook.com\\\/en\\\/2026\\\/03\\\/17\\\/this-free-photo-exhibition-celebrates-the-poetry-of-parisian-terraces-dont-miss-it\\\/#primaryimage\",\"url\":\"https:\\\/\\\/www.parisselectbook.com\\\/wp-content\\\/uploads\\\/2026\\\/03\\\/214697-image.jpg\",\"contentUrl\":\"https:\\\/\\\/www.parisselectbook.com\\\/wp-content\\\/uploads\\\/2026\\\/03\\\/214697-image.jpg\",\"width\":1200,\"height\":680,\"caption\":\"ParisSelectBook - Cette expo photo gratuite c\u00e9l\u00e8bre la po\u00e9sie des terrasses parisiennes \u00e0 d\u00e9couvrir sans tarder\"},{\"@type\":\"BreadcrumbList\",\"@id\":\"https:\\\/\\\/www.parisselectbook.com\\\/en\\\/2026\\\/03\\\/17\\\/this-free-photo-exhibition-celebrates-the-poetry-of-parisian-terraces-dont-miss-it\\\/#breadcrumb\",\"itemListElement\":[{\"@type\":\"ListItem\",\"position\":1,\"name\":\"Que faire \u00e0 Paris ?\",\"item\":\"https:\\\/\\\/www.parisselectbook.com\\\/en\\\/category\\\/que-faire-a-paris-en\\\/\"},{\"@type\":\"ListItem\",\"position\":2,\"name\":\"This free photo exhibition celebrates the poetry of Parisian terraces. Don&#8217;t miss it!\"}]},{\"@type\":\"WebSite\",\"@id\":\"https:\\\/\\\/www.parisselectbook.com\\\/en\\\/#website\",\"url\":\"https:\\\/\\\/www.parisselectbook.com\\\/en\\\/\",\"name\":\"Paris Select Book\",\"description\":\"Le guide chic des Tendances Parisiennes\",\"publisher\":{\"@id\":\"https:\\\/\\\/www.parisselectbook.com\\\/en\\\/#organization\"},\"potentialAction\":[{\"@type\":\"SearchAction\",\"target\":{\"@type\":\"EntryPoint\",\"urlTemplate\":\"https:\\\/\\\/www.parisselectbook.com\\\/en\\\/?s={search_term_string}\"},\"query-input\":{\"@type\":\"PropertyValueSpecification\",\"valueRequired\":true,\"valueName\":\"search_term_string\"}}],\"inLanguage\":\"en-US\"},{\"@type\":\"Organization\",\"@id\":\"https:\\\/\\\/www.parisselectbook.com\\\/en\\\/#organization\",\"name\":\"Paris Select\",\"url\":\"https:\\\/\\\/www.parisselectbook.com\\\/en\\\/\",\"logo\":{\"@type\":\"ImageObject\",\"inLanguage\":\"en-US\",\"@id\":\"https:\\\/\\\/www.parisselectbook.com\\\/en\\\/#\\\/schema\\\/logo\\\/image\\\/\",\"url\":\"https:\\\/\\\/www.parisselectbook.com\\\/wp-content\\\/uploads\\\/2024\\\/06\\\/logo-IG-TKTK-LK.png\",\"contentUrl\":\"https:\\\/\\\/www.parisselectbook.com\\\/wp-content\\\/uploads\\\/2024\\\/06\\\/logo-IG-TKTK-LK.png\",\"width\":684,\"height\":665,\"caption\":\"Paris Select\"},\"image\":{\"@id\":\"https:\\\/\\\/www.parisselectbook.com\\\/en\\\/#\\\/schema\\\/logo\\\/image\\\/\"},\"sameAs\":[\"https:\\\/\\\/www.facebook.com\\\/parisselect\",\"https:\\\/\\\/www.instagram.com\\\/parisselect\\\/\",\"https:\\\/\\\/www.tiktok.com\\\/@parisselect\"]},{\"@type\":\"Person\",\"@id\":\"https:\\\/\\\/www.parisselectbook.com\\\/en\\\/#\\\/schema\\\/person\\\/3675d9a80d6cbefbfde597e393c036aa\",\"name\":\"zaccharie touboul\",\"sameAs\":[\"https:\\\/\\\/www.parisselectbook.com\\\/\"]}]}<\/script>\n<!-- \/ Yoast SEO plugin. -->","yoast_head_json":{"title":"This free photo exhibition celebrates the poetry of Parisian terraces. Don't miss it!","description":"A free photo exhibition celebrates the poetry of Parisian terraces. A tribute to the French art of living.","robots":{"index":"index","follow":"follow","max-snippet":"max-snippet:-1","max-image-preview":"max-image-preview:large","max-video-preview":"max-video-preview:-1"},"canonical":"https:\/\/www.parisselectbook.com\/en\/2026\/03\/17\/this-free-photo-exhibition-celebrates-the-poetry-of-parisian-terraces-dont-miss-it\/","og_locale":"en_US","og_type":"article","og_title":"This free photo exhibition celebrates the poetry of Parisian terraces. Don't miss it!","og_description":"A free photo exhibition celebrates the poetry of Parisian terraces. A tribute to the French art of living.","og_url":"https:\/\/www.parisselectbook.com\/en\/2026\/03\/17\/this-free-photo-exhibition-celebrates-the-poetry-of-parisian-terraces-dont-miss-it\/","og_site_name":"Paris Select","article_publisher":"https:\/\/www.facebook.com\/parisselect","article_published_time":"2026-03-17T09:48:00+00:00","og_image":[{"width":1200,"height":680,"url":"https:\/\/www.parisselectbook.com\/wp-content\/uploads\/2026\/03\/214697-image.jpg","type":"image\/jpeg"}],"author":"zaccharie touboul","twitter_card":"summary_large_image","twitter_misc":{"Written by":"zaccharie touboul","Est. reading time":"3 minutes"},"schema":{"@context":"https:\/\/schema.org","@graph":[{"@type":"Article","@id":"https:\/\/www.parisselectbook.com\/en\/2026\/03\/17\/this-free-photo-exhibition-celebrates-the-poetry-of-parisian-terraces-dont-miss-it\/#article","isPartOf":{"@id":"https:\/\/www.parisselectbook.com\/en\/2026\/03\/17\/this-free-photo-exhibition-celebrates-the-poetry-of-parisian-terraces-dont-miss-it\/"},"author":{"name":"zaccharie touboul","@id":"https:\/\/www.parisselectbook.com\/en\/#\/schema\/person\/3675d9a80d6cbefbfde597e393c036aa"},"headline":"This free photo exhibition celebrates the poetry of Parisian terraces. Don&#8217;t miss it!","datePublished":"2026-03-17T09:48:00+00:00","mainEntityOfPage":{"@id":"https:\/\/www.parisselectbook.com\/en\/2026\/03\/17\/this-free-photo-exhibition-celebrates-the-poetry-of-parisian-terraces-dont-miss-it\/"},"wordCount":690,"commentCount":0,"publisher":{"@id":"https:\/\/www.parisselectbook.com\/en\/#organization"},"image":{"@id":"https:\/\/www.parisselectbook.com\/en\/2026\/03\/17\/this-free-photo-exhibition-celebrates-the-poetry-of-parisian-terraces-dont-miss-it\/#primaryimage"},"thumbnailUrl":"https:\/\/www.parisselectbook.com\/wp-content\/uploads\/2026\/03\/214697-image.jpg","keywords":["free photo exhibition"],"articleSection":["News du Luxe"],"inLanguage":"en-US","potentialAction":[{"@type":"CommentAction","name":"Comment","target":["https:\/\/www.parisselectbook.com\/en\/2026\/03\/17\/this-free-photo-exhibition-celebrates-the-poetry-of-parisian-terraces-dont-miss-it\/#respond"]}]},{"@type":"WebPage","@id":"https:\/\/www.parisselectbook.com\/en\/2026\/03\/17\/this-free-photo-exhibition-celebrates-the-poetry-of-parisian-terraces-dont-miss-it\/","url":"https:\/\/www.parisselectbook.com\/en\/2026\/03\/17\/this-free-photo-exhibition-celebrates-the-poetry-of-parisian-terraces-dont-miss-it\/","name":"This free photo exhibition celebrates the poetry of Parisian terraces. Don't miss it!","isPartOf":{"@id":"https:\/\/www.parisselectbook.com\/en\/#website"},"primaryImageOfPage":{"@id":"https:\/\/www.parisselectbook.com\/en\/2026\/03\/17\/this-free-photo-exhibition-celebrates-the-poetry-of-parisian-terraces-dont-miss-it\/#primaryimage"},"image":{"@id":"https:\/\/www.parisselectbook.com\/en\/2026\/03\/17\/this-free-photo-exhibition-celebrates-the-poetry-of-parisian-terraces-dont-miss-it\/#primaryimage"},"thumbnailUrl":"https:\/\/www.parisselectbook.com\/wp-content\/uploads\/2026\/03\/214697-image.jpg","datePublished":"2026-03-17T09:48:00+00:00","description":"A free photo exhibition celebrates the poetry of Parisian terraces. A tribute to the French art of living.","breadcrumb":{"@id":"https:\/\/www.parisselectbook.com\/en\/2026\/03\/17\/this-free-photo-exhibition-celebrates-the-poetry-of-parisian-terraces-dont-miss-it\/#breadcrumb"},"inLanguage":"en-US","potentialAction":[{"@type":"ReadAction","target":["https:\/\/www.parisselectbook.com\/en\/2026\/03\/17\/this-free-photo-exhibition-celebrates-the-poetry-of-parisian-terraces-dont-miss-it\/"]}]},{"@type":"ImageObject","inLanguage":"en-US","@id":"https:\/\/www.parisselectbook.com\/en\/2026\/03\/17\/this-free-photo-exhibition-celebrates-the-poetry-of-parisian-terraces-dont-miss-it\/#primaryimage","url":"https:\/\/www.parisselectbook.com\/wp-content\/uploads\/2026\/03\/214697-image.jpg","contentUrl":"https:\/\/www.parisselectbook.com\/wp-content\/uploads\/2026\/03\/214697-image.jpg","width":1200,"height":680,"caption":"ParisSelectBook - Cette expo photo gratuite c\u00e9l\u00e8bre la po\u00e9sie des terrasses parisiennes \u00e0 d\u00e9couvrir sans tarder"},{"@type":"BreadcrumbList","@id":"https:\/\/www.parisselectbook.com\/en\/2026\/03\/17\/this-free-photo-exhibition-celebrates-the-poetry-of-parisian-terraces-dont-miss-it\/#breadcrumb","itemListElement":[{"@type":"ListItem","position":1,"name":"Que faire \u00e0 Paris ?","item":"https:\/\/www.parisselectbook.com\/en\/category\/que-faire-a-paris-en\/"},{"@type":"ListItem","position":2,"name":"This free photo exhibition celebrates the poetry of Parisian terraces. Don&#8217;t miss it!"}]},{"@type":"WebSite","@id":"https:\/\/www.parisselectbook.com\/en\/#website","url":"https:\/\/www.parisselectbook.com\/en\/","name":"Paris Select Book","description":"Le guide chic des Tendances Parisiennes","publisher":{"@id":"https:\/\/www.parisselectbook.com\/en\/#organization"},"potentialAction":[{"@type":"SearchAction","target":{"@type":"EntryPoint","urlTemplate":"https:\/\/www.parisselectbook.com\/en\/?s={search_term_string}"},"query-input":{"@type":"PropertyValueSpecification","valueRequired":true,"valueName":"search_term_string"}}],"inLanguage":"en-US"},{"@type":"Organization","@id":"https:\/\/www.parisselectbook.com\/en\/#organization","name":"Paris Select","url":"https:\/\/www.parisselectbook.com\/en\/","logo":{"@type":"ImageObject","inLanguage":"en-US","@id":"https:\/\/www.parisselectbook.com\/en\/#\/schema\/logo\/image\/","url":"https:\/\/www.parisselectbook.com\/wp-content\/uploads\/2024\/06\/logo-IG-TKTK-LK.png","contentUrl":"https:\/\/www.parisselectbook.com\/wp-content\/uploads\/2024\/06\/logo-IG-TKTK-LK.png","width":684,"height":665,"caption":"Paris Select"},"image":{"@id":"https:\/\/www.parisselectbook.com\/en\/#\/schema\/logo\/image\/"},"sameAs":["https:\/\/www.facebook.com\/parisselect","https:\/\/www.instagram.com\/parisselect\/","https:\/\/www.tiktok.com\/@parisselect"]},{"@type":"Person","@id":"https:\/\/www.parisselectbook.com\/en\/#\/schema\/person\/3675d9a80d6cbefbfde597e393c036aa","name":"zaccharie touboul","sameAs":["https:\/\/www.parisselectbook.com\/"]}]}},"_links":{"self":[{"href":"https:\/\/www.parisselectbook.com\/en\/wp-json\/wp\/v2\/posts\/214923","targetHints":{"allow":["GET"]}}],"collection":[{"href":"https:\/\/www.parisselectbook.com\/en\/wp-json\/wp\/v2\/posts"}],"about":[{"href":"https:\/\/www.parisselectbook.com\/en\/wp-json\/wp\/v2\/types\/post"}],"author":[{"embeddable":true,"href":"https:\/\/www.parisselectbook.com\/en\/wp-json\/wp\/v2\/users\/13"}],"replies":[{"embeddable":true,"href":"https:\/\/www.parisselectbook.com\/en\/wp-json\/wp\/v2\/comments?post=214923"}],"version-history":[{"count":0,"href":"https:\/\/www.parisselectbook.com\/en\/wp-json\/wp\/v2\/posts\/214923\/revisions"}],"wp:featuredmedia":[{"embeddable":true,"href":"https:\/\/www.parisselectbook.com\/en\/wp-json\/wp\/v2\/media\/214699"}],"wp:attachment":[{"href":"https:\/\/www.parisselectbook.com\/en\/wp-json\/wp\/v2\/media?parent=214923"}],"wp:term":[{"taxonomy":"category","embeddable":true,"href":"https:\/\/www.parisselectbook.com\/en\/wp-json\/wp\/v2\/categories?post=214923"},{"taxonomy":"post_tag","embeddable":true,"href":"https:\/\/www.parisselectbook.com\/en\/wp-json\/wp\/v2\/tags?post=214923"},{"taxonomy":"quartier","embeddable":true,"href":"https:\/\/www.parisselectbook.com\/en\/wp-json\/wp\/v2\/quartier?post=214923"}],"curies":[{"name":"wp","href":"https:\/\/api.w.org\/{rel}","templated":true}]}}