{"id":220274,"date":"2026-04-26T09:03:32","date_gmt":"2026-04-26T07:03:32","guid":{"rendered":"https:\/\/www.parisselectbook.com\/2026\/04\/26\/jacob-elordi-becomes-the-new-face-of-bleu-de-chanel-succeeding-timothee-chalamet\/"},"modified":"2026-04-26T09:03:32","modified_gmt":"2026-04-26T07:03:32","slug":"jacob-elordi-becomes-the-new-face-of-bleu-de-chanel-succeeding-timothee-chalamet","status":"publish","type":"post","link":"https:\/\/www.parisselectbook.com\/en\/2026\/04\/26\/jacob-elordi-becomes-the-new-face-of-bleu-de-chanel-succeeding-timothee-chalamet\/","title":{"rendered":"Jacob Elordi becomes the new face of Bleu de Chanel, succeeding Timoth\u00e9e Chalamet."},"content":{"rendered":"<p>In April 2026, <strong>Bleu de <a href=\"https:\/\/www.parisselectbook.com\/en\/2026\/04\/26\/chanel-summer-2026-the-new-must-have-shades-for-eyes-lips-and-complexion\/\">Chanel<\/a><\/strong> takes on a new face. Australian actor Jacob Elordi becomes the new ambassador for the French fashion house&#8217;s cult men&#8217;s fragrance. This choice marks a turning point in the communication of this iconic fragrance, launched in 2010.  <\/p>\n<h2>Jacob Elordi, a new chapter for Bleu de Chanel<\/h2>\n<p>Chanel turns a page with this appointment. From Gaspard Ulliel to Timoth\u00e9e Chalamet, <a href=\"https:\/\/www.parisselectbook.com\/en\/2026\/04\/25\/forbidden-games-by-kilian-paris-the-confidential-niche-perfume-worth-the-most-compliments-according-to-a-beauty-journalist\/\">the fragrance<\/a> had always been associated with charismatic, mysterious characters. The dramatic-poetic narrative was supervised by renowned directors such as Martin Scorsese, James Gray and Steve McQueen.  <\/p>\n<p>With Guillermo del Toro&#8217;s Frankenstein headlining, the tone is set to change. Expect more action, more <a href=\"https:\/\/www.parisselectbook.com\/?p=219886\">seduction<\/a> and a slightly less solemn register. This evolution reflects a desire to renew the fragrance&#8217;s image while preserving its DNA.  <\/p>\n<p>For the past <strong>sixteen years<\/strong>, the brand&#8217;s fragrance has addressed a certain idea of freedom. It depicts a man at a crossroads, who finds the strength to <a href=\"https:\/\/www.parisselectbook.com\/?p=219986\">free himself from the gaze of others<\/a> to carve out his own path. <\/p>\n<blockquote><p>&#8220;We wanted to continue exploring the question of how we choose the things that matter in a different way.&#8221;<\/p><\/blockquote>\n<h3>A new vision of masculinity<\/h3>\n<p>The choice of Jacob Elordi reflects another vision of modern masculinity. By selecting an actor who has become the sex symbol of an entire generation, Chanel is highlighting the figure of a contemporary seducer. He possesses a physical presence and a magnetic aura, while exuding a certain sensitivity.  <\/p>\n<p>Thomas du Pr\u00e9 de Saint-Maur, Chanel&#8217;s Creative Resources Director for Perfume, Beauty, Watches and Jewelry, confirms this. &#8220;He&#8217;s a bit of a &#8216;boy of the moment&#8217;,&#8221; he says of the man many already see taking on the role of Agent 007. <\/p>\n<ul>\n<li>Jacob Elordi is close to Matthieu Blazy, artistic director of Chanel.<\/li>\n<li>He appeared in the third season of the series Euphoria<\/li>\n<li>He wore a tweed jacket for a lady of the house to promote the film Hurlevent.<\/li>\n<li>He appeared in the Chanel N\u00b05 campaign alongside Margot Robbie two years ago.<\/li>\n<li>The film was directed by Luca Guadagnino, known for Call Me by Your Name<\/li>\n<\/ul>\n<h2>An actor already familiar with Chanel<\/h2>\n<p>In the end, it was an obvious choice for the brand. Jacob Elordi is no stranger to this world. His previous appearance in the N\u00b05 campaign had already made a lasting impression, demonstrating his ability to embody the brand&#8217;s codes.  <\/p>\n<p>Thomas du Pr\u00e9 de Saint-Maur remembers this collaboration. &#8220;I said to myself at the time that I&#8217;d love to do a masculine with him one day, because he&#8217;s so surprising,&#8221; he confides. In his opinion, the actor exudes something very modern, yet reminiscent of Gregory Peck.  <\/p>\n<p>Her Hollywood flair, both in tone and in voice, won the company over. &#8220;When it came to making this change, we immediately thought we already had the right person in the house,&#8221; adds the creative director. <\/p>\n<h3>The actor salutes Chanel&#8217;s audacity<\/h3>\n<p>Jacob Elordi himself appreciates this new artistic direction. &#8220;I find this change really interesting, and I think it&#8217;s bold of Chanel to go down this road,&#8221; he says. He admires people who try to think outside the box and go beyond established norms.  <\/p>\n<p>The Australian actor perfectly embodies this desire to do things differently. His personality matches the desired evolution of <strong>Bleu de Chanel<\/strong>: modern, magnetic, but without taking itself too seriously. <\/p>\n<h2>A new campaign by Alfonso Cuar\u00f3n<\/h2>\n<p>Chanel will shortly unveil a new campaign film to accompany this nomination. Director Alfonso Cuar\u00f3n, known for Gravity and Roma, signs this ambitious project. This collaboration is a radical departure from the advertising we&#8217;re used to for <strong>Bleu de Chanel<\/strong>.  <\/p>\n<p>The change is as much aesthetic as narrative. Jacob Elordi will be seen in a new role, sharing the bill with the bottle of <strong>Bleu de Chanel L&#8217;Exclusif<\/strong>. This new, more intense iteration of the bestseller was launched last year.  <\/p>\n<p>The French house is thus pursuing its strategy of renewal, while capitalizing on the heritage of its cult men&#8217;s fragrance. With Jacob Elordi, <strong>Bleu de Chanel<\/strong> is now aimed at a new generation, while retaining the values of freedom and self-assertion that have made it such a success since 2010. <\/p>\n","protected":false},"excerpt":{"rendered":"<p>In April 2026, Bleu de Chanel takes on a new face. Australian actor Jacob Elordi becomes the new ambassador for the French fashion house&#8217;s cult&#8230;<\/p>\n","protected":false},"author":13,"featured_media":220242,"comment_status":"open","ping_status":"closed","sticky":false,"template":"","format":"standard","meta":{"_acf_changed":false,"footnotes":""},"categories":[2685],"tags":[6989],"quartier":[],"class_list":["post-220274","post","type-post","status-publish","format-standard","has-post-thumbnail","hentry","category-news-du-luxe-en","tag-bleu-de-chanel"],"acf":[],"yoast_head":"<!-- This site is optimized with the Yoast SEO plugin v27.4 - https:\/\/yoast.com\/product\/yoast-seo-wordpress\/ -->\n<title>Jacob Elordi becomes the new face of Bleu de Chanel, succeeding Timoth\u00e9e Chalamet.<\/title>\n<meta name=\"description\" content=\"Chanel names Jacob Elordi ambassador for Bleu de Chanel in April 2026. Alfonso Cuar\u00f3n signs the new campaign for the cult men&#039;s fragrance.\" \/>\n<meta name=\"robots\" content=\"index, follow, max-snippet:-1, max-image-preview:large, max-video-preview:-1\" \/>\n<link rel=\"canonical\" href=\"https:\/\/www.parisselectbook.com\/en\/2026\/04\/26\/jacob-elordi-becomes-the-new-face-of-bleu-de-chanel-succeeding-timothee-chalamet\/\" \/>\n<meta property=\"og:locale\" content=\"en_US\" \/>\n<meta property=\"og:type\" content=\"article\" \/>\n<meta property=\"og:title\" content=\"Jacob Elordi becomes the new face of Bleu de Chanel, succeeding Timoth\u00e9e Chalamet.\" \/>\n<meta property=\"og:description\" content=\"Chanel names Jacob Elordi ambassador for Bleu de Chanel in April 2026. Alfonso Cuar\u00f3n signs the new campaign for the cult men&#039;s fragrance.\" \/>\n<meta property=\"og:url\" content=\"https:\/\/www.parisselectbook.com\/en\/2026\/04\/26\/jacob-elordi-becomes-the-new-face-of-bleu-de-chanel-succeeding-timothee-chalamet\/\" \/>\n<meta property=\"og:site_name\" content=\"Paris Select\" \/>\n<meta property=\"article:publisher\" content=\"https:\/\/www.facebook.com\/parisselect\" \/>\n<meta property=\"article:published_time\" content=\"2026-04-26T07:03:32+00:00\" \/>\n<meta property=\"og:image\" content=\"https:\/\/www.parisselectbook.com\/wp-content\/uploads\/2026\/04\/Jacob-Elordi-devient-le-nouveau-visage-de-Bleu-de-Chanel-et-succede-a-Timothee-Chalamet.jpg\" \/>\n\t<meta property=\"og:image:width\" content=\"1200\" \/>\n\t<meta property=\"og:image:height\" content=\"675\" \/>\n\t<meta property=\"og:image:type\" content=\"image\/jpeg\" \/>\n<meta name=\"author\" content=\"zaccharie touboul\" \/>\n<meta name=\"twitter:card\" content=\"summary_large_image\" \/>\n<meta name=\"twitter:label1\" content=\"Written by\" \/>\n\t<meta name=\"twitter:data1\" content=\"zaccharie touboul\" \/>\n\t<meta name=\"twitter:label2\" content=\"Est. reading time\" \/>\n\t<meta name=\"twitter:data2\" content=\"3 minutes\" \/>\n<script type=\"application\/ld+json\" class=\"yoast-schema-graph\">{\"@context\":\"https:\\\/\\\/schema.org\",\"@graph\":[{\"@type\":\"Article\",\"@id\":\"https:\\\/\\\/www.parisselectbook.com\\\/en\\\/2026\\\/04\\\/26\\\/jacob-elordi-becomes-the-new-face-of-bleu-de-chanel-succeeding-timothee-chalamet\\\/#article\",\"isPartOf\":{\"@id\":\"https:\\\/\\\/www.parisselectbook.com\\\/en\\\/2026\\\/04\\\/26\\\/jacob-elordi-becomes-the-new-face-of-bleu-de-chanel-succeeding-timothee-chalamet\\\/\"},\"author\":{\"name\":\"zaccharie touboul\",\"@id\":\"https:\\\/\\\/www.parisselectbook.com\\\/en\\\/#\\\/schema\\\/person\\\/3675d9a80d6cbefbfde597e393c036aa\"},\"headline\":\"Jacob Elordi becomes the new face of Bleu de Chanel, succeeding Timoth\u00e9e Chalamet.\",\"datePublished\":\"2026-04-26T07:03:32+00:00\",\"mainEntityOfPage\":{\"@id\":\"https:\\\/\\\/www.parisselectbook.com\\\/en\\\/2026\\\/04\\\/26\\\/jacob-elordi-becomes-the-new-face-of-bleu-de-chanel-succeeding-timothee-chalamet\\\/\"},\"wordCount\":715,\"commentCount\":0,\"publisher\":{\"@id\":\"https:\\\/\\\/www.parisselectbook.com\\\/en\\\/#organization\"},\"image\":{\"@id\":\"https:\\\/\\\/www.parisselectbook.com\\\/en\\\/2026\\\/04\\\/26\\\/jacob-elordi-becomes-the-new-face-of-bleu-de-chanel-succeeding-timothee-chalamet\\\/#primaryimage\"},\"thumbnailUrl\":\"https:\\\/\\\/www.parisselectbook.com\\\/wp-content\\\/uploads\\\/2026\\\/04\\\/Jacob-Elordi-devient-le-nouveau-visage-de-Bleu-de-Chanel-et-succede-a-Timothee-Chalamet.jpg\",\"keywords\":[\"Bleu de Chanel\"],\"articleSection\":[\"News du Luxe\"],\"inLanguage\":\"en-US\",\"potentialAction\":[{\"@type\":\"CommentAction\",\"name\":\"Comment\",\"target\":[\"https:\\\/\\\/www.parisselectbook.com\\\/en\\\/2026\\\/04\\\/26\\\/jacob-elordi-becomes-the-new-face-of-bleu-de-chanel-succeeding-timothee-chalamet\\\/#respond\"]}]},{\"@type\":\"WebPage\",\"@id\":\"https:\\\/\\\/www.parisselectbook.com\\\/en\\\/2026\\\/04\\\/26\\\/jacob-elordi-becomes-the-new-face-of-bleu-de-chanel-succeeding-timothee-chalamet\\\/\",\"url\":\"https:\\\/\\\/www.parisselectbook.com\\\/en\\\/2026\\\/04\\\/26\\\/jacob-elordi-becomes-the-new-face-of-bleu-de-chanel-succeeding-timothee-chalamet\\\/\",\"name\":\"Jacob Elordi becomes the new face of Bleu de Chanel, succeeding Timoth\u00e9e Chalamet.\",\"isPartOf\":{\"@id\":\"https:\\\/\\\/www.parisselectbook.com\\\/en\\\/#website\"},\"primaryImageOfPage\":{\"@id\":\"https:\\\/\\\/www.parisselectbook.com\\\/en\\\/2026\\\/04\\\/26\\\/jacob-elordi-becomes-the-new-face-of-bleu-de-chanel-succeeding-timothee-chalamet\\\/#primaryimage\"},\"image\":{\"@id\":\"https:\\\/\\\/www.parisselectbook.com\\\/en\\\/2026\\\/04\\\/26\\\/jacob-elordi-becomes-the-new-face-of-bleu-de-chanel-succeeding-timothee-chalamet\\\/#primaryimage\"},\"thumbnailUrl\":\"https:\\\/\\\/www.parisselectbook.com\\\/wp-content\\\/uploads\\\/2026\\\/04\\\/Jacob-Elordi-devient-le-nouveau-visage-de-Bleu-de-Chanel-et-succede-a-Timothee-Chalamet.jpg\",\"datePublished\":\"2026-04-26T07:03:32+00:00\",\"description\":\"Chanel names Jacob Elordi ambassador for Bleu de Chanel in April 2026. Alfonso Cuar\u00f3n signs the new campaign for the cult men's fragrance.\",\"breadcrumb\":{\"@id\":\"https:\\\/\\\/www.parisselectbook.com\\\/en\\\/2026\\\/04\\\/26\\\/jacob-elordi-becomes-the-new-face-of-bleu-de-chanel-succeeding-timothee-chalamet\\\/#breadcrumb\"},\"inLanguage\":\"en-US\",\"potentialAction\":[{\"@type\":\"ReadAction\",\"target\":[\"https:\\\/\\\/www.parisselectbook.com\\\/en\\\/2026\\\/04\\\/26\\\/jacob-elordi-becomes-the-new-face-of-bleu-de-chanel-succeeding-timothee-chalamet\\\/\"]}]},{\"@type\":\"ImageObject\",\"inLanguage\":\"en-US\",\"@id\":\"https:\\\/\\\/www.parisselectbook.com\\\/en\\\/2026\\\/04\\\/26\\\/jacob-elordi-becomes-the-new-face-of-bleu-de-chanel-succeeding-timothee-chalamet\\\/#primaryimage\",\"url\":\"https:\\\/\\\/www.parisselectbook.com\\\/wp-content\\\/uploads\\\/2026\\\/04\\\/Jacob-Elordi-devient-le-nouveau-visage-de-Bleu-de-Chanel-et-succede-a-Timothee-Chalamet.jpg\",\"contentUrl\":\"https:\\\/\\\/www.parisselectbook.com\\\/wp-content\\\/uploads\\\/2026\\\/04\\\/Jacob-Elordi-devient-le-nouveau-visage-de-Bleu-de-Chanel-et-succede-a-Timothee-Chalamet.jpg\",\"width\":1200,\"height\":675,\"caption\":\"Jacob Elordi devient le nouveau visage de Bleu de Chanel et succ\u00e8de \u00e0 Timoth\u00e9e Chalamet\"},{\"@type\":\"BreadcrumbList\",\"@id\":\"https:\\\/\\\/www.parisselectbook.com\\\/en\\\/2026\\\/04\\\/26\\\/jacob-elordi-becomes-the-new-face-of-bleu-de-chanel-succeeding-timothee-chalamet\\\/#breadcrumb\",\"itemListElement\":[{\"@type\":\"ListItem\",\"position\":1,\"name\":\"Que faire \u00e0 Paris ?\",\"item\":\"https:\\\/\\\/www.parisselectbook.com\\\/en\\\/category\\\/que-faire-a-paris-en\\\/\"},{\"@type\":\"ListItem\",\"position\":2,\"name\":\"Jacob Elordi becomes the new face of Bleu de Chanel, succeeding Timoth\u00e9e Chalamet.\"}]},{\"@type\":\"WebSite\",\"@id\":\"https:\\\/\\\/www.parisselectbook.com\\\/en\\\/#website\",\"url\":\"https:\\\/\\\/www.parisselectbook.com\\\/en\\\/\",\"name\":\"Paris Select Book\",\"description\":\"Le guide chic des Tendances Parisiennes\",\"publisher\":{\"@id\":\"https:\\\/\\\/www.parisselectbook.com\\\/en\\\/#organization\"},\"potentialAction\":[{\"@type\":\"SearchAction\",\"target\":{\"@type\":\"EntryPoint\",\"urlTemplate\":\"https:\\\/\\\/www.parisselectbook.com\\\/en\\\/?s={search_term_string}\"},\"query-input\":{\"@type\":\"PropertyValueSpecification\",\"valueRequired\":true,\"valueName\":\"search_term_string\"}}],\"inLanguage\":\"en-US\"},{\"@type\":\"Organization\",\"@id\":\"https:\\\/\\\/www.parisselectbook.com\\\/en\\\/#organization\",\"name\":\"Paris Select\",\"url\":\"https:\\\/\\\/www.parisselectbook.com\\\/en\\\/\",\"logo\":{\"@type\":\"ImageObject\",\"inLanguage\":\"en-US\",\"@id\":\"https:\\\/\\\/www.parisselectbook.com\\\/en\\\/#\\\/schema\\\/logo\\\/image\\\/\",\"url\":\"https:\\\/\\\/www.parisselectbook.com\\\/wp-content\\\/uploads\\\/2024\\\/06\\\/logo-IG-TKTK-LK.png\",\"contentUrl\":\"https:\\\/\\\/www.parisselectbook.com\\\/wp-content\\\/uploads\\\/2024\\\/06\\\/logo-IG-TKTK-LK.png\",\"width\":684,\"height\":665,\"caption\":\"Paris Select\"},\"image\":{\"@id\":\"https:\\\/\\\/www.parisselectbook.com\\\/en\\\/#\\\/schema\\\/logo\\\/image\\\/\"},\"sameAs\":[\"https:\\\/\\\/www.facebook.com\\\/parisselect\",\"https:\\\/\\\/www.instagram.com\\\/parisselect\\\/\",\"https:\\\/\\\/www.tiktok.com\\\/@parisselect\"]},{\"@type\":\"Person\",\"@id\":\"https:\\\/\\\/www.parisselectbook.com\\\/en\\\/#\\\/schema\\\/person\\\/3675d9a80d6cbefbfde597e393c036aa\",\"name\":\"zaccharie touboul\",\"sameAs\":[\"https:\\\/\\\/www.parisselectbook.com\\\/\"]}]}<\/script>\n<!-- \/ Yoast SEO plugin. -->","yoast_head_json":{"title":"Jacob Elordi becomes the new face of Bleu de Chanel, succeeding Timoth\u00e9e Chalamet.","description":"Chanel names Jacob Elordi ambassador for Bleu de Chanel in April 2026. Alfonso Cuar\u00f3n signs the new campaign for the cult men's fragrance.","robots":{"index":"index","follow":"follow","max-snippet":"max-snippet:-1","max-image-preview":"max-image-preview:large","max-video-preview":"max-video-preview:-1"},"canonical":"https:\/\/www.parisselectbook.com\/en\/2026\/04\/26\/jacob-elordi-becomes-the-new-face-of-bleu-de-chanel-succeeding-timothee-chalamet\/","og_locale":"en_US","og_type":"article","og_title":"Jacob Elordi becomes the new face of Bleu de Chanel, succeeding Timoth\u00e9e Chalamet.","og_description":"Chanel names Jacob Elordi ambassador for Bleu de Chanel in April 2026. Alfonso Cuar\u00f3n signs the new campaign for the cult men's fragrance.","og_url":"https:\/\/www.parisselectbook.com\/en\/2026\/04\/26\/jacob-elordi-becomes-the-new-face-of-bleu-de-chanel-succeeding-timothee-chalamet\/","og_site_name":"Paris Select","article_publisher":"https:\/\/www.facebook.com\/parisselect","article_published_time":"2026-04-26T07:03:32+00:00","og_image":[{"width":1200,"height":675,"url":"https:\/\/www.parisselectbook.com\/wp-content\/uploads\/2026\/04\/Jacob-Elordi-devient-le-nouveau-visage-de-Bleu-de-Chanel-et-succede-a-Timothee-Chalamet.jpg","type":"image\/jpeg"}],"author":"zaccharie touboul","twitter_card":"summary_large_image","twitter_misc":{"Written by":"zaccharie touboul","Est. reading time":"3 minutes"},"schema":{"@context":"https:\/\/schema.org","@graph":[{"@type":"Article","@id":"https:\/\/www.parisselectbook.com\/en\/2026\/04\/26\/jacob-elordi-becomes-the-new-face-of-bleu-de-chanel-succeeding-timothee-chalamet\/#article","isPartOf":{"@id":"https:\/\/www.parisselectbook.com\/en\/2026\/04\/26\/jacob-elordi-becomes-the-new-face-of-bleu-de-chanel-succeeding-timothee-chalamet\/"},"author":{"name":"zaccharie touboul","@id":"https:\/\/www.parisselectbook.com\/en\/#\/schema\/person\/3675d9a80d6cbefbfde597e393c036aa"},"headline":"Jacob Elordi becomes the new face of Bleu de Chanel, succeeding Timoth\u00e9e Chalamet.","datePublished":"2026-04-26T07:03:32+00:00","mainEntityOfPage":{"@id":"https:\/\/www.parisselectbook.com\/en\/2026\/04\/26\/jacob-elordi-becomes-the-new-face-of-bleu-de-chanel-succeeding-timothee-chalamet\/"},"wordCount":715,"commentCount":0,"publisher":{"@id":"https:\/\/www.parisselectbook.com\/en\/#organization"},"image":{"@id":"https:\/\/www.parisselectbook.com\/en\/2026\/04\/26\/jacob-elordi-becomes-the-new-face-of-bleu-de-chanel-succeeding-timothee-chalamet\/#primaryimage"},"thumbnailUrl":"https:\/\/www.parisselectbook.com\/wp-content\/uploads\/2026\/04\/Jacob-Elordi-devient-le-nouveau-visage-de-Bleu-de-Chanel-et-succede-a-Timothee-Chalamet.jpg","keywords":["Bleu de Chanel"],"articleSection":["News du Luxe"],"inLanguage":"en-US","potentialAction":[{"@type":"CommentAction","name":"Comment","target":["https:\/\/www.parisselectbook.com\/en\/2026\/04\/26\/jacob-elordi-becomes-the-new-face-of-bleu-de-chanel-succeeding-timothee-chalamet\/#respond"]}]},{"@type":"WebPage","@id":"https:\/\/www.parisselectbook.com\/en\/2026\/04\/26\/jacob-elordi-becomes-the-new-face-of-bleu-de-chanel-succeeding-timothee-chalamet\/","url":"https:\/\/www.parisselectbook.com\/en\/2026\/04\/26\/jacob-elordi-becomes-the-new-face-of-bleu-de-chanel-succeeding-timothee-chalamet\/","name":"Jacob Elordi becomes the new face of Bleu de Chanel, succeeding Timoth\u00e9e Chalamet.","isPartOf":{"@id":"https:\/\/www.parisselectbook.com\/en\/#website"},"primaryImageOfPage":{"@id":"https:\/\/www.parisselectbook.com\/en\/2026\/04\/26\/jacob-elordi-becomes-the-new-face-of-bleu-de-chanel-succeeding-timothee-chalamet\/#primaryimage"},"image":{"@id":"https:\/\/www.parisselectbook.com\/en\/2026\/04\/26\/jacob-elordi-becomes-the-new-face-of-bleu-de-chanel-succeeding-timothee-chalamet\/#primaryimage"},"thumbnailUrl":"https:\/\/www.parisselectbook.com\/wp-content\/uploads\/2026\/04\/Jacob-Elordi-devient-le-nouveau-visage-de-Bleu-de-Chanel-et-succede-a-Timothee-Chalamet.jpg","datePublished":"2026-04-26T07:03:32+00:00","description":"Chanel names Jacob Elordi ambassador for Bleu de Chanel in April 2026. Alfonso Cuar\u00f3n signs the new campaign for the cult men's fragrance.","breadcrumb":{"@id":"https:\/\/www.parisselectbook.com\/en\/2026\/04\/26\/jacob-elordi-becomes-the-new-face-of-bleu-de-chanel-succeeding-timothee-chalamet\/#breadcrumb"},"inLanguage":"en-US","potentialAction":[{"@type":"ReadAction","target":["https:\/\/www.parisselectbook.com\/en\/2026\/04\/26\/jacob-elordi-becomes-the-new-face-of-bleu-de-chanel-succeeding-timothee-chalamet\/"]}]},{"@type":"ImageObject","inLanguage":"en-US","@id":"https:\/\/www.parisselectbook.com\/en\/2026\/04\/26\/jacob-elordi-becomes-the-new-face-of-bleu-de-chanel-succeeding-timothee-chalamet\/#primaryimage","url":"https:\/\/www.parisselectbook.com\/wp-content\/uploads\/2026\/04\/Jacob-Elordi-devient-le-nouveau-visage-de-Bleu-de-Chanel-et-succede-a-Timothee-Chalamet.jpg","contentUrl":"https:\/\/www.parisselectbook.com\/wp-content\/uploads\/2026\/04\/Jacob-Elordi-devient-le-nouveau-visage-de-Bleu-de-Chanel-et-succede-a-Timothee-Chalamet.jpg","width":1200,"height":675,"caption":"Jacob Elordi devient le nouveau visage de Bleu de Chanel et succ\u00e8de \u00e0 Timoth\u00e9e Chalamet"},{"@type":"BreadcrumbList","@id":"https:\/\/www.parisselectbook.com\/en\/2026\/04\/26\/jacob-elordi-becomes-the-new-face-of-bleu-de-chanel-succeeding-timothee-chalamet\/#breadcrumb","itemListElement":[{"@type":"ListItem","position":1,"name":"Que faire \u00e0 Paris ?","item":"https:\/\/www.parisselectbook.com\/en\/category\/que-faire-a-paris-en\/"},{"@type":"ListItem","position":2,"name":"Jacob Elordi becomes the new face of Bleu de Chanel, succeeding Timoth\u00e9e Chalamet."}]},{"@type":"WebSite","@id":"https:\/\/www.parisselectbook.com\/en\/#website","url":"https:\/\/www.parisselectbook.com\/en\/","name":"Paris Select Book","description":"Le guide chic des Tendances Parisiennes","publisher":{"@id":"https:\/\/www.parisselectbook.com\/en\/#organization"},"potentialAction":[{"@type":"SearchAction","target":{"@type":"EntryPoint","urlTemplate":"https:\/\/www.parisselectbook.com\/en\/?s={search_term_string}"},"query-input":{"@type":"PropertyValueSpecification","valueRequired":true,"valueName":"search_term_string"}}],"inLanguage":"en-US"},{"@type":"Organization","@id":"https:\/\/www.parisselectbook.com\/en\/#organization","name":"Paris Select","url":"https:\/\/www.parisselectbook.com\/en\/","logo":{"@type":"ImageObject","inLanguage":"en-US","@id":"https:\/\/www.parisselectbook.com\/en\/#\/schema\/logo\/image\/","url":"https:\/\/www.parisselectbook.com\/wp-content\/uploads\/2024\/06\/logo-IG-TKTK-LK.png","contentUrl":"https:\/\/www.parisselectbook.com\/wp-content\/uploads\/2024\/06\/logo-IG-TKTK-LK.png","width":684,"height":665,"caption":"Paris Select"},"image":{"@id":"https:\/\/www.parisselectbook.com\/en\/#\/schema\/logo\/image\/"},"sameAs":["https:\/\/www.facebook.com\/parisselect","https:\/\/www.instagram.com\/parisselect\/","https:\/\/www.tiktok.com\/@parisselect"]},{"@type":"Person","@id":"https:\/\/www.parisselectbook.com\/en\/#\/schema\/person\/3675d9a80d6cbefbfde597e393c036aa","name":"zaccharie touboul","sameAs":["https:\/\/www.parisselectbook.com\/"]}]}},"_links":{"self":[{"href":"https:\/\/www.parisselectbook.com\/en\/wp-json\/wp\/v2\/posts\/220274","targetHints":{"allow":["GET"]}}],"collection":[{"href":"https:\/\/www.parisselectbook.com\/en\/wp-json\/wp\/v2\/posts"}],"about":[{"href":"https:\/\/www.parisselectbook.com\/en\/wp-json\/wp\/v2\/types\/post"}],"author":[{"embeddable":true,"href":"https:\/\/www.parisselectbook.com\/en\/wp-json\/wp\/v2\/users\/13"}],"replies":[{"embeddable":true,"href":"https:\/\/www.parisselectbook.com\/en\/wp-json\/wp\/v2\/comments?post=220274"}],"version-history":[{"count":0,"href":"https:\/\/www.parisselectbook.com\/en\/wp-json\/wp\/v2\/posts\/220274\/revisions"}],"wp:featuredmedia":[{"embeddable":true,"href":"https:\/\/www.parisselectbook.com\/en\/wp-json\/wp\/v2\/media\/220242"}],"wp:attachment":[{"href":"https:\/\/www.parisselectbook.com\/en\/wp-json\/wp\/v2\/media?parent=220274"}],"wp:term":[{"taxonomy":"category","embeddable":true,"href":"https:\/\/www.parisselectbook.com\/en\/wp-json\/wp\/v2\/categories?post=220274"},{"taxonomy":"post_tag","embeddable":true,"href":"https:\/\/www.parisselectbook.com\/en\/wp-json\/wp\/v2\/tags?post=220274"},{"taxonomy":"quartier","embeddable":true,"href":"https:\/\/www.parisselectbook.com\/en\/wp-json\/wp\/v2\/quartier?post=220274"}],"curies":[{"name":"wp","href":"https:\/\/api.w.org\/{rel}","templated":true}]}}