{"id":220677,"date":"2026-04-29T12:28:31","date_gmt":"2026-04-29T10:28:31","guid":{"rendered":"https:\/\/www.parisselectbook.com\/2026\/04\/29\/micro-bob-the-ultra-short-bob-that-structures-the-face-this-summer-2026\/"},"modified":"2026-04-29T12:28:31","modified_gmt":"2026-04-29T10:28:31","slug":"micro-bob-the-ultra-short-bob-that-structures-the-face-this-summer-2026","status":"publish","type":"post","link":"https:\/\/www.parisselectbook.com\/en\/2026\/04\/29\/micro-bob-the-ultra-short-bob-that-structures-the-face-this-summer-2026\/","title":{"rendered":"Micro bob: the ultra-short bob that structures the face this summer 2026"},"content":{"rendered":"<p><a href=\"https:\/\/www.parisselectbook.com\/2026\/04\/29\/le-carre-long-facon-lea-seydoux-la-coupe-chic-et-facile-a-adopter-cet-ete-2026\/\">Spring-summer 2026<\/a> marks the return in force of a daring cut: the <strong>micro bob<\/strong>. This ultra-short bob is already seducing women in search of a fresh, assertive style. Worn by the likes of Ang\u00e8le and Gracie Abrams, it is now the season&#8217;s leading cut.  <\/p>\n<h2>What exactly is a micro bob?<\/h2>\n<p>The micro bob is the ultra-short version of the classic bob. This cut reaches just to the <a href=\"https:\/\/www.parisselectbook.com\/2026\/04\/29\/carre-machoire-la-coupe-rajeunissante-que-les-coiffeurs-conseillent-apres-50-ans-cet-ete\/\">jawline<\/a>, giving it a modern, structured look. Unlike longer bobs, it leaves the nape of the neck completely clear, enhancing facial features.  <\/p>\n<p>This hair style is distinguished by its <a href=\"https:\/\/www.parisselectbook.com\/en\/2026\/04\/29\/shark-glossi-the-2-in-1-blow-brush-at-179-99-euros-for-a-salon-blow-dry-at-home\/\">simplicity<\/a>. It doesn&#8217;t require complex cutting techniques. Yet its visual effect is striking and immediate.  <\/p>\n<p>The micro bob offers a look that&#8217;s both <a href=\"https:\/\/www.parisselectbook.com\/en\/2026\/04\/29\/baby-copper-the-soft-copper-color-that-illuminates-the-complexion-and-is-making-a-name-for-itself-this-summer-2026-in-hair-color\/\">fresh and daring<\/a>. It&#8217;s perfect for women who want to make a statement. What&#8217;s more, this cut adapts to a variety of clothing styles, from casual to sophisticated.  <\/p>\n<blockquote><p>&#8220;It&#8217;s a square that asserts style while remaining simple to style.&#8221;<\/p><\/blockquote>\n<h3>Why does this short bob structure the face so well?<\/h3>\n<p>The length of the micro bob, which stops at the jawline, creates a natural framing effect. As a result, facial features appear more defined and harmonious. This characteristic partly explains its current success.  <\/p>\n<p>What&#8217;s more, this cut enhances the line of the neck and shoulders. It draws the eye upwards, visually elongating the silhouette. The micro bob flatters many body types.  <\/p>\n<ul>\n<li>Length to just below jawline<\/li>\n<li>Natural facial structure<\/li>\n<li>Fresh, bold style<\/li>\n<li>Ideal with a fringe or side parting<\/li>\n<li>Easy to style every day<\/li>\n<\/ul>\n<h2>How to customize your micro bob?<\/h2>\n<p>To soften the look, a fringe is an excellent choice. It adds a touch of softness to the assertive character of this short cut. Curtain bangs, on the other hand, are best suited to round or square faces.  <\/p>\n<p>The side parting is another interesting option. It creates a subtle asymmetry that energizes the whole look. It also lets you vary your hairstyle to suit the occasion.  <\/p>\n<p>The micro bob adapts well to both straight and wavy hair textures. However, a light straightening can accentuate its graphic look. In this way, the cut becomes sharper and more modern.  <\/p>\n<p>Natural shades particularly enhance this structured cut. However, subtle highlights can add depth to the hair. The choice of color is therefore a matter of personal taste.  <\/p>\n<h3>Day-to-day maintenance<\/h3>\n<p>The micro bob offers the advantage of fast styling every morning. A simple blow-dry is often all that&#8217;s needed to achieve impeccable results. As a result, this cut is ideal for women in a hurry.  <\/p>\n<p>However, regular visits to the hairdresser are still necessary. Short haircuts quickly lose their shape if the hair grows too much. So a refresh every four to six weeks is advisable.  <\/p>\n<h2>The micro bob, emblematic cut for spring-summer 2026<\/h2>\n<p>This season, the ultra-short bob is one of the most striking hair trends. Its success is due to its ability to combine boldness and practicality. What&#8217;s more, celebrities like Ang\u00e8le and Gracie Abrams have adopted it with style.  <\/p>\n<p>The micro bob meets the expectations of modern women. It offers an assertive look without requiring hours of styling. In short, it&#8217;s the ideal cut for those who want a change.  <\/p>\n<p>This short bob is perfect for sunny days. The uncluttered nape of the neck gives it an appreciable feeling of freshness. It also enhances summer outfits with bare shoulders.  <\/p>\n<p>Opting for a micro bob is a real style choice in 2026. This bold cut instantly transforms a look. It proves that a change of hair can reveal a new facet of your personality.  <\/p>\n","protected":false},"excerpt":{"rendered":"<p>Spring-summer 2026 marks the return in force of a daring cut: the micro bob. This ultra-short bob is already seducing women in search of a&#8230;<\/p>\n","protected":false},"author":13,"featured_media":220488,"comment_status":"open","ping_status":"closed","sticky":false,"template":"","format":"standard","meta":{"_acf_changed":false,"footnotes":""},"categories":[2685],"tags":[7029],"quartier":[],"class_list":["post-220677","post","type-post","status-publish","format-standard","has-post-thumbnail","hentry","category-news-du-luxe-en","tag-micro-bob"],"acf":[],"yoast_head":"<!-- This site is optimized with the Yoast SEO plugin v27.5 - https:\/\/yoast.com\/product\/yoast-seo-wordpress\/ -->\n<title>Micro bob: the ultra-short bob that structures the face this summer 2026<\/title>\n<meta name=\"description\" content=\"The micro bob gives structure to the face and is emerging as the leading hairstyle for spring-summer 2026. Ang\u00e8le and Gracie Abrams have already adopted it.\" \/>\n<meta name=\"robots\" content=\"index, follow, max-snippet:-1, max-image-preview:large, max-video-preview:-1\" \/>\n<link rel=\"canonical\" href=\"https:\/\/www.parisselectbook.com\/en\/2026\/04\/29\/micro-bob-the-ultra-short-bob-that-structures-the-face-this-summer-2026\/\" \/>\n<meta property=\"og:locale\" content=\"en_US\" \/>\n<meta property=\"og:type\" content=\"article\" \/>\n<meta property=\"og:title\" content=\"Micro bob: the ultra-short bob that structures the face this summer 2026\" \/>\n<meta property=\"og:description\" content=\"The micro bob gives structure to the face and is emerging as the leading hairstyle for spring-summer 2026. Ang\u00e8le and Gracie Abrams have already adopted it.\" \/>\n<meta property=\"og:url\" content=\"https:\/\/www.parisselectbook.com\/en\/2026\/04\/29\/micro-bob-the-ultra-short-bob-that-structures-the-face-this-summer-2026\/\" \/>\n<meta property=\"og:site_name\" content=\"Paris Select\" \/>\n<meta property=\"article:publisher\" content=\"https:\/\/www.facebook.com\/parisselect\" \/>\n<meta property=\"article:published_time\" content=\"2026-04-29T10:28:31+00:00\" \/>\n<meta property=\"og:image\" content=\"https:\/\/www.parisselectbook.com\/wp-content\/uploads\/2026\/04\/220486-image.jpg\" \/>\n\t<meta property=\"og:image:width\" content=\"1200\" \/>\n\t<meta property=\"og:image:height\" content=\"680\" \/>\n\t<meta property=\"og:image:type\" content=\"image\/jpeg\" \/>\n<meta name=\"author\" content=\"zaccharie touboul\" \/>\n<meta name=\"twitter:card\" content=\"summary_large_image\" \/>\n<meta name=\"twitter:label1\" content=\"Written by\" \/>\n\t<meta name=\"twitter:data1\" content=\"zaccharie touboul\" \/>\n\t<meta name=\"twitter:label2\" content=\"Est. reading time\" \/>\n\t<meta name=\"twitter:data2\" content=\"3 minutes\" \/>\n<script type=\"application\/ld+json\" class=\"yoast-schema-graph\">{\"@context\":\"https:\\\/\\\/schema.org\",\"@graph\":[{\"@type\":\"Article\",\"@id\":\"https:\\\/\\\/www.parisselectbook.com\\\/en\\\/2026\\\/04\\\/29\\\/micro-bob-the-ultra-short-bob-that-structures-the-face-this-summer-2026\\\/#article\",\"isPartOf\":{\"@id\":\"https:\\\/\\\/www.parisselectbook.com\\\/en\\\/2026\\\/04\\\/29\\\/micro-bob-the-ultra-short-bob-that-structures-the-face-this-summer-2026\\\/\"},\"author\":{\"name\":\"zaccharie touboul\",\"@id\":\"https:\\\/\\\/www.parisselectbook.com\\\/en\\\/#\\\/schema\\\/person\\\/3675d9a80d6cbefbfde597e393c036aa\"},\"headline\":\"Micro bob: the ultra-short bob that structures the face this summer 2026\",\"datePublished\":\"2026-04-29T10:28:31+00:00\",\"mainEntityOfPage\":{\"@id\":\"https:\\\/\\\/www.parisselectbook.com\\\/en\\\/2026\\\/04\\\/29\\\/micro-bob-the-ultra-short-bob-that-structures-the-face-this-summer-2026\\\/\"},\"wordCount\":610,\"commentCount\":0,\"publisher\":{\"@id\":\"https:\\\/\\\/www.parisselectbook.com\\\/en\\\/#organization\"},\"image\":{\"@id\":\"https:\\\/\\\/www.parisselectbook.com\\\/en\\\/2026\\\/04\\\/29\\\/micro-bob-the-ultra-short-bob-that-structures-the-face-this-summer-2026\\\/#primaryimage\"},\"thumbnailUrl\":\"https:\\\/\\\/www.parisselectbook.com\\\/wp-content\\\/uploads\\\/2026\\\/04\\\/220486-image.jpg\",\"keywords\":[\"micro bob\"],\"articleSection\":[\"News du Luxe\"],\"inLanguage\":\"en-US\",\"potentialAction\":[{\"@type\":\"CommentAction\",\"name\":\"Comment\",\"target\":[\"https:\\\/\\\/www.parisselectbook.com\\\/en\\\/2026\\\/04\\\/29\\\/micro-bob-the-ultra-short-bob-that-structures-the-face-this-summer-2026\\\/#respond\"]}]},{\"@type\":\"WebPage\",\"@id\":\"https:\\\/\\\/www.parisselectbook.com\\\/en\\\/2026\\\/04\\\/29\\\/micro-bob-the-ultra-short-bob-that-structures-the-face-this-summer-2026\\\/\",\"url\":\"https:\\\/\\\/www.parisselectbook.com\\\/en\\\/2026\\\/04\\\/29\\\/micro-bob-the-ultra-short-bob-that-structures-the-face-this-summer-2026\\\/\",\"name\":\"Micro bob: the ultra-short bob that structures the face this summer 2026\",\"isPartOf\":{\"@id\":\"https:\\\/\\\/www.parisselectbook.com\\\/en\\\/#website\"},\"primaryImageOfPage\":{\"@id\":\"https:\\\/\\\/www.parisselectbook.com\\\/en\\\/2026\\\/04\\\/29\\\/micro-bob-the-ultra-short-bob-that-structures-the-face-this-summer-2026\\\/#primaryimage\"},\"image\":{\"@id\":\"https:\\\/\\\/www.parisselectbook.com\\\/en\\\/2026\\\/04\\\/29\\\/micro-bob-the-ultra-short-bob-that-structures-the-face-this-summer-2026\\\/#primaryimage\"},\"thumbnailUrl\":\"https:\\\/\\\/www.parisselectbook.com\\\/wp-content\\\/uploads\\\/2026\\\/04\\\/220486-image.jpg\",\"datePublished\":\"2026-04-29T10:28:31+00:00\",\"description\":\"The micro bob gives structure to the face and is emerging as the leading hairstyle for spring-summer 2026. Ang\u00e8le and Gracie Abrams have already adopted it.\",\"breadcrumb\":{\"@id\":\"https:\\\/\\\/www.parisselectbook.com\\\/en\\\/2026\\\/04\\\/29\\\/micro-bob-the-ultra-short-bob-that-structures-the-face-this-summer-2026\\\/#breadcrumb\"},\"inLanguage\":\"en-US\",\"potentialAction\":[{\"@type\":\"ReadAction\",\"target\":[\"https:\\\/\\\/www.parisselectbook.com\\\/en\\\/2026\\\/04\\\/29\\\/micro-bob-the-ultra-short-bob-that-structures-the-face-this-summer-2026\\\/\"]}]},{\"@type\":\"ImageObject\",\"inLanguage\":\"en-US\",\"@id\":\"https:\\\/\\\/www.parisselectbook.com\\\/en\\\/2026\\\/04\\\/29\\\/micro-bob-the-ultra-short-bob-that-structures-the-face-this-summer-2026\\\/#primaryimage\",\"url\":\"https:\\\/\\\/www.parisselectbook.com\\\/wp-content\\\/uploads\\\/2026\\\/04\\\/220486-image.jpg\",\"contentUrl\":\"https:\\\/\\\/www.parisselectbook.com\\\/wp-content\\\/uploads\\\/2026\\\/04\\\/220486-image.jpg\",\"width\":1200,\"height\":680,\"caption\":\"ParisSelect - Micro bob : le carr\u00e9 ultra court qui structure le visage cet \u00e9t\u00e9 2026\"},{\"@type\":\"BreadcrumbList\",\"@id\":\"https:\\\/\\\/www.parisselectbook.com\\\/en\\\/2026\\\/04\\\/29\\\/micro-bob-the-ultra-short-bob-that-structures-the-face-this-summer-2026\\\/#breadcrumb\",\"itemListElement\":[{\"@type\":\"ListItem\",\"position\":1,\"name\":\"Que faire \u00e0 Paris ?\",\"item\":\"https:\\\/\\\/www.parisselectbook.com\\\/en\\\/category\\\/que-faire-a-paris-en\\\/\"},{\"@type\":\"ListItem\",\"position\":2,\"name\":\"Micro bob: the ultra-short bob that structures the face this summer 2026\"}]},{\"@type\":\"WebSite\",\"@id\":\"https:\\\/\\\/www.parisselectbook.com\\\/en\\\/#website\",\"url\":\"https:\\\/\\\/www.parisselectbook.com\\\/en\\\/\",\"name\":\"Paris Select Book\",\"description\":\"Le guide chic des Tendances Parisiennes\",\"publisher\":{\"@id\":\"https:\\\/\\\/www.parisselectbook.com\\\/en\\\/#organization\"},\"potentialAction\":[{\"@type\":\"SearchAction\",\"target\":{\"@type\":\"EntryPoint\",\"urlTemplate\":\"https:\\\/\\\/www.parisselectbook.com\\\/en\\\/?s={search_term_string}\"},\"query-input\":{\"@type\":\"PropertyValueSpecification\",\"valueRequired\":true,\"valueName\":\"search_term_string\"}}],\"inLanguage\":\"en-US\"},{\"@type\":\"Organization\",\"@id\":\"https:\\\/\\\/www.parisselectbook.com\\\/en\\\/#organization\",\"name\":\"Paris Select\",\"url\":\"https:\\\/\\\/www.parisselectbook.com\\\/en\\\/\",\"logo\":{\"@type\":\"ImageObject\",\"inLanguage\":\"en-US\",\"@id\":\"https:\\\/\\\/www.parisselectbook.com\\\/en\\\/#\\\/schema\\\/logo\\\/image\\\/\",\"url\":\"https:\\\/\\\/www.parisselectbook.com\\\/wp-content\\\/uploads\\\/2024\\\/06\\\/logo-IG-TKTK-LK.png\",\"contentUrl\":\"https:\\\/\\\/www.parisselectbook.com\\\/wp-content\\\/uploads\\\/2024\\\/06\\\/logo-IG-TKTK-LK.png\",\"width\":684,\"height\":665,\"caption\":\"Paris Select\"},\"image\":{\"@id\":\"https:\\\/\\\/www.parisselectbook.com\\\/en\\\/#\\\/schema\\\/logo\\\/image\\\/\"},\"sameAs\":[\"https:\\\/\\\/www.facebook.com\\\/parisselect\",\"https:\\\/\\\/www.instagram.com\\\/parisselect\\\/\",\"https:\\\/\\\/www.tiktok.com\\\/@parisselect\"]},{\"@type\":\"Person\",\"@id\":\"https:\\\/\\\/www.parisselectbook.com\\\/en\\\/#\\\/schema\\\/person\\\/3675d9a80d6cbefbfde597e393c036aa\",\"name\":\"zaccharie touboul\",\"sameAs\":[\"https:\\\/\\\/www.parisselectbook.com\\\/\"]}]}<\/script>\n<!-- \/ Yoast SEO plugin. -->","yoast_head_json":{"title":"Micro bob: the ultra-short bob that structures the face this summer 2026","description":"The micro bob gives structure to the face and is emerging as the leading hairstyle for spring-summer 2026. Ang\u00e8le and Gracie Abrams have already adopted it.","robots":{"index":"index","follow":"follow","max-snippet":"max-snippet:-1","max-image-preview":"max-image-preview:large","max-video-preview":"max-video-preview:-1"},"canonical":"https:\/\/www.parisselectbook.com\/en\/2026\/04\/29\/micro-bob-the-ultra-short-bob-that-structures-the-face-this-summer-2026\/","og_locale":"en_US","og_type":"article","og_title":"Micro bob: the ultra-short bob that structures the face this summer 2026","og_description":"The micro bob gives structure to the face and is emerging as the leading hairstyle for spring-summer 2026. Ang\u00e8le and Gracie Abrams have already adopted it.","og_url":"https:\/\/www.parisselectbook.com\/en\/2026\/04\/29\/micro-bob-the-ultra-short-bob-that-structures-the-face-this-summer-2026\/","og_site_name":"Paris Select","article_publisher":"https:\/\/www.facebook.com\/parisselect","article_published_time":"2026-04-29T10:28:31+00:00","og_image":[{"width":1200,"height":680,"url":"https:\/\/www.parisselectbook.com\/wp-content\/uploads\/2026\/04\/220486-image.jpg","type":"image\/jpeg"}],"author":"zaccharie touboul","twitter_card":"summary_large_image","twitter_misc":{"Written by":"zaccharie touboul","Est. reading time":"3 minutes"},"schema":{"@context":"https:\/\/schema.org","@graph":[{"@type":"Article","@id":"https:\/\/www.parisselectbook.com\/en\/2026\/04\/29\/micro-bob-the-ultra-short-bob-that-structures-the-face-this-summer-2026\/#article","isPartOf":{"@id":"https:\/\/www.parisselectbook.com\/en\/2026\/04\/29\/micro-bob-the-ultra-short-bob-that-structures-the-face-this-summer-2026\/"},"author":{"name":"zaccharie touboul","@id":"https:\/\/www.parisselectbook.com\/en\/#\/schema\/person\/3675d9a80d6cbefbfde597e393c036aa"},"headline":"Micro bob: the ultra-short bob that structures the face this summer 2026","datePublished":"2026-04-29T10:28:31+00:00","mainEntityOfPage":{"@id":"https:\/\/www.parisselectbook.com\/en\/2026\/04\/29\/micro-bob-the-ultra-short-bob-that-structures-the-face-this-summer-2026\/"},"wordCount":610,"commentCount":0,"publisher":{"@id":"https:\/\/www.parisselectbook.com\/en\/#organization"},"image":{"@id":"https:\/\/www.parisselectbook.com\/en\/2026\/04\/29\/micro-bob-the-ultra-short-bob-that-structures-the-face-this-summer-2026\/#primaryimage"},"thumbnailUrl":"https:\/\/www.parisselectbook.com\/wp-content\/uploads\/2026\/04\/220486-image.jpg","keywords":["micro bob"],"articleSection":["News du Luxe"],"inLanguage":"en-US","potentialAction":[{"@type":"CommentAction","name":"Comment","target":["https:\/\/www.parisselectbook.com\/en\/2026\/04\/29\/micro-bob-the-ultra-short-bob-that-structures-the-face-this-summer-2026\/#respond"]}]},{"@type":"WebPage","@id":"https:\/\/www.parisselectbook.com\/en\/2026\/04\/29\/micro-bob-the-ultra-short-bob-that-structures-the-face-this-summer-2026\/","url":"https:\/\/www.parisselectbook.com\/en\/2026\/04\/29\/micro-bob-the-ultra-short-bob-that-structures-the-face-this-summer-2026\/","name":"Micro bob: the ultra-short bob that structures the face this summer 2026","isPartOf":{"@id":"https:\/\/www.parisselectbook.com\/en\/#website"},"primaryImageOfPage":{"@id":"https:\/\/www.parisselectbook.com\/en\/2026\/04\/29\/micro-bob-the-ultra-short-bob-that-structures-the-face-this-summer-2026\/#primaryimage"},"image":{"@id":"https:\/\/www.parisselectbook.com\/en\/2026\/04\/29\/micro-bob-the-ultra-short-bob-that-structures-the-face-this-summer-2026\/#primaryimage"},"thumbnailUrl":"https:\/\/www.parisselectbook.com\/wp-content\/uploads\/2026\/04\/220486-image.jpg","datePublished":"2026-04-29T10:28:31+00:00","description":"The micro bob gives structure to the face and is emerging as the leading hairstyle for spring-summer 2026. Ang\u00e8le and Gracie Abrams have already adopted it.","breadcrumb":{"@id":"https:\/\/www.parisselectbook.com\/en\/2026\/04\/29\/micro-bob-the-ultra-short-bob-that-structures-the-face-this-summer-2026\/#breadcrumb"},"inLanguage":"en-US","potentialAction":[{"@type":"ReadAction","target":["https:\/\/www.parisselectbook.com\/en\/2026\/04\/29\/micro-bob-the-ultra-short-bob-that-structures-the-face-this-summer-2026\/"]}]},{"@type":"ImageObject","inLanguage":"en-US","@id":"https:\/\/www.parisselectbook.com\/en\/2026\/04\/29\/micro-bob-the-ultra-short-bob-that-structures-the-face-this-summer-2026\/#primaryimage","url":"https:\/\/www.parisselectbook.com\/wp-content\/uploads\/2026\/04\/220486-image.jpg","contentUrl":"https:\/\/www.parisselectbook.com\/wp-content\/uploads\/2026\/04\/220486-image.jpg","width":1200,"height":680,"caption":"ParisSelect - Micro bob : le carr\u00e9 ultra court qui structure le visage cet \u00e9t\u00e9 2026"},{"@type":"BreadcrumbList","@id":"https:\/\/www.parisselectbook.com\/en\/2026\/04\/29\/micro-bob-the-ultra-short-bob-that-structures-the-face-this-summer-2026\/#breadcrumb","itemListElement":[{"@type":"ListItem","position":1,"name":"Que faire \u00e0 Paris ?","item":"https:\/\/www.parisselectbook.com\/en\/category\/que-faire-a-paris-en\/"},{"@type":"ListItem","position":2,"name":"Micro bob: the ultra-short bob that structures the face this summer 2026"}]},{"@type":"WebSite","@id":"https:\/\/www.parisselectbook.com\/en\/#website","url":"https:\/\/www.parisselectbook.com\/en\/","name":"Paris Select Book","description":"Le guide chic des Tendances Parisiennes","publisher":{"@id":"https:\/\/www.parisselectbook.com\/en\/#organization"},"potentialAction":[{"@type":"SearchAction","target":{"@type":"EntryPoint","urlTemplate":"https:\/\/www.parisselectbook.com\/en\/?s={search_term_string}"},"query-input":{"@type":"PropertyValueSpecification","valueRequired":true,"valueName":"search_term_string"}}],"inLanguage":"en-US"},{"@type":"Organization","@id":"https:\/\/www.parisselectbook.com\/en\/#organization","name":"Paris Select","url":"https:\/\/www.parisselectbook.com\/en\/","logo":{"@type":"ImageObject","inLanguage":"en-US","@id":"https:\/\/www.parisselectbook.com\/en\/#\/schema\/logo\/image\/","url":"https:\/\/www.parisselectbook.com\/wp-content\/uploads\/2024\/06\/logo-IG-TKTK-LK.png","contentUrl":"https:\/\/www.parisselectbook.com\/wp-content\/uploads\/2024\/06\/logo-IG-TKTK-LK.png","width":684,"height":665,"caption":"Paris Select"},"image":{"@id":"https:\/\/www.parisselectbook.com\/en\/#\/schema\/logo\/image\/"},"sameAs":["https:\/\/www.facebook.com\/parisselect","https:\/\/www.instagram.com\/parisselect\/","https:\/\/www.tiktok.com\/@parisselect"]},{"@type":"Person","@id":"https:\/\/www.parisselectbook.com\/en\/#\/schema\/person\/3675d9a80d6cbefbfde597e393c036aa","name":"zaccharie touboul","sameAs":["https:\/\/www.parisselectbook.com\/"]}]}},"_links":{"self":[{"href":"https:\/\/www.parisselectbook.com\/en\/wp-json\/wp\/v2\/posts\/220677","targetHints":{"allow":["GET"]}}],"collection":[{"href":"https:\/\/www.parisselectbook.com\/en\/wp-json\/wp\/v2\/posts"}],"about":[{"href":"https:\/\/www.parisselectbook.com\/en\/wp-json\/wp\/v2\/types\/post"}],"author":[{"embeddable":true,"href":"https:\/\/www.parisselectbook.com\/en\/wp-json\/wp\/v2\/users\/13"}],"replies":[{"embeddable":true,"href":"https:\/\/www.parisselectbook.com\/en\/wp-json\/wp\/v2\/comments?post=220677"}],"version-history":[{"count":0,"href":"https:\/\/www.parisselectbook.com\/en\/wp-json\/wp\/v2\/posts\/220677\/revisions"}],"wp:featuredmedia":[{"embeddable":true,"href":"https:\/\/www.parisselectbook.com\/en\/wp-json\/wp\/v2\/media\/220488"}],"wp:attachment":[{"href":"https:\/\/www.parisselectbook.com\/en\/wp-json\/wp\/v2\/media?parent=220677"}],"wp:term":[{"taxonomy":"category","embeddable":true,"href":"https:\/\/www.parisselectbook.com\/en\/wp-json\/wp\/v2\/categories?post=220677"},{"taxonomy":"post_tag","embeddable":true,"href":"https:\/\/www.parisselectbook.com\/en\/wp-json\/wp\/v2\/tags?post=220677"},{"taxonomy":"quartier","embeddable":true,"href":"https:\/\/www.parisselectbook.com\/en\/wp-json\/wp\/v2\/quartier?post=220677"}],"curies":[{"name":"wp","href":"https:\/\/api.w.org\/{rel}","templated":true}]}}