{"id":220856,"date":"2026-05-01T07:31:33","date_gmt":"2026-05-01T05:31:33","guid":{"rendered":"https:\/\/www.parisselectbook.com\/2026\/05\/01\/loreal-professionnel-vitamino-color-mask-the-victoires-de-la-beaute-2026-award-winning-treatment-for-100-days-of-preserved-color\/"},"modified":"2026-05-01T07:31:33","modified_gmt":"2026-05-01T05:31:33","slug":"loreal-professionnel-vitamino-color-mask-the-victoires-de-la-beaute-2026-award-winning-treatment-for-100-days-of-preserved-color","status":"publish","type":"post","link":"https:\/\/www.parisselectbook.com\/en\/2026\/05\/01\/loreal-professionnel-vitamino-color-mask-the-victoires-de-la-beaute-2026-award-winning-treatment-for-100-days-of-preserved-color\/","title":{"rendered":"L&#8217;Or\u00e9al Professionnel Vitamino Color Mask: the Victoires de la Beaut\u00e9 2026 award-winning treatment for 100 days of preserved color"},"content":{"rendered":"<p>Maintaining the shine of <a href=\"https:\/\/www.parisselectbook.com\/en\/2026\/04\/30\/haircolour-after-50-celebrity-hairdressers-advise-against-monotone-shades-that-age-the-face-2\/\">hair color<\/a> between hairdressing appointments remains a challenge for many women. However, a <strong>L&#8217;Or\u00e9al hair mask<\/strong> has just stood out thanks to its proven effectiveness in blind tests. Rated <strong>4.9\/5<\/strong>, the product won over the jury of the Victoires de la Beaut\u00e9 2026 in the Top Innovation category.  <\/p>\n<h2>An award-winning treatment that prolongs color intensity<\/h2>\n<p>L&#8217;Or\u00e9al Professionnel&#8217;s Vitamino Color Spectrum Color Fixing Mask has been designed to meet the needs of <a href=\"https:\/\/www.parisselectbook.com\/?p=219593\">color-treated hair<\/a>. This <strong>L&#8217;Or\u00e9al hair mask<\/strong> promises to maintain color intensity for up to <strong>100 days<\/strong> after coloring. An ambitious promise based on complete action.  <\/p>\n<p>This treatment acts on the <strong>5 dimensions of color<\/strong>: shine, saturation, contrast between shades, neutralization of unwanted highlights and luminosity. As a result, hair stays fresh and luminous for much longer. <a href=\"https:\/\/www.parisselectbook.com\/?p=219986\">Testers<\/a> quickly noticed the difference.  <\/p>\n<p>The mask&#8217;s patented formula contains<strong>ferulic acid<\/strong> and<strong>citric acid<\/strong>. These active ingredients provide immediate mirror-like shine, while <a href=\"https:\/\/www.parisselectbook.com\/?p=220577\">moisturizing<\/a> and comforting the hair fiber. What&#8217;s more, the benefits remain visible and long-lasting for up to <strong>72 hours<\/strong>.  <\/p>\n<blockquote><p>&#8220;My hair looks like new<\/p><\/blockquote>\n<h3>Creamy texture for easy application<\/h3>\n<p>The rich, creamy texture of this <strong>L&#8217;Or\u00e9al hair mask<\/strong> ensures even distribution throughout the hair. Simply apply from lengths to ends for an even result. This ease of use appeals to women in a hurry as well as the most demanding.  <\/p>\n<p>After application, leave for <strong>3 to 5 minutes<\/strong> before rinsing thoroughly. This short application time is ideal for both morning and evening routines. In short, making this mask part of your hair routine requires no special effort.  <\/p>\n<h2>Visible results from the very first use<\/h2>\n<p>Tests conducted on this treatment reveal impressive figures. Hair appears <strong>98% stronger<\/strong> after use, reflecting deep fiber reinforcement. This renewed strength reduces breakage and split ends.  <\/p>\n<ul>\n<li><strong>98% stronger<\/strong> hair after application<\/li>\n<li><strong>92%<\/strong> improved hydration<\/li>\n<li><strong>62%<\/strong> increase in softness<\/li>\n<li>Immediate mirror-effect shine<\/li>\n<li>Color preserved for up to <strong>100 days<\/strong><\/li>\n<\/ul>\n<p>Hair also gains <strong>92%<\/strong> extra <strong>moisture<\/strong> thanks to this L&#8217;Or\u00e9al hair mask. This intense hydration restores suppleness and vitality to lengths dried out by repeated coloring. As a result, hair regains a silky, pleasant feel.  <\/p>\n<p>Softness is also enhanced, as hair becomes <strong>62% softer<\/strong>. This increase in softness makes detangling easier and reduces friction that damages the fiber. This makes blow-drying easier and styling faster.  <\/p>\n<h3>A complete sensory experience<\/h3>\n<p>Beyond its effectiveness, this treatment offers a special olfactory experience. Its signature fragrance blends fruity, floral and amber notes, transforming the moment of treatment into a ritual of well-being. This sensorial dimension enhances the pleasure of daily use.  <\/p>\n<p>For those who wish to go even further, it is possible to complete the routine with the serum from the same range. This combination optimizes results and prolongs color radiance. The L&#8217;Or\u00e9al hair mask then becomes the heart of a complete hair routine.  <\/p>\n<h2>Why this mask will appeal to consumers in 2026<\/h2>\n<p>The Victoires de la Beaut\u00e9 2026 awards were presented to this skincare product following blind tests carried out by a jury of consumers. This distinction guarantees real effectiveness, validated by users with varied profiles. <strong>L&#8217;Or\u00e9al&#8217;s hair mask<\/strong> was convincing without any marketing gimmicks.  <\/p>\n<p>Honored in the Top Innovation category, this product stands out for its ability to strengthen the fiber of color-treated hair. It gives hair a more disciplined, visibly groomed appearance. Now you can space out your salon appointments without sacrificing the brilliance of your color.  <\/p>\n<p>The expertise of L&#8217;Or\u00e9al Professionnel is evident in every aspect of this L&#8217;Or\u00e9al hair mask. The brand has combined advanced technology and pleasure of use to meet the expectations of modern women. This treatment represents a concrete solution for those who want to preserve their color without constraint.  <\/p>\n<p>Color-treated hair deserves special attention to maintain its beauty. Thanks to this award-winning treatment, maintaining fresh, luminous color between salon visits is finally within reach. Hair fiber regains strength, moisture and softness in just a few minutes.  <\/p>\n","protected":false},"excerpt":{"rendered":"<p>Maintaining the shine of hair color between hairdressing appointments remains a challenge for many women. However, a L&#8217;Or\u00e9al hair mask has just stood out thanks&#8230;<\/p>\n","protected":false},"author":13,"featured_media":220689,"comment_status":"open","ping_status":"closed","sticky":false,"template":"","format":"standard","meta":{"_acf_changed":false,"footnotes":""},"categories":[2685],"tags":[7063],"quartier":[],"class_list":["post-220856","post","type-post","status-publish","format-standard","has-post-thumbnail","hentry","category-news-du-luxe-en","tag-loreal-hair-mask"],"acf":[],"yoast_head":"<!-- This site is optimized with the Yoast SEO plugin v27.5 - https:\/\/yoast.com\/product\/yoast-seo-wordpress\/ -->\n<title>L&#039;Or\u00e9al Professionnel Vitamino Color Mask: the Victoires de la Beaut\u00e9 2026 award-winning treatment for 100 days of preserved color<\/title>\n<meta name=\"description\" content=\"This L&#039;Or\u00e9al hair mask, rated 4.9\/5, promises 98% more strength and color preservation for up to 100 days.\" \/>\n<meta name=\"robots\" content=\"index, follow, max-snippet:-1, max-image-preview:large, max-video-preview:-1\" \/>\n<link rel=\"canonical\" href=\"https:\/\/www.parisselectbook.com\/en\/2026\/05\/01\/loreal-professionnel-vitamino-color-mask-the-victoires-de-la-beaute-2026-award-winning-treatment-for-100-days-of-preserved-color\/\" \/>\n<meta property=\"og:locale\" content=\"en_US\" \/>\n<meta property=\"og:type\" content=\"article\" \/>\n<meta property=\"og:title\" content=\"L&#039;Or\u00e9al Professionnel Vitamino Color Mask: the Victoires de la Beaut\u00e9 2026 award-winning treatment for 100 days of preserved color\" \/>\n<meta property=\"og:description\" content=\"This L&#039;Or\u00e9al hair mask, rated 4.9\/5, promises 98% more strength and color preservation for up to 100 days.\" \/>\n<meta property=\"og:url\" content=\"https:\/\/www.parisselectbook.com\/en\/2026\/05\/01\/loreal-professionnel-vitamino-color-mask-the-victoires-de-la-beaute-2026-award-winning-treatment-for-100-days-of-preserved-color\/\" \/>\n<meta property=\"og:site_name\" content=\"Paris Select\" \/>\n<meta property=\"article:publisher\" content=\"https:\/\/www.facebook.com\/parisselect\" \/>\n<meta property=\"article:published_time\" content=\"2026-05-01T05:31:33+00:00\" \/>\n<meta property=\"og:image\" content=\"https:\/\/www.parisselectbook.com\/wp-content\/uploads\/2026\/04\/Masque-Vitamino-Color-LOreal-Professionnel-le-soin-prime-aux-Victoires-de-la-Beaute-2026-pour-une-couleur-preservee-100-jours.jpg\" \/>\n\t<meta property=\"og:image:width\" content=\"1200\" \/>\n\t<meta property=\"og:image:height\" content=\"675\" \/>\n\t<meta property=\"og:image:type\" content=\"image\/jpeg\" \/>\n<meta name=\"author\" content=\"zaccharie touboul\" \/>\n<meta name=\"twitter:card\" content=\"summary_large_image\" \/>\n<meta name=\"twitter:label1\" content=\"Written by\" \/>\n\t<meta name=\"twitter:data1\" content=\"zaccharie touboul\" \/>\n\t<meta name=\"twitter:label2\" content=\"Est. reading time\" \/>\n\t<meta name=\"twitter:data2\" content=\"3 minutes\" \/>\n<script type=\"application\/ld+json\" class=\"yoast-schema-graph\">{\"@context\":\"https:\\\/\\\/schema.org\",\"@graph\":[{\"@type\":\"Article\",\"@id\":\"https:\\\/\\\/www.parisselectbook.com\\\/en\\\/2026\\\/05\\\/01\\\/loreal-professionnel-vitamino-color-mask-the-victoires-de-la-beaute-2026-award-winning-treatment-for-100-days-of-preserved-color\\\/#article\",\"isPartOf\":{\"@id\":\"https:\\\/\\\/www.parisselectbook.com\\\/en\\\/2026\\\/05\\\/01\\\/loreal-professionnel-vitamino-color-mask-the-victoires-de-la-beaute-2026-award-winning-treatment-for-100-days-of-preserved-color\\\/\"},\"author\":{\"name\":\"zaccharie touboul\",\"@id\":\"https:\\\/\\\/www.parisselectbook.com\\\/en\\\/#\\\/schema\\\/person\\\/3675d9a80d6cbefbfde597e393c036aa\"},\"headline\":\"L&#8217;Or\u00e9al Professionnel Vitamino Color Mask: the Victoires de la Beaut\u00e9 2026 award-winning treatment for 100 days of preserved color\",\"datePublished\":\"2026-05-01T05:31:33+00:00\",\"mainEntityOfPage\":{\"@id\":\"https:\\\/\\\/www.parisselectbook.com\\\/en\\\/2026\\\/05\\\/01\\\/loreal-professionnel-vitamino-color-mask-the-victoires-de-la-beaute-2026-award-winning-treatment-for-100-days-of-preserved-color\\\/\"},\"wordCount\":670,\"commentCount\":0,\"publisher\":{\"@id\":\"https:\\\/\\\/www.parisselectbook.com\\\/en\\\/#organization\"},\"image\":{\"@id\":\"https:\\\/\\\/www.parisselectbook.com\\\/en\\\/2026\\\/05\\\/01\\\/loreal-professionnel-vitamino-color-mask-the-victoires-de-la-beaute-2026-award-winning-treatment-for-100-days-of-preserved-color\\\/#primaryimage\"},\"thumbnailUrl\":\"https:\\\/\\\/www.parisselectbook.com\\\/wp-content\\\/uploads\\\/2026\\\/04\\\/Masque-Vitamino-Color-LOreal-Professionnel-le-soin-prime-aux-Victoires-de-la-Beaute-2026-pour-une-couleur-preservee-100-jours.jpg\",\"keywords\":[\"L'Or\u00e9al hair mask\"],\"articleSection\":[\"News du Luxe\"],\"inLanguage\":\"en-US\",\"potentialAction\":[{\"@type\":\"CommentAction\",\"name\":\"Comment\",\"target\":[\"https:\\\/\\\/www.parisselectbook.com\\\/en\\\/2026\\\/05\\\/01\\\/loreal-professionnel-vitamino-color-mask-the-victoires-de-la-beaute-2026-award-winning-treatment-for-100-days-of-preserved-color\\\/#respond\"]}]},{\"@type\":\"WebPage\",\"@id\":\"https:\\\/\\\/www.parisselectbook.com\\\/en\\\/2026\\\/05\\\/01\\\/loreal-professionnel-vitamino-color-mask-the-victoires-de-la-beaute-2026-award-winning-treatment-for-100-days-of-preserved-color\\\/\",\"url\":\"https:\\\/\\\/www.parisselectbook.com\\\/en\\\/2026\\\/05\\\/01\\\/loreal-professionnel-vitamino-color-mask-the-victoires-de-la-beaute-2026-award-winning-treatment-for-100-days-of-preserved-color\\\/\",\"name\":\"L'Or\u00e9al Professionnel Vitamino Color Mask: the Victoires de la Beaut\u00e9 2026 award-winning treatment for 100 days of preserved color\",\"isPartOf\":{\"@id\":\"https:\\\/\\\/www.parisselectbook.com\\\/en\\\/#website\"},\"primaryImageOfPage\":{\"@id\":\"https:\\\/\\\/www.parisselectbook.com\\\/en\\\/2026\\\/05\\\/01\\\/loreal-professionnel-vitamino-color-mask-the-victoires-de-la-beaute-2026-award-winning-treatment-for-100-days-of-preserved-color\\\/#primaryimage\"},\"image\":{\"@id\":\"https:\\\/\\\/www.parisselectbook.com\\\/en\\\/2026\\\/05\\\/01\\\/loreal-professionnel-vitamino-color-mask-the-victoires-de-la-beaute-2026-award-winning-treatment-for-100-days-of-preserved-color\\\/#primaryimage\"},\"thumbnailUrl\":\"https:\\\/\\\/www.parisselectbook.com\\\/wp-content\\\/uploads\\\/2026\\\/04\\\/Masque-Vitamino-Color-LOreal-Professionnel-le-soin-prime-aux-Victoires-de-la-Beaute-2026-pour-une-couleur-preservee-100-jours.jpg\",\"datePublished\":\"2026-05-01T05:31:33+00:00\",\"description\":\"This L'Or\u00e9al hair mask, rated 4.9\\\/5, promises 98% more strength and color preservation for up to 100 days.\",\"breadcrumb\":{\"@id\":\"https:\\\/\\\/www.parisselectbook.com\\\/en\\\/2026\\\/05\\\/01\\\/loreal-professionnel-vitamino-color-mask-the-victoires-de-la-beaute-2026-award-winning-treatment-for-100-days-of-preserved-color\\\/#breadcrumb\"},\"inLanguage\":\"en-US\",\"potentialAction\":[{\"@type\":\"ReadAction\",\"target\":[\"https:\\\/\\\/www.parisselectbook.com\\\/en\\\/2026\\\/05\\\/01\\\/loreal-professionnel-vitamino-color-mask-the-victoires-de-la-beaute-2026-award-winning-treatment-for-100-days-of-preserved-color\\\/\"]}]},{\"@type\":\"ImageObject\",\"inLanguage\":\"en-US\",\"@id\":\"https:\\\/\\\/www.parisselectbook.com\\\/en\\\/2026\\\/05\\\/01\\\/loreal-professionnel-vitamino-color-mask-the-victoires-de-la-beaute-2026-award-winning-treatment-for-100-days-of-preserved-color\\\/#primaryimage\",\"url\":\"https:\\\/\\\/www.parisselectbook.com\\\/wp-content\\\/uploads\\\/2026\\\/04\\\/Masque-Vitamino-Color-LOreal-Professionnel-le-soin-prime-aux-Victoires-de-la-Beaute-2026-pour-une-couleur-preservee-100-jours.jpg\",\"contentUrl\":\"https:\\\/\\\/www.parisselectbook.com\\\/wp-content\\\/uploads\\\/2026\\\/04\\\/Masque-Vitamino-Color-LOreal-Professionnel-le-soin-prime-aux-Victoires-de-la-Beaute-2026-pour-une-couleur-preservee-100-jours.jpg\",\"width\":1200,\"height\":675,\"caption\":\"Masque Vitamino Color L'Or\u00e9al Professionnel : le soin prim\u00e9 aux Victoires de la Beaut\u00e9 2026 pour une couleur pr\u00e9serv\u00e9e 100 jours\"},{\"@type\":\"BreadcrumbList\",\"@id\":\"https:\\\/\\\/www.parisselectbook.com\\\/en\\\/2026\\\/05\\\/01\\\/loreal-professionnel-vitamino-color-mask-the-victoires-de-la-beaute-2026-award-winning-treatment-for-100-days-of-preserved-color\\\/#breadcrumb\",\"itemListElement\":[{\"@type\":\"ListItem\",\"position\":1,\"name\":\"Que faire \u00e0 Paris ?\",\"item\":\"https:\\\/\\\/www.parisselectbook.com\\\/en\\\/category\\\/que-faire-a-paris-en\\\/\"},{\"@type\":\"ListItem\",\"position\":2,\"name\":\"L&#8217;Or\u00e9al Professionnel Vitamino Color Mask: the Victoires de la Beaut\u00e9 2026 award-winning treatment for 100 days of preserved color\"}]},{\"@type\":\"WebSite\",\"@id\":\"https:\\\/\\\/www.parisselectbook.com\\\/en\\\/#website\",\"url\":\"https:\\\/\\\/www.parisselectbook.com\\\/en\\\/\",\"name\":\"Paris Select Book\",\"description\":\"Le guide chic des Tendances Parisiennes\",\"publisher\":{\"@id\":\"https:\\\/\\\/www.parisselectbook.com\\\/en\\\/#organization\"},\"potentialAction\":[{\"@type\":\"SearchAction\",\"target\":{\"@type\":\"EntryPoint\",\"urlTemplate\":\"https:\\\/\\\/www.parisselectbook.com\\\/en\\\/?s={search_term_string}\"},\"query-input\":{\"@type\":\"PropertyValueSpecification\",\"valueRequired\":true,\"valueName\":\"search_term_string\"}}],\"inLanguage\":\"en-US\"},{\"@type\":\"Organization\",\"@id\":\"https:\\\/\\\/www.parisselectbook.com\\\/en\\\/#organization\",\"name\":\"Paris Select\",\"url\":\"https:\\\/\\\/www.parisselectbook.com\\\/en\\\/\",\"logo\":{\"@type\":\"ImageObject\",\"inLanguage\":\"en-US\",\"@id\":\"https:\\\/\\\/www.parisselectbook.com\\\/en\\\/#\\\/schema\\\/logo\\\/image\\\/\",\"url\":\"https:\\\/\\\/www.parisselectbook.com\\\/wp-content\\\/uploads\\\/2024\\\/06\\\/logo-IG-TKTK-LK.png\",\"contentUrl\":\"https:\\\/\\\/www.parisselectbook.com\\\/wp-content\\\/uploads\\\/2024\\\/06\\\/logo-IG-TKTK-LK.png\",\"width\":684,\"height\":665,\"caption\":\"Paris Select\"},\"image\":{\"@id\":\"https:\\\/\\\/www.parisselectbook.com\\\/en\\\/#\\\/schema\\\/logo\\\/image\\\/\"},\"sameAs\":[\"https:\\\/\\\/www.facebook.com\\\/parisselect\",\"https:\\\/\\\/www.instagram.com\\\/parisselect\\\/\",\"https:\\\/\\\/www.tiktok.com\\\/@parisselect\"]},{\"@type\":\"Person\",\"@id\":\"https:\\\/\\\/www.parisselectbook.com\\\/en\\\/#\\\/schema\\\/person\\\/3675d9a80d6cbefbfde597e393c036aa\",\"name\":\"zaccharie touboul\",\"sameAs\":[\"https:\\\/\\\/www.parisselectbook.com\\\/\"]}]}<\/script>\n<!-- \/ Yoast SEO plugin. -->","yoast_head_json":{"title":"L'Or\u00e9al Professionnel Vitamino Color Mask: the Victoires de la Beaut\u00e9 2026 award-winning treatment for 100 days of preserved color","description":"This L'Or\u00e9al hair mask, rated 4.9\/5, promises 98% more strength and color preservation for up to 100 days.","robots":{"index":"index","follow":"follow","max-snippet":"max-snippet:-1","max-image-preview":"max-image-preview:large","max-video-preview":"max-video-preview:-1"},"canonical":"https:\/\/www.parisselectbook.com\/en\/2026\/05\/01\/loreal-professionnel-vitamino-color-mask-the-victoires-de-la-beaute-2026-award-winning-treatment-for-100-days-of-preserved-color\/","og_locale":"en_US","og_type":"article","og_title":"L'Or\u00e9al Professionnel Vitamino Color Mask: the Victoires de la Beaut\u00e9 2026 award-winning treatment for 100 days of preserved color","og_description":"This L'Or\u00e9al hair mask, rated 4.9\/5, promises 98% more strength and color preservation for up to 100 days.","og_url":"https:\/\/www.parisselectbook.com\/en\/2026\/05\/01\/loreal-professionnel-vitamino-color-mask-the-victoires-de-la-beaute-2026-award-winning-treatment-for-100-days-of-preserved-color\/","og_site_name":"Paris Select","article_publisher":"https:\/\/www.facebook.com\/parisselect","article_published_time":"2026-05-01T05:31:33+00:00","og_image":[{"width":1200,"height":675,"url":"https:\/\/www.parisselectbook.com\/wp-content\/uploads\/2026\/04\/Masque-Vitamino-Color-LOreal-Professionnel-le-soin-prime-aux-Victoires-de-la-Beaute-2026-pour-une-couleur-preservee-100-jours.jpg","type":"image\/jpeg"}],"author":"zaccharie touboul","twitter_card":"summary_large_image","twitter_misc":{"Written by":"zaccharie touboul","Est. reading time":"3 minutes"},"schema":{"@context":"https:\/\/schema.org","@graph":[{"@type":"Article","@id":"https:\/\/www.parisselectbook.com\/en\/2026\/05\/01\/loreal-professionnel-vitamino-color-mask-the-victoires-de-la-beaute-2026-award-winning-treatment-for-100-days-of-preserved-color\/#article","isPartOf":{"@id":"https:\/\/www.parisselectbook.com\/en\/2026\/05\/01\/loreal-professionnel-vitamino-color-mask-the-victoires-de-la-beaute-2026-award-winning-treatment-for-100-days-of-preserved-color\/"},"author":{"name":"zaccharie touboul","@id":"https:\/\/www.parisselectbook.com\/en\/#\/schema\/person\/3675d9a80d6cbefbfde597e393c036aa"},"headline":"L&#8217;Or\u00e9al Professionnel Vitamino Color Mask: the Victoires de la Beaut\u00e9 2026 award-winning treatment for 100 days of preserved color","datePublished":"2026-05-01T05:31:33+00:00","mainEntityOfPage":{"@id":"https:\/\/www.parisselectbook.com\/en\/2026\/05\/01\/loreal-professionnel-vitamino-color-mask-the-victoires-de-la-beaute-2026-award-winning-treatment-for-100-days-of-preserved-color\/"},"wordCount":670,"commentCount":0,"publisher":{"@id":"https:\/\/www.parisselectbook.com\/en\/#organization"},"image":{"@id":"https:\/\/www.parisselectbook.com\/en\/2026\/05\/01\/loreal-professionnel-vitamino-color-mask-the-victoires-de-la-beaute-2026-award-winning-treatment-for-100-days-of-preserved-color\/#primaryimage"},"thumbnailUrl":"https:\/\/www.parisselectbook.com\/wp-content\/uploads\/2026\/04\/Masque-Vitamino-Color-LOreal-Professionnel-le-soin-prime-aux-Victoires-de-la-Beaute-2026-pour-une-couleur-preservee-100-jours.jpg","keywords":["L'Or\u00e9al hair mask"],"articleSection":["News du Luxe"],"inLanguage":"en-US","potentialAction":[{"@type":"CommentAction","name":"Comment","target":["https:\/\/www.parisselectbook.com\/en\/2026\/05\/01\/loreal-professionnel-vitamino-color-mask-the-victoires-de-la-beaute-2026-award-winning-treatment-for-100-days-of-preserved-color\/#respond"]}]},{"@type":"WebPage","@id":"https:\/\/www.parisselectbook.com\/en\/2026\/05\/01\/loreal-professionnel-vitamino-color-mask-the-victoires-de-la-beaute-2026-award-winning-treatment-for-100-days-of-preserved-color\/","url":"https:\/\/www.parisselectbook.com\/en\/2026\/05\/01\/loreal-professionnel-vitamino-color-mask-the-victoires-de-la-beaute-2026-award-winning-treatment-for-100-days-of-preserved-color\/","name":"L'Or\u00e9al Professionnel Vitamino Color Mask: the Victoires de la Beaut\u00e9 2026 award-winning treatment for 100 days of preserved color","isPartOf":{"@id":"https:\/\/www.parisselectbook.com\/en\/#website"},"primaryImageOfPage":{"@id":"https:\/\/www.parisselectbook.com\/en\/2026\/05\/01\/loreal-professionnel-vitamino-color-mask-the-victoires-de-la-beaute-2026-award-winning-treatment-for-100-days-of-preserved-color\/#primaryimage"},"image":{"@id":"https:\/\/www.parisselectbook.com\/en\/2026\/05\/01\/loreal-professionnel-vitamino-color-mask-the-victoires-de-la-beaute-2026-award-winning-treatment-for-100-days-of-preserved-color\/#primaryimage"},"thumbnailUrl":"https:\/\/www.parisselectbook.com\/wp-content\/uploads\/2026\/04\/Masque-Vitamino-Color-LOreal-Professionnel-le-soin-prime-aux-Victoires-de-la-Beaute-2026-pour-une-couleur-preservee-100-jours.jpg","datePublished":"2026-05-01T05:31:33+00:00","description":"This L'Or\u00e9al hair mask, rated 4.9\/5, promises 98% more strength and color preservation for up to 100 days.","breadcrumb":{"@id":"https:\/\/www.parisselectbook.com\/en\/2026\/05\/01\/loreal-professionnel-vitamino-color-mask-the-victoires-de-la-beaute-2026-award-winning-treatment-for-100-days-of-preserved-color\/#breadcrumb"},"inLanguage":"en-US","potentialAction":[{"@type":"ReadAction","target":["https:\/\/www.parisselectbook.com\/en\/2026\/05\/01\/loreal-professionnel-vitamino-color-mask-the-victoires-de-la-beaute-2026-award-winning-treatment-for-100-days-of-preserved-color\/"]}]},{"@type":"ImageObject","inLanguage":"en-US","@id":"https:\/\/www.parisselectbook.com\/en\/2026\/05\/01\/loreal-professionnel-vitamino-color-mask-the-victoires-de-la-beaute-2026-award-winning-treatment-for-100-days-of-preserved-color\/#primaryimage","url":"https:\/\/www.parisselectbook.com\/wp-content\/uploads\/2026\/04\/Masque-Vitamino-Color-LOreal-Professionnel-le-soin-prime-aux-Victoires-de-la-Beaute-2026-pour-une-couleur-preservee-100-jours.jpg","contentUrl":"https:\/\/www.parisselectbook.com\/wp-content\/uploads\/2026\/04\/Masque-Vitamino-Color-LOreal-Professionnel-le-soin-prime-aux-Victoires-de-la-Beaute-2026-pour-une-couleur-preservee-100-jours.jpg","width":1200,"height":675,"caption":"Masque Vitamino Color L'Or\u00e9al Professionnel : le soin prim\u00e9 aux Victoires de la Beaut\u00e9 2026 pour une couleur pr\u00e9serv\u00e9e 100 jours"},{"@type":"BreadcrumbList","@id":"https:\/\/www.parisselectbook.com\/en\/2026\/05\/01\/loreal-professionnel-vitamino-color-mask-the-victoires-de-la-beaute-2026-award-winning-treatment-for-100-days-of-preserved-color\/#breadcrumb","itemListElement":[{"@type":"ListItem","position":1,"name":"Que faire \u00e0 Paris ?","item":"https:\/\/www.parisselectbook.com\/en\/category\/que-faire-a-paris-en\/"},{"@type":"ListItem","position":2,"name":"L&#8217;Or\u00e9al Professionnel Vitamino Color Mask: the Victoires de la Beaut\u00e9 2026 award-winning treatment for 100 days of preserved color"}]},{"@type":"WebSite","@id":"https:\/\/www.parisselectbook.com\/en\/#website","url":"https:\/\/www.parisselectbook.com\/en\/","name":"Paris Select Book","description":"Le guide chic des Tendances Parisiennes","publisher":{"@id":"https:\/\/www.parisselectbook.com\/en\/#organization"},"potentialAction":[{"@type":"SearchAction","target":{"@type":"EntryPoint","urlTemplate":"https:\/\/www.parisselectbook.com\/en\/?s={search_term_string}"},"query-input":{"@type":"PropertyValueSpecification","valueRequired":true,"valueName":"search_term_string"}}],"inLanguage":"en-US"},{"@type":"Organization","@id":"https:\/\/www.parisselectbook.com\/en\/#organization","name":"Paris Select","url":"https:\/\/www.parisselectbook.com\/en\/","logo":{"@type":"ImageObject","inLanguage":"en-US","@id":"https:\/\/www.parisselectbook.com\/en\/#\/schema\/logo\/image\/","url":"https:\/\/www.parisselectbook.com\/wp-content\/uploads\/2024\/06\/logo-IG-TKTK-LK.png","contentUrl":"https:\/\/www.parisselectbook.com\/wp-content\/uploads\/2024\/06\/logo-IG-TKTK-LK.png","width":684,"height":665,"caption":"Paris Select"},"image":{"@id":"https:\/\/www.parisselectbook.com\/en\/#\/schema\/logo\/image\/"},"sameAs":["https:\/\/www.facebook.com\/parisselect","https:\/\/www.instagram.com\/parisselect\/","https:\/\/www.tiktok.com\/@parisselect"]},{"@type":"Person","@id":"https:\/\/www.parisselectbook.com\/en\/#\/schema\/person\/3675d9a80d6cbefbfde597e393c036aa","name":"zaccharie touboul","sameAs":["https:\/\/www.parisselectbook.com\/"]}]}},"_links":{"self":[{"href":"https:\/\/www.parisselectbook.com\/en\/wp-json\/wp\/v2\/posts\/220856","targetHints":{"allow":["GET"]}}],"collection":[{"href":"https:\/\/www.parisselectbook.com\/en\/wp-json\/wp\/v2\/posts"}],"about":[{"href":"https:\/\/www.parisselectbook.com\/en\/wp-json\/wp\/v2\/types\/post"}],"author":[{"embeddable":true,"href":"https:\/\/www.parisselectbook.com\/en\/wp-json\/wp\/v2\/users\/13"}],"replies":[{"embeddable":true,"href":"https:\/\/www.parisselectbook.com\/en\/wp-json\/wp\/v2\/comments?post=220856"}],"version-history":[{"count":0,"href":"https:\/\/www.parisselectbook.com\/en\/wp-json\/wp\/v2\/posts\/220856\/revisions"}],"wp:featuredmedia":[{"embeddable":true,"href":"https:\/\/www.parisselectbook.com\/en\/wp-json\/wp\/v2\/media\/220689"}],"wp:attachment":[{"href":"https:\/\/www.parisselectbook.com\/en\/wp-json\/wp\/v2\/media?parent=220856"}],"wp:term":[{"taxonomy":"category","embeddable":true,"href":"https:\/\/www.parisselectbook.com\/en\/wp-json\/wp\/v2\/categories?post=220856"},{"taxonomy":"post_tag","embeddable":true,"href":"https:\/\/www.parisselectbook.com\/en\/wp-json\/wp\/v2\/tags?post=220856"},{"taxonomy":"quartier","embeddable":true,"href":"https:\/\/www.parisselectbook.com\/en\/wp-json\/wp\/v2\/quartier?post=220856"}],"curies":[{"name":"wp","href":"https:\/\/api.w.org\/{rel}","templated":true}]}}