{"id":221026,"date":"2026-05-01T12:28:32","date_gmt":"2026-05-01T10:28:32","guid":{"rendered":"https:\/\/www.parisselectbook.com\/2026\/05\/01\/patyka-glow-these-two-serums-awarded-at-the-victoires-de-la-beaute-engagee-2026-awaken-the-complexions-radiance-morning-and-night\/"},"modified":"2026-05-01T12:28:32","modified_gmt":"2026-05-01T10:28:32","slug":"patyka-glow-these-two-serums-awarded-at-the-victoires-de-la-beaute-engagee-2026-awaken-the-complexions-radiance-morning-and-night","status":"publish","type":"post","link":"https:\/\/www.parisselectbook.com\/en\/2026\/05\/01\/patyka-glow-these-two-serums-awarded-at-the-victoires-de-la-beaute-engagee-2026-awaken-the-complexions-radiance-morning-and-night\/","title":{"rendered":"Patyka Glow: these two serums, awarded at the Victoires de la Beaut\u00e9 Engag\u00e9e 2026, awaken the complexion&#8217;s radiance morning and night."},"content":{"rendered":"<p>Some mornings, the mirror shows a tired face, a blurred complexion, a skin that seems to have faded. And yet, you&#8217;ve slept. The problem often stems from what the skin accumulates on a daily basis: pollution, stress, cellular fatigue. Two Patyka serums, winners of the <strong><a href=\"https:\/\/www.parisselectbook.com\/en\/2026\/05\/01\/loreal-professionnel-vitamino-color-mask-the-victoires-de-la-beaute-2026-award-winning-treatment-for-100-days-of-preserved-color\/\">Victoires de la Beaut\u00e9 Engag\u00e9e 2026<\/a><\/strong>promise to awaken radiance and say goodbye to a gray complexion.   <\/p>\n<h2>Patyka Bonne Mine Glow Serum: a radiant wake-up call<\/h2>\n<p>This treatment creates the illusion of rested, almost sun-kissed skin. Its two-phase texture blends skin care and a<a href=\"https:\/\/www.parisselectbook.com\/en\/2026\/05\/01\/minimalist-makeup-the-guide-to-adopting-a-natural-glowy-look-every-day\/\">&#8220;fresh complexion<\/a>&#8221; effect in a single step. It contains <strong>vitamin C<\/strong> to boost luminosity, organic carrot extract rich in beta-carotene, and astaxanthin, a powerful antioxidant.  <\/p>\n<p>The result? The <a href=\"https:\/\/www.parisselectbook.com\/en\/2026\/05\/01\/cloud-skin-the-blurred-semi-matte-complexion-trend-for-summer-2026\/\">complexion<\/a> looks more even, more luminous, as if warmed up. Unlike a self-tanner, the effect remains subtle and does not mark dry areas. It&#8217;s the ideal product for those times when skin looks grey and time is short.   <\/p>\n<blockquote><p>&#8220;We no longer seek only to mask, but to understand&#8230; and to act at the right moment.&#8221;<\/p><\/blockquote>\n<h3>A two-phase formula for a natural finish<\/h3>\n<p>The special feature of this serum is its dual phase. It combines <a href=\"https:\/\/www.parisselectbook.com\/en\/2026\/05\/01\/medicube-cosrx-laka-the-three-korean-brands-that-will-drive-beauty-research-in-2025\/\">aqueous and oily active ingredients<\/a> in a single bottle. As a result, each application offers complete care and a pleasant sensation on the skin.  <\/p>\n<p>This approach is ideal for skin looking for radiance without a mask effect. The serum is used in the morning, before moisturizer or make-up. It <strong>costs around \u20ac39 for 30 ml<\/strong>.  <\/p>\n<ul>\n<li>Vitamin C for radiance<\/li>\n<li>Organic carrot extract rich in beta-carotene<\/li>\n<li>Astaxanthin antioxidant<\/li>\n<li>Innovative two-phase texture<\/li>\n<li>Instant healthy-glow effect<\/li>\n<\/ul>\n<h2>Le S\u00e9rum D\u00e9tox Belle Nuit Glow Patyka: a night-time reset<\/h2>\n<p>While the morning serum acts on the surface, this one works deep down. It works like a &#8220;skin reset&#8221; during sleep. Its formula combines <strong>vitamin C<\/strong>, melatonin and matcha extract, all recognized for their antioxidant properties.  <\/p>\n<p>The aim is simple: to neutralize the toxins accumulated during the day. Pollution, stress, fatigue: everything that contributes to a dull, gray complexion is targeted. When you wake up in the morning, your skin looks clearer and more even-toned.  <\/p>\n<p>This night serum does not offer an overnight miracle. But it does work over time to improve skin texture. It costs around <strong>\u20ac42 for 30 ml<\/strong>.  <\/p>\n<h3>A complementary day and night duo<\/h3>\n<p>These two serums form a coherent duo. In the morning, Bonne Mine Serum provides a visible radiance boost. At night, Detox Serum corrects the root causes of a gray complexion.  <\/p>\n<p>This global approach won over the Victoires de la Beaut\u00e9 Engag\u00e9e 2026 jury. The formulas are sharp, sensorial, with clearly identified active ingredients. A far cry from vague marketing promises.  <\/p>\n<h2>Why these serums made their mark in 2026<\/h2>\n<p>What sets this range apart is its realistic approach. On the one hand, a treatment that gives the illusion of rested skin. On the other, a treatment that addresses the causes of dullness. Together, they offer a complete routine.   <\/p>\n<p>Consumers are now looking for perceptible benefits. It&#8217;s no longer enough to settle for pretty packaging or a pleasant fragrance. Active ingredients must be effective, and the promise must be kept.  <\/p>\n<p>Patyka responds to this need with well-thought-out two-phase formulas. The brand focuses on transparent ingredients and visible results. This duo embodies intelligent, everyday beauty.  <\/p>\n<p>For those struggling with a gray complexion, these two serums offer an affordable solution. They can be easily integrated into an existing routine. This makes glow an attainable goal, morning and night.  <\/p>\n","protected":false},"excerpt":{"rendered":"<p>Some mornings, the mirror shows a tired face, a blurred complexion, a skin that seems to have faded. And yet, you&#8217;ve slept. The problem often&#8230;<\/p>\n","protected":false},"author":13,"featured_media":220794,"comment_status":"open","ping_status":"closed","sticky":false,"template":"","format":"standard","meta":{"_acf_changed":false,"footnotes":""},"categories":[2685],"tags":[7069],"quartier":[],"class_list":["post-221026","post","type-post","status-publish","format-standard","has-post-thumbnail","hentry","category-news-du-luxe-en","tag-gray-complexion"],"acf":[],"yoast_head":"<!-- This site is optimized with the Yoast SEO plugin v27.5 - https:\/\/yoast.com\/product\/yoast-seo-wordpress\/ -->\n<title>Patyka Glow: these two serums, awarded at the Victoires de la Beaut\u00e9 Engag\u00e9e 2026, awaken the complexion&#039;s radiance morning and night.<\/title>\n<meta name=\"description\" content=\"This 2026 award-winning Patyka duo targets gray complexions with a radiance serum in the morning and a detox treatment at night.\" \/>\n<meta name=\"robots\" content=\"index, follow, max-snippet:-1, max-image-preview:large, max-video-preview:-1\" \/>\n<link rel=\"canonical\" href=\"https:\/\/www.parisselectbook.com\/en\/2026\/05\/01\/patyka-glow-these-two-serums-awarded-at-the-victoires-de-la-beaute-engagee-2026-awaken-the-complexions-radiance-morning-and-night\/\" \/>\n<meta property=\"og:locale\" content=\"en_US\" \/>\n<meta property=\"og:type\" content=\"article\" \/>\n<meta property=\"og:title\" content=\"Patyka Glow: these two serums, awarded at the Victoires de la Beaut\u00e9 Engag\u00e9e 2026, awaken the complexion&#039;s radiance morning and night.\" \/>\n<meta property=\"og:description\" content=\"This 2026 award-winning Patyka duo targets gray complexions with a radiance serum in the morning and a detox treatment at night.\" \/>\n<meta property=\"og:url\" content=\"https:\/\/www.parisselectbook.com\/en\/2026\/05\/01\/patyka-glow-these-two-serums-awarded-at-the-victoires-de-la-beaute-engagee-2026-awaken-the-complexions-radiance-morning-and-night\/\" \/>\n<meta property=\"og:site_name\" content=\"Paris Select\" \/>\n<meta property=\"article:publisher\" content=\"https:\/\/www.facebook.com\/parisselect\" \/>\n<meta property=\"article:published_time\" content=\"2026-05-01T10:28:32+00:00\" \/>\n<meta property=\"og:image\" content=\"https:\/\/www.parisselectbook.com\/wp-content\/uploads\/2026\/04\/220792-image.jpg\" \/>\n\t<meta property=\"og:image:width\" content=\"1200\" \/>\n\t<meta property=\"og:image:height\" content=\"680\" \/>\n\t<meta property=\"og:image:type\" content=\"image\/jpeg\" \/>\n<meta name=\"author\" content=\"zaccharie touboul\" \/>\n<meta name=\"twitter:card\" content=\"summary_large_image\" \/>\n<meta name=\"twitter:label1\" content=\"Written by\" \/>\n\t<meta name=\"twitter:data1\" content=\"zaccharie touboul\" \/>\n\t<meta name=\"twitter:label2\" content=\"Est. reading time\" \/>\n\t<meta name=\"twitter:data2\" content=\"3 minutes\" \/>\n<script type=\"application\/ld+json\" class=\"yoast-schema-graph\">{\"@context\":\"https:\\\/\\\/schema.org\",\"@graph\":[{\"@type\":\"Article\",\"@id\":\"https:\\\/\\\/www.parisselectbook.com\\\/en\\\/2026\\\/05\\\/01\\\/patyka-glow-these-two-serums-awarded-at-the-victoires-de-la-beaute-engagee-2026-awaken-the-complexions-radiance-morning-and-night\\\/#article\",\"isPartOf\":{\"@id\":\"https:\\\/\\\/www.parisselectbook.com\\\/en\\\/2026\\\/05\\\/01\\\/patyka-glow-these-two-serums-awarded-at-the-victoires-de-la-beaute-engagee-2026-awaken-the-complexions-radiance-morning-and-night\\\/\"},\"author\":{\"name\":\"zaccharie touboul\",\"@id\":\"https:\\\/\\\/www.parisselectbook.com\\\/en\\\/#\\\/schema\\\/person\\\/3675d9a80d6cbefbfde597e393c036aa\"},\"headline\":\"Patyka Glow: these two serums, awarded at the Victoires de la Beaut\u00e9 Engag\u00e9e 2026, awaken the complexion&#8217;s radiance morning and night.\",\"datePublished\":\"2026-05-01T10:28:32+00:00\",\"mainEntityOfPage\":{\"@id\":\"https:\\\/\\\/www.parisselectbook.com\\\/en\\\/2026\\\/05\\\/01\\\/patyka-glow-these-two-serums-awarded-at-the-victoires-de-la-beaute-engagee-2026-awaken-the-complexions-radiance-morning-and-night\\\/\"},\"wordCount\":597,\"commentCount\":0,\"publisher\":{\"@id\":\"https:\\\/\\\/www.parisselectbook.com\\\/en\\\/#organization\"},\"image\":{\"@id\":\"https:\\\/\\\/www.parisselectbook.com\\\/en\\\/2026\\\/05\\\/01\\\/patyka-glow-these-two-serums-awarded-at-the-victoires-de-la-beaute-engagee-2026-awaken-the-complexions-radiance-morning-and-night\\\/#primaryimage\"},\"thumbnailUrl\":\"https:\\\/\\\/www.parisselectbook.com\\\/wp-content\\\/uploads\\\/2026\\\/04\\\/220792-image.jpg\",\"keywords\":[\"gray complexion\"],\"articleSection\":[\"News du Luxe\"],\"inLanguage\":\"en-US\",\"potentialAction\":[{\"@type\":\"CommentAction\",\"name\":\"Comment\",\"target\":[\"https:\\\/\\\/www.parisselectbook.com\\\/en\\\/2026\\\/05\\\/01\\\/patyka-glow-these-two-serums-awarded-at-the-victoires-de-la-beaute-engagee-2026-awaken-the-complexions-radiance-morning-and-night\\\/#respond\"]}]},{\"@type\":\"WebPage\",\"@id\":\"https:\\\/\\\/www.parisselectbook.com\\\/en\\\/2026\\\/05\\\/01\\\/patyka-glow-these-two-serums-awarded-at-the-victoires-de-la-beaute-engagee-2026-awaken-the-complexions-radiance-morning-and-night\\\/\",\"url\":\"https:\\\/\\\/www.parisselectbook.com\\\/en\\\/2026\\\/05\\\/01\\\/patyka-glow-these-two-serums-awarded-at-the-victoires-de-la-beaute-engagee-2026-awaken-the-complexions-radiance-morning-and-night\\\/\",\"name\":\"Patyka Glow: these two serums, awarded at the Victoires de la Beaut\u00e9 Engag\u00e9e 2026, awaken the complexion's radiance morning and night.\",\"isPartOf\":{\"@id\":\"https:\\\/\\\/www.parisselectbook.com\\\/en\\\/#website\"},\"primaryImageOfPage\":{\"@id\":\"https:\\\/\\\/www.parisselectbook.com\\\/en\\\/2026\\\/05\\\/01\\\/patyka-glow-these-two-serums-awarded-at-the-victoires-de-la-beaute-engagee-2026-awaken-the-complexions-radiance-morning-and-night\\\/#primaryimage\"},\"image\":{\"@id\":\"https:\\\/\\\/www.parisselectbook.com\\\/en\\\/2026\\\/05\\\/01\\\/patyka-glow-these-two-serums-awarded-at-the-victoires-de-la-beaute-engagee-2026-awaken-the-complexions-radiance-morning-and-night\\\/#primaryimage\"},\"thumbnailUrl\":\"https:\\\/\\\/www.parisselectbook.com\\\/wp-content\\\/uploads\\\/2026\\\/04\\\/220792-image.jpg\",\"datePublished\":\"2026-05-01T10:28:32+00:00\",\"description\":\"This 2026 award-winning Patyka duo targets gray complexions with a radiance serum in the morning and a detox treatment at night.\",\"breadcrumb\":{\"@id\":\"https:\\\/\\\/www.parisselectbook.com\\\/en\\\/2026\\\/05\\\/01\\\/patyka-glow-these-two-serums-awarded-at-the-victoires-de-la-beaute-engagee-2026-awaken-the-complexions-radiance-morning-and-night\\\/#breadcrumb\"},\"inLanguage\":\"en-US\",\"potentialAction\":[{\"@type\":\"ReadAction\",\"target\":[\"https:\\\/\\\/www.parisselectbook.com\\\/en\\\/2026\\\/05\\\/01\\\/patyka-glow-these-two-serums-awarded-at-the-victoires-de-la-beaute-engagee-2026-awaken-the-complexions-radiance-morning-and-night\\\/\"]}]},{\"@type\":\"ImageObject\",\"inLanguage\":\"en-US\",\"@id\":\"https:\\\/\\\/www.parisselectbook.com\\\/en\\\/2026\\\/05\\\/01\\\/patyka-glow-these-two-serums-awarded-at-the-victoires-de-la-beaute-engagee-2026-awaken-the-complexions-radiance-morning-and-night\\\/#primaryimage\",\"url\":\"https:\\\/\\\/www.parisselectbook.com\\\/wp-content\\\/uploads\\\/2026\\\/04\\\/220792-image.jpg\",\"contentUrl\":\"https:\\\/\\\/www.parisselectbook.com\\\/wp-content\\\/uploads\\\/2026\\\/04\\\/220792-image.jpg\",\"width\":1200,\"height\":680,\"caption\":\"ParisSelect - Patyka Glow : ces deux s\u00e9rums prim\u00e9s aux Victoires de la Beaut\u00e9 Engag\u00e9e 2026 r\u00e9veillent l'\u00e9clat du teint matin et soir\"},{\"@type\":\"BreadcrumbList\",\"@id\":\"https:\\\/\\\/www.parisselectbook.com\\\/en\\\/2026\\\/05\\\/01\\\/patyka-glow-these-two-serums-awarded-at-the-victoires-de-la-beaute-engagee-2026-awaken-the-complexions-radiance-morning-and-night\\\/#breadcrumb\",\"itemListElement\":[{\"@type\":\"ListItem\",\"position\":1,\"name\":\"Que faire \u00e0 Paris ?\",\"item\":\"https:\\\/\\\/www.parisselectbook.com\\\/en\\\/category\\\/que-faire-a-paris-en\\\/\"},{\"@type\":\"ListItem\",\"position\":2,\"name\":\"Patyka Glow: these two serums, awarded at the Victoires de la Beaut\u00e9 Engag\u00e9e 2026, awaken the complexion&#8217;s radiance morning and night.\"}]},{\"@type\":\"WebSite\",\"@id\":\"https:\\\/\\\/www.parisselectbook.com\\\/en\\\/#website\",\"url\":\"https:\\\/\\\/www.parisselectbook.com\\\/en\\\/\",\"name\":\"Paris Select Book\",\"description\":\"Le guide chic des Tendances Parisiennes\",\"publisher\":{\"@id\":\"https:\\\/\\\/www.parisselectbook.com\\\/en\\\/#organization\"},\"potentialAction\":[{\"@type\":\"SearchAction\",\"target\":{\"@type\":\"EntryPoint\",\"urlTemplate\":\"https:\\\/\\\/www.parisselectbook.com\\\/en\\\/?s={search_term_string}\"},\"query-input\":{\"@type\":\"PropertyValueSpecification\",\"valueRequired\":true,\"valueName\":\"search_term_string\"}}],\"inLanguage\":\"en-US\"},{\"@type\":\"Organization\",\"@id\":\"https:\\\/\\\/www.parisselectbook.com\\\/en\\\/#organization\",\"name\":\"Paris Select\",\"url\":\"https:\\\/\\\/www.parisselectbook.com\\\/en\\\/\",\"logo\":{\"@type\":\"ImageObject\",\"inLanguage\":\"en-US\",\"@id\":\"https:\\\/\\\/www.parisselectbook.com\\\/en\\\/#\\\/schema\\\/logo\\\/image\\\/\",\"url\":\"https:\\\/\\\/www.parisselectbook.com\\\/wp-content\\\/uploads\\\/2024\\\/06\\\/logo-IG-TKTK-LK.png\",\"contentUrl\":\"https:\\\/\\\/www.parisselectbook.com\\\/wp-content\\\/uploads\\\/2024\\\/06\\\/logo-IG-TKTK-LK.png\",\"width\":684,\"height\":665,\"caption\":\"Paris Select\"},\"image\":{\"@id\":\"https:\\\/\\\/www.parisselectbook.com\\\/en\\\/#\\\/schema\\\/logo\\\/image\\\/\"},\"sameAs\":[\"https:\\\/\\\/www.facebook.com\\\/parisselect\",\"https:\\\/\\\/www.instagram.com\\\/parisselect\\\/\",\"https:\\\/\\\/www.tiktok.com\\\/@parisselect\"]},{\"@type\":\"Person\",\"@id\":\"https:\\\/\\\/www.parisselectbook.com\\\/en\\\/#\\\/schema\\\/person\\\/3675d9a80d6cbefbfde597e393c036aa\",\"name\":\"zaccharie touboul\",\"sameAs\":[\"https:\\\/\\\/www.parisselectbook.com\\\/\"]}]}<\/script>\n<!-- \/ Yoast SEO plugin. -->","yoast_head_json":{"title":"Patyka Glow: these two serums, awarded at the Victoires de la Beaut\u00e9 Engag\u00e9e 2026, awaken the complexion's radiance morning and night.","description":"This 2026 award-winning Patyka duo targets gray complexions with a radiance serum in the morning and a detox treatment at night.","robots":{"index":"index","follow":"follow","max-snippet":"max-snippet:-1","max-image-preview":"max-image-preview:large","max-video-preview":"max-video-preview:-1"},"canonical":"https:\/\/www.parisselectbook.com\/en\/2026\/05\/01\/patyka-glow-these-two-serums-awarded-at-the-victoires-de-la-beaute-engagee-2026-awaken-the-complexions-radiance-morning-and-night\/","og_locale":"en_US","og_type":"article","og_title":"Patyka Glow: these two serums, awarded at the Victoires de la Beaut\u00e9 Engag\u00e9e 2026, awaken the complexion's radiance morning and night.","og_description":"This 2026 award-winning Patyka duo targets gray complexions with a radiance serum in the morning and a detox treatment at night.","og_url":"https:\/\/www.parisselectbook.com\/en\/2026\/05\/01\/patyka-glow-these-two-serums-awarded-at-the-victoires-de-la-beaute-engagee-2026-awaken-the-complexions-radiance-morning-and-night\/","og_site_name":"Paris Select","article_publisher":"https:\/\/www.facebook.com\/parisselect","article_published_time":"2026-05-01T10:28:32+00:00","og_image":[{"width":1200,"height":680,"url":"https:\/\/www.parisselectbook.com\/wp-content\/uploads\/2026\/04\/220792-image.jpg","type":"image\/jpeg"}],"author":"zaccharie touboul","twitter_card":"summary_large_image","twitter_misc":{"Written by":"zaccharie touboul","Est. reading time":"3 minutes"},"schema":{"@context":"https:\/\/schema.org","@graph":[{"@type":"Article","@id":"https:\/\/www.parisselectbook.com\/en\/2026\/05\/01\/patyka-glow-these-two-serums-awarded-at-the-victoires-de-la-beaute-engagee-2026-awaken-the-complexions-radiance-morning-and-night\/#article","isPartOf":{"@id":"https:\/\/www.parisselectbook.com\/en\/2026\/05\/01\/patyka-glow-these-two-serums-awarded-at-the-victoires-de-la-beaute-engagee-2026-awaken-the-complexions-radiance-morning-and-night\/"},"author":{"name":"zaccharie touboul","@id":"https:\/\/www.parisselectbook.com\/en\/#\/schema\/person\/3675d9a80d6cbefbfde597e393c036aa"},"headline":"Patyka Glow: these two serums, awarded at the Victoires de la Beaut\u00e9 Engag\u00e9e 2026, awaken the complexion&#8217;s radiance morning and night.","datePublished":"2026-05-01T10:28:32+00:00","mainEntityOfPage":{"@id":"https:\/\/www.parisselectbook.com\/en\/2026\/05\/01\/patyka-glow-these-two-serums-awarded-at-the-victoires-de-la-beaute-engagee-2026-awaken-the-complexions-radiance-morning-and-night\/"},"wordCount":597,"commentCount":0,"publisher":{"@id":"https:\/\/www.parisselectbook.com\/en\/#organization"},"image":{"@id":"https:\/\/www.parisselectbook.com\/en\/2026\/05\/01\/patyka-glow-these-two-serums-awarded-at-the-victoires-de-la-beaute-engagee-2026-awaken-the-complexions-radiance-morning-and-night\/#primaryimage"},"thumbnailUrl":"https:\/\/www.parisselectbook.com\/wp-content\/uploads\/2026\/04\/220792-image.jpg","keywords":["gray complexion"],"articleSection":["News du Luxe"],"inLanguage":"en-US","potentialAction":[{"@type":"CommentAction","name":"Comment","target":["https:\/\/www.parisselectbook.com\/en\/2026\/05\/01\/patyka-glow-these-two-serums-awarded-at-the-victoires-de-la-beaute-engagee-2026-awaken-the-complexions-radiance-morning-and-night\/#respond"]}]},{"@type":"WebPage","@id":"https:\/\/www.parisselectbook.com\/en\/2026\/05\/01\/patyka-glow-these-two-serums-awarded-at-the-victoires-de-la-beaute-engagee-2026-awaken-the-complexions-radiance-morning-and-night\/","url":"https:\/\/www.parisselectbook.com\/en\/2026\/05\/01\/patyka-glow-these-two-serums-awarded-at-the-victoires-de-la-beaute-engagee-2026-awaken-the-complexions-radiance-morning-and-night\/","name":"Patyka Glow: these two serums, awarded at the Victoires de la Beaut\u00e9 Engag\u00e9e 2026, awaken the complexion's radiance morning and night.","isPartOf":{"@id":"https:\/\/www.parisselectbook.com\/en\/#website"},"primaryImageOfPage":{"@id":"https:\/\/www.parisselectbook.com\/en\/2026\/05\/01\/patyka-glow-these-two-serums-awarded-at-the-victoires-de-la-beaute-engagee-2026-awaken-the-complexions-radiance-morning-and-night\/#primaryimage"},"image":{"@id":"https:\/\/www.parisselectbook.com\/en\/2026\/05\/01\/patyka-glow-these-two-serums-awarded-at-the-victoires-de-la-beaute-engagee-2026-awaken-the-complexions-radiance-morning-and-night\/#primaryimage"},"thumbnailUrl":"https:\/\/www.parisselectbook.com\/wp-content\/uploads\/2026\/04\/220792-image.jpg","datePublished":"2026-05-01T10:28:32+00:00","description":"This 2026 award-winning Patyka duo targets gray complexions with a radiance serum in the morning and a detox treatment at night.","breadcrumb":{"@id":"https:\/\/www.parisselectbook.com\/en\/2026\/05\/01\/patyka-glow-these-two-serums-awarded-at-the-victoires-de-la-beaute-engagee-2026-awaken-the-complexions-radiance-morning-and-night\/#breadcrumb"},"inLanguage":"en-US","potentialAction":[{"@type":"ReadAction","target":["https:\/\/www.parisselectbook.com\/en\/2026\/05\/01\/patyka-glow-these-two-serums-awarded-at-the-victoires-de-la-beaute-engagee-2026-awaken-the-complexions-radiance-morning-and-night\/"]}]},{"@type":"ImageObject","inLanguage":"en-US","@id":"https:\/\/www.parisselectbook.com\/en\/2026\/05\/01\/patyka-glow-these-two-serums-awarded-at-the-victoires-de-la-beaute-engagee-2026-awaken-the-complexions-radiance-morning-and-night\/#primaryimage","url":"https:\/\/www.parisselectbook.com\/wp-content\/uploads\/2026\/04\/220792-image.jpg","contentUrl":"https:\/\/www.parisselectbook.com\/wp-content\/uploads\/2026\/04\/220792-image.jpg","width":1200,"height":680,"caption":"ParisSelect - Patyka Glow : ces deux s\u00e9rums prim\u00e9s aux Victoires de la Beaut\u00e9 Engag\u00e9e 2026 r\u00e9veillent l'\u00e9clat du teint matin et soir"},{"@type":"BreadcrumbList","@id":"https:\/\/www.parisselectbook.com\/en\/2026\/05\/01\/patyka-glow-these-two-serums-awarded-at-the-victoires-de-la-beaute-engagee-2026-awaken-the-complexions-radiance-morning-and-night\/#breadcrumb","itemListElement":[{"@type":"ListItem","position":1,"name":"Que faire \u00e0 Paris ?","item":"https:\/\/www.parisselectbook.com\/en\/category\/que-faire-a-paris-en\/"},{"@type":"ListItem","position":2,"name":"Patyka Glow: these two serums, awarded at the Victoires de la Beaut\u00e9 Engag\u00e9e 2026, awaken the complexion&#8217;s radiance morning and night."}]},{"@type":"WebSite","@id":"https:\/\/www.parisselectbook.com\/en\/#website","url":"https:\/\/www.parisselectbook.com\/en\/","name":"Paris Select Book","description":"Le guide chic des Tendances Parisiennes","publisher":{"@id":"https:\/\/www.parisselectbook.com\/en\/#organization"},"potentialAction":[{"@type":"SearchAction","target":{"@type":"EntryPoint","urlTemplate":"https:\/\/www.parisselectbook.com\/en\/?s={search_term_string}"},"query-input":{"@type":"PropertyValueSpecification","valueRequired":true,"valueName":"search_term_string"}}],"inLanguage":"en-US"},{"@type":"Organization","@id":"https:\/\/www.parisselectbook.com\/en\/#organization","name":"Paris Select","url":"https:\/\/www.parisselectbook.com\/en\/","logo":{"@type":"ImageObject","inLanguage":"en-US","@id":"https:\/\/www.parisselectbook.com\/en\/#\/schema\/logo\/image\/","url":"https:\/\/www.parisselectbook.com\/wp-content\/uploads\/2024\/06\/logo-IG-TKTK-LK.png","contentUrl":"https:\/\/www.parisselectbook.com\/wp-content\/uploads\/2024\/06\/logo-IG-TKTK-LK.png","width":684,"height":665,"caption":"Paris Select"},"image":{"@id":"https:\/\/www.parisselectbook.com\/en\/#\/schema\/logo\/image\/"},"sameAs":["https:\/\/www.facebook.com\/parisselect","https:\/\/www.instagram.com\/parisselect\/","https:\/\/www.tiktok.com\/@parisselect"]},{"@type":"Person","@id":"https:\/\/www.parisselectbook.com\/en\/#\/schema\/person\/3675d9a80d6cbefbfde597e393c036aa","name":"zaccharie touboul","sameAs":["https:\/\/www.parisselectbook.com\/"]}]}},"_links":{"self":[{"href":"https:\/\/www.parisselectbook.com\/en\/wp-json\/wp\/v2\/posts\/221026","targetHints":{"allow":["GET"]}}],"collection":[{"href":"https:\/\/www.parisselectbook.com\/en\/wp-json\/wp\/v2\/posts"}],"about":[{"href":"https:\/\/www.parisselectbook.com\/en\/wp-json\/wp\/v2\/types\/post"}],"author":[{"embeddable":true,"href":"https:\/\/www.parisselectbook.com\/en\/wp-json\/wp\/v2\/users\/13"}],"replies":[{"embeddable":true,"href":"https:\/\/www.parisselectbook.com\/en\/wp-json\/wp\/v2\/comments?post=221026"}],"version-history":[{"count":0,"href":"https:\/\/www.parisselectbook.com\/en\/wp-json\/wp\/v2\/posts\/221026\/revisions"}],"wp:featuredmedia":[{"embeddable":true,"href":"https:\/\/www.parisselectbook.com\/en\/wp-json\/wp\/v2\/media\/220794"}],"wp:attachment":[{"href":"https:\/\/www.parisselectbook.com\/en\/wp-json\/wp\/v2\/media?parent=221026"}],"wp:term":[{"taxonomy":"category","embeddable":true,"href":"https:\/\/www.parisselectbook.com\/en\/wp-json\/wp\/v2\/categories?post=221026"},{"taxonomy":"post_tag","embeddable":true,"href":"https:\/\/www.parisselectbook.com\/en\/wp-json\/wp\/v2\/tags?post=221026"},{"taxonomy":"quartier","embeddable":true,"href":"https:\/\/www.parisselectbook.com\/en\/wp-json\/wp\/v2\/quartier?post=221026"}],"curies":[{"name":"wp","href":"https:\/\/api.w.org\/{rel}","templated":true}]}}