{"id":243494,"date":"2026-09-03T10:03:11","date_gmt":"2026-09-03T08:03:11","guid":{"rendered":"https:\/\/www.parisselectbook.com\/?p=243494"},"modified":"2026-09-03T10:03:14","modified_gmt":"2026-09-03T08:03:14","slug":"pierre-herme-celine-dion-macarons","status":"publish","type":"post","link":"https:\/\/www.parisselectbook.com\/en\/2026\/09\/03\/pierre-herme-celine-dion-macarons\/","title":{"rendered":"Pierre Herm\u00e9 x C\u00e9line Dion: eight limited-edition macarons launching at Galeries Lafayette"},"content":{"rendered":"<p>Eight macarons, a singer known the world over, and a brand strategy that goes far beyond a simple sweet treat. The <strong>Pierre Herm\u00e9 x C\u00e9line Dion<\/strong> collaboration is shaping up to be one of 2026&#8217;s most readable examples of what haute p\u00e2tisserie is borrowing from the codes of <a href=\"https:\/\/www.parisselectbook.com\/en\/2026\/09\/01\/tom-ford-fragrances-celebrities\/\">luxury<\/a> and entertainment.<\/p>\n<h2>Macarons chosen by C\u00e9line Dion, available from September<\/h2>\n<p>In practical terms, what shoppers will find in store is a <a href=\"https:\/\/www.parisselectbook.com\/2026\/09\/01\/pierre-herme-paris-celebre-mogador-avec-une-collection-ephemere-a-soffrir-des-le-17-septembre\/\">gift box<\/a> built from Pierre Herm\u00e9&#8217;s existing catalogue. C\u00e9line Dion has selected <strong>eight references<\/strong> from the Maison&#8217;s creations, including the Ispahan, the Infiniment Caramel, the Infiniment Framboise and the Infiniment Pralin\u00e9 Pistache. Each choice is tied to her personal tastes and her own memories.<\/p>\n<p>That approach is worth noting. The singer did not design a new product from scratch: she gave narrative shape to creations that already existed. Pierre Herm\u00e9&#8217;s <a href=\"https:\/\/www.parisselectbook.com\/2026\/09\/01\/journees-du-patrimoine-la-verriere-eiffel-au-coeur-de-lhotel-vernet-une-pepite-a-decouvrir-absolument\/\">heritage<\/a> remains entirely intact, but it temporarily gains a fresh reading through the personality of an artist with global name recognition.<\/p>\n<p>For those keen to get their hands on these boxes, the timeline is precise. A preview is planned <strong>on 3 September at Galeries Lafayette Paris Haussmann<\/strong>, before wider availability across the Pierre Herm\u00e9 network <strong>from 11 September<\/strong>. These dates are no coincidence: they fall directly ahead of C\u00e9line Dion&#8217;s Paris <a href=\"https:\/\/www.parisselectbook.com\/2026\/09\/01\/rentree-artistique-a-paris-5-nouveaux-spectacles-a-voir-pour-chanter-rire-et-semerveiller-et-2-retours-tres-attendus\/\">concert series<\/a> in autumn 2026.<\/p>\n<h2>Pierre Herm\u00e9 x C\u00e9line Dion: riding an existing moment rather than manufacturing one<\/h2>\n<p>The timing is arguably the central lever of this whole operation. By aligning the launch of the gift boxes with the singer&#8217;s Paris concerts, Pierre Herm\u00e9 is not conjuring an event out of thin air. The Maison is plugging into a cultural moment that already carries enormous media and emotional weight.<\/p>\n<p>That logic addresses a very real challenge for premium brands: staying present in the cultural conversation without multiplying conventional advertising campaigns. By leaning on the power of a highly anticipated comeback tour, the Maison refreshes its visibility among audiences who do not necessarily visit it on a regular basis.<\/p>\n<p>The mechanics echo what fashion houses have been doing for years: start from assets that are already recognisable, a signature product, a savoir-faire, an aesthetic, and reframe them within a cultural context capable of reigniting their desirability.<\/p>\n<h2>Luxury codes applied to p\u00e2tisserie<\/h2>\n<p>This collaboration fits into a broader coherence. Pierre Herm\u00e9 Paris already operates according to several principles typical of luxury houses, and has done so long before this partnership. The Maison now counts <strong>more than 100 points of sale across around twenty countries<\/strong>, with international distribution, carefully designed boutiques, considered packaging and a well-established culture of limited editions.<\/p>\n<ul>\n<li>Distribution across more than 100 points of sale internationally<\/li>\n<li>Presence in around twenty countries<\/li>\n<li>Limited editions as a tool for scarcity and collectability<\/li>\n<li>Packaging conceived as an element of desirability<\/li>\n<li>Collaborations as a lever for brand renewal<\/li>\n<\/ul>\n<p>Within that framework, the macaron plays a specific role. It is an accessible product that allows customers to enter the Maison&#8217;s world at a lower price point. But the limited-edition format and its anchoring in a precise cultural event lend it a dimension of scarcity, even collectability, that the standard product simply does not have.<\/p>\n<h2>When gastronomy, luxury and entertainment blur their boundaries<\/h2>\n<p>Beyond the collaboration itself, <strong>Pierre Herm\u00e9 x C\u00e9line Dion<\/strong> illustrates a deeper shift. The boundaries between gastronomy, luxury and entertainment are gradually dissolving. For brands, the challenge is no longer simply to sell a product category, but to build a world that is identifiable enough to move fluidly across multiple cultural territories.<\/p>\n<p>This partnership between Pierre Herm\u00e9 and C\u00e9line Dion is a concrete demonstration of exactly that. The celebrity&#8217;s role here is less about production than about storytelling: she offers already-recognised products a new interpretive context. In return, the Maison multiplies its touchpoints with new audiences, drawn in first by the singer and then introduced to Pierre Herm\u00e9&#8217;s creations.<\/p>\n<p>This type of collaboration, now firmly established in the luxury world, confirms that haute p\u00e2tisserie has fully absorbed these mechanisms. The September 2026 launch of these gift boxes will be worth watching not only as a gourmet event, but as an indicator of how a house like Pierre Herm\u00e9 builds and sustains its place in contemporary culture.<\/p>\n","protected":false},"excerpt":{"rendered":"<p>Eight macarons, a singer known the world over, and a brand strategy that goes far beyond a simple sweet treat. The Pierre Herm\u00e9 x C\u00e9line&#8230;<\/p>\n","protected":false},"author":13,"featured_media":243495,"comment_status":"closed","ping_status":"closed","sticky":false,"template":"","format":"standard","meta":{"_acf_changed":false,"footnotes":""},"categories":[2685],"tags":[9433],"quartier":[],"class_list":["post-243494","post","type-post","status-publish","format-standard","has-post-thumbnail","hentry","category-news-du-luxe-en","tag-pierre-herme-x-celine-dion"],"acf":[],"yoast_head":"<!-- This site is optimized with the Yoast SEO plugin v28.4 - https:\/\/yoast.com\/product\/yoast-seo-wordpress\/ -->\n<title>Pierre Herm\u00e9 x C\u00e9line Dion: eight limited-edition macarons launching at Galeries Lafayette<\/title>\n<meta name=\"description\" content=\"Pierre Herm\u00e9 x C\u00e9line Dion: a limited-edition macaron box lands at Galeries Lafayette on 3 September 2026, with eight flavours handpicked by the singer.\" \/>\n<meta name=\"robots\" content=\"index, follow, max-snippet:-1, max-image-preview:large, max-video-preview:-1\" \/>\n<link rel=\"canonical\" href=\"https:\/\/www.parisselectbook.com\/en\/2026\/09\/03\/pierre-herme-celine-dion-macarons\/\" \/>\n<meta property=\"og:locale\" content=\"en_US\" \/>\n<meta property=\"og:type\" content=\"article\" \/>\n<meta property=\"og:title\" content=\"Pierre Herm\u00e9 x C\u00e9line Dion: eight limited-edition macarons launching at Galeries Lafayette\" \/>\n<meta property=\"og:description\" content=\"Pierre Herm\u00e9 x C\u00e9line Dion: a limited-edition macaron box lands at Galeries Lafayette on 3 September 2026, with eight flavours handpicked by the singer.\" \/>\n<meta property=\"og:url\" content=\"https:\/\/www.parisselectbook.com\/en\/2026\/09\/03\/pierre-herme-celine-dion-macarons\/\" \/>\n<meta property=\"og:site_name\" content=\"Paris Select\" \/>\n<meta property=\"article:publisher\" content=\"https:\/\/www.facebook.com\/parisselect\" \/>\n<meta property=\"article:published_time\" content=\"2026-09-03T08:03:11+00:00\" \/>\n<meta property=\"article:modified_time\" content=\"2026-09-03T08:03:14+00:00\" \/>\n<meta property=\"og:image\" content=\"https:\/\/www.parisselectbook.com\/wp-content\/uploads\/2026\/09\/243494-pierre-herme-x-celine-dion-eight-limited-edition-m.jpg\" \/>\n\t<meta property=\"og:image:width\" content=\"1200\" \/>\n\t<meta property=\"og:image:height\" content=\"680\" \/>\n\t<meta property=\"og:image:type\" content=\"image\/jpeg\" \/>\n<meta name=\"author\" content=\"zaccharie touboul\" \/>\n<meta name=\"twitter:card\" content=\"summary_large_image\" \/>\n<meta name=\"twitter:label1\" content=\"Written by\" \/>\n\t<meta name=\"twitter:data1\" content=\"zaccharie touboul\" \/>\n\t<meta name=\"twitter:label2\" content=\"Est. reading time\" \/>\n\t<meta name=\"twitter:data2\" content=\"3 minutes\" \/>\n<script type=\"application\/ld+json\" class=\"yoast-schema-graph\">{\"@context\":\"https:\\\/\\\/schema.org\",\"@graph\":[{\"@type\":\"Article\",\"@id\":\"https:\\\/\\\/www.parisselectbook.com\\\/en\\\/2026\\\/09\\\/03\\\/pierre-herme-celine-dion-macarons\\\/#article\",\"isPartOf\":{\"@id\":\"https:\\\/\\\/www.parisselectbook.com\\\/en\\\/2026\\\/09\\\/03\\\/pierre-herme-celine-dion-macarons\\\/\"},\"author\":{\"name\":\"zaccharie touboul\",\"@id\":\"https:\\\/\\\/www.parisselectbook.com\\\/en\\\/#\\\/schema\\\/person\\\/3675d9a80d6cbefbfde597e393c036aa\"},\"headline\":\"Pierre Herm\u00e9 x C\u00e9line Dion: eight limited-edition macarons launching at Galeries Lafayette\",\"datePublished\":\"2026-09-03T08:03:11+00:00\",\"dateModified\":\"2026-09-03T08:03:14+00:00\",\"mainEntityOfPage\":{\"@id\":\"https:\\\/\\\/www.parisselectbook.com\\\/en\\\/2026\\\/09\\\/03\\\/pierre-herme-celine-dion-macarons\\\/\"},\"wordCount\":719,\"publisher\":{\"@id\":\"https:\\\/\\\/www.parisselectbook.com\\\/en\\\/#organization\"},\"image\":{\"@id\":\"https:\\\/\\\/www.parisselectbook.com\\\/en\\\/2026\\\/09\\\/03\\\/pierre-herme-celine-dion-macarons\\\/#primaryimage\"},\"thumbnailUrl\":\"https:\\\/\\\/www.parisselectbook.com\\\/wp-content\\\/uploads\\\/2026\\\/09\\\/243494-pierre-herme-x-celine-dion-eight-limited-edition-m.jpg\",\"keywords\":[\"Pierre Herm\u00e9 x C\u00e9line Dion\"],\"articleSection\":[\"News du Luxe\"],\"inLanguage\":\"en-US\"},{\"@type\":\"WebPage\",\"@id\":\"https:\\\/\\\/www.parisselectbook.com\\\/en\\\/2026\\\/09\\\/03\\\/pierre-herme-celine-dion-macarons\\\/\",\"url\":\"https:\\\/\\\/www.parisselectbook.com\\\/en\\\/2026\\\/09\\\/03\\\/pierre-herme-celine-dion-macarons\\\/\",\"name\":\"Pierre Herm\u00e9 x C\u00e9line Dion: eight limited-edition macarons launching at Galeries Lafayette\",\"isPartOf\":{\"@id\":\"https:\\\/\\\/www.parisselectbook.com\\\/en\\\/#website\"},\"primaryImageOfPage\":{\"@id\":\"https:\\\/\\\/www.parisselectbook.com\\\/en\\\/2026\\\/09\\\/03\\\/pierre-herme-celine-dion-macarons\\\/#primaryimage\"},\"image\":{\"@id\":\"https:\\\/\\\/www.parisselectbook.com\\\/en\\\/2026\\\/09\\\/03\\\/pierre-herme-celine-dion-macarons\\\/#primaryimage\"},\"thumbnailUrl\":\"https:\\\/\\\/www.parisselectbook.com\\\/wp-content\\\/uploads\\\/2026\\\/09\\\/243494-pierre-herme-x-celine-dion-eight-limited-edition-m.jpg\",\"datePublished\":\"2026-09-03T08:03:11+00:00\",\"dateModified\":\"2026-09-03T08:03:14+00:00\",\"description\":\"Pierre Herm\u00e9 x C\u00e9line Dion: a limited-edition macaron box lands at Galeries Lafayette on 3 September 2026, with eight flavours handpicked by the singer.\",\"breadcrumb\":{\"@id\":\"https:\\\/\\\/www.parisselectbook.com\\\/en\\\/2026\\\/09\\\/03\\\/pierre-herme-celine-dion-macarons\\\/#breadcrumb\"},\"inLanguage\":\"en-US\",\"potentialAction\":[{\"@type\":\"ReadAction\",\"target\":[\"https:\\\/\\\/www.parisselectbook.com\\\/en\\\/2026\\\/09\\\/03\\\/pierre-herme-celine-dion-macarons\\\/\"]}]},{\"@type\":\"ImageObject\",\"inLanguage\":\"en-US\",\"@id\":\"https:\\\/\\\/www.parisselectbook.com\\\/en\\\/2026\\\/09\\\/03\\\/pierre-herme-celine-dion-macarons\\\/#primaryimage\",\"url\":\"https:\\\/\\\/www.parisselectbook.com\\\/wp-content\\\/uploads\\\/2026\\\/09\\\/243494-pierre-herme-x-celine-dion-eight-limited-edition-m.jpg\",\"contentUrl\":\"https:\\\/\\\/www.parisselectbook.com\\\/wp-content\\\/uploads\\\/2026\\\/09\\\/243494-pierre-herme-x-celine-dion-eight-limited-edition-m.jpg\",\"width\":1200,\"height\":680,\"caption\":\"Pierre Herm\u00e9 x C\u00e9line Dion: eight limited-edition macarons launching at Galeries Lafayette\"},{\"@type\":\"BreadcrumbList\",\"@id\":\"https:\\\/\\\/www.parisselectbook.com\\\/en\\\/2026\\\/09\\\/03\\\/pierre-herme-celine-dion-macarons\\\/#breadcrumb\",\"itemListElement\":[{\"@type\":\"ListItem\",\"position\":1,\"name\":\"News du Luxe\",\"item\":\"https:\\\/\\\/www.parisselectbook.com\\\/en\\\/category\\\/news-du-luxe-en\\\/\"},{\"@type\":\"ListItem\",\"position\":2,\"name\":\"Pierre Herm\u00e9 x C\u00e9line Dion: eight limited-edition macarons launching at Galeries Lafayette\"}]},{\"@type\":\"WebSite\",\"@id\":\"https:\\\/\\\/www.parisselectbook.com\\\/en\\\/#website\",\"url\":\"https:\\\/\\\/www.parisselectbook.com\\\/en\\\/\",\"name\":\"Paris Select Book\",\"description\":\"Le guide chic des Tendances Parisiennes\",\"publisher\":{\"@id\":\"https:\\\/\\\/www.parisselectbook.com\\\/en\\\/#organization\"},\"potentialAction\":[{\"@type\":\"SearchAction\",\"target\":{\"@type\":\"EntryPoint\",\"urlTemplate\":\"https:\\\/\\\/www.parisselectbook.com\\\/en\\\/?s={search_term_string}\"},\"query-input\":{\"@type\":\"PropertyValueSpecification\",\"valueRequired\":true,\"valueName\":\"search_term_string\"}}],\"inLanguage\":\"en-US\"},{\"@type\":\"Organization\",\"@id\":\"https:\\\/\\\/www.parisselectbook.com\\\/en\\\/#organization\",\"name\":\"Paris Select\",\"url\":\"https:\\\/\\\/www.parisselectbook.com\\\/en\\\/\",\"logo\":{\"@type\":\"ImageObject\",\"inLanguage\":\"en-US\",\"@id\":\"https:\\\/\\\/www.parisselectbook.com\\\/en\\\/#\\\/schema\\\/logo\\\/image\\\/\",\"url\":\"https:\\\/\\\/www.parisselectbook.com\\\/wp-content\\\/uploads\\\/2024\\\/06\\\/logo-IG-TKTK-LK.png\",\"contentUrl\":\"https:\\\/\\\/www.parisselectbook.com\\\/wp-content\\\/uploads\\\/2024\\\/06\\\/logo-IG-TKTK-LK.png\",\"width\":684,\"height\":665,\"caption\":\"Paris Select\"},\"image\":{\"@id\":\"https:\\\/\\\/www.parisselectbook.com\\\/en\\\/#\\\/schema\\\/logo\\\/image\\\/\"},\"sameAs\":[\"https:\\\/\\\/www.facebook.com\\\/parisselect\",\"https:\\\/\\\/www.instagram.com\\\/parisselect\\\/\",\"https:\\\/\\\/www.tiktok.com\\\/@parisselect\"]},{\"@type\":\"Person\",\"@id\":\"https:\\\/\\\/www.parisselectbook.com\\\/en\\\/#\\\/schema\\\/person\\\/3675d9a80d6cbefbfde597e393c036aa\",\"name\":\"zaccharie touboul\",\"sameAs\":[\"https:\\\/\\\/www.parisselectbook.com\\\/\"]}]}<\/script>\n<!-- \/ Yoast SEO plugin. -->","yoast_head_json":{"title":"Pierre Herm\u00e9 x C\u00e9line Dion: eight limited-edition macarons launching at Galeries Lafayette","description":"Pierre Herm\u00e9 x C\u00e9line Dion: a limited-edition macaron box lands at Galeries Lafayette on 3 September 2026, with eight flavours handpicked by the singer.","robots":{"index":"index","follow":"follow","max-snippet":"max-snippet:-1","max-image-preview":"max-image-preview:large","max-video-preview":"max-video-preview:-1"},"canonical":"https:\/\/www.parisselectbook.com\/en\/2026\/09\/03\/pierre-herme-celine-dion-macarons\/","og_locale":"en_US","og_type":"article","og_title":"Pierre Herm\u00e9 x C\u00e9line Dion: eight limited-edition macarons launching at Galeries Lafayette","og_description":"Pierre Herm\u00e9 x C\u00e9line Dion: a limited-edition macaron box lands at Galeries Lafayette on 3 September 2026, with eight flavours handpicked by the singer.","og_url":"https:\/\/www.parisselectbook.com\/en\/2026\/09\/03\/pierre-herme-celine-dion-macarons\/","og_site_name":"Paris Select","article_publisher":"https:\/\/www.facebook.com\/parisselect","article_published_time":"2026-09-03T08:03:11+00:00","article_modified_time":"2026-09-03T08:03:14+00:00","og_image":[{"width":1200,"height":680,"url":"https:\/\/www.parisselectbook.com\/wp-content\/uploads\/2026\/09\/243494-pierre-herme-x-celine-dion-eight-limited-edition-m.jpg","type":"image\/jpeg"}],"author":"zaccharie touboul","twitter_card":"summary_large_image","twitter_misc":{"Written by":"zaccharie touboul","Est. reading time":"3 minutes"},"schema":{"@context":"https:\/\/schema.org","@graph":[{"@type":"Article","@id":"https:\/\/www.parisselectbook.com\/en\/2026\/09\/03\/pierre-herme-celine-dion-macarons\/#article","isPartOf":{"@id":"https:\/\/www.parisselectbook.com\/en\/2026\/09\/03\/pierre-herme-celine-dion-macarons\/"},"author":{"name":"zaccharie touboul","@id":"https:\/\/www.parisselectbook.com\/en\/#\/schema\/person\/3675d9a80d6cbefbfde597e393c036aa"},"headline":"Pierre Herm\u00e9 x C\u00e9line Dion: eight limited-edition macarons launching at Galeries Lafayette","datePublished":"2026-09-03T08:03:11+00:00","dateModified":"2026-09-03T08:03:14+00:00","mainEntityOfPage":{"@id":"https:\/\/www.parisselectbook.com\/en\/2026\/09\/03\/pierre-herme-celine-dion-macarons\/"},"wordCount":719,"publisher":{"@id":"https:\/\/www.parisselectbook.com\/en\/#organization"},"image":{"@id":"https:\/\/www.parisselectbook.com\/en\/2026\/09\/03\/pierre-herme-celine-dion-macarons\/#primaryimage"},"thumbnailUrl":"https:\/\/www.parisselectbook.com\/wp-content\/uploads\/2026\/09\/243494-pierre-herme-x-celine-dion-eight-limited-edition-m.jpg","keywords":["Pierre Herm\u00e9 x C\u00e9line Dion"],"articleSection":["News du Luxe"],"inLanguage":"en-US"},{"@type":"WebPage","@id":"https:\/\/www.parisselectbook.com\/en\/2026\/09\/03\/pierre-herme-celine-dion-macarons\/","url":"https:\/\/www.parisselectbook.com\/en\/2026\/09\/03\/pierre-herme-celine-dion-macarons\/","name":"Pierre Herm\u00e9 x C\u00e9line Dion: eight limited-edition macarons launching at Galeries Lafayette","isPartOf":{"@id":"https:\/\/www.parisselectbook.com\/en\/#website"},"primaryImageOfPage":{"@id":"https:\/\/www.parisselectbook.com\/en\/2026\/09\/03\/pierre-herme-celine-dion-macarons\/#primaryimage"},"image":{"@id":"https:\/\/www.parisselectbook.com\/en\/2026\/09\/03\/pierre-herme-celine-dion-macarons\/#primaryimage"},"thumbnailUrl":"https:\/\/www.parisselectbook.com\/wp-content\/uploads\/2026\/09\/243494-pierre-herme-x-celine-dion-eight-limited-edition-m.jpg","datePublished":"2026-09-03T08:03:11+00:00","dateModified":"2026-09-03T08:03:14+00:00","description":"Pierre Herm\u00e9 x C\u00e9line Dion: a limited-edition macaron box lands at Galeries Lafayette on 3 September 2026, with eight flavours handpicked by the singer.","breadcrumb":{"@id":"https:\/\/www.parisselectbook.com\/en\/2026\/09\/03\/pierre-herme-celine-dion-macarons\/#breadcrumb"},"inLanguage":"en-US","potentialAction":[{"@type":"ReadAction","target":["https:\/\/www.parisselectbook.com\/en\/2026\/09\/03\/pierre-herme-celine-dion-macarons\/"]}]},{"@type":"ImageObject","inLanguage":"en-US","@id":"https:\/\/www.parisselectbook.com\/en\/2026\/09\/03\/pierre-herme-celine-dion-macarons\/#primaryimage","url":"https:\/\/www.parisselectbook.com\/wp-content\/uploads\/2026\/09\/243494-pierre-herme-x-celine-dion-eight-limited-edition-m.jpg","contentUrl":"https:\/\/www.parisselectbook.com\/wp-content\/uploads\/2026\/09\/243494-pierre-herme-x-celine-dion-eight-limited-edition-m.jpg","width":1200,"height":680,"caption":"Pierre Herm\u00e9 x C\u00e9line Dion: eight limited-edition macarons launching at Galeries Lafayette"},{"@type":"BreadcrumbList","@id":"https:\/\/www.parisselectbook.com\/en\/2026\/09\/03\/pierre-herme-celine-dion-macarons\/#breadcrumb","itemListElement":[{"@type":"ListItem","position":1,"name":"News du Luxe","item":"https:\/\/www.parisselectbook.com\/en\/category\/news-du-luxe-en\/"},{"@type":"ListItem","position":2,"name":"Pierre Herm\u00e9 x C\u00e9line Dion: eight limited-edition macarons launching at Galeries Lafayette"}]},{"@type":"WebSite","@id":"https:\/\/www.parisselectbook.com\/en\/#website","url":"https:\/\/www.parisselectbook.com\/en\/","name":"Paris Select Book","description":"Le guide chic des Tendances Parisiennes","publisher":{"@id":"https:\/\/www.parisselectbook.com\/en\/#organization"},"potentialAction":[{"@type":"SearchAction","target":{"@type":"EntryPoint","urlTemplate":"https:\/\/www.parisselectbook.com\/en\/?s={search_term_string}"},"query-input":{"@type":"PropertyValueSpecification","valueRequired":true,"valueName":"search_term_string"}}],"inLanguage":"en-US"},{"@type":"Organization","@id":"https:\/\/www.parisselectbook.com\/en\/#organization","name":"Paris Select","url":"https:\/\/www.parisselectbook.com\/en\/","logo":{"@type":"ImageObject","inLanguage":"en-US","@id":"https:\/\/www.parisselectbook.com\/en\/#\/schema\/logo\/image\/","url":"https:\/\/www.parisselectbook.com\/wp-content\/uploads\/2024\/06\/logo-IG-TKTK-LK.png","contentUrl":"https:\/\/www.parisselectbook.com\/wp-content\/uploads\/2024\/06\/logo-IG-TKTK-LK.png","width":684,"height":665,"caption":"Paris Select"},"image":{"@id":"https:\/\/www.parisselectbook.com\/en\/#\/schema\/logo\/image\/"},"sameAs":["https:\/\/www.facebook.com\/parisselect","https:\/\/www.instagram.com\/parisselect\/","https:\/\/www.tiktok.com\/@parisselect"]},{"@type":"Person","@id":"https:\/\/www.parisselectbook.com\/en\/#\/schema\/person\/3675d9a80d6cbefbfde597e393c036aa","name":"zaccharie touboul","sameAs":["https:\/\/www.parisselectbook.com\/"]}]}},"_links":{"self":[{"href":"https:\/\/www.parisselectbook.com\/en\/wp-json\/wp\/v2\/posts\/243494","targetHints":{"allow":["GET"]}}],"collection":[{"href":"https:\/\/www.parisselectbook.com\/en\/wp-json\/wp\/v2\/posts"}],"about":[{"href":"https:\/\/www.parisselectbook.com\/en\/wp-json\/wp\/v2\/types\/post"}],"author":[{"embeddable":true,"href":"https:\/\/www.parisselectbook.com\/en\/wp-json\/wp\/v2\/users\/13"}],"replies":[{"embeddable":true,"href":"https:\/\/www.parisselectbook.com\/en\/wp-json\/wp\/v2\/comments?post=243494"}],"version-history":[{"count":2,"href":"https:\/\/www.parisselectbook.com\/en\/wp-json\/wp\/v2\/posts\/243494\/revisions"}],"predecessor-version":[{"id":243729,"href":"https:\/\/www.parisselectbook.com\/en\/wp-json\/wp\/v2\/posts\/243494\/revisions\/243729"}],"wp:featuredmedia":[{"embeddable":true,"href":"https:\/\/www.parisselectbook.com\/en\/wp-json\/wp\/v2\/media\/243495"}],"wp:attachment":[{"href":"https:\/\/www.parisselectbook.com\/en\/wp-json\/wp\/v2\/media?parent=243494"}],"wp:term":[{"taxonomy":"category","embeddable":true,"href":"https:\/\/www.parisselectbook.com\/en\/wp-json\/wp\/v2\/categories?post=243494"},{"taxonomy":"post_tag","embeddable":true,"href":"https:\/\/www.parisselectbook.com\/en\/wp-json\/wp\/v2\/tags?post=243494"},{"taxonomy":"quartier","embeddable":true,"href":"https:\/\/www.parisselectbook.com\/en\/wp-json\/wp\/v2\/quartier?post=243494"}],"curies":[{"name":"wp","href":"https:\/\/api.w.org\/{rel}","templated":true}]}}