{"id":243842,"date":"2026-09-05T08:21:07","date_gmt":"2026-09-05T06:21:07","guid":{"rendered":"https:\/\/www.parisselectbook.com\/?p=243842"},"modified":"2026-09-05T08:21:13","modified_gmt":"2026-09-05T06:21:13","slug":"celine-dion-sings-paris-hotel","status":"publish","type":"post","link":"https:\/\/www.parisselectbook.com\/en\/2026\/09\/05\/celine-dion-sings-paris-hotel\/","title":{"rendered":"C\u00e9line Dion sings &#8216;Pour que tu m&#8217;aimes encore&#8217; outside her Paris hotel"},"content":{"rendered":"<p>Imagine standing outside a <a href=\"https:\/\/www.parisselectbook.com\/2026\/09\/02\/kimpton-st-honore-paris-relance-le-doggy-brunch-au-montecito-chaque-premier-dimanche-du-mois\/\">Paris hotel<\/a> and suddenly hearing C\u00e9line Dion&#8217;s voice rise up from the pavement. That is exactly what fans experienced on <strong>Tuesday, 1 September 2026<\/strong>, outside Le Royal Monceau, the hotel where the singer has been staying during her time in the French capital. A rare, spontaneous moment that few would have dared to hope for.<\/p>\n<h2>An unforgettable moment outside this Paris hotel<\/h2>\n<p>Since her arrival in <a href=\"https:\/\/www.parisselectbook.com\/en\/2026\/09\/02\/margot-robbie-retro-sixties-bob\/\">Paris<\/a> on <strong>28 August 2026<\/strong>, C\u00e9line Dion has been greeted daily by fans and photographers gathered outside her Paris hotel. Her appearances remain brief, but each one is treated as an event in itself. On that Tuesday, the 58-year-old Quebec singer took things one step further.<\/p>\n<p>As the crowd assembled outside the hotel began singing <em>Pour que tu m&#8217;aimes encore<\/em>, one of her most iconic songs, C\u00e9line Dion joined them. Dressed in a <a href=\"https:\/\/www.parisselectbook.com\/2026\/09\/02\/robes-mythiques-legende-mode\/\">black gown<\/a>, she sang alongside the fans and even broke into a few <a href=\"https:\/\/www.parisselectbook.com\/en\/2026\/09\/02\/parc-asterix-dancefloor-september\/\">dance steps<\/a>. A moment as fleeting as it was intense, etched into the memories of everyone lucky enough to witness it.<\/p>\n<h2>Saving her energy ahead of sixteen Paris concerts<\/h2>\n<p>While appearances outside her Paris hotel remain rare, C\u00e9line Dion has explained why herself. On <strong>Monday, 31 August 2026<\/strong>, she told fans gathered outside the hotel that she was focused on conserving her strength. She said she was trying to rest so she could be at her very best for her shows, and that the desire to go out, eat at restaurants, and catch other performances was very much there, but that the stage had to come first.<\/p>\n<p>The stakes are considerable. Her residency at <strong>Pl\u00e9nitude Arena<\/strong> begins on <strong>12 September 2026<\/strong>, spanning a total of <strong>sixteen dates<\/strong>. A further ten concerts are already scheduled for <strong>May 2027<\/strong>. This comeback represents an enormous challenge for a performer living with stiff-person syndrome, a condition that kept her off stage for <strong>six years<\/strong>.<\/p>\n<h2>The key figures behind this long-awaited comeback<\/h2>\n<ul>\n<li>Arrived in Paris on <strong>28 August 2026<\/strong><\/li>\n<li><strong>16 concert dates<\/strong> at Pl\u00e9nitude Arena from 12 September 2026<\/li>\n<li><strong>10 additional dates<\/strong> scheduled for May 2027<\/li>\n<li><strong>6 years<\/strong> away from the stage before this Paris residency<\/li>\n<li>Singer aged <strong>58<\/strong>, living with stiff-person syndrome<\/li>\n<\/ul>\n<h2>Six years away and a determination that never wavered<\/h2>\n<p>The context of this comeback gives even greater weight to every appearance outside this Paris hotel. After six years away from the stage due to her illness, C\u00e9line Dion is preparing to reunite with her audience in a Paris concert venue. The Pl\u00e9nitude Arena residency is therefore far more than a simple return: it is a reconquest.<\/p>\n<p>Every gesture, every note sung outside her Paris hotel carries a particular significance. For the fans who wait patiently each day, these stolen moments are a way of briefly sharing in the energy of an artist gearing up for one of the greatest challenges of her career. The residency is less than two weeks away, and the anticipation, on both sides, is palpable.<\/p>\n<p>Those who were not fortunate enough to be outside this Paris hotel that Tuesday will have to wait until <strong>12 September<\/strong> to find C\u00e9line Dion back on stage, in the full force of a real concert.<\/p>\n","protected":false},"excerpt":{"rendered":"<p>Imagine standing outside a Paris hotel and suddenly hearing C\u00e9line Dion&#8217;s voice rise up from the pavement. That is exactly what fans experienced on Tuesday,&#8230;<\/p>\n","protected":false},"author":15,"featured_media":243843,"comment_status":"closed","ping_status":"closed","sticky":false,"template":"","format":"standard","meta":{"_acf_changed":false,"footnotes":""},"categories":[2687],"tags":[9473],"quartier":[],"class_list":["post-243842","post","type-post","status-publish","format-standard","has-post-thumbnail","hentry","category-que-faire-a-paris-en","tag-parisian-hotel"],"acf":[],"yoast_head":"<!-- This site is optimized with the Yoast SEO plugin v28.4 - https:\/\/yoast.com\/product\/yoast-seo-wordpress\/ -->\n<title>C\u00e9line Dion sings &#039;Pour que tu m&#039;aimes encore&#039; outside her Paris hotel<\/title>\n<meta name=\"description\" content=\"C\u00e9line Dion sang with fans outside her Paris hotel on 1 September 2026. Her Pl\u00e9nitude Arena residency kicks off on 12 September.\" \/>\n<meta name=\"robots\" content=\"index, follow, max-snippet:-1, max-image-preview:large, max-video-preview:-1\" \/>\n<link rel=\"canonical\" href=\"https:\/\/www.parisselectbook.com\/en\/2026\/09\/05\/celine-dion-sings-paris-hotel\/\" \/>\n<meta property=\"og:locale\" content=\"en_US\" \/>\n<meta property=\"og:type\" content=\"article\" \/>\n<meta property=\"og:title\" content=\"C\u00e9line Dion sings &#039;Pour que tu m&#039;aimes encore&#039; outside her Paris hotel\" \/>\n<meta property=\"og:description\" content=\"C\u00e9line Dion sang with fans outside her Paris hotel on 1 September 2026. Her Pl\u00e9nitude Arena residency kicks off on 12 September.\" \/>\n<meta property=\"og:url\" content=\"https:\/\/www.parisselectbook.com\/en\/2026\/09\/05\/celine-dion-sings-paris-hotel\/\" \/>\n<meta property=\"og:site_name\" content=\"Paris Select\" \/>\n<meta property=\"article:publisher\" content=\"https:\/\/www.facebook.com\/parisselect\" \/>\n<meta property=\"article:published_time\" content=\"2026-09-05T06:21:07+00:00\" \/>\n<meta property=\"article:modified_time\" content=\"2026-09-05T06:21:13+00:00\" \/>\n<meta property=\"og:image\" content=\"https:\/\/www.parisselectbook.com\/wp-content\/uploads\/2026\/09\/243842-celine-dion-sings-pour-que-tu-m-aimes-encore-outsi.jpg\" \/>\n\t<meta property=\"og:image:width\" content=\"1200\" \/>\n\t<meta property=\"og:image:height\" content=\"680\" \/>\n\t<meta property=\"og:image:type\" content=\"image\/jpeg\" \/>\n<meta name=\"author\" content=\"Josh Kisous\" \/>\n<meta name=\"twitter:card\" content=\"summary_large_image\" \/>\n<meta name=\"twitter:label1\" content=\"Written by\" \/>\n\t<meta name=\"twitter:data1\" content=\"Josh Kisous\" \/>\n\t<meta name=\"twitter:label2\" content=\"Est. reading time\" \/>\n\t<meta name=\"twitter:data2\" content=\"3 minutes\" \/>\n<script type=\"application\/ld+json\" class=\"yoast-schema-graph\">{\"@context\":\"https:\\\/\\\/schema.org\",\"@graph\":[{\"@type\":\"Article\",\"@id\":\"https:\\\/\\\/www.parisselectbook.com\\\/en\\\/2026\\\/09\\\/05\\\/celine-dion-sings-paris-hotel\\\/#article\",\"isPartOf\":{\"@id\":\"https:\\\/\\\/www.parisselectbook.com\\\/en\\\/2026\\\/09\\\/05\\\/celine-dion-sings-paris-hotel\\\/\"},\"author\":{\"name\":\"Josh Kisous\",\"@id\":\"https:\\\/\\\/www.parisselectbook.com\\\/en\\\/#\\\/schema\\\/person\\\/30590080441cb8600456d8b1ca2dfbb6\"},\"headline\":\"C\u00e9line Dion sings &#8216;Pour que tu m&#8217;aimes encore&#8217; outside her Paris hotel\",\"datePublished\":\"2026-09-05T06:21:07+00:00\",\"dateModified\":\"2026-09-05T06:21:13+00:00\",\"mainEntityOfPage\":{\"@id\":\"https:\\\/\\\/www.parisselectbook.com\\\/en\\\/2026\\\/09\\\/05\\\/celine-dion-sings-paris-hotel\\\/\"},\"wordCount\":535,\"publisher\":{\"@id\":\"https:\\\/\\\/www.parisselectbook.com\\\/en\\\/#organization\"},\"image\":{\"@id\":\"https:\\\/\\\/www.parisselectbook.com\\\/en\\\/2026\\\/09\\\/05\\\/celine-dion-sings-paris-hotel\\\/#primaryimage\"},\"thumbnailUrl\":\"https:\\\/\\\/www.parisselectbook.com\\\/wp-content\\\/uploads\\\/2026\\\/09\\\/243842-celine-dion-sings-pour-que-tu-m-aimes-encore-outsi.jpg\",\"keywords\":[\"Parisian hotel\"],\"articleSection\":[\"Que faire \u00e0 Paris ?\"],\"inLanguage\":\"en-US\"},{\"@type\":\"WebPage\",\"@id\":\"https:\\\/\\\/www.parisselectbook.com\\\/en\\\/2026\\\/09\\\/05\\\/celine-dion-sings-paris-hotel\\\/\",\"url\":\"https:\\\/\\\/www.parisselectbook.com\\\/en\\\/2026\\\/09\\\/05\\\/celine-dion-sings-paris-hotel\\\/\",\"name\":\"C\u00e9line Dion sings 'Pour que tu m'aimes encore' outside her Paris hotel\",\"isPartOf\":{\"@id\":\"https:\\\/\\\/www.parisselectbook.com\\\/en\\\/#website\"},\"primaryImageOfPage\":{\"@id\":\"https:\\\/\\\/www.parisselectbook.com\\\/en\\\/2026\\\/09\\\/05\\\/celine-dion-sings-paris-hotel\\\/#primaryimage\"},\"image\":{\"@id\":\"https:\\\/\\\/www.parisselectbook.com\\\/en\\\/2026\\\/09\\\/05\\\/celine-dion-sings-paris-hotel\\\/#primaryimage\"},\"thumbnailUrl\":\"https:\\\/\\\/www.parisselectbook.com\\\/wp-content\\\/uploads\\\/2026\\\/09\\\/243842-celine-dion-sings-pour-que-tu-m-aimes-encore-outsi.jpg\",\"datePublished\":\"2026-09-05T06:21:07+00:00\",\"dateModified\":\"2026-09-05T06:21:13+00:00\",\"description\":\"C\u00e9line Dion sang with fans outside her Paris hotel on 1 September 2026. Her Pl\u00e9nitude Arena residency kicks off on 12 September.\",\"breadcrumb\":{\"@id\":\"https:\\\/\\\/www.parisselectbook.com\\\/en\\\/2026\\\/09\\\/05\\\/celine-dion-sings-paris-hotel\\\/#breadcrumb\"},\"inLanguage\":\"en-US\",\"potentialAction\":[{\"@type\":\"ReadAction\",\"target\":[\"https:\\\/\\\/www.parisselectbook.com\\\/en\\\/2026\\\/09\\\/05\\\/celine-dion-sings-paris-hotel\\\/\"]}]},{\"@type\":\"ImageObject\",\"inLanguage\":\"en-US\",\"@id\":\"https:\\\/\\\/www.parisselectbook.com\\\/en\\\/2026\\\/09\\\/05\\\/celine-dion-sings-paris-hotel\\\/#primaryimage\",\"url\":\"https:\\\/\\\/www.parisselectbook.com\\\/wp-content\\\/uploads\\\/2026\\\/09\\\/243842-celine-dion-sings-pour-que-tu-m-aimes-encore-outsi.jpg\",\"contentUrl\":\"https:\\\/\\\/www.parisselectbook.com\\\/wp-content\\\/uploads\\\/2026\\\/09\\\/243842-celine-dion-sings-pour-que-tu-m-aimes-encore-outsi.jpg\",\"width\":1200,\"height\":680,\"caption\":\"C\u00e9line Dion sings 'Pour que tu m'aimes encore' outside her Paris hotel\"},{\"@type\":\"BreadcrumbList\",\"@id\":\"https:\\\/\\\/www.parisselectbook.com\\\/en\\\/2026\\\/09\\\/05\\\/celine-dion-sings-paris-hotel\\\/#breadcrumb\",\"itemListElement\":[{\"@type\":\"ListItem\",\"position\":1,\"name\":\"Que faire \u00e0 Paris ?\",\"item\":\"https:\\\/\\\/www.parisselectbook.com\\\/en\\\/category\\\/que-faire-a-paris-en\\\/\"},{\"@type\":\"ListItem\",\"position\":2,\"name\":\"C\u00e9line Dion sings &lsquo;Pour que tu m&rsquo;aimes encore&rsquo; outside her Paris hotel\"}]},{\"@type\":\"WebSite\",\"@id\":\"https:\\\/\\\/www.parisselectbook.com\\\/en\\\/#website\",\"url\":\"https:\\\/\\\/www.parisselectbook.com\\\/en\\\/\",\"name\":\"Paris Select Book\",\"description\":\"Le guide chic des Tendances Parisiennes\",\"publisher\":{\"@id\":\"https:\\\/\\\/www.parisselectbook.com\\\/en\\\/#organization\"},\"potentialAction\":[{\"@type\":\"SearchAction\",\"target\":{\"@type\":\"EntryPoint\",\"urlTemplate\":\"https:\\\/\\\/www.parisselectbook.com\\\/en\\\/?s={search_term_string}\"},\"query-input\":{\"@type\":\"PropertyValueSpecification\",\"valueRequired\":true,\"valueName\":\"search_term_string\"}}],\"inLanguage\":\"en-US\"},{\"@type\":\"Organization\",\"@id\":\"https:\\\/\\\/www.parisselectbook.com\\\/en\\\/#organization\",\"name\":\"Paris Select\",\"url\":\"https:\\\/\\\/www.parisselectbook.com\\\/en\\\/\",\"logo\":{\"@type\":\"ImageObject\",\"inLanguage\":\"en-US\",\"@id\":\"https:\\\/\\\/www.parisselectbook.com\\\/en\\\/#\\\/schema\\\/logo\\\/image\\\/\",\"url\":\"https:\\\/\\\/www.parisselectbook.com\\\/wp-content\\\/uploads\\\/2024\\\/06\\\/logo-IG-TKTK-LK.png\",\"contentUrl\":\"https:\\\/\\\/www.parisselectbook.com\\\/wp-content\\\/uploads\\\/2024\\\/06\\\/logo-IG-TKTK-LK.png\",\"width\":684,\"height\":665,\"caption\":\"Paris Select\"},\"image\":{\"@id\":\"https:\\\/\\\/www.parisselectbook.com\\\/en\\\/#\\\/schema\\\/logo\\\/image\\\/\"},\"sameAs\":[\"https:\\\/\\\/www.facebook.com\\\/parisselect\",\"https:\\\/\\\/www.instagram.com\\\/parisselect\\\/\",\"https:\\\/\\\/www.tiktok.com\\\/@parisselect\"]},{\"@type\":\"Person\",\"@id\":\"https:\\\/\\\/www.parisselectbook.com\\\/en\\\/#\\\/schema\\\/person\\\/30590080441cb8600456d8b1ca2dfbb6\",\"name\":\"Josh Kisous\",\"sameAs\":[\"https:\\\/\\\/www.parisselectbook.com\\\/\"]}]}<\/script>\n<!-- \/ Yoast SEO plugin. -->","yoast_head_json":{"title":"C\u00e9line Dion sings 'Pour que tu m'aimes encore' outside her Paris hotel","description":"C\u00e9line Dion sang with fans outside her Paris hotel on 1 September 2026. Her Pl\u00e9nitude Arena residency kicks off on 12 September.","robots":{"index":"index","follow":"follow","max-snippet":"max-snippet:-1","max-image-preview":"max-image-preview:large","max-video-preview":"max-video-preview:-1"},"canonical":"https:\/\/www.parisselectbook.com\/en\/2026\/09\/05\/celine-dion-sings-paris-hotel\/","og_locale":"en_US","og_type":"article","og_title":"C\u00e9line Dion sings 'Pour que tu m'aimes encore' outside her Paris hotel","og_description":"C\u00e9line Dion sang with fans outside her Paris hotel on 1 September 2026. Her Pl\u00e9nitude Arena residency kicks off on 12 September.","og_url":"https:\/\/www.parisselectbook.com\/en\/2026\/09\/05\/celine-dion-sings-paris-hotel\/","og_site_name":"Paris Select","article_publisher":"https:\/\/www.facebook.com\/parisselect","article_published_time":"2026-09-05T06:21:07+00:00","article_modified_time":"2026-09-05T06:21:13+00:00","og_image":[{"width":1200,"height":680,"url":"https:\/\/www.parisselectbook.com\/wp-content\/uploads\/2026\/09\/243842-celine-dion-sings-pour-que-tu-m-aimes-encore-outsi.jpg","type":"image\/jpeg"}],"author":"Josh Kisous","twitter_card":"summary_large_image","twitter_misc":{"Written by":"Josh Kisous","Est. reading time":"3 minutes"},"schema":{"@context":"https:\/\/schema.org","@graph":[{"@type":"Article","@id":"https:\/\/www.parisselectbook.com\/en\/2026\/09\/05\/celine-dion-sings-paris-hotel\/#article","isPartOf":{"@id":"https:\/\/www.parisselectbook.com\/en\/2026\/09\/05\/celine-dion-sings-paris-hotel\/"},"author":{"name":"Josh Kisous","@id":"https:\/\/www.parisselectbook.com\/en\/#\/schema\/person\/30590080441cb8600456d8b1ca2dfbb6"},"headline":"C\u00e9line Dion sings &#8216;Pour que tu m&#8217;aimes encore&#8217; outside her Paris hotel","datePublished":"2026-09-05T06:21:07+00:00","dateModified":"2026-09-05T06:21:13+00:00","mainEntityOfPage":{"@id":"https:\/\/www.parisselectbook.com\/en\/2026\/09\/05\/celine-dion-sings-paris-hotel\/"},"wordCount":535,"publisher":{"@id":"https:\/\/www.parisselectbook.com\/en\/#organization"},"image":{"@id":"https:\/\/www.parisselectbook.com\/en\/2026\/09\/05\/celine-dion-sings-paris-hotel\/#primaryimage"},"thumbnailUrl":"https:\/\/www.parisselectbook.com\/wp-content\/uploads\/2026\/09\/243842-celine-dion-sings-pour-que-tu-m-aimes-encore-outsi.jpg","keywords":["Parisian hotel"],"articleSection":["Que faire \u00e0 Paris ?"],"inLanguage":"en-US"},{"@type":"WebPage","@id":"https:\/\/www.parisselectbook.com\/en\/2026\/09\/05\/celine-dion-sings-paris-hotel\/","url":"https:\/\/www.parisselectbook.com\/en\/2026\/09\/05\/celine-dion-sings-paris-hotel\/","name":"C\u00e9line Dion sings 'Pour que tu m'aimes encore' outside her Paris hotel","isPartOf":{"@id":"https:\/\/www.parisselectbook.com\/en\/#website"},"primaryImageOfPage":{"@id":"https:\/\/www.parisselectbook.com\/en\/2026\/09\/05\/celine-dion-sings-paris-hotel\/#primaryimage"},"image":{"@id":"https:\/\/www.parisselectbook.com\/en\/2026\/09\/05\/celine-dion-sings-paris-hotel\/#primaryimage"},"thumbnailUrl":"https:\/\/www.parisselectbook.com\/wp-content\/uploads\/2026\/09\/243842-celine-dion-sings-pour-que-tu-m-aimes-encore-outsi.jpg","datePublished":"2026-09-05T06:21:07+00:00","dateModified":"2026-09-05T06:21:13+00:00","description":"C\u00e9line Dion sang with fans outside her Paris hotel on 1 September 2026. Her Pl\u00e9nitude Arena residency kicks off on 12 September.","breadcrumb":{"@id":"https:\/\/www.parisselectbook.com\/en\/2026\/09\/05\/celine-dion-sings-paris-hotel\/#breadcrumb"},"inLanguage":"en-US","potentialAction":[{"@type":"ReadAction","target":["https:\/\/www.parisselectbook.com\/en\/2026\/09\/05\/celine-dion-sings-paris-hotel\/"]}]},{"@type":"ImageObject","inLanguage":"en-US","@id":"https:\/\/www.parisselectbook.com\/en\/2026\/09\/05\/celine-dion-sings-paris-hotel\/#primaryimage","url":"https:\/\/www.parisselectbook.com\/wp-content\/uploads\/2026\/09\/243842-celine-dion-sings-pour-que-tu-m-aimes-encore-outsi.jpg","contentUrl":"https:\/\/www.parisselectbook.com\/wp-content\/uploads\/2026\/09\/243842-celine-dion-sings-pour-que-tu-m-aimes-encore-outsi.jpg","width":1200,"height":680,"caption":"C\u00e9line Dion sings 'Pour que tu m'aimes encore' outside her Paris hotel"},{"@type":"BreadcrumbList","@id":"https:\/\/www.parisselectbook.com\/en\/2026\/09\/05\/celine-dion-sings-paris-hotel\/#breadcrumb","itemListElement":[{"@type":"ListItem","position":1,"name":"Que faire \u00e0 Paris ?","item":"https:\/\/www.parisselectbook.com\/en\/category\/que-faire-a-paris-en\/"},{"@type":"ListItem","position":2,"name":"C\u00e9line Dion sings &lsquo;Pour que tu m&rsquo;aimes encore&rsquo; outside her Paris hotel"}]},{"@type":"WebSite","@id":"https:\/\/www.parisselectbook.com\/en\/#website","url":"https:\/\/www.parisselectbook.com\/en\/","name":"Paris Select Book","description":"Le guide chic des Tendances Parisiennes","publisher":{"@id":"https:\/\/www.parisselectbook.com\/en\/#organization"},"potentialAction":[{"@type":"SearchAction","target":{"@type":"EntryPoint","urlTemplate":"https:\/\/www.parisselectbook.com\/en\/?s={search_term_string}"},"query-input":{"@type":"PropertyValueSpecification","valueRequired":true,"valueName":"search_term_string"}}],"inLanguage":"en-US"},{"@type":"Organization","@id":"https:\/\/www.parisselectbook.com\/en\/#organization","name":"Paris Select","url":"https:\/\/www.parisselectbook.com\/en\/","logo":{"@type":"ImageObject","inLanguage":"en-US","@id":"https:\/\/www.parisselectbook.com\/en\/#\/schema\/logo\/image\/","url":"https:\/\/www.parisselectbook.com\/wp-content\/uploads\/2024\/06\/logo-IG-TKTK-LK.png","contentUrl":"https:\/\/www.parisselectbook.com\/wp-content\/uploads\/2024\/06\/logo-IG-TKTK-LK.png","width":684,"height":665,"caption":"Paris Select"},"image":{"@id":"https:\/\/www.parisselectbook.com\/en\/#\/schema\/logo\/image\/"},"sameAs":["https:\/\/www.facebook.com\/parisselect","https:\/\/www.instagram.com\/parisselect\/","https:\/\/www.tiktok.com\/@parisselect"]},{"@type":"Person","@id":"https:\/\/www.parisselectbook.com\/en\/#\/schema\/person\/30590080441cb8600456d8b1ca2dfbb6","name":"Josh Kisous","sameAs":["https:\/\/www.parisselectbook.com\/"]}]}},"_links":{"self":[{"href":"https:\/\/www.parisselectbook.com\/en\/wp-json\/wp\/v2\/posts\/243842","targetHints":{"allow":["GET"]}}],"collection":[{"href":"https:\/\/www.parisselectbook.com\/en\/wp-json\/wp\/v2\/posts"}],"about":[{"href":"https:\/\/www.parisselectbook.com\/en\/wp-json\/wp\/v2\/types\/post"}],"author":[{"embeddable":true,"href":"https:\/\/www.parisselectbook.com\/en\/wp-json\/wp\/v2\/users\/15"}],"replies":[{"embeddable":true,"href":"https:\/\/www.parisselectbook.com\/en\/wp-json\/wp\/v2\/comments?post=243842"}],"version-history":[{"count":2,"href":"https:\/\/www.parisselectbook.com\/en\/wp-json\/wp\/v2\/posts\/243842\/revisions"}],"predecessor-version":[{"id":243924,"href":"https:\/\/www.parisselectbook.com\/en\/wp-json\/wp\/v2\/posts\/243842\/revisions\/243924"}],"wp:featuredmedia":[{"embeddable":true,"href":"https:\/\/www.parisselectbook.com\/en\/wp-json\/wp\/v2\/media\/243843"}],"wp:attachment":[{"href":"https:\/\/www.parisselectbook.com\/en\/wp-json\/wp\/v2\/media?parent=243842"}],"wp:term":[{"taxonomy":"category","embeddable":true,"href":"https:\/\/www.parisselectbook.com\/en\/wp-json\/wp\/v2\/categories?post=243842"},{"taxonomy":"post_tag","embeddable":true,"href":"https:\/\/www.parisselectbook.com\/en\/wp-json\/wp\/v2\/tags?post=243842"},{"taxonomy":"quartier","embeddable":true,"href":"https:\/\/www.parisselectbook.com\/en\/wp-json\/wp\/v2\/quartier?post=243842"}],"curies":[{"name":"wp","href":"https:\/\/api.w.org\/{rel}","templated":true}]}}